{"id":8651,"date":"2021-04-15T18:29:54","date_gmt":"2021-04-15T16:29:54","guid":{"rendered":"https:\/\/www.clinicaplanas.com\/jorge-planas\/?p=8651"},"modified":"2021-04-15T18:29:54","modified_gmt":"2021-04-15T16:29:54","slug":"aumento-de-la-demanda-en-blefaroplastia","status":"publish","type":"post","link":"https:\/\/www.clinicaplanas.com\/jorge-planas\/2021\/04\/15\/aumento-de-la-demanda-en-blefaroplastia\/","title":{"rendered":"Aumento de la demanda en blefaroplastia"},"content":{"rendered":"<p>En el \u00faltimo a\u00f1o hemos detectado un notable aumento en la demanda de blefaroplastia y otros tratamientos relacionados con la belleza de la mirada. El motivo es que, con el uso de la mascarilla, la mirada es el rasgo facial que m\u00e1s lucimos. La realidad es que los p\u00e1rpados ca\u00eddos, as\u00ed como las bolsas y las ojeras nos dan un aspecto m\u00e1s cansado y envejecido.<\/p>\n<p>En este episodio de Corpore Sano vamos a hablar de c\u00f3mo devolver la juventud y la luminosidad a la mirada.<\/p>\n<p style=\"text-align: center;\"><iframe title=\"YouTube video player\" src=\"https:\/\/www.youtube.com\/embed\/J_Q6FZm0PAk\" width=\"560\" height=\"315\" frameborder=\"0\" allowfullscreen=\"allowfullscreen\"><\/iframe><\/p>\n<p>Desde el punto de vista quir\u00fargico hablar\u00edamos de la <strong>cirug\u00eda de los p\u00e1rpados o blefaroplastia<\/strong>, una t\u00e9cnica que consiste en corregir el exceso de piel y las bolsas de grasa de los p\u00e1rpados superiores e inferiores.<\/p>\n<p>&nbsp;<\/p>\n<p>Esta intervenci\u00f3n puede realizarse de dos maneras:<\/p>\n<p><strong>V\u00eda externa<\/strong>: se realiza un peque\u00f1o corte bajo las pesta\u00f1as por el que se extraen las bolsas de grasa y se cierra mediante una sutura muy fina que, al mismo tiempo, sirve para tensar la piel.<\/p>\n<p>&nbsp;<\/p>\n<p><strong>V\u00eda interna o transconjuntival:<\/strong> consiste en hacer una peque\u00f1a incisi\u00f3n en el interior del p\u00e1rpado, sin herida externa, por la que se saca la grasa a trav\u00e9s de la mucosa interna del p\u00e1rpado. Este procedimiento es el m\u00e1s com\u00fan para personas menores de 45 a\u00f1os que no necesitan que se extirpe piel. La gran ventaja de esta t\u00e9cnica es que no deja cicatriz y que no puede cambiar la forma de los ojos.<\/p>\n<p>Es una cirug\u00eda breve, con un postoperatorio sencillo y con unos resultados duraderos.<\/p>\n<p>&nbsp;<\/p>\n<p>Por otro lado, para las personas con problemas de ojeras oscuras, contamos con el <strong>Nanofat<\/strong>. Esta t\u00e9cnica no quir\u00fargica consiste en la extracci\u00f3n de una peque\u00f1a cantidad de grasa del paciente, la emulsi\u00f3n de esta grasa pasando el contenido de una jeringa a otra repetidamente mediante un conector y la posterior inyecci\u00f3n, con una aguja muy fina, en la zona de las ojeras para eliminar esta coloraci\u00f3n oscura.<\/p>\n","protected":false},"excerpt":{"rendered":"<p>En el \u00faltimo a\u00f1o hemos detectado un notable aumento en la demanda de blefaroplastia y otros tratamientos relacionados con la belleza de la mirada. El motivo es que, con el uso de la mascarilla, la mirada es el rasgo facial que m\u00e1s lucimos. La realidad es que los p\u00e1rpados ca\u00eddos, as\u00ed como las bolsas y [&#8230;]\n","protected":false},"author":1,"featured_media":8652,"comment_status":"open","ping_status":"open","sticky":false,"template":"","format":"standard","meta":{"footnotes":""},"categories":[241,243],"tags":[],"class_list":["post-8651","post","type-post","status-publish","format-standard","has-post-thumbnail","hentry","category-cirugia-plastica-estetica","category-cirugia-facial"],"yoast_head":"<!-- This site is optimized with the Yoast SEO plugin v23.4 - https:\/\/yoast.com\/wordpress\/plugins\/seo\/ -->\n<title>Aumento de la demanda en blefaroplastia - Dr. Jorge Planas<\/title>\n<meta name=\"description\" content=\"En el \u00faltimo a\u00f1o hemos detectado un notable aumento en la demanda de blefaroplastia y otros tratamientos relacionados con la mirada.\" \/>\n<meta name=\"robots\" content=\"index, follow, max-snippet:-1, max-image-preview:large, max-video-preview:-1\" \/>\n<link rel=\"canonical\" href=\"https:\/\/www.clinicaplanas.com\/jorge-planas\/2021\/04\/15\/aumento-de-la-demanda-en-blefaroplastia\/\" \/>\n<meta property=\"og:locale\" content=\"es_ES\" \/>\n<meta property=\"og:type\" content=\"article\" \/>\n<meta property=\"og:title\" content=\"Aumento de la demanda en blefaroplastia - Dr. Jorge Planas\" \/>\n<meta property=\"og:description\" content=\"En el \u00faltimo a\u00f1o hemos detectado un notable aumento en la demanda de blefaroplastia y otros tratamientos relacionados con la mirada.\" \/>\n<meta property=\"og:url\" content=\"https:\/\/www.clinicaplanas.com\/jorge-planas\/2021\/04\/15\/aumento-de-la-demanda-en-blefaroplastia\/\" \/>\n<meta property=\"og:site_name\" content=\"Tu blog de medicina y cirug\u00eda est\u00e9tica - Cl\u00ednica Planas\" \/>\n<meta property=\"article:published_time\" content=\"2021-04-15T16:29:54+00:00\" \/>\n<meta property=\"og:image\" content=\"https:\/\/www.clinicaplanas.com\/jorge-planas\/wp-content\/blefaroplastia.png\" \/>\n\t<meta property=\"og:image:width\" content=\"612\" \/>\n\t<meta property=\"og:image:height\" content=\"369\" \/>\n\t<meta property=\"og:image:type\" content=\"image\/png\" \/>\n<meta name=\"author\" content=\"Dr. Jorge Planas\" \/>\n<meta name=\"twitter:card\" content=\"summary_large_image\" \/>\n<meta name=\"twitter:label1\" content=\"Escrito por\" \/>\n\t<meta name=\"twitter:data1\" content=\"Dr. Jorge Planas\" \/>\n\t<meta name=\"twitter:label2\" content=\"Tiempo de lectura\" \/>\n\t<meta name=\"twitter:data2\" content=\"2 minutos\" \/>\n<!-- \/ Yoast SEO plugin. -->","yoast_head_json":{"title":"Aumento de la demanda en blefaroplastia - Dr. Jorge Planas","description":"En el \u00faltimo a\u00f1o hemos detectado un notable aumento en la demanda de blefaroplastia y otros tratamientos relacionados con la mirada.","robots":{"index":"index","follow":"follow","max-snippet":"max-snippet:-1","max-image-preview":"max-image-preview:large","max-video-preview":"max-video-preview:-1"},"canonical":"https:\/\/www.clinicaplanas.com\/jorge-planas\/2021\/04\/15\/aumento-de-la-demanda-en-blefaroplastia\/","og_locale":"es_ES","og_type":"article","og_title":"Aumento de la demanda en blefaroplastia - Dr. Jorge Planas","og_description":"En el \u00faltimo a\u00f1o hemos detectado un notable aumento en la demanda de blefaroplastia y otros tratamientos relacionados con la mirada.","og_url":"https:\/\/www.clinicaplanas.com\/jorge-planas\/2021\/04\/15\/aumento-de-la-demanda-en-blefaroplastia\/","og_site_name":"Tu blog de medicina y cirug\u00eda est\u00e9tica - Cl\u00ednica Planas","article_published_time":"2021-04-15T16:29:54+00:00","og_image":[{"width":612,"height":369,"url":"https:\/\/www.clinicaplanas.com\/jorge-planas\/wp-content\/blefaroplastia.png","type":"image\/png"}],"author":"Dr. Jorge Planas","twitter_card":"summary_large_image","twitter_misc":{"Escrito por":"Dr. Jorge Planas","Tiempo de lectura":"2 minutos"},"schema":{"@context":"https:\/\/schema.org","@graph":[{"@type":"Article","@id":"https:\/\/www.clinicaplanas.com\/jorge-planas\/2021\/04\/15\/aumento-de-la-demanda-en-blefaroplastia\/#article","isPartOf":{"@id":"https:\/\/www.clinicaplanas.com\/jorge-planas\/2021\/04\/15\/aumento-de-la-demanda-en-blefaroplastia\/"},"author":{"name":"Dr. Jorge Planas","@id":"https:\/\/www.clinicaplanas.com\/jorge-planas\/#\/schema\/person\/38a344a831881042e8204a3198e125e5"},"headline":"Aumento de la demanda en blefaroplastia","datePublished":"2021-04-15T16:29:54+00:00","dateModified":"2021-04-15T16:29:54+00:00","mainEntityOfPage":{"@id":"https:\/\/www.clinicaplanas.com\/jorge-planas\/2021\/04\/15\/aumento-de-la-demanda-en-blefaroplastia\/"},"wordCount":360,"commentCount":0,"publisher":{"@id":"https:\/\/www.clinicaplanas.com\/jorge-planas\/#organization"},"image":{"@id":"https:\/\/www.clinicaplanas.com\/jorge-planas\/2021\/04\/15\/aumento-de-la-demanda-en-blefaroplastia\/#primaryimage"},"thumbnailUrl":"https:\/\/www.clinicaplanas.com\/jorge-planas\/wp-content\/blefaroplastia.png","articleSection":["Art\u00edculos de Cirug\u00eda Est\u00e9tica","Art\u00edculos de Cirug\u00eda Est\u00e9tica Facial"],"inLanguage":"es","potentialAction":[{"@type":"CommentAction","name":"Comment","target":["https:\/\/www.clinicaplanas.com\/jorge-planas\/2021\/04\/15\/aumento-de-la-demanda-en-blefaroplastia\/#respond"]}]},{"@type":"WebPage","@id":"https:\/\/www.clinicaplanas.com\/jorge-planas\/2021\/04\/15\/aumento-de-la-demanda-en-blefaroplastia\/","url":"https:\/\/www.clinicaplanas.com\/jorge-planas\/2021\/04\/15\/aumento-de-la-demanda-en-blefaroplastia\/","name":"Aumento de la demanda en blefaroplastia - Dr. Jorge Planas","isPartOf":{"@id":"https:\/\/www.clinicaplanas.com\/jorge-planas\/#website"},"primaryImageOfPage":{"@id":"https:\/\/www.clinicaplanas.com\/jorge-planas\/2021\/04\/15\/aumento-de-la-demanda-en-blefaroplastia\/#primaryimage"},"image":{"@id":"https:\/\/www.clinicaplanas.com\/jorge-planas\/2021\/04\/15\/aumento-de-la-demanda-en-blefaroplastia\/#primaryimage"},"thumbnailUrl":"https:\/\/www.clinicaplanas.com\/jorge-planas\/wp-content\/blefaroplastia.png","datePublished":"2021-04-15T16:29:54+00:00","dateModified":"2021-04-15T16:29:54+00:00","description":"En el \u00faltimo a\u00f1o hemos detectado un notable aumento en la demanda de blefaroplastia y otros tratamientos relacionados con la mirada.","breadcrumb":{"@id":"https:\/\/www.clinicaplanas.com\/jorge-planas\/2021\/04\/15\/aumento-de-la-demanda-en-blefaroplastia\/#breadcrumb"},"inLanguage":"es","potentialAction":[{"@type":"ReadAction","target":["https:\/\/www.clinicaplanas.com\/jorge-planas\/2021\/04\/15\/aumento-de-la-demanda-en-blefaroplastia\/"]}]},{"@type":"ImageObject","inLanguage":"es","@id":"https:\/\/www.clinicaplanas.com\/jorge-planas\/2021\/04\/15\/aumento-de-la-demanda-en-blefaroplastia\/#primaryimage","url":"https:\/\/www.clinicaplanas.com\/jorge-planas\/wp-content\/blefaroplastia.png","contentUrl":"https:\/\/www.clinicaplanas.com\/jorge-planas\/wp-content\/blefaroplastia.png","width":612,"height":369,"caption":"blefaroplastia"},{"@type":"BreadcrumbList","@id":"https:\/\/www.clinicaplanas.com\/jorge-planas\/2021\/04\/15\/aumento-de-la-demanda-en-blefaroplastia\/#breadcrumb","itemListElement":[{"@type":"ListItem","position":1,"name":"Home","item":"https:\/\/www.clinicaplanas.com\/jorge-planas\/"},{"@type":"ListItem","position":2,"name":"rinoplastia ultras\u00f3nica","item":"https:\/\/www.clinicaplanas.com\/jorge-planas\/tag\/rinoplastia-ultrasonica\/"},{"@type":"ListItem","position":3,"name":"Aumento de la demanda en blefaroplastia"}]},{"@type":"WebSite","@id":"https:\/\/www.clinicaplanas.com\/jorge-planas\/#website","url":"https:\/\/www.clinicaplanas.com\/jorge-planas\/","name":"Tu blog de medicina y cirug\u00eda est\u00e9tica - Cl\u00ednica Planas","description":"Mantente al d\u00eda sobre medicina y cirug\u00eda est\u00e9tica con el blog de Cl\u00ednica Planas. Noticias de actualidad, novedades y tips de la mano de nuestros especialistas.","publisher":{"@id":"https:\/\/www.clinicaplanas.com\/jorge-planas\/#organization"},"potentialAction":[{"@type":"SearchAction","target":{"@type":"EntryPoint","urlTemplate":"https:\/\/www.clinicaplanas.com\/jorge-planas\/?s={search_term_string}"},"query-input":{"@type":"PropertyValueSpecification","valueRequired":true,"valueName":"search_term_string"}}],"inLanguage":"es"},{"@type":"Organization","@id":"https:\/\/www.clinicaplanas.com\/jorge-planas\/#organization","name":"Cl\u00ednica Planas","url":"https:\/\/www.clinicaplanas.com\/jorge-planas\/","logo":{"@type":"ImageObject","inLanguage":"es","@id":"https:\/\/www.clinicaplanas.com\/jorge-planas\/#\/schema\/logo\/image\/","url":"https:\/\/www.clinicaplanas.com\/jorge-planas\/wp-content\/cropped-android-icon-192x192-1.png","contentUrl":"https:\/\/www.clinicaplanas.com\/jorge-planas\/wp-content\/cropped-android-icon-192x192-1.png","width":512,"height":512,"caption":"Cl\u00ednica Planas"},"image":{"@id":"https:\/\/www.clinicaplanas.com\/jorge-planas\/#\/schema\/logo\/image\/"}},{"@type":"Person","@id":"https:\/\/www.clinicaplanas.com\/jorge-planas\/#\/schema\/person\/38a344a831881042e8204a3198e125e5","name":"Dr. Jorge Planas","image":{"@type":"ImageObject","inLanguage":"es","@id":"https:\/\/www.clinicaplanas.com\/jorge-planas\/#\/schema\/person\/image\/","url":"https:\/\/secure.gravatar.com\/avatar\/cc34246c94716dd29a0de743e5d8d515?s=96&d=mm&r=g","contentUrl":"https:\/\/secure.gravatar.com\/avatar\/cc34246c94716dd29a0de743e5d8d515?s=96&d=mm&r=g","caption":"Dr. Jorge Planas"},"sameAs":["http:\/\/www.clinicaplanas.com\/jorge-planas\/"],"url":"https:\/\/www.clinicaplanas.com\/jorge-planas\/author\/admin\/"}]}},"_links":{"self":[{"href":"https:\/\/www.clinicaplanas.com\/jorge-planas\/wp-json\/wp\/v2\/posts\/8651"}],"collection":[{"href":"https:\/\/www.clinicaplanas.com\/jorge-planas\/wp-json\/wp\/v2\/posts"}],"about":[{"href":"https:\/\/www.clinicaplanas.com\/jorge-planas\/wp-json\/wp\/v2\/types\/post"}],"author":[{"embeddable":true,"href":"https:\/\/www.clinicaplanas.com\/jorge-planas\/wp-json\/wp\/v2\/users\/1"}],"replies":[{"embeddable":true,"href":"https:\/\/www.clinicaplanas.com\/jorge-planas\/wp-json\/wp\/v2\/comments?post=8651"}],"version-history":[{"count":0,"href":"https:\/\/www.clinicaplanas.com\/jorge-planas\/wp-json\/wp\/v2\/posts\/8651\/revisions"}],"wp:featuredmedia":[{"embeddable":true,"href":"https:\/\/www.clinicaplanas.com\/jorge-planas\/wp-json\/wp\/v2\/media\/8652"}],"wp:attachment":[{"href":"https:\/\/www.clinicaplanas.com\/jorge-planas\/wp-json\/wp\/v2\/media?parent=8651"}],"wp:term":[{"taxonomy":"category","embeddable":true,"href":"https:\/\/www.clinicaplanas.com\/jorge-planas\/wp-json\/wp\/v2\/categories?post=8651"},{"taxonomy":"post_tag","embeddable":true,"href":"https:\/\/www.clinicaplanas.com\/jorge-planas\/wp-json\/wp\/v2\/tags?post=8651"}],"curies":[{"name":"wp","href":"https:\/\/api.w.org\/{rel}","templated":true}]}}