{"id":8610,"date":"2021-02-05T12:25:14","date_gmt":"2021-02-05T11:25:14","guid":{"rendered":"https:\/\/www.clinicaplanas.com\/jorge-planas\/?p=8610"},"modified":"2021-02-05T12:25:14","modified_gmt":"2021-02-05T11:25:14","slug":"maskacne-que-es-y-como-prevenirlo","status":"publish","type":"post","link":"https:\/\/www.clinicaplanas.com\/jorge-planas\/2021\/02\/05\/maskacne-que-es-y-como-prevenirlo\/","title":{"rendered":"&#8216;Maskacn\u00e9&#8217;: qu\u00e9 es y c\u00f3mo prevenirlo"},"content":{"rendered":"<p style=\"text-align: center;\"><iframe src=\"https:\/\/www.youtube.com\/embed\/VpCB-wJnKzA\" width=\"560\" height=\"315\" frameborder=\"0\" allowfullscreen=\"allowfullscreen\"><\/iframe><\/p>\n<p>Despu\u00e9s de tantos meses usando la mascarilla se ha convertido ya en un elemento m\u00e1s de nuestra vestimenta. Y aunque su uso es primordial en la situaci\u00f3n en la que vivimos, tiene consecuencias negativas sobre nuestra piel que debemos tener en cuenta, especialmente si hacemos un uso prolongado durante el d\u00eda o si sufrimos o hemos sufrido problemas dermatol\u00f3gicos como el acn\u00e9. Existe de hecho un nombre para este fen\u00f3meno: <strong>maskacn\u00e9<\/strong>. El maskacn\u00e9 se refiere al acn\u00e9 facial o la irritaci\u00f3n cut\u00e1nea provocados por el uso prolongado de la mascarilla.<\/p>\n<p><strong>\u00bfA qu\u00e9 se debe esto?<\/strong><\/p>\n<p>El uso de la mascarilla implica roce, oclusi\u00f3n y exceso de humedad en la zona que la cubre. Esto a su vez provoca una mayor dilataci\u00f3n de los poros, m\u00e1s secreci\u00f3n seb\u00e1cea y m\u00e1s bacterias asociadas al acn\u00e9. Afecta especialmente a personas que ya de por s\u00ed sufren de este tipo de <strong><a href=\"https:\/\/www.clinicaplanas.com\/dermatologia-clinica\" target=\"_blank\" rel=\"noopener noreferrer\">problemas dermatol\u00f3gicos<\/a><\/strong>.<\/p>\n<p><strong>\u00bfC\u00f3mo prevenirlo?<\/strong><\/p>\n<p>Existen 3 consejos que podemos aplicar para prevenir el maskacn\u00e9.<\/p>\n<ol>\n<li>Primero de todo, tenemos que tomarnos m\u00e1s enserio que nunca la <a href=\"https:\/\/drplanascosmetica.com\/\" target=\"_blank\" rel=\"noopener noreferrer\"><strong>higiene facial<\/strong><\/a>, limpiando nuestra piel 2 veces al d\u00eda con un jab\u00f3n neutro o un limpiador espec\u00edfico para ello.<\/li>\n<li>Debemos <a href=\"https:\/\/drplanascosmetica.com\/\" target=\"_blank\" rel=\"noopener noreferrer\"><strong>mantener nuestra piel hidratada<\/strong><\/a> con cremas hidratantes de textura ligera o serums, evitando las cremas m\u00e1s grasas. Tambi\u00e9n podemos usar un t\u00f3nico purificante durante las horas de sue\u00f1o.<\/li>\n<li>En la medida de lo posible, <strong>evitar el uso de maquillaje<\/strong> ya que como sabemos tapona los poros y promueve los problemas cut\u00e1neos.<\/li>\n<\/ol>\n","protected":false},"excerpt":{"rendered":"<p>Despu\u00e9s de tantos meses usando la mascarilla se ha convertido ya en un elemento m\u00e1s de nuestra vestimenta. Y aunque su uso es primordial en la situaci\u00f3n en la que vivimos, tiene consecuencias negativas sobre nuestra piel que debemos tener en cuenta, especialmente si hacemos un uso prolongado durante el d\u00eda o si sufrimos o [&#8230;]\n","protected":false},"author":1,"featured_media":8611,"comment_status":"open","ping_status":"open","sticky":false,"template":"","format":"standard","meta":{"footnotes":""},"categories":[491,246],"tags":[282,338,97],"class_list":["post-8610","post","type-post","status-publish","format-standard","has-post-thumbnail","hentry","category-dermatologia","category-medicina-estetica","tag-acne","tag-coronavirus","tag-dermatologia"],"yoast_head":"<!-- This site is optimized with the Yoast SEO plugin v23.4 - https:\/\/yoast.com\/wordpress\/plugins\/seo\/ -->\n<title>&#039;Maskacn\u00e9&#039;: qu\u00e9 es y c\u00f3mo prevenirlo - TT - Tu blog de medicina y cirug\u00eda est\u00e9tica - Cl\u00ednica Planas<\/title>\n<meta name=\"description\" content=\"El maskacn\u00e9 se refiere al acn\u00e9 facial o la irritaci\u00f3n cut\u00e1nea provocados por el uso prolongado de la mascarilla. As\u00ed podemos prevenirlo.\" \/>\n<meta name=\"robots\" content=\"index, follow, max-snippet:-1, max-image-preview:large, max-video-preview:-1\" \/>\n<link rel=\"canonical\" href=\"https:\/\/www.clinicaplanas.com\/jorge-planas\/2021\/02\/05\/maskacne-que-es-y-como-prevenirlo\/\" \/>\n<meta property=\"og:locale\" content=\"es_ES\" \/>\n<meta property=\"og:type\" content=\"article\" \/>\n<meta property=\"og:title\" content=\"&#039;Maskacn\u00e9&#039;: qu\u00e9 es y c\u00f3mo prevenirlo - TT - Tu blog de medicina y cirug\u00eda est\u00e9tica - Cl\u00ednica Planas\" \/>\n<meta property=\"og:description\" content=\"El maskacn\u00e9 se refiere al acn\u00e9 facial o la irritaci\u00f3n cut\u00e1nea provocados por el uso prolongado de la mascarilla. As\u00ed podemos prevenirlo.\" \/>\n<meta property=\"og:url\" content=\"https:\/\/www.clinicaplanas.com\/jorge-planas\/2021\/02\/05\/maskacne-que-es-y-como-prevenirlo\/\" \/>\n<meta property=\"og:site_name\" content=\"Tu blog de medicina y cirug\u00eda est\u00e9tica - Cl\u00ednica Planas\" \/>\n<meta property=\"article:published_time\" content=\"2021-02-05T11:25:14+00:00\" \/>\n<meta property=\"og:image\" content=\"https:\/\/www.clinicaplanas.com\/jorge-planas\/wp-content\/maskacne.png\" \/>\n\t<meta property=\"og:image:width\" content=\"612\" \/>\n\t<meta property=\"og:image:height\" content=\"369\" \/>\n\t<meta property=\"og:image:type\" content=\"image\/png\" \/>\n<meta name=\"author\" content=\"Dr. Jorge Planas\" \/>\n<meta name=\"twitter:card\" content=\"summary_large_image\" \/>\n<meta name=\"twitter:label1\" content=\"Escrito por\" \/>\n\t<meta name=\"twitter:data1\" content=\"Dr. Jorge Planas\" \/>\n\t<meta name=\"twitter:label2\" content=\"Tiempo de lectura\" \/>\n\t<meta name=\"twitter:data2\" content=\"1 minuto\" \/>\n<!-- \/ Yoast SEO plugin. -->","yoast_head_json":{"title":"'Maskacn\u00e9': qu\u00e9 es y c\u00f3mo prevenirlo - TT - Tu blog de medicina y cirug\u00eda est\u00e9tica - Cl\u00ednica Planas","description":"El maskacn\u00e9 se refiere al acn\u00e9 facial o la irritaci\u00f3n cut\u00e1nea provocados por el uso prolongado de la mascarilla. As\u00ed podemos prevenirlo.","robots":{"index":"index","follow":"follow","max-snippet":"max-snippet:-1","max-image-preview":"max-image-preview:large","max-video-preview":"max-video-preview:-1"},"canonical":"https:\/\/www.clinicaplanas.com\/jorge-planas\/2021\/02\/05\/maskacne-que-es-y-como-prevenirlo\/","og_locale":"es_ES","og_type":"article","og_title":"'Maskacn\u00e9': qu\u00e9 es y c\u00f3mo prevenirlo - TT - Tu blog de medicina y cirug\u00eda est\u00e9tica - Cl\u00ednica Planas","og_description":"El maskacn\u00e9 se refiere al acn\u00e9 facial o la irritaci\u00f3n cut\u00e1nea provocados por el uso prolongado de la mascarilla. As\u00ed podemos prevenirlo.","og_url":"https:\/\/www.clinicaplanas.com\/jorge-planas\/2021\/02\/05\/maskacne-que-es-y-como-prevenirlo\/","og_site_name":"Tu blog de medicina y cirug\u00eda est\u00e9tica - Cl\u00ednica Planas","article_published_time":"2021-02-05T11:25:14+00:00","og_image":[{"width":612,"height":369,"url":"https:\/\/www.clinicaplanas.com\/jorge-planas\/wp-content\/maskacne.png","type":"image\/png"}],"author":"Dr. Jorge Planas","twitter_card":"summary_large_image","twitter_misc":{"Escrito por":"Dr. Jorge Planas","Tiempo de lectura":"1 minuto"},"schema":{"@context":"https:\/\/schema.org","@graph":[{"@type":"Article","@id":"https:\/\/www.clinicaplanas.com\/jorge-planas\/2021\/02\/05\/maskacne-que-es-y-como-prevenirlo\/#article","isPartOf":{"@id":"https:\/\/www.clinicaplanas.com\/jorge-planas\/2021\/02\/05\/maskacne-que-es-y-como-prevenirlo\/"},"author":{"name":"Dr. Jorge Planas","@id":"https:\/\/www.clinicaplanas.com\/jorge-planas\/#\/schema\/person\/38a344a831881042e8204a3198e125e5"},"headline":"&#8216;Maskacn\u00e9&#8217;: qu\u00e9 es y c\u00f3mo prevenirlo","datePublished":"2021-02-05T11:25:14+00:00","dateModified":"2021-02-05T11:25:14+00:00","mainEntityOfPage":{"@id":"https:\/\/www.clinicaplanas.com\/jorge-planas\/2021\/02\/05\/maskacne-que-es-y-como-prevenirlo\/"},"wordCount":273,"commentCount":0,"publisher":{"@id":"https:\/\/www.clinicaplanas.com\/jorge-planas\/#organization"},"image":{"@id":"https:\/\/www.clinicaplanas.com\/jorge-planas\/2021\/02\/05\/maskacne-que-es-y-como-prevenirlo\/#primaryimage"},"thumbnailUrl":"https:\/\/www.clinicaplanas.com\/jorge-planas\/wp-content\/maskacne.png","keywords":["acn\u00e9","coronavirus","dermatolog\u00eda"],"articleSection":["Art\u00edculos de Dermatolog\u00eda Est\u00e9tica","Art\u00edculos de Medicina Est\u00e9tica"],"inLanguage":"es","potentialAction":[{"@type":"CommentAction","name":"Comment","target":["https:\/\/www.clinicaplanas.com\/jorge-planas\/2021\/02\/05\/maskacne-que-es-y-como-prevenirlo\/#respond"]}]},{"@type":"WebPage","@id":"https:\/\/www.clinicaplanas.com\/jorge-planas\/2021\/02\/05\/maskacne-que-es-y-como-prevenirlo\/","url":"https:\/\/www.clinicaplanas.com\/jorge-planas\/2021\/02\/05\/maskacne-que-es-y-como-prevenirlo\/","name":"'Maskacn\u00e9': qu\u00e9 es y c\u00f3mo prevenirlo - TT - Tu blog de medicina y cirug\u00eda est\u00e9tica - Cl\u00ednica Planas","isPartOf":{"@id":"https:\/\/www.clinicaplanas.com\/jorge-planas\/#website"},"primaryImageOfPage":{"@id":"https:\/\/www.clinicaplanas.com\/jorge-planas\/2021\/02\/05\/maskacne-que-es-y-como-prevenirlo\/#primaryimage"},"image":{"@id":"https:\/\/www.clinicaplanas.com\/jorge-planas\/2021\/02\/05\/maskacne-que-es-y-como-prevenirlo\/#primaryimage"},"thumbnailUrl":"https:\/\/www.clinicaplanas.com\/jorge-planas\/wp-content\/maskacne.png","datePublished":"2021-02-05T11:25:14+00:00","dateModified":"2021-02-05T11:25:14+00:00","description":"El maskacn\u00e9 se refiere al acn\u00e9 facial o la irritaci\u00f3n cut\u00e1nea provocados por el uso prolongado de la mascarilla. As\u00ed podemos prevenirlo.","breadcrumb":{"@id":"https:\/\/www.clinicaplanas.com\/jorge-planas\/2021\/02\/05\/maskacne-que-es-y-como-prevenirlo\/#breadcrumb"},"inLanguage":"es","potentialAction":[{"@type":"ReadAction","target":["https:\/\/www.clinicaplanas.com\/jorge-planas\/2021\/02\/05\/maskacne-que-es-y-como-prevenirlo\/"]}]},{"@type":"ImageObject","inLanguage":"es","@id":"https:\/\/www.clinicaplanas.com\/jorge-planas\/2021\/02\/05\/maskacne-que-es-y-como-prevenirlo\/#primaryimage","url":"https:\/\/www.clinicaplanas.com\/jorge-planas\/wp-content\/maskacne.png","contentUrl":"https:\/\/www.clinicaplanas.com\/jorge-planas\/wp-content\/maskacne.png","width":612,"height":369,"caption":"maskacne"},{"@type":"BreadcrumbList","@id":"https:\/\/www.clinicaplanas.com\/jorge-planas\/2021\/02\/05\/maskacne-que-es-y-como-prevenirlo\/#breadcrumb","itemListElement":[{"@type":"ListItem","position":1,"name":"Home","item":"https:\/\/www.clinicaplanas.com\/jorge-planas\/"},{"@type":"ListItem","position":2,"name":"Art\u00edculos de Medicina Est\u00e9tica","item":"https:\/\/www.clinicaplanas.com\/jorge-planas\/medicina-estetica\/"},{"@type":"ListItem","position":3,"name":"Art\u00edculos de Dermatolog\u00eda Est\u00e9tica","item":"https:\/\/www.clinicaplanas.com\/jorge-planas\/medicina-estetica\/dermatologia\/"},{"@type":"ListItem","position":4,"name":"&#8216;Maskacn\u00e9&#8217;: qu\u00e9 es y c\u00f3mo prevenirlo"}]},{"@type":"WebSite","@id":"https:\/\/www.clinicaplanas.com\/jorge-planas\/#website","url":"https:\/\/www.clinicaplanas.com\/jorge-planas\/","name":"Tu blog de medicina y cirug\u00eda est\u00e9tica - Cl\u00ednica Planas","description":"Mantente al d\u00eda sobre medicina y cirug\u00eda est\u00e9tica con el blog de Cl\u00ednica Planas. Noticias de actualidad, novedades y tips de la mano de nuestros especialistas.","publisher":{"@id":"https:\/\/www.clinicaplanas.com\/jorge-planas\/#organization"},"potentialAction":[{"@type":"SearchAction","target":{"@type":"EntryPoint","urlTemplate":"https:\/\/www.clinicaplanas.com\/jorge-planas\/?s={search_term_string}"},"query-input":{"@type":"PropertyValueSpecification","valueRequired":true,"valueName":"search_term_string"}}],"inLanguage":"es"},{"@type":"Organization","@id":"https:\/\/www.clinicaplanas.com\/jorge-planas\/#organization","name":"Cl\u00ednica Planas","url":"https:\/\/www.clinicaplanas.com\/jorge-planas\/","logo":{"@type":"ImageObject","inLanguage":"es","@id":"https:\/\/www.clinicaplanas.com\/jorge-planas\/#\/schema\/logo\/image\/","url":"https:\/\/www.clinicaplanas.com\/jorge-planas\/wp-content\/cropped-android-icon-192x192-1.png","contentUrl":"https:\/\/www.clinicaplanas.com\/jorge-planas\/wp-content\/cropped-android-icon-192x192-1.png","width":512,"height":512,"caption":"Cl\u00ednica Planas"},"image":{"@id":"https:\/\/www.clinicaplanas.com\/jorge-planas\/#\/schema\/logo\/image\/"}},{"@type":"Person","@id":"https:\/\/www.clinicaplanas.com\/jorge-planas\/#\/schema\/person\/38a344a831881042e8204a3198e125e5","name":"Dr. Jorge Planas","image":{"@type":"ImageObject","inLanguage":"es","@id":"https:\/\/www.clinicaplanas.com\/jorge-planas\/#\/schema\/person\/image\/","url":"https:\/\/secure.gravatar.com\/avatar\/cc34246c94716dd29a0de743e5d8d515?s=96&d=mm&r=g","contentUrl":"https:\/\/secure.gravatar.com\/avatar\/cc34246c94716dd29a0de743e5d8d515?s=96&d=mm&r=g","caption":"Dr. Jorge Planas"},"sameAs":["http:\/\/www.clinicaplanas.com\/jorge-planas\/"],"url":"https:\/\/www.clinicaplanas.com\/jorge-planas\/author\/admin\/"}]}},"_links":{"self":[{"href":"https:\/\/www.clinicaplanas.com\/jorge-planas\/wp-json\/wp\/v2\/posts\/8610"}],"collection":[{"href":"https:\/\/www.clinicaplanas.com\/jorge-planas\/wp-json\/wp\/v2\/posts"}],"about":[{"href":"https:\/\/www.clinicaplanas.com\/jorge-planas\/wp-json\/wp\/v2\/types\/post"}],"author":[{"embeddable":true,"href":"https:\/\/www.clinicaplanas.com\/jorge-planas\/wp-json\/wp\/v2\/users\/1"}],"replies":[{"embeddable":true,"href":"https:\/\/www.clinicaplanas.com\/jorge-planas\/wp-json\/wp\/v2\/comments?post=8610"}],"version-history":[{"count":0,"href":"https:\/\/www.clinicaplanas.com\/jorge-planas\/wp-json\/wp\/v2\/posts\/8610\/revisions"}],"wp:featuredmedia":[{"embeddable":true,"href":"https:\/\/www.clinicaplanas.com\/jorge-planas\/wp-json\/wp\/v2\/media\/8611"}],"wp:attachment":[{"href":"https:\/\/www.clinicaplanas.com\/jorge-planas\/wp-json\/wp\/v2\/media?parent=8610"}],"wp:term":[{"taxonomy":"category","embeddable":true,"href":"https:\/\/www.clinicaplanas.com\/jorge-planas\/wp-json\/wp\/v2\/categories?post=8610"},{"taxonomy":"post_tag","embeddable":true,"href":"https:\/\/www.clinicaplanas.com\/jorge-planas\/wp-json\/wp\/v2\/tags?post=8610"}],"curies":[{"name":"wp","href":"https:\/\/api.w.org\/{rel}","templated":true}]}}