{"id":849,"date":"2011-05-09T12:56:57","date_gmt":"2011-05-09T10:56:57","guid":{"rendered":"http:\/\/www.clinicaplanas.com\/jorge-planas\/?p=849"},"modified":"2011-05-09T12:56:57","modified_gmt":"2011-05-09T10:56:57","slug":"articulo-sobre-el-uso-del-regenerador-dermico-en-la-revista-aesthetic-plastic-surgery","status":"publish","type":"post","link":"https:\/\/www.clinicaplanas.com\/jorge-planas\/2011\/05\/09\/articulo-sobre-el-uso-del-regenerador-dermico-en-la-revista-aesthetic-plastic-surgery\/","title":{"rendered":"Art\u00edculo sobre el uso del regenerador d\u00e9rmico en la revista \u2018Aesthetic Plastic Surgery\u2019"},"content":{"rendered":"<p><!--:es--><img decoding=\"async\" class=\"alignleft wp-image-851 size-medium\" src=\"https:\/\/www.clinicaplanas.com\/jorge-planas\/wp-content\/uploads\/2011\/05\/Art\u00edculo_rinoplastia_portada-226x300.jpg\" alt=\"regenerador d\u00e9rmico\" width=\"226\" height=\"300\" \/>Desde este blog ya os he informado sobre el uso del regenerador d\u00e9rmico en rinoplastia, una t\u00e9cnica que desarroll\u00e9 yo mismo. Ahora me enorgullece informaros que ha sido seleccionado y publicado mi art\u00edculo cient\u00edfico sobre esta t\u00e9cnica en la m\u00e1s prestigiosa revista americana de cirug\u00eda pl\u00e1stica, <strong><em><a href=\"http:\/\/springerlink.com\/content\/100371\" target=\"_blank\" rel=\"noopener\">Aesthetic Plastic Surgery<\/a><\/em><\/strong>. El art\u00edculo corrobora el \u00e9xito de la t\u00e9cnica con la exposici\u00f3n de cinco casos pr\u00e1cticos, una muestra representativa de las <strong>56 intervenciones<\/strong> en las que hemos aplicado esta t\u00e9cnica en <strong><a href=\"https:\/\/www.clinicaplanas.com\/\" target=\"_blank\" rel=\"noopener\">Cl\u00ednica Planas<\/a><\/strong>: 47 operaciones a mujeres y 9 a hombres. Hay que se\u00f1alar que estas operaciones contemplan casos de rinoplastia primaria y secundaria, adem\u00e1s de otros problemas por traumatismos.<\/p>\n<p>La reconstrucci\u00f3n de una nariz con el regenerador d\u00e9rmico permite regenerar la dermis del paciente para darle la forma deseada. De esta manera, se puede incrementar el tama\u00f1o y\/o modificar el \u00e1ngulo naso-frontal. La t\u00e9cnica consiste en la aplicaci\u00f3n de una l\u00e1mina de regenerador d\u00e9rmico en el interior de la nariz para que \u00e9sta genere mayor grosor de la dermis en el lugar donde se ha colocado.<\/p>\n<p>Como se\u00f1alo en el aparatado de conclusiones del art\u00edculo, se trata de una t\u00e9cnica sencilla que acorta la estancia hospitalaria y evita las complicaciones postoperatorias que puede ocasionar otro tipo de intervenciones: visualizaci\u00f3n de los bordes del injerto, la reabsorci\u00f3n parcial y, en algunos casos, un leve desplazamiento. Por el contrario, el regenerador d\u00e9rmico, constituido por una l\u00e1mina de matriz porosa de fibras de col\u00e1geno y glicosaminoglicanos, consigue la regeneraci\u00f3n de la dermis del propio paciente.<\/p>\n<p>En este enlace, pod\u00e9is consultar los detalles de cada uno de los casos explicados en el art\u00edculo: <a href=\"https:\/\/www.clinicaplanas.com\/jorge-planas\/wp-content\/uploads\/2011\/05\/Art\u00edculo_rinoplastia-completo.pdf\" target=\"_blank\" rel=\"noopener\">\u201cThe Use of IntegraTM in Rhinoplasty\u201d<\/a>.<!--:--><\/p>\n","protected":false},"excerpt":{"rendered":"<p>Desde este blog ya os he informado sobre el uso del regenerador d\u00e9rmico en rinoplastia, una t\u00e9cnica que desarroll\u00e9 yo mismo. Ahora me enorgullece informaros que ha sido seleccionado y publicado mi art\u00edculo cient\u00edfico sobre esta t\u00e9cnica en la m\u00e1s prestigiosa revista americana de cirug\u00eda pl\u00e1stica, Aesthetic Plastic Surgery. El art\u00edculo corrobora el \u00e9xito de [&#8230;]\n","protected":false},"author":102,"featured_media":0,"comment_status":"open","ping_status":"open","sticky":false,"template":"","format":"standard","meta":{"footnotes":""},"categories":[255,249,265],"tags":[327,404,437,453,459],"class_list":["post-849","post","type-post","status-publish","format-standard","hentry","category-articulos-cientificos","category-rinoplastia","category-prensa","tag-clinica-planas","tag-jorge-planas","tag-planas-day","tag-regenerador-dermico","tag-rinoplastia"],"yoast_head":"<!-- This site is optimized with the Yoast SEO plugin v23.4 - https:\/\/yoast.com\/wordpress\/plugins\/seo\/ -->\n<title>Art\u00edculo sobre el regenerador d\u00e9rmico - Dr. Jorge Planas Blog<\/title>\n<meta name=\"description\" content=\"Art\u00edculo sobre el uso del regenerador d\u00e9rmico en la revista \u2018Aesthetic Plastic Surgery\u2019 con cinco casos pr\u00e1cticos y una muestra de las 56 intervenciones\" \/>\n<meta name=\"robots\" content=\"index, follow, max-snippet:-1, max-image-preview:large, max-video-preview:-1\" \/>\n<link rel=\"canonical\" href=\"https:\/\/www.clinicaplanas.com\/jorge-planas\/2011\/05\/09\/articulo-sobre-el-uso-del-regenerador-dermico-en-la-revista-aesthetic-plastic-surgery\/\" \/>\n<meta property=\"og:locale\" content=\"es_ES\" \/>\n<meta property=\"og:type\" content=\"article\" \/>\n<meta property=\"og:title\" content=\"Art\u00edculo sobre el regenerador d\u00e9rmico - Dr. Jorge Planas Blog\" \/>\n<meta property=\"og:description\" content=\"Art\u00edculo sobre el uso del regenerador d\u00e9rmico en la revista \u2018Aesthetic Plastic Surgery\u2019 con cinco casos pr\u00e1cticos y una muestra de las 56 intervenciones\" \/>\n<meta property=\"og:url\" content=\"https:\/\/www.clinicaplanas.com\/jorge-planas\/2011\/05\/09\/articulo-sobre-el-uso-del-regenerador-dermico-en-la-revista-aesthetic-plastic-surgery\/\" \/>\n<meta property=\"og:site_name\" content=\"Tu blog de medicina y cirug\u00eda est\u00e9tica - Cl\u00ednica Planas\" \/>\n<meta property=\"article:published_time\" content=\"2011-05-09T10:56:57+00:00\" \/>\n<meta name=\"author\" content=\"Doctor JorgePlanas\" \/>\n<meta name=\"twitter:card\" content=\"summary_large_image\" \/>\n<meta name=\"twitter:label1\" content=\"Escrito por\" \/>\n\t<meta name=\"twitter:data1\" content=\"Doctor JorgePlanas\" \/>\n\t<meta name=\"twitter:label2\" content=\"Tiempo de lectura\" \/>\n\t<meta name=\"twitter:data2\" content=\"2 minutos\" \/>\n<!-- \/ Yoast SEO plugin. -->","yoast_head_json":{"title":"Art\u00edculo sobre el regenerador d\u00e9rmico - Dr. Jorge Planas Blog","description":"Art\u00edculo sobre el uso del regenerador d\u00e9rmico en la revista \u2018Aesthetic Plastic Surgery\u2019 con cinco casos pr\u00e1cticos y una muestra de las 56 intervenciones","robots":{"index":"index","follow":"follow","max-snippet":"max-snippet:-1","max-image-preview":"max-image-preview:large","max-video-preview":"max-video-preview:-1"},"canonical":"https:\/\/www.clinicaplanas.com\/jorge-planas\/2011\/05\/09\/articulo-sobre-el-uso-del-regenerador-dermico-en-la-revista-aesthetic-plastic-surgery\/","og_locale":"es_ES","og_type":"article","og_title":"Art\u00edculo sobre el regenerador d\u00e9rmico - Dr. Jorge Planas Blog","og_description":"Art\u00edculo sobre el uso del regenerador d\u00e9rmico en la revista \u2018Aesthetic Plastic Surgery\u2019 con cinco casos pr\u00e1cticos y una muestra de las 56 intervenciones","og_url":"https:\/\/www.clinicaplanas.com\/jorge-planas\/2011\/05\/09\/articulo-sobre-el-uso-del-regenerador-dermico-en-la-revista-aesthetic-plastic-surgery\/","og_site_name":"Tu blog de medicina y cirug\u00eda est\u00e9tica - Cl\u00ednica Planas","article_published_time":"2011-05-09T10:56:57+00:00","author":"Doctor JorgePlanas","twitter_card":"summary_large_image","twitter_misc":{"Escrito por":"Doctor JorgePlanas","Tiempo de lectura":"2 minutos"},"schema":{"@context":"https:\/\/schema.org","@graph":[{"@type":"Article","@id":"https:\/\/www.clinicaplanas.com\/jorge-planas\/2011\/05\/09\/articulo-sobre-el-uso-del-regenerador-dermico-en-la-revista-aesthetic-plastic-surgery\/#article","isPartOf":{"@id":"https:\/\/www.clinicaplanas.com\/jorge-planas\/2011\/05\/09\/articulo-sobre-el-uso-del-regenerador-dermico-en-la-revista-aesthetic-plastic-surgery\/"},"author":{"name":"Doctor JorgePlanas","@id":"https:\/\/www.clinicaplanas.com\/jorge-planas\/#\/schema\/person\/b13ac6e9212d6f27b00095767a2f4417"},"headline":"Art\u00edculo sobre el uso del regenerador d\u00e9rmico en la revista \u2018Aesthetic Plastic Surgery\u2019","datePublished":"2011-05-09T10:56:57+00:00","dateModified":"2011-05-09T10:56:57+00:00","mainEntityOfPage":{"@id":"https:\/\/www.clinicaplanas.com\/jorge-planas\/2011\/05\/09\/articulo-sobre-el-uso-del-regenerador-dermico-en-la-revista-aesthetic-plastic-surgery\/"},"wordCount":321,"commentCount":0,"publisher":{"@id":"https:\/\/www.clinicaplanas.com\/jorge-planas\/#organization"},"keywords":["Cl\u00ednica Planas","Jorge Planas","Planas Day","regenerador d\u00e9rmico","rinoplastia"],"articleSection":["Art\u00edculos Cient\u00edficos","Art\u00edculos sobre Rinoplastia","Prensa"],"inLanguage":"es","potentialAction":[{"@type":"CommentAction","name":"Comment","target":["https:\/\/www.clinicaplanas.com\/jorge-planas\/2011\/05\/09\/articulo-sobre-el-uso-del-regenerador-dermico-en-la-revista-aesthetic-plastic-surgery\/#respond"]}]},{"@type":"WebPage","@id":"https:\/\/www.clinicaplanas.com\/jorge-planas\/2011\/05\/09\/articulo-sobre-el-uso-del-regenerador-dermico-en-la-revista-aesthetic-plastic-surgery\/","url":"https:\/\/www.clinicaplanas.com\/jorge-planas\/2011\/05\/09\/articulo-sobre-el-uso-del-regenerador-dermico-en-la-revista-aesthetic-plastic-surgery\/","name":"Art\u00edculo sobre el regenerador d\u00e9rmico - Dr. Jorge Planas Blog","isPartOf":{"@id":"https:\/\/www.clinicaplanas.com\/jorge-planas\/#website"},"datePublished":"2011-05-09T10:56:57+00:00","dateModified":"2011-05-09T10:56:57+00:00","description":"Art\u00edculo sobre el uso del regenerador d\u00e9rmico en la revista \u2018Aesthetic Plastic Surgery\u2019 con cinco casos pr\u00e1cticos y una muestra de las 56 intervenciones","breadcrumb":{"@id":"https:\/\/www.clinicaplanas.com\/jorge-planas\/2011\/05\/09\/articulo-sobre-el-uso-del-regenerador-dermico-en-la-revista-aesthetic-plastic-surgery\/#breadcrumb"},"inLanguage":"es","potentialAction":[{"@type":"ReadAction","target":["https:\/\/www.clinicaplanas.com\/jorge-planas\/2011\/05\/09\/articulo-sobre-el-uso-del-regenerador-dermico-en-la-revista-aesthetic-plastic-surgery\/"]}]},{"@type":"BreadcrumbList","@id":"https:\/\/www.clinicaplanas.com\/jorge-planas\/2011\/05\/09\/articulo-sobre-el-uso-del-regenerador-dermico-en-la-revista-aesthetic-plastic-surgery\/#breadcrumb","itemListElement":[{"@type":"ListItem","position":1,"name":"Home","item":"https:\/\/www.clinicaplanas.com\/jorge-planas\/"},{"@type":"ListItem","position":2,"name":"Art\u00edculos Cient\u00edficos","item":"https:\/\/www.clinicaplanas.com\/jorge-planas\/articulos-cientificos\/"},{"@type":"ListItem","position":3,"name":"Art\u00edculo sobre el uso del regenerador d\u00e9rmico en la revista \u2018Aesthetic Plastic Surgery\u2019"}]},{"@type":"WebSite","@id":"https:\/\/www.clinicaplanas.com\/jorge-planas\/#website","url":"https:\/\/www.clinicaplanas.com\/jorge-planas\/","name":"Tu blog de medicina y cirug\u00eda est\u00e9tica - Cl\u00ednica Planas","description":"Mantente al d\u00eda sobre medicina y cirug\u00eda est\u00e9tica con el blog de Cl\u00ednica Planas. Noticias de actualidad, novedades y tips de la mano de nuestros especialistas.","publisher":{"@id":"https:\/\/www.clinicaplanas.com\/jorge-planas\/#organization"},"potentialAction":[{"@type":"SearchAction","target":{"@type":"EntryPoint","urlTemplate":"https:\/\/www.clinicaplanas.com\/jorge-planas\/?s={search_term_string}"},"query-input":{"@type":"PropertyValueSpecification","valueRequired":true,"valueName":"search_term_string"}}],"inLanguage":"es"},{"@type":"Organization","@id":"https:\/\/www.clinicaplanas.com\/jorge-planas\/#organization","name":"Cl\u00ednica Planas","url":"https:\/\/www.clinicaplanas.com\/jorge-planas\/","logo":{"@type":"ImageObject","inLanguage":"es","@id":"https:\/\/www.clinicaplanas.com\/jorge-planas\/#\/schema\/logo\/image\/","url":"https:\/\/www.clinicaplanas.com\/jorge-planas\/wp-content\/cropped-android-icon-192x192-1.png","contentUrl":"https:\/\/www.clinicaplanas.com\/jorge-planas\/wp-content\/cropped-android-icon-192x192-1.png","width":512,"height":512,"caption":"Cl\u00ednica Planas"},"image":{"@id":"https:\/\/www.clinicaplanas.com\/jorge-planas\/#\/schema\/logo\/image\/"}},{"@type":"Person","@id":"https:\/\/www.clinicaplanas.com\/jorge-planas\/#\/schema\/person\/b13ac6e9212d6f27b00095767a2f4417","name":"Doctor JorgePlanas","image":{"@type":"ImageObject","inLanguage":"es","@id":"https:\/\/www.clinicaplanas.com\/jorge-planas\/#\/schema\/person\/image\/","url":"https:\/\/secure.gravatar.com\/avatar\/?s=96&d=mm&r=g","contentUrl":"https:\/\/secure.gravatar.com\/avatar\/?s=96&d=mm&r=g","caption":"Doctor JorgePlanas"},"url":"https:\/\/www.clinicaplanas.com\/jorge-planas\/author\/doctor-jorgeplanas\/"}]}},"_links":{"self":[{"href":"https:\/\/www.clinicaplanas.com\/jorge-planas\/wp-json\/wp\/v2\/posts\/849"}],"collection":[{"href":"https:\/\/www.clinicaplanas.com\/jorge-planas\/wp-json\/wp\/v2\/posts"}],"about":[{"href":"https:\/\/www.clinicaplanas.com\/jorge-planas\/wp-json\/wp\/v2\/types\/post"}],"author":[{"embeddable":true,"href":"https:\/\/www.clinicaplanas.com\/jorge-planas\/wp-json\/wp\/v2\/users\/102"}],"replies":[{"embeddable":true,"href":"https:\/\/www.clinicaplanas.com\/jorge-planas\/wp-json\/wp\/v2\/comments?post=849"}],"version-history":[{"count":0,"href":"https:\/\/www.clinicaplanas.com\/jorge-planas\/wp-json\/wp\/v2\/posts\/849\/revisions"}],"wp:attachment":[{"href":"https:\/\/www.clinicaplanas.com\/jorge-planas\/wp-json\/wp\/v2\/media?parent=849"}],"wp:term":[{"taxonomy":"category","embeddable":true,"href":"https:\/\/www.clinicaplanas.com\/jorge-planas\/wp-json\/wp\/v2\/categories?post=849"},{"taxonomy":"post_tag","embeddable":true,"href":"https:\/\/www.clinicaplanas.com\/jorge-planas\/wp-json\/wp\/v2\/tags?post=849"}],"curies":[{"name":"wp","href":"https:\/\/api.w.org\/{rel}","templated":true}]}}