{"id":8410,"date":"2020-12-30T16:07:29","date_gmt":"2020-12-30T15:07:29","guid":{"rendered":"https:\/\/www.clinicaplanas.com\/jorge-planas\/?p=8410"},"modified":"2020-12-30T16:07:29","modified_gmt":"2020-12-30T15:07:29","slug":"rejuvenecer-el-lobulo-de-las-orejas","status":"publish","type":"post","link":"https:\/\/www.clinicaplanas.com\/jorge-planas\/2020\/12\/30\/rejuvenecer-el-lobulo-de-las-orejas\/","title":{"rendered":"\u00bfSe puede rejuvenecer el l\u00f3bulo de las orejas?"},"content":{"rendered":"<p>Muchas personas tienen la necesidad de<strong> rejuvenecer el l\u00f3bulo de las orejas<\/strong>, ya que con el paso de los a\u00f1os el l\u00f3bulo de las orejas puede sufrir diferentes cambios que pueden perjudicar a su aspecto.<\/p>\n<p style=\"text-align: center;\"><iframe src=\"https:\/\/www.youtube.com\/embed\/wY2uLmDViPQ\" width=\"560\" height=\"315\" frameborder=\"0\" allowfullscreen=\"allowfullscreen\"><\/iframe><\/p>\n<p>El primero de ellos, muy com\u00fan en las mujeres, es el <strong>desgarro del agujero del pendiente<\/strong>. Como sabemos, el agujero del pendiente se suele hacer en la infancia, y con el paso de los a\u00f1os el propio del pendiente puede producir que este agujero se desgarre poco a poco, llegando incluso a romper el l\u00f3bulo.<\/p>\n<p>La soluci\u00f3n a este problema pasa por liberar los bordes de este agujero para poderlo suturar, creando un nuevo agujero, en la parte m\u00e1s interna o m\u00e1s externa en funci\u00f3n del gusto del paciente.<\/p>\n<p>El siguiente inestetismo que puede afectar al l\u00f3bulo es <strong>que vaya aumentando de tama\u00f1o<\/strong>, tomando unas dimensiones desproporcionadas respecto al resto de la oreja.<\/p>\n<p>Para solucionarlo contamos con una sencilla t\u00e9cnica, realizada con anestesia local. Como vemos en la imagen, realizamos un dise\u00f1o de la zona que vamos a resecar donde veremos c\u00f3mo vamos a reconstruir el l\u00f3bulo. El resultado es un l\u00f3bulo m\u00e1s peque\u00f1o y acorde con el tama\u00f1o de la oreja.<\/p>\n<p>El \u00faltimo signo de envejecimiento del l\u00f3bulo de la oreja es la <strong>p\u00e9rdida de consistencia y grosor, as\u00ed como la aparici\u00f3n de peque\u00f1as arrugas<\/strong>. Para rejuvenecer el l\u00f3bulo de las orejas y solucionar esta falta de turgencia existen 2 t\u00e9cnicas:<\/p>\n<ul>\n<li>Rellenarlo con \u00e1cido hialur\u00f3nico, una t\u00e9cnica sencilla que no necesita anestesia.<\/li>\n<li>Rellenarlo con grasa propia de la paciente. En este caso s\u00ed utilizaremos anestesia local, para extraer la grasa de la zona convenida con el paciente, pero el resultado es m\u00e1s duradero.<\/li>\n<\/ul>\n","protected":false},"excerpt":{"rendered":"<p>Muchas personas tienen la necesidad de rejuvenecer el l\u00f3bulo de las orejas, ya que con el paso de los a\u00f1os el l\u00f3bulo de las orejas puede sufrir diferentes cambios que pueden perjudicar a su aspecto. El primero de ellos, muy com\u00fan en las mujeres, es el desgarro del agujero del pendiente. Como sabemos, el agujero [&#8230;]\n","protected":false},"author":1,"featured_media":8411,"comment_status":"open","ping_status":"open","sticky":false,"template":"","format":"standard","meta":{"footnotes":""},"categories":[241,243],"tags":[],"class_list":["post-8410","post","type-post","status-publish","format-standard","has-post-thumbnail","hentry","category-cirugia-plastica-estetica","category-cirugia-facial"],"yoast_head":"<!-- This site is optimized with the Yoast SEO plugin v23.4 - https:\/\/yoast.com\/wordpress\/plugins\/seo\/ -->\n<title>\u00bfSe puede rejuvenecer el l\u00f3bulo de las orejas? - Dr. Jorge Planas<\/title>\n<meta name=\"description\" content=\"Rejuvenecer el l\u00f3bulo de las orejas es el objetivo de muchas personas que han sufrido desgarros o un gran aumento de volumen.\" \/>\n<meta name=\"robots\" content=\"index, follow, max-snippet:-1, max-image-preview:large, max-video-preview:-1\" \/>\n<link rel=\"canonical\" href=\"https:\/\/www.clinicaplanas.com\/jorge-planas\/2020\/12\/30\/rejuvenecer-el-lobulo-de-las-orejas\/\" \/>\n<meta property=\"og:locale\" content=\"es_ES\" \/>\n<meta property=\"og:type\" content=\"article\" \/>\n<meta property=\"og:title\" content=\"\u00bfSe puede rejuvenecer el l\u00f3bulo de las orejas? - Dr. Jorge Planas\" \/>\n<meta property=\"og:description\" content=\"Rejuvenecer el l\u00f3bulo de las orejas es el objetivo de muchas personas que han sufrido desgarros o un gran aumento de volumen.\" \/>\n<meta property=\"og:url\" content=\"https:\/\/www.clinicaplanas.com\/jorge-planas\/2020\/12\/30\/rejuvenecer-el-lobulo-de-las-orejas\/\" \/>\n<meta property=\"og:site_name\" content=\"Tu blog de medicina y cirug\u00eda est\u00e9tica - Cl\u00ednica Planas\" \/>\n<meta property=\"article:published_time\" content=\"2020-12-30T15:07:29+00:00\" \/>\n<meta property=\"og:image\" content=\"https:\/\/www.clinicaplanas.com\/jorge-planas\/wp-content\/rejuvenecer-el-lobulo-de-las-orejas.png\" \/>\n\t<meta property=\"og:image:width\" content=\"612\" \/>\n\t<meta property=\"og:image:height\" content=\"369\" \/>\n\t<meta property=\"og:image:type\" content=\"image\/png\" \/>\n<meta name=\"author\" content=\"Dr. Jorge Planas\" \/>\n<meta name=\"twitter:card\" content=\"summary_large_image\" \/>\n<meta name=\"twitter:label1\" content=\"Escrito por\" \/>\n\t<meta name=\"twitter:data1\" content=\"Dr. Jorge Planas\" \/>\n\t<meta name=\"twitter:label2\" content=\"Tiempo de lectura\" \/>\n\t<meta name=\"twitter:data2\" content=\"2 minutos\" \/>\n<!-- \/ Yoast SEO plugin. -->","yoast_head_json":{"title":"\u00bfSe puede rejuvenecer el l\u00f3bulo de las orejas? - Dr. Jorge Planas","description":"Rejuvenecer el l\u00f3bulo de las orejas es el objetivo de muchas personas que han sufrido desgarros o un gran aumento de volumen.","robots":{"index":"index","follow":"follow","max-snippet":"max-snippet:-1","max-image-preview":"max-image-preview:large","max-video-preview":"max-video-preview:-1"},"canonical":"https:\/\/www.clinicaplanas.com\/jorge-planas\/2020\/12\/30\/rejuvenecer-el-lobulo-de-las-orejas\/","og_locale":"es_ES","og_type":"article","og_title":"\u00bfSe puede rejuvenecer el l\u00f3bulo de las orejas? - Dr. Jorge Planas","og_description":"Rejuvenecer el l\u00f3bulo de las orejas es el objetivo de muchas personas que han sufrido desgarros o un gran aumento de volumen.","og_url":"https:\/\/www.clinicaplanas.com\/jorge-planas\/2020\/12\/30\/rejuvenecer-el-lobulo-de-las-orejas\/","og_site_name":"Tu blog de medicina y cirug\u00eda est\u00e9tica - Cl\u00ednica Planas","article_published_time":"2020-12-30T15:07:29+00:00","og_image":[{"width":612,"height":369,"url":"https:\/\/www.clinicaplanas.com\/jorge-planas\/wp-content\/rejuvenecer-el-lobulo-de-las-orejas.png","type":"image\/png"}],"author":"Dr. Jorge Planas","twitter_card":"summary_large_image","twitter_misc":{"Escrito por":"Dr. Jorge Planas","Tiempo de lectura":"2 minutos"},"schema":{"@context":"https:\/\/schema.org","@graph":[{"@type":"Article","@id":"https:\/\/www.clinicaplanas.com\/jorge-planas\/2020\/12\/30\/rejuvenecer-el-lobulo-de-las-orejas\/#article","isPartOf":{"@id":"https:\/\/www.clinicaplanas.com\/jorge-planas\/2020\/12\/30\/rejuvenecer-el-lobulo-de-las-orejas\/"},"author":{"name":"Dr. Jorge Planas","@id":"https:\/\/www.clinicaplanas.com\/jorge-planas\/#\/schema\/person\/38a344a831881042e8204a3198e125e5"},"headline":"\u00bfSe puede rejuvenecer el l\u00f3bulo de las orejas?","datePublished":"2020-12-30T15:07:29+00:00","dateModified":"2020-12-30T15:07:29+00:00","mainEntityOfPage":{"@id":"https:\/\/www.clinicaplanas.com\/jorge-planas\/2020\/12\/30\/rejuvenecer-el-lobulo-de-las-orejas\/"},"wordCount":316,"commentCount":0,"publisher":{"@id":"https:\/\/www.clinicaplanas.com\/jorge-planas\/#organization"},"image":{"@id":"https:\/\/www.clinicaplanas.com\/jorge-planas\/2020\/12\/30\/rejuvenecer-el-lobulo-de-las-orejas\/#primaryimage"},"thumbnailUrl":"https:\/\/www.clinicaplanas.com\/jorge-planas\/wp-content\/rejuvenecer-el-lobulo-de-las-orejas.png","articleSection":["Art\u00edculos de Cirug\u00eda Est\u00e9tica","Art\u00edculos de Cirug\u00eda Est\u00e9tica Facial"],"inLanguage":"es","potentialAction":[{"@type":"CommentAction","name":"Comment","target":["https:\/\/www.clinicaplanas.com\/jorge-planas\/2020\/12\/30\/rejuvenecer-el-lobulo-de-las-orejas\/#respond"]}]},{"@type":"WebPage","@id":"https:\/\/www.clinicaplanas.com\/jorge-planas\/2020\/12\/30\/rejuvenecer-el-lobulo-de-las-orejas\/","url":"https:\/\/www.clinicaplanas.com\/jorge-planas\/2020\/12\/30\/rejuvenecer-el-lobulo-de-las-orejas\/","name":"\u00bfSe puede rejuvenecer el l\u00f3bulo de las orejas? - Dr. Jorge Planas","isPartOf":{"@id":"https:\/\/www.clinicaplanas.com\/jorge-planas\/#website"},"primaryImageOfPage":{"@id":"https:\/\/www.clinicaplanas.com\/jorge-planas\/2020\/12\/30\/rejuvenecer-el-lobulo-de-las-orejas\/#primaryimage"},"image":{"@id":"https:\/\/www.clinicaplanas.com\/jorge-planas\/2020\/12\/30\/rejuvenecer-el-lobulo-de-las-orejas\/#primaryimage"},"thumbnailUrl":"https:\/\/www.clinicaplanas.com\/jorge-planas\/wp-content\/rejuvenecer-el-lobulo-de-las-orejas.png","datePublished":"2020-12-30T15:07:29+00:00","dateModified":"2020-12-30T15:07:29+00:00","description":"Rejuvenecer el l\u00f3bulo de las orejas es el objetivo de muchas personas que han sufrido desgarros o un gran aumento de volumen.","breadcrumb":{"@id":"https:\/\/www.clinicaplanas.com\/jorge-planas\/2020\/12\/30\/rejuvenecer-el-lobulo-de-las-orejas\/#breadcrumb"},"inLanguage":"es","potentialAction":[{"@type":"ReadAction","target":["https:\/\/www.clinicaplanas.com\/jorge-planas\/2020\/12\/30\/rejuvenecer-el-lobulo-de-las-orejas\/"]}]},{"@type":"ImageObject","inLanguage":"es","@id":"https:\/\/www.clinicaplanas.com\/jorge-planas\/2020\/12\/30\/rejuvenecer-el-lobulo-de-las-orejas\/#primaryimage","url":"https:\/\/www.clinicaplanas.com\/jorge-planas\/wp-content\/rejuvenecer-el-lobulo-de-las-orejas.png","contentUrl":"https:\/\/www.clinicaplanas.com\/jorge-planas\/wp-content\/rejuvenecer-el-lobulo-de-las-orejas.png","width":612,"height":369,"caption":"rejuvenecer el l\u00f3bulo de las orejas"},{"@type":"BreadcrumbList","@id":"https:\/\/www.clinicaplanas.com\/jorge-planas\/2020\/12\/30\/rejuvenecer-el-lobulo-de-las-orejas\/#breadcrumb","itemListElement":[{"@type":"ListItem","position":1,"name":"Home","item":"https:\/\/www.clinicaplanas.com\/jorge-planas\/"},{"@type":"ListItem","position":2,"name":"Jaime Planas","item":"https:\/\/www.clinicaplanas.com\/jorge-planas\/tag\/jaime-planas\/"},{"@type":"ListItem","position":3,"name":"\u00bfSe puede rejuvenecer el l\u00f3bulo de las orejas?"}]},{"@type":"WebSite","@id":"https:\/\/www.clinicaplanas.com\/jorge-planas\/#website","url":"https:\/\/www.clinicaplanas.com\/jorge-planas\/","name":"Tu blog de medicina y cirug\u00eda est\u00e9tica - Cl\u00ednica Planas","description":"Mantente al d\u00eda sobre medicina y cirug\u00eda est\u00e9tica con el blog de Cl\u00ednica Planas. Noticias de actualidad, novedades y tips de la mano de nuestros especialistas.","publisher":{"@id":"https:\/\/www.clinicaplanas.com\/jorge-planas\/#organization"},"potentialAction":[{"@type":"SearchAction","target":{"@type":"EntryPoint","urlTemplate":"https:\/\/www.clinicaplanas.com\/jorge-planas\/?s={search_term_string}"},"query-input":{"@type":"PropertyValueSpecification","valueRequired":true,"valueName":"search_term_string"}}],"inLanguage":"es"},{"@type":"Organization","@id":"https:\/\/www.clinicaplanas.com\/jorge-planas\/#organization","name":"Cl\u00ednica Planas","url":"https:\/\/www.clinicaplanas.com\/jorge-planas\/","logo":{"@type":"ImageObject","inLanguage":"es","@id":"https:\/\/www.clinicaplanas.com\/jorge-planas\/#\/schema\/logo\/image\/","url":"https:\/\/www.clinicaplanas.com\/jorge-planas\/wp-content\/cropped-android-icon-192x192-1.png","contentUrl":"https:\/\/www.clinicaplanas.com\/jorge-planas\/wp-content\/cropped-android-icon-192x192-1.png","width":512,"height":512,"caption":"Cl\u00ednica Planas"},"image":{"@id":"https:\/\/www.clinicaplanas.com\/jorge-planas\/#\/schema\/logo\/image\/"}},{"@type":"Person","@id":"https:\/\/www.clinicaplanas.com\/jorge-planas\/#\/schema\/person\/38a344a831881042e8204a3198e125e5","name":"Dr. Jorge Planas","image":{"@type":"ImageObject","inLanguage":"es","@id":"https:\/\/www.clinicaplanas.com\/jorge-planas\/#\/schema\/person\/image\/","url":"https:\/\/secure.gravatar.com\/avatar\/cc34246c94716dd29a0de743e5d8d515?s=96&d=mm&r=g","contentUrl":"https:\/\/secure.gravatar.com\/avatar\/cc34246c94716dd29a0de743e5d8d515?s=96&d=mm&r=g","caption":"Dr. Jorge Planas"},"sameAs":["http:\/\/www.clinicaplanas.com\/jorge-planas\/"],"url":"https:\/\/www.clinicaplanas.com\/jorge-planas\/author\/admin\/"}]}},"_links":{"self":[{"href":"https:\/\/www.clinicaplanas.com\/jorge-planas\/wp-json\/wp\/v2\/posts\/8410"}],"collection":[{"href":"https:\/\/www.clinicaplanas.com\/jorge-planas\/wp-json\/wp\/v2\/posts"}],"about":[{"href":"https:\/\/www.clinicaplanas.com\/jorge-planas\/wp-json\/wp\/v2\/types\/post"}],"author":[{"embeddable":true,"href":"https:\/\/www.clinicaplanas.com\/jorge-planas\/wp-json\/wp\/v2\/users\/1"}],"replies":[{"embeddable":true,"href":"https:\/\/www.clinicaplanas.com\/jorge-planas\/wp-json\/wp\/v2\/comments?post=8410"}],"version-history":[{"count":0,"href":"https:\/\/www.clinicaplanas.com\/jorge-planas\/wp-json\/wp\/v2\/posts\/8410\/revisions"}],"wp:featuredmedia":[{"embeddable":true,"href":"https:\/\/www.clinicaplanas.com\/jorge-planas\/wp-json\/wp\/v2\/media\/8411"}],"wp:attachment":[{"href":"https:\/\/www.clinicaplanas.com\/jorge-planas\/wp-json\/wp\/v2\/media?parent=8410"}],"wp:term":[{"taxonomy":"category","embeddable":true,"href":"https:\/\/www.clinicaplanas.com\/jorge-planas\/wp-json\/wp\/v2\/categories?post=8410"},{"taxonomy":"post_tag","embeddable":true,"href":"https:\/\/www.clinicaplanas.com\/jorge-planas\/wp-json\/wp\/v2\/tags?post=8410"}],"curies":[{"name":"wp","href":"https:\/\/api.w.org\/{rel}","templated":true}]}}