{"id":8321,"date":"2020-05-13T17:34:26","date_gmt":"2020-05-13T15:34:26","guid":{"rendered":"https:\/\/www.clinicaplanas.com\/jorge-planas\/?p=8321"},"modified":"2020-05-13T17:34:26","modified_gmt":"2020-05-13T15:34:26","slug":"como-mejorar-el-envejecimiento-precoz-de-la-piel-por-el-confinamiento","status":"publish","type":"post","link":"https:\/\/www.clinicaplanas.com\/jorge-planas\/2020\/05\/13\/como-mejorar-el-envejecimiento-precoz-de-la-piel-por-el-confinamiento\/","title":{"rendered":"C\u00f3mo mejorar el envejecimiento precoz de la piel por el confinamiento"},"content":{"rendered":"<p style=\"text-align: center;\">Tal y como vimos en la anterior entrega de Corpore Sano, este confinamiento est\u00e1 creando estragos en la piel, provocando un proceso de <strong><a href=\"https:\/\/www.clinicaplanas.com\/dermatologia-clinica\/manchas-solares\" target=\"_blank\" rel=\"noopener noreferrer\">envejecimiento precoz<\/a><\/strong>. Esto es lo que nos transmiten muchas de las pacientes que nos consultan estos d\u00edas. En este v\u00eddeo cuento con la <a href=\"https:\/\/www.clinicaplanas.com\/equipo-medico\/cristina-schepers\" target=\"_blank\" rel=\"noopener noreferrer\"><strong>Dra. Christina Schepers<\/strong><\/a>, dermat\u00f3loga y especialista en medicina est\u00e9tica integrativa de Cl\u00ednica Planas.<br \/>\n<iframe src=\"https:\/\/www.youtube.com\/embed\/-bL3ZUh7Jrw\" width=\"560\" height=\"315\" frameborder=\"0\" allowfullscreen=\"allowfullscreen\"><\/iframe><\/p>\n<p>\u201cEn primer lugar recomendar\u00eda una <strong>valoraci\u00f3n de la piel mediante una historia cl\u00ednica<\/strong>. Tendr\u00edamos ver qu\u00e9 partes del confinamiento han afectado m\u00e1s a la piel, como puede ser el estr\u00e9s, <a href=\"https:\/\/www.clinicaplanas.com\/jorge-planas\/2020\/05\/13\/consejos-para-una-buena-alimentacion-durante-el-confinamiento\/\" target=\"_blank\" rel=\"noopener noreferrer\">h\u00e1bitos alimenticios<\/a> alterados o falta de movimiento. Con esto profundizar\u00edamos un poco m\u00e1s hasta ver si es necesario realizar alguna anal\u00edtica para identificar la falta de minerales o vitaminas o alteraciones hormonales.<\/p>\n<p>En segundo lugar har\u00edamos una <strong>exploraci\u00f3n f\u00edsica detallada<\/strong>, para lo cual utilizar\u00edamos un dermatoscopio \u2013un microscopio con el que podemos ver las lesiones de la piel-. Adem\u00e1s utilizar\u00edamos la luz de Wood, que nos ayuda a diferenciar el tipo de manchas de la piel, as\u00ed como inteligencia artificial para valorar aspectos como el grosor de la piel, la cantidad de grasa, las arrugas y la flacidez.<\/p>\n<p>Una vez que contamos con toda esta informaci\u00f3n podemos hacer un <strong>tratamiento personalizado<\/strong>.<\/p>\n<p>He ideado un tratamiento para este envejecimiento precoz con el que tratamos a la vez cara, escote y dorso de las manos. Es un tratamiento combinado en el que haremos:<\/p>\n<ul>\n<li>Un <a href=\"https:\/\/www.clinicaplanas.com\/medicina-estetica-facial\/peeling\" target=\"_blank\" rel=\"noopener noreferrer\"><strong>peeling<\/strong> <strong>qu\u00edmico<\/strong><\/a> individualizado (adaptamos la composici\u00f3n del peeling a cada tipo de piel).<\/li>\n<li>Terapia lum\u00ednica de baja intensidad. Esta terapia es muy interesante porque estimula las funciones celulares de la piel, con un efecto inmediato de aumento de la luminosidad.<\/li>\n<li>Por \u00faltimo aplicamos una serie de vitaminas y antioxidantes de forma at\u00f3pica.<\/li>\n<\/ul>\n<p>Antes de este tratamiento valoraremos unas <strong>infiltraciones tanto de vitaminas como de \u00e1cido hialur\u00f3nico<\/strong> y antioxidantes que potenciar\u00e1n a\u00fan m\u00e1s este tratamiento.<\/p>\n<p>Es interesante <strong>realizar este tratamiento antes del verano<\/strong>, ya que conseguiremos aumentar la tolerancia de la piel ante los rayos ultravioleta. As\u00ed habr\u00e1 menos inflamaci\u00f3n y menos manchas. En funci\u00f3n del caso, esto se puede combinar con lo que llamamos fotoprotecci\u00f3n interna &#8211; c\u00e1psulas con antioxidantes-. La combinaci\u00f3n de estos tratamientos es lo que nos dar\u00e1 los mejores resultados.&#8221;<\/p>\n","protected":false},"excerpt":{"rendered":"<p>Tal y como vimos en la anterior entrega de Corpore Sano, este confinamiento est\u00e1 creando estragos en la piel, provocando un proceso de envejecimiento precoz. Esto es lo que nos transmiten muchas de las pacientes que nos consultan estos d\u00edas. En este v\u00eddeo cuento con la Dra. Christina Schepers, dermat\u00f3loga y especialista en medicina est\u00e9tica [&#8230;]\n","protected":false},"author":1,"featured_media":8322,"comment_status":"open","ping_status":"open","sticky":false,"template":"","format":"standard","meta":{"footnotes":""},"categories":[491,246],"tags":[16,97],"class_list":["post-8321","post","type-post","status-publish","format-standard","has-post-thumbnail","hentry","category-dermatologia","category-medicina-estetica","tag-antiaging","tag-dermatologia"],"yoast_head":"<!-- This site is optimized with the Yoast SEO plugin v23.4 - https:\/\/yoast.com\/wordpress\/plugins\/seo\/ -->\n<title>Envejecimiento precoz de la piel en el confinamiento - Dr. Jorge Planas<\/title>\n<meta name=\"description\" content=\"La Dra. Christina Schepers, dermat\u00f3loga de Cl\u00ednica Planas, nos explica c\u00f3mo combatir el envejecimiento precoz causado por el confinamiento.\" \/>\n<meta name=\"robots\" content=\"index, follow, max-snippet:-1, max-image-preview:large, max-video-preview:-1\" \/>\n<link rel=\"canonical\" href=\"https:\/\/www.clinicaplanas.com\/jorge-planas\/2020\/05\/13\/como-mejorar-el-envejecimiento-precoz-de-la-piel-por-el-confinamiento\/\" \/>\n<meta property=\"og:locale\" content=\"es_ES\" \/>\n<meta property=\"og:type\" content=\"article\" \/>\n<meta property=\"og:title\" content=\"Envejecimiento precoz de la piel en el confinamiento - Dr. Jorge Planas\" \/>\n<meta property=\"og:description\" content=\"La Dra. Christina Schepers, dermat\u00f3loga de Cl\u00ednica Planas, nos explica c\u00f3mo combatir el envejecimiento precoz causado por el confinamiento.\" \/>\n<meta property=\"og:url\" content=\"https:\/\/www.clinicaplanas.com\/jorge-planas\/2020\/05\/13\/como-mejorar-el-envejecimiento-precoz-de-la-piel-por-el-confinamiento\/\" \/>\n<meta property=\"og:site_name\" content=\"Tu blog de medicina y cirug\u00eda est\u00e9tica - Cl\u00ednica Planas\" \/>\n<meta property=\"article:published_time\" content=\"2020-05-13T15:34:26+00:00\" \/>\n<meta property=\"og:image\" content=\"https:\/\/www.clinicaplanas.com\/jorge-planas\/wp-content\/envejecimiento-precoz.png\" \/>\n\t<meta property=\"og:image:width\" content=\"612\" \/>\n\t<meta property=\"og:image:height\" content=\"369\" \/>\n\t<meta property=\"og:image:type\" content=\"image\/png\" \/>\n<meta name=\"author\" content=\"Dr. Jorge Planas\" \/>\n<meta name=\"twitter:card\" content=\"summary_large_image\" \/>\n<meta name=\"twitter:label1\" content=\"Escrito por\" \/>\n\t<meta name=\"twitter:data1\" content=\"Dr. Jorge Planas\" \/>\n\t<meta name=\"twitter:label2\" content=\"Tiempo de lectura\" \/>\n\t<meta name=\"twitter:data2\" content=\"2 minutos\" \/>\n<!-- \/ Yoast SEO plugin. -->","yoast_head_json":{"title":"Envejecimiento precoz de la piel en el confinamiento - Dr. Jorge Planas","description":"La Dra. Christina Schepers, dermat\u00f3loga de Cl\u00ednica Planas, nos explica c\u00f3mo combatir el envejecimiento precoz causado por el confinamiento.","robots":{"index":"index","follow":"follow","max-snippet":"max-snippet:-1","max-image-preview":"max-image-preview:large","max-video-preview":"max-video-preview:-1"},"canonical":"https:\/\/www.clinicaplanas.com\/jorge-planas\/2020\/05\/13\/como-mejorar-el-envejecimiento-precoz-de-la-piel-por-el-confinamiento\/","og_locale":"es_ES","og_type":"article","og_title":"Envejecimiento precoz de la piel en el confinamiento - Dr. Jorge Planas","og_description":"La Dra. Christina Schepers, dermat\u00f3loga de Cl\u00ednica Planas, nos explica c\u00f3mo combatir el envejecimiento precoz causado por el confinamiento.","og_url":"https:\/\/www.clinicaplanas.com\/jorge-planas\/2020\/05\/13\/como-mejorar-el-envejecimiento-precoz-de-la-piel-por-el-confinamiento\/","og_site_name":"Tu blog de medicina y cirug\u00eda est\u00e9tica - Cl\u00ednica Planas","article_published_time":"2020-05-13T15:34:26+00:00","og_image":[{"width":612,"height":369,"url":"https:\/\/www.clinicaplanas.com\/jorge-planas\/wp-content\/envejecimiento-precoz.png","type":"image\/png"}],"author":"Dr. Jorge Planas","twitter_card":"summary_large_image","twitter_misc":{"Escrito por":"Dr. Jorge Planas","Tiempo de lectura":"2 minutos"},"schema":{"@context":"https:\/\/schema.org","@graph":[{"@type":"Article","@id":"https:\/\/www.clinicaplanas.com\/jorge-planas\/2020\/05\/13\/como-mejorar-el-envejecimiento-precoz-de-la-piel-por-el-confinamiento\/#article","isPartOf":{"@id":"https:\/\/www.clinicaplanas.com\/jorge-planas\/2020\/05\/13\/como-mejorar-el-envejecimiento-precoz-de-la-piel-por-el-confinamiento\/"},"author":{"name":"Dr. Jorge Planas","@id":"https:\/\/www.clinicaplanas.com\/jorge-planas\/#\/schema\/person\/38a344a831881042e8204a3198e125e5"},"headline":"C\u00f3mo mejorar el envejecimiento precoz de la piel por el confinamiento","datePublished":"2020-05-13T15:34:26+00:00","dateModified":"2020-05-13T15:34:26+00:00","mainEntityOfPage":{"@id":"https:\/\/www.clinicaplanas.com\/jorge-planas\/2020\/05\/13\/como-mejorar-el-envejecimiento-precoz-de-la-piel-por-el-confinamiento\/"},"wordCount":411,"commentCount":0,"publisher":{"@id":"https:\/\/www.clinicaplanas.com\/jorge-planas\/#organization"},"image":{"@id":"https:\/\/www.clinicaplanas.com\/jorge-planas\/2020\/05\/13\/como-mejorar-el-envejecimiento-precoz-de-la-piel-por-el-confinamiento\/#primaryimage"},"thumbnailUrl":"https:\/\/www.clinicaplanas.com\/jorge-planas\/wp-content\/envejecimiento-precoz.png","keywords":["Antiaging","dermatolog\u00eda"],"articleSection":["Art\u00edculos de Dermatolog\u00eda Est\u00e9tica","Art\u00edculos de Medicina Est\u00e9tica"],"inLanguage":"es","potentialAction":[{"@type":"CommentAction","name":"Comment","target":["https:\/\/www.clinicaplanas.com\/jorge-planas\/2020\/05\/13\/como-mejorar-el-envejecimiento-precoz-de-la-piel-por-el-confinamiento\/#respond"]}]},{"@type":"WebPage","@id":"https:\/\/www.clinicaplanas.com\/jorge-planas\/2020\/05\/13\/como-mejorar-el-envejecimiento-precoz-de-la-piel-por-el-confinamiento\/","url":"https:\/\/www.clinicaplanas.com\/jorge-planas\/2020\/05\/13\/como-mejorar-el-envejecimiento-precoz-de-la-piel-por-el-confinamiento\/","name":"Envejecimiento precoz de la piel en el confinamiento - Dr. Jorge Planas","isPartOf":{"@id":"https:\/\/www.clinicaplanas.com\/jorge-planas\/#website"},"primaryImageOfPage":{"@id":"https:\/\/www.clinicaplanas.com\/jorge-planas\/2020\/05\/13\/como-mejorar-el-envejecimiento-precoz-de-la-piel-por-el-confinamiento\/#primaryimage"},"image":{"@id":"https:\/\/www.clinicaplanas.com\/jorge-planas\/2020\/05\/13\/como-mejorar-el-envejecimiento-precoz-de-la-piel-por-el-confinamiento\/#primaryimage"},"thumbnailUrl":"https:\/\/www.clinicaplanas.com\/jorge-planas\/wp-content\/envejecimiento-precoz.png","datePublished":"2020-05-13T15:34:26+00:00","dateModified":"2020-05-13T15:34:26+00:00","description":"La Dra. Christina Schepers, dermat\u00f3loga de Cl\u00ednica Planas, nos explica c\u00f3mo combatir el envejecimiento precoz causado por el confinamiento.","breadcrumb":{"@id":"https:\/\/www.clinicaplanas.com\/jorge-planas\/2020\/05\/13\/como-mejorar-el-envejecimiento-precoz-de-la-piel-por-el-confinamiento\/#breadcrumb"},"inLanguage":"es","potentialAction":[{"@type":"ReadAction","target":["https:\/\/www.clinicaplanas.com\/jorge-planas\/2020\/05\/13\/como-mejorar-el-envejecimiento-precoz-de-la-piel-por-el-confinamiento\/"]}]},{"@type":"ImageObject","inLanguage":"es","@id":"https:\/\/www.clinicaplanas.com\/jorge-planas\/2020\/05\/13\/como-mejorar-el-envejecimiento-precoz-de-la-piel-por-el-confinamiento\/#primaryimage","url":"https:\/\/www.clinicaplanas.com\/jorge-planas\/wp-content\/envejecimiento-precoz.png","contentUrl":"https:\/\/www.clinicaplanas.com\/jorge-planas\/wp-content\/envejecimiento-precoz.png","width":612,"height":369,"caption":"envejecimiento precoz"},{"@type":"BreadcrumbList","@id":"https:\/\/www.clinicaplanas.com\/jorge-planas\/2020\/05\/13\/como-mejorar-el-envejecimiento-precoz-de-la-piel-por-el-confinamiento\/#breadcrumb","itemListElement":[{"@type":"ListItem","position":1,"name":"Home","item":"https:\/\/www.clinicaplanas.com\/jorge-planas\/"},{"@type":"ListItem","position":2,"name":"Art\u00edculos de Medicina Est\u00e9tica","item":"https:\/\/www.clinicaplanas.com\/jorge-planas\/medicina-estetica\/"},{"@type":"ListItem","position":3,"name":"Art\u00edculos de Dermatolog\u00eda Est\u00e9tica","item":"https:\/\/www.clinicaplanas.com\/jorge-planas\/medicina-estetica\/dermatologia\/"},{"@type":"ListItem","position":4,"name":"C\u00f3mo mejorar el envejecimiento precoz de la piel por el confinamiento"}]},{"@type":"WebSite","@id":"https:\/\/www.clinicaplanas.com\/jorge-planas\/#website","url":"https:\/\/www.clinicaplanas.com\/jorge-planas\/","name":"Tu blog de medicina y cirug\u00eda est\u00e9tica - Cl\u00ednica Planas","description":"Mantente al d\u00eda sobre medicina y cirug\u00eda est\u00e9tica con el blog de Cl\u00ednica Planas. Noticias de actualidad, novedades y tips de la mano de nuestros especialistas.","publisher":{"@id":"https:\/\/www.clinicaplanas.com\/jorge-planas\/#organization"},"potentialAction":[{"@type":"SearchAction","target":{"@type":"EntryPoint","urlTemplate":"https:\/\/www.clinicaplanas.com\/jorge-planas\/?s={search_term_string}"},"query-input":{"@type":"PropertyValueSpecification","valueRequired":true,"valueName":"search_term_string"}}],"inLanguage":"es"},{"@type":"Organization","@id":"https:\/\/www.clinicaplanas.com\/jorge-planas\/#organization","name":"Cl\u00ednica Planas","url":"https:\/\/www.clinicaplanas.com\/jorge-planas\/","logo":{"@type":"ImageObject","inLanguage":"es","@id":"https:\/\/www.clinicaplanas.com\/jorge-planas\/#\/schema\/logo\/image\/","url":"https:\/\/www.clinicaplanas.com\/jorge-planas\/wp-content\/cropped-android-icon-192x192-1.png","contentUrl":"https:\/\/www.clinicaplanas.com\/jorge-planas\/wp-content\/cropped-android-icon-192x192-1.png","width":512,"height":512,"caption":"Cl\u00ednica Planas"},"image":{"@id":"https:\/\/www.clinicaplanas.com\/jorge-planas\/#\/schema\/logo\/image\/"}},{"@type":"Person","@id":"https:\/\/www.clinicaplanas.com\/jorge-planas\/#\/schema\/person\/38a344a831881042e8204a3198e125e5","name":"Dr. Jorge Planas","image":{"@type":"ImageObject","inLanguage":"es","@id":"https:\/\/www.clinicaplanas.com\/jorge-planas\/#\/schema\/person\/image\/","url":"https:\/\/secure.gravatar.com\/avatar\/cc34246c94716dd29a0de743e5d8d515?s=96&d=mm&r=g","contentUrl":"https:\/\/secure.gravatar.com\/avatar\/cc34246c94716dd29a0de743e5d8d515?s=96&d=mm&r=g","caption":"Dr. Jorge Planas"},"sameAs":["http:\/\/www.clinicaplanas.com\/jorge-planas\/"],"url":"https:\/\/www.clinicaplanas.com\/jorge-planas\/author\/admin\/"}]}},"_links":{"self":[{"href":"https:\/\/www.clinicaplanas.com\/jorge-planas\/wp-json\/wp\/v2\/posts\/8321"}],"collection":[{"href":"https:\/\/www.clinicaplanas.com\/jorge-planas\/wp-json\/wp\/v2\/posts"}],"about":[{"href":"https:\/\/www.clinicaplanas.com\/jorge-planas\/wp-json\/wp\/v2\/types\/post"}],"author":[{"embeddable":true,"href":"https:\/\/www.clinicaplanas.com\/jorge-planas\/wp-json\/wp\/v2\/users\/1"}],"replies":[{"embeddable":true,"href":"https:\/\/www.clinicaplanas.com\/jorge-planas\/wp-json\/wp\/v2\/comments?post=8321"}],"version-history":[{"count":0,"href":"https:\/\/www.clinicaplanas.com\/jorge-planas\/wp-json\/wp\/v2\/posts\/8321\/revisions"}],"wp:featuredmedia":[{"embeddable":true,"href":"https:\/\/www.clinicaplanas.com\/jorge-planas\/wp-json\/wp\/v2\/media\/8322"}],"wp:attachment":[{"href":"https:\/\/www.clinicaplanas.com\/jorge-planas\/wp-json\/wp\/v2\/media?parent=8321"}],"wp:term":[{"taxonomy":"category","embeddable":true,"href":"https:\/\/www.clinicaplanas.com\/jorge-planas\/wp-json\/wp\/v2\/categories?post=8321"},{"taxonomy":"post_tag","embeddable":true,"href":"https:\/\/www.clinicaplanas.com\/jorge-planas\/wp-json\/wp\/v2\/tags?post=8321"}],"curies":[{"name":"wp","href":"https:\/\/api.w.org\/{rel}","templated":true}]}}