{"id":8295,"date":"2020-02-27T13:53:12","date_gmt":"2020-02-27T12:53:12","guid":{"rendered":"https:\/\/www.clinicaplanas.com\/jorge-planas\/?p=8295"},"modified":"2020-02-27T13:53:12","modified_gmt":"2020-02-27T12:53:12","slug":"el-coronavirus-y-la-preocupacion-por-lavarse-las-manos","status":"publish","type":"post","link":"https:\/\/www.clinicaplanas.com\/jorge-planas\/2020\/02\/27\/el-coronavirus-y-la-preocupacion-por-lavarse-las-manos\/","title":{"rendered":"El coronavirus y la preocupaci\u00f3n por lavarse las manos"},"content":{"rendered":"<p>Con la <strong>reciente aparici\u00f3n del coronavirus<\/strong> cada vez hay m\u00e1s gente preocupada por lavarse las manos durante el d\u00eda. Estos desinfectantes que se utilizan son efectivos para eliminar bacterias, virus y hongos. No obstante, si se usan de forma compulsiva, <strong>pueden da\u00f1ar la piel con el paso del tiempo<\/strong>. Puede aparecer dermatitis, sequedad e incluso fisuras en las manos, ya que hemos eliminado sin darnos cuenta el manto l\u00edpidico que protege la piel. Manto natural, el l\u00edpido, que protege las capas superficiales de la piel.<\/p>\n<p>Por lo tanto es importante, desde aqu\u00ed, hacer una voz cautelosa en la que recomendamos: <strong>s\u00ed, higiene de las manos para no contagiarnos de bacterias, virus y hongos, especialmente con la aparici\u00f3n de casos de coronavirus, pero no compulsivamente<\/strong>. Son recomendables los jabones sin jab\u00f3n o <a href=\"https:\/\/bellezaactiva.com\/2019\/01\/22\/syndet-limpiadores-sin-jabon\/\" target=\"_blank\" rel=\"noopener noreferrer\"><em>syndet<\/em><\/a>, ya que tienen un pH muy similar al de la piel y causan menos da\u00f1o.<\/p>\n<p style=\"text-align: center;\"><iframe src=\"https:\/\/www.youtube.com\/embed\/Ben0w1jknnM\" width=\"560\" height=\"315\" frameborder=\"0\" allowfullscreen=\"allowfullscreen\"><\/iframe><\/p>\n","protected":false},"excerpt":{"rendered":"<p>Con la reciente aparici\u00f3n del coronavirus cada vez hay m\u00e1s gente preocupada por lavarse las manos durante el d\u00eda. Estos desinfectantes que se utilizan son efectivos para eliminar bacterias, virus y hongos. No obstante, si se usan de forma compulsiva, pueden da\u00f1ar la piel con el paso del tiempo. Puede aparecer dermatitis, sequedad e incluso [&#8230;]\n","protected":false},"author":1,"featured_media":8296,"comment_status":"open","ping_status":"open","sticky":false,"template":"","format":"standard","meta":{"footnotes":""},"categories":[491,246],"tags":[97],"class_list":["post-8295","post","type-post","status-publish","format-standard","has-post-thumbnail","hentry","category-dermatologia","category-medicina-estetica","tag-dermatologia"],"yoast_head":"<!-- This site is optimized with the Yoast SEO plugin v23.4 - https:\/\/yoast.com\/wordpress\/plugins\/seo\/ -->\n<title>El coronavirus y la preocupaci\u00f3n por lavarse las manos - Dr. Jorge Planas<\/title>\n<meta name=\"description\" content=\"Con la aparici\u00f3n del coronavirus cada vez hay m\u00e1s gente preocupada por lavarse las manos. El abuso de productos desinfectantes puede da\u00f1ar nuestra piel.\" \/>\n<meta name=\"robots\" content=\"index, follow, max-snippet:-1, max-image-preview:large, max-video-preview:-1\" \/>\n<link rel=\"canonical\" href=\"https:\/\/www.clinicaplanas.com\/jorge-planas\/2020\/02\/27\/el-coronavirus-y-la-preocupacion-por-lavarse-las-manos\/\" \/>\n<meta property=\"og:locale\" content=\"es_ES\" \/>\n<meta property=\"og:type\" content=\"article\" \/>\n<meta property=\"og:title\" content=\"El coronavirus y la preocupaci\u00f3n por lavarse las manos - Dr. Jorge Planas\" \/>\n<meta property=\"og:description\" content=\"Con la aparici\u00f3n del coronavirus cada vez hay m\u00e1s gente preocupada por lavarse las manos. El abuso de productos desinfectantes puede da\u00f1ar nuestra piel.\" \/>\n<meta property=\"og:url\" content=\"https:\/\/www.clinicaplanas.com\/jorge-planas\/2020\/02\/27\/el-coronavirus-y-la-preocupacion-por-lavarse-las-manos\/\" \/>\n<meta property=\"og:site_name\" content=\"Tu blog de medicina y cirug\u00eda est\u00e9tica - Cl\u00ednica Planas\" \/>\n<meta property=\"article:published_time\" content=\"2020-02-27T12:53:12+00:00\" \/>\n<meta property=\"og:image\" content=\"https:\/\/www.clinicaplanas.com\/jorge-planas\/wp-content\/coronavirus.png\" \/>\n\t<meta property=\"og:image:width\" content=\"612\" \/>\n\t<meta property=\"og:image:height\" content=\"369\" \/>\n\t<meta property=\"og:image:type\" content=\"image\/png\" \/>\n<meta name=\"author\" content=\"Dr. Jorge Planas\" \/>\n<meta name=\"twitter:card\" content=\"summary_large_image\" \/>\n<meta name=\"twitter:label1\" content=\"Escrito por\" \/>\n\t<meta name=\"twitter:data1\" content=\"Dr. Jorge Planas\" \/>\n\t<meta name=\"twitter:label2\" content=\"Tiempo de lectura\" \/>\n\t<meta name=\"twitter:data2\" content=\"1 minuto\" \/>\n<!-- \/ Yoast SEO plugin. -->","yoast_head_json":{"title":"El coronavirus y la preocupaci\u00f3n por lavarse las manos - Dr. Jorge Planas","description":"Con la aparici\u00f3n del coronavirus cada vez hay m\u00e1s gente preocupada por lavarse las manos. El abuso de productos desinfectantes puede da\u00f1ar nuestra piel.","robots":{"index":"index","follow":"follow","max-snippet":"max-snippet:-1","max-image-preview":"max-image-preview:large","max-video-preview":"max-video-preview:-1"},"canonical":"https:\/\/www.clinicaplanas.com\/jorge-planas\/2020\/02\/27\/el-coronavirus-y-la-preocupacion-por-lavarse-las-manos\/","og_locale":"es_ES","og_type":"article","og_title":"El coronavirus y la preocupaci\u00f3n por lavarse las manos - Dr. Jorge Planas","og_description":"Con la aparici\u00f3n del coronavirus cada vez hay m\u00e1s gente preocupada por lavarse las manos. El abuso de productos desinfectantes puede da\u00f1ar nuestra piel.","og_url":"https:\/\/www.clinicaplanas.com\/jorge-planas\/2020\/02\/27\/el-coronavirus-y-la-preocupacion-por-lavarse-las-manos\/","og_site_name":"Tu blog de medicina y cirug\u00eda est\u00e9tica - Cl\u00ednica Planas","article_published_time":"2020-02-27T12:53:12+00:00","og_image":[{"width":612,"height":369,"url":"https:\/\/www.clinicaplanas.com\/jorge-planas\/wp-content\/coronavirus.png","type":"image\/png"}],"author":"Dr. Jorge Planas","twitter_card":"summary_large_image","twitter_misc":{"Escrito por":"Dr. Jorge Planas","Tiempo de lectura":"1 minuto"},"schema":{"@context":"https:\/\/schema.org","@graph":[{"@type":"Article","@id":"https:\/\/www.clinicaplanas.com\/jorge-planas\/2020\/02\/27\/el-coronavirus-y-la-preocupacion-por-lavarse-las-manos\/#article","isPartOf":{"@id":"https:\/\/www.clinicaplanas.com\/jorge-planas\/2020\/02\/27\/el-coronavirus-y-la-preocupacion-por-lavarse-las-manos\/"},"author":{"name":"Dr. Jorge Planas","@id":"https:\/\/www.clinicaplanas.com\/jorge-planas\/#\/schema\/person\/38a344a831881042e8204a3198e125e5"},"headline":"El coronavirus y la preocupaci\u00f3n por lavarse las manos","datePublished":"2020-02-27T12:53:12+00:00","dateModified":"2020-02-27T12:53:12+00:00","mainEntityOfPage":{"@id":"https:\/\/www.clinicaplanas.com\/jorge-planas\/2020\/02\/27\/el-coronavirus-y-la-preocupacion-por-lavarse-las-manos\/"},"wordCount":166,"commentCount":0,"publisher":{"@id":"https:\/\/www.clinicaplanas.com\/jorge-planas\/#organization"},"image":{"@id":"https:\/\/www.clinicaplanas.com\/jorge-planas\/2020\/02\/27\/el-coronavirus-y-la-preocupacion-por-lavarse-las-manos\/#primaryimage"},"thumbnailUrl":"https:\/\/www.clinicaplanas.com\/jorge-planas\/wp-content\/coronavirus.png","keywords":["dermatolog\u00eda"],"articleSection":["Art\u00edculos de Dermatolog\u00eda Est\u00e9tica","Art\u00edculos de Medicina Est\u00e9tica"],"inLanguage":"es","potentialAction":[{"@type":"CommentAction","name":"Comment","target":["https:\/\/www.clinicaplanas.com\/jorge-planas\/2020\/02\/27\/el-coronavirus-y-la-preocupacion-por-lavarse-las-manos\/#respond"]}]},{"@type":"WebPage","@id":"https:\/\/www.clinicaplanas.com\/jorge-planas\/2020\/02\/27\/el-coronavirus-y-la-preocupacion-por-lavarse-las-manos\/","url":"https:\/\/www.clinicaplanas.com\/jorge-planas\/2020\/02\/27\/el-coronavirus-y-la-preocupacion-por-lavarse-las-manos\/","name":"El coronavirus y la preocupaci\u00f3n por lavarse las manos - Dr. Jorge Planas","isPartOf":{"@id":"https:\/\/www.clinicaplanas.com\/jorge-planas\/#website"},"primaryImageOfPage":{"@id":"https:\/\/www.clinicaplanas.com\/jorge-planas\/2020\/02\/27\/el-coronavirus-y-la-preocupacion-por-lavarse-las-manos\/#primaryimage"},"image":{"@id":"https:\/\/www.clinicaplanas.com\/jorge-planas\/2020\/02\/27\/el-coronavirus-y-la-preocupacion-por-lavarse-las-manos\/#primaryimage"},"thumbnailUrl":"https:\/\/www.clinicaplanas.com\/jorge-planas\/wp-content\/coronavirus.png","datePublished":"2020-02-27T12:53:12+00:00","dateModified":"2020-02-27T12:53:12+00:00","description":"Con la aparici\u00f3n del coronavirus cada vez hay m\u00e1s gente preocupada por lavarse las manos. El abuso de productos desinfectantes puede da\u00f1ar nuestra piel.","breadcrumb":{"@id":"https:\/\/www.clinicaplanas.com\/jorge-planas\/2020\/02\/27\/el-coronavirus-y-la-preocupacion-por-lavarse-las-manos\/#breadcrumb"},"inLanguage":"es","potentialAction":[{"@type":"ReadAction","target":["https:\/\/www.clinicaplanas.com\/jorge-planas\/2020\/02\/27\/el-coronavirus-y-la-preocupacion-por-lavarse-las-manos\/"]}]},{"@type":"ImageObject","inLanguage":"es","@id":"https:\/\/www.clinicaplanas.com\/jorge-planas\/2020\/02\/27\/el-coronavirus-y-la-preocupacion-por-lavarse-las-manos\/#primaryimage","url":"https:\/\/www.clinicaplanas.com\/jorge-planas\/wp-content\/coronavirus.png","contentUrl":"https:\/\/www.clinicaplanas.com\/jorge-planas\/wp-content\/coronavirus.png","width":612,"height":369,"caption":"coronavirus"},{"@type":"BreadcrumbList","@id":"https:\/\/www.clinicaplanas.com\/jorge-planas\/2020\/02\/27\/el-coronavirus-y-la-preocupacion-por-lavarse-las-manos\/#breadcrumb","itemListElement":[{"@type":"ListItem","position":1,"name":"Home","item":"https:\/\/www.clinicaplanas.com\/jorge-planas\/"},{"@type":"ListItem","position":2,"name":"Art\u00edculos de Medicina Est\u00e9tica","item":"https:\/\/www.clinicaplanas.com\/jorge-planas\/medicina-estetica\/"},{"@type":"ListItem","position":3,"name":"Art\u00edculos de Dermatolog\u00eda Est\u00e9tica","item":"https:\/\/www.clinicaplanas.com\/jorge-planas\/medicina-estetica\/dermatologia\/"},{"@type":"ListItem","position":4,"name":"El coronavirus y la preocupaci\u00f3n por lavarse las manos"}]},{"@type":"WebSite","@id":"https:\/\/www.clinicaplanas.com\/jorge-planas\/#website","url":"https:\/\/www.clinicaplanas.com\/jorge-planas\/","name":"Tu blog de medicina y cirug\u00eda est\u00e9tica - Cl\u00ednica Planas","description":"Mantente al d\u00eda sobre medicina y cirug\u00eda est\u00e9tica con el blog de Cl\u00ednica Planas. Noticias de actualidad, novedades y tips de la mano de nuestros especialistas.","publisher":{"@id":"https:\/\/www.clinicaplanas.com\/jorge-planas\/#organization"},"potentialAction":[{"@type":"SearchAction","target":{"@type":"EntryPoint","urlTemplate":"https:\/\/www.clinicaplanas.com\/jorge-planas\/?s={search_term_string}"},"query-input":{"@type":"PropertyValueSpecification","valueRequired":true,"valueName":"search_term_string"}}],"inLanguage":"es"},{"@type":"Organization","@id":"https:\/\/www.clinicaplanas.com\/jorge-planas\/#organization","name":"Cl\u00ednica Planas","url":"https:\/\/www.clinicaplanas.com\/jorge-planas\/","logo":{"@type":"ImageObject","inLanguage":"es","@id":"https:\/\/www.clinicaplanas.com\/jorge-planas\/#\/schema\/logo\/image\/","url":"https:\/\/www.clinicaplanas.com\/jorge-planas\/wp-content\/cropped-android-icon-192x192-1.png","contentUrl":"https:\/\/www.clinicaplanas.com\/jorge-planas\/wp-content\/cropped-android-icon-192x192-1.png","width":512,"height":512,"caption":"Cl\u00ednica Planas"},"image":{"@id":"https:\/\/www.clinicaplanas.com\/jorge-planas\/#\/schema\/logo\/image\/"}},{"@type":"Person","@id":"https:\/\/www.clinicaplanas.com\/jorge-planas\/#\/schema\/person\/38a344a831881042e8204a3198e125e5","name":"Dr. Jorge Planas","image":{"@type":"ImageObject","inLanguage":"es","@id":"https:\/\/www.clinicaplanas.com\/jorge-planas\/#\/schema\/person\/image\/","url":"https:\/\/secure.gravatar.com\/avatar\/cc34246c94716dd29a0de743e5d8d515?s=96&d=mm&r=g","contentUrl":"https:\/\/secure.gravatar.com\/avatar\/cc34246c94716dd29a0de743e5d8d515?s=96&d=mm&r=g","caption":"Dr. Jorge Planas"},"sameAs":["http:\/\/www.clinicaplanas.com\/jorge-planas\/"],"url":"https:\/\/www.clinicaplanas.com\/jorge-planas\/author\/admin\/"}]}},"_links":{"self":[{"href":"https:\/\/www.clinicaplanas.com\/jorge-planas\/wp-json\/wp\/v2\/posts\/8295"}],"collection":[{"href":"https:\/\/www.clinicaplanas.com\/jorge-planas\/wp-json\/wp\/v2\/posts"}],"about":[{"href":"https:\/\/www.clinicaplanas.com\/jorge-planas\/wp-json\/wp\/v2\/types\/post"}],"author":[{"embeddable":true,"href":"https:\/\/www.clinicaplanas.com\/jorge-planas\/wp-json\/wp\/v2\/users\/1"}],"replies":[{"embeddable":true,"href":"https:\/\/www.clinicaplanas.com\/jorge-planas\/wp-json\/wp\/v2\/comments?post=8295"}],"version-history":[{"count":0,"href":"https:\/\/www.clinicaplanas.com\/jorge-planas\/wp-json\/wp\/v2\/posts\/8295\/revisions"}],"wp:featuredmedia":[{"embeddable":true,"href":"https:\/\/www.clinicaplanas.com\/jorge-planas\/wp-json\/wp\/v2\/media\/8296"}],"wp:attachment":[{"href":"https:\/\/www.clinicaplanas.com\/jorge-planas\/wp-json\/wp\/v2\/media?parent=8295"}],"wp:term":[{"taxonomy":"category","embeddable":true,"href":"https:\/\/www.clinicaplanas.com\/jorge-planas\/wp-json\/wp\/v2\/categories?post=8295"},{"taxonomy":"post_tag","embeddable":true,"href":"https:\/\/www.clinicaplanas.com\/jorge-planas\/wp-json\/wp\/v2\/tags?post=8295"}],"curies":[{"name":"wp","href":"https:\/\/api.w.org\/{rel}","templated":true}]}}