{"id":829,"date":"2011-04-20T12:58:39","date_gmt":"2011-04-20T11:58:39","guid":{"rendered":"http:\/\/www.clinicaplanas.com\/jorge-planas\/?p=829"},"modified":"2011-04-20T12:58:39","modified_gmt":"2011-04-20T11:58:39","slug":"nueva-unidad-dental-de-clinica-planas","status":"publish","type":"post","link":"https:\/\/www.clinicaplanas.com\/jorge-planas\/2011\/04\/20\/nueva-unidad-dental-de-clinica-planas\/","title":{"rendered":"Nueva Unidad Dental de Cl\u00ednica Planas"},"content":{"rendered":"<p><!--:es--><\/p>\n<div class=\"mceTemp\"><\/div>\n<p><img decoding=\"async\" class=\"alignleft size-medium wp-image-6166\" src=\"https:\/\/www.clinicaplanas.com\/jorge-planas\/wp-content\/uploads\/Unidad-Dental-300x145.jpg\" alt=\"Unidad Dental Cl\u00ednica Planas\" width=\"300\" height=\"145\" srcset=\"https:\/\/www.clinicaplanas.com\/jorge-planas\/wp-content\/Unidad-Dental-300x145.jpg 300w, https:\/\/www.clinicaplanas.com\/jorge-planas\/wp-content\/Unidad-Dental.jpg 564w\" sizes=\"(max-width: 300px) 100vw, 300px\" \/>Desde <strong><a href=\"https:\/\/www.clinicaplanas.com\/\" target=\"_blank\" rel=\"noopener noreferrer\">Cl\u00ednica Planas<\/a><\/strong> siempre buscamos mejorar nuestros servicios, por ello quisiera informaros a todos de la nueva <strong>Unidad Dental<\/strong>. Con ella hemos conseguido integrar los servicios de est\u00e9tica dental que realiz\u00e1bamos hasta el momento (remodelado del contorno dental, blanqueamiento dental, aplicaci\u00f3n de carillas o coronas\u00a0 de porcelana, implantes dentales \u00a0y empastes est\u00e9ticos), con otros servicios de asistencia dental que contemplan cirug\u00eda maxilofacial, endodoncia y periodoncia (tratamiento de las enc\u00edas).\u00a0<!--more--><\/p>\n<p>Para ello, la Unidad Dental que dirige el <strong><a href=\"https:\/\/www.clinicaplanas.com\/equipo-medico\" target=\"_blank\" rel=\"noopener noreferrer\">Dr. Sergio Salazar<\/a><\/strong> ha incorporado al <strong><a href=\"https:\/\/www.clinicaplanas.com\/equipo-medico#9\" target=\"_blank\" rel=\"noopener noreferrer\">Dr. Arturo D\u00edaz Carandell<\/a><\/strong>, cirujano maxilofacial especializado en cirug\u00eda ortogn\u00e1tica. De esta manera, el paciente que requiera tratamientos dentales tendr\u00e1 en el mismo centro un equipo multidisciplinar que abordar\u00e1 los problemas desde diversos \u00e1ngulos para un \u00f3ptimo resultado, tanto desde el punto de vista m\u00e9dico como est\u00e9tico.<\/p>\n<p>Me gustar\u00eda destacar que el gran valor diferencial de la Unidad Dental de Cl\u00ednica Planas, como en todos nuestros servicios, es la personalizaci\u00f3n. En este sentido, en una primera visita con el responsable de la unidad, el Dr. Sergio Salazar, se realiza una exhaustiva exploraci\u00f3n para evaluar el estado global de la salud dental del paciente: articulaci\u00f3n, enc\u00edas, forma y \u00a0tama\u00f1o, color, posici\u00f3n de los dientes, etc\u2026 \u00a0Para ello, se toman fotograf\u00edas de amplia resoluci\u00f3n digital y radiograf\u00eda digital (ortopantomograf\u00eda).<\/p>\n<div class=\"mceTemp\"><\/div>\n<p>Desde este blog quisiera agradecer a los doctores Sergio Salazar, Arturo D\u00edaz Carandell y Antonio Santos Alemany, su dedicaci\u00f3n para poner en marcha un servicio integral en salud dental que mejorar\u00e1 la atenci\u00f3n a nuestros pacientes.<\/p>\n<figure id=\"attachment_830\" aria-describedby=\"caption-attachment-830\" style=\"width: 207px\" class=\"wp-caption alignleft\"><a href=\"https:\/\/www.clinicaplanas.com\/jorge-planas\/wp-content\/uploads\/2011\/04\/DR.-SERGIO-SALAZAR.jpg\"><img decoding=\"async\" class=\"size-medium wp-image-830\" title=\"DR. SERGIO SALAZAR\" src=\"https:\/\/www.clinicaplanas.com\/jorge-planas\/wp-content\/uploads\/2011\/04\/DR.-SERGIO-SALAZAR-207x300.jpg\" alt=\"\" width=\"207\" height=\"300\" srcset=\"https:\/\/www.clinicaplanas.com\/jorge-planas\/wp-content\/DR.-SERGIO-SALAZAR-207x300.jpg 207w, https:\/\/www.clinicaplanas.com\/jorge-planas\/wp-content\/DR.-SERGIO-SALAZAR.jpg 578w\" sizes=\"(max-width: 207px) 100vw, 207px\" \/><\/a><figcaption id=\"caption-attachment-830\" class=\"wp-caption-text\">Dr. Sergio Salazar, responsable de la Unidad Dental<\/figcaption><\/figure>\n<figure id=\"attachment_831\" aria-describedby=\"caption-attachment-831\" style=\"width: 183px\" class=\"wp-caption alignleft\"><a href=\"https:\/\/www.clinicaplanas.com\/jorge-planas\/wp-content\/uploads\/2011\/04\/arturdiaz.jpg\"><img decoding=\"async\" class=\"size-medium wp-image-831\" title=\"arturdiaz\" src=\"https:\/\/www.clinicaplanas.com\/jorge-planas\/wp-content\/uploads\/2011\/04\/arturdiaz-183x300.jpg\" alt=\"\" width=\"183\" height=\"300\" srcset=\"https:\/\/www.clinicaplanas.com\/jorge-planas\/wp-content\/arturdiaz-183x300.jpg 183w, https:\/\/www.clinicaplanas.com\/jorge-planas\/wp-content\/arturdiaz.jpg 225w\" sizes=\"(max-width: 183px) 100vw, 183px\" \/><\/a><figcaption id=\"caption-attachment-831\" class=\"wp-caption-text\">Dr. Arturo D\u00edaz Carandell , cirujano maxilofacial especializado en cirug\u00eda ortogn\u00e1tica<\/figcaption><\/figure>\n<div class=\"mceTemp\"><\/div>\n<p><!--:--><!--:en--><\/p>\n<p><!--:--><\/p>\n","protected":false},"excerpt":{"rendered":"<p>Desde Cl\u00ednica Planas siempre buscamos mejorar nuestros servicios, por ello quisiera informaros a todos de la nueva Unidad Dental. Con ella hemos conseguido integrar los servicios de est\u00e9tica dental que realiz\u00e1bamos hasta el momento (remodelado del contorno dental, blanqueamiento dental, aplicaci\u00f3n de carillas o coronas\u00a0 de porcelana, implantes dentales \u00a0y empastes est\u00e9ticos), con otros servicios [&#8230;]\n","protected":false},"author":102,"featured_media":0,"comment_status":"open","ping_status":"open","sticky":false,"template":"","format":"standard","meta":{"footnotes":""},"categories":[255,240],"tags":[292,327,404,465,472],"class_list":["post-829","post","type-post","status-publish","format-standard","hentry","category-articulos-cientificos","category-dental","tag-arturo-diaz-carandell","tag-clinica-planas","tag-jorge-planas","tag-sergio-salazar","tag-unidad-dental"],"yoast_head":"<!-- This site is optimized with the Yoast SEO plugin v23.4 - https:\/\/yoast.com\/wordpress\/plugins\/seo\/ -->\n<title>Nueva Unidad Dental de Cl\u00ednica Planas - Dr. Jorge Planas Blog<\/title>\n<meta name=\"description\" content=\"Cl\u00ednica Planas incluye una nueva Unidad Dental. Con el fin de integrar los servicios de est\u00e9tica dental on otros servicios de asistencia dental.\" \/>\n<meta name=\"robots\" content=\"index, follow, max-snippet:-1, max-image-preview:large, max-video-preview:-1\" \/>\n<link rel=\"canonical\" href=\"https:\/\/www.clinicaplanas.com\/jorge-planas\/2011\/04\/20\/nueva-unidad-dental-de-clinica-planas\/\" \/>\n<meta property=\"og:locale\" content=\"es_ES\" \/>\n<meta property=\"og:type\" content=\"article\" \/>\n<meta property=\"og:title\" content=\"Nueva Unidad Dental de Cl\u00ednica Planas - Dr. Jorge Planas Blog\" \/>\n<meta property=\"og:description\" content=\"Cl\u00ednica Planas incluye una nueva Unidad Dental. Con el fin de integrar los servicios de est\u00e9tica dental on otros servicios de asistencia dental.\" \/>\n<meta property=\"og:url\" content=\"https:\/\/www.clinicaplanas.com\/jorge-planas\/2011\/04\/20\/nueva-unidad-dental-de-clinica-planas\/\" \/>\n<meta property=\"og:site_name\" content=\"Tu blog de medicina y cirug\u00eda est\u00e9tica - Cl\u00ednica Planas\" \/>\n<meta property=\"article:published_time\" content=\"2011-04-20T11:58:39+00:00\" \/>\n<meta property=\"og:image\" content=\"https:\/\/www.clinicaplanas.com\/jorge-planas\/wp-content\/uploads\/Unidad-Dental-300x145.jpg\" \/>\n<meta name=\"author\" content=\"Doctor JorgePlanas\" \/>\n<meta name=\"twitter:card\" content=\"summary_large_image\" \/>\n<meta name=\"twitter:label1\" content=\"Escrito por\" \/>\n\t<meta name=\"twitter:data1\" content=\"Doctor JorgePlanas\" \/>\n\t<meta name=\"twitter:label2\" content=\"Tiempo de lectura\" \/>\n\t<meta name=\"twitter:data2\" content=\"2 minutos\" \/>\n<!-- \/ Yoast SEO plugin. -->","yoast_head_json":{"title":"Nueva Unidad Dental de Cl\u00ednica Planas - Dr. Jorge Planas Blog","description":"Cl\u00ednica Planas incluye una nueva Unidad Dental. Con el fin de integrar los servicios de est\u00e9tica dental on otros servicios de asistencia dental.","robots":{"index":"index","follow":"follow","max-snippet":"max-snippet:-1","max-image-preview":"max-image-preview:large","max-video-preview":"max-video-preview:-1"},"canonical":"https:\/\/www.clinicaplanas.com\/jorge-planas\/2011\/04\/20\/nueva-unidad-dental-de-clinica-planas\/","og_locale":"es_ES","og_type":"article","og_title":"Nueva Unidad Dental de Cl\u00ednica Planas - Dr. Jorge Planas Blog","og_description":"Cl\u00ednica Planas incluye una nueva Unidad Dental. Con el fin de integrar los servicios de est\u00e9tica dental on otros servicios de asistencia dental.","og_url":"https:\/\/www.clinicaplanas.com\/jorge-planas\/2011\/04\/20\/nueva-unidad-dental-de-clinica-planas\/","og_site_name":"Tu blog de medicina y cirug\u00eda est\u00e9tica - Cl\u00ednica Planas","article_published_time":"2011-04-20T11:58:39+00:00","og_image":[{"url":"https:\/\/www.clinicaplanas.com\/jorge-planas\/wp-content\/uploads\/Unidad-Dental-300x145.jpg"}],"author":"Doctor JorgePlanas","twitter_card":"summary_large_image","twitter_misc":{"Escrito por":"Doctor JorgePlanas","Tiempo de lectura":"2 minutos"},"schema":{"@context":"https:\/\/schema.org","@graph":[{"@type":"Article","@id":"https:\/\/www.clinicaplanas.com\/jorge-planas\/2011\/04\/20\/nueva-unidad-dental-de-clinica-planas\/#article","isPartOf":{"@id":"https:\/\/www.clinicaplanas.com\/jorge-planas\/2011\/04\/20\/nueva-unidad-dental-de-clinica-planas\/"},"author":{"name":"Doctor JorgePlanas","@id":"https:\/\/www.clinicaplanas.com\/jorge-planas\/#\/schema\/person\/b13ac6e9212d6f27b00095767a2f4417"},"headline":"Nueva Unidad Dental de Cl\u00ednica Planas","datePublished":"2011-04-20T11:58:39+00:00","dateModified":"2011-04-20T11:58:39+00:00","mainEntityOfPage":{"@id":"https:\/\/www.clinicaplanas.com\/jorge-planas\/2011\/04\/20\/nueva-unidad-dental-de-clinica-planas\/"},"wordCount":315,"commentCount":0,"publisher":{"@id":"https:\/\/www.clinicaplanas.com\/jorge-planas\/#organization"},"image":{"@id":"https:\/\/www.clinicaplanas.com\/jorge-planas\/2011\/04\/20\/nueva-unidad-dental-de-clinica-planas\/#primaryimage"},"thumbnailUrl":"https:\/\/www.clinicaplanas.com\/jorge-planas\/wp-content\/uploads\/Unidad-Dental-300x145.jpg","keywords":["Arturo D\u00edaz Carandell","Cl\u00ednica Planas","Jorge Planas","Sergio Salazar","Unidad Dental"],"articleSection":["Art\u00edculos Cient\u00edficos","Art\u00edculos de Odontolog\u00eda e Implantolog\u00eda"],"inLanguage":"es","potentialAction":[{"@type":"CommentAction","name":"Comment","target":["https:\/\/www.clinicaplanas.com\/jorge-planas\/2011\/04\/20\/nueva-unidad-dental-de-clinica-planas\/#respond"]}]},{"@type":"WebPage","@id":"https:\/\/www.clinicaplanas.com\/jorge-planas\/2011\/04\/20\/nueva-unidad-dental-de-clinica-planas\/","url":"https:\/\/www.clinicaplanas.com\/jorge-planas\/2011\/04\/20\/nueva-unidad-dental-de-clinica-planas\/","name":"Nueva Unidad Dental de Cl\u00ednica Planas - Dr. Jorge Planas Blog","isPartOf":{"@id":"https:\/\/www.clinicaplanas.com\/jorge-planas\/#website"},"primaryImageOfPage":{"@id":"https:\/\/www.clinicaplanas.com\/jorge-planas\/2011\/04\/20\/nueva-unidad-dental-de-clinica-planas\/#primaryimage"},"image":{"@id":"https:\/\/www.clinicaplanas.com\/jorge-planas\/2011\/04\/20\/nueva-unidad-dental-de-clinica-planas\/#primaryimage"},"thumbnailUrl":"https:\/\/www.clinicaplanas.com\/jorge-planas\/wp-content\/uploads\/Unidad-Dental-300x145.jpg","datePublished":"2011-04-20T11:58:39+00:00","dateModified":"2011-04-20T11:58:39+00:00","description":"Cl\u00ednica Planas incluye una nueva Unidad Dental. Con el fin de integrar los servicios de est\u00e9tica dental on otros servicios de asistencia dental.","breadcrumb":{"@id":"https:\/\/www.clinicaplanas.com\/jorge-planas\/2011\/04\/20\/nueva-unidad-dental-de-clinica-planas\/#breadcrumb"},"inLanguage":"es","potentialAction":[{"@type":"ReadAction","target":["https:\/\/www.clinicaplanas.com\/jorge-planas\/2011\/04\/20\/nueva-unidad-dental-de-clinica-planas\/"]}]},{"@type":"ImageObject","inLanguage":"es","@id":"https:\/\/www.clinicaplanas.com\/jorge-planas\/2011\/04\/20\/nueva-unidad-dental-de-clinica-planas\/#primaryimage","url":"https:\/\/www.clinicaplanas.com\/jorge-planas\/wp-content\/uploads\/Unidad-Dental-300x145.jpg","contentUrl":"https:\/\/www.clinicaplanas.com\/jorge-planas\/wp-content\/uploads\/Unidad-Dental-300x145.jpg"},{"@type":"BreadcrumbList","@id":"https:\/\/www.clinicaplanas.com\/jorge-planas\/2011\/04\/20\/nueva-unidad-dental-de-clinica-planas\/#breadcrumb","itemListElement":[{"@type":"ListItem","position":1,"name":"Home","item":"https:\/\/www.clinicaplanas.com\/jorge-planas\/"},{"@type":"ListItem","position":2,"name":"Jorge Planas","item":"https:\/\/www.clinicaplanas.com\/jorge-planas\/tag\/jorge-planas\/"},{"@type":"ListItem","position":3,"name":"Nueva Unidad Dental de Cl\u00ednica Planas"}]},{"@type":"WebSite","@id":"https:\/\/www.clinicaplanas.com\/jorge-planas\/#website","url":"https:\/\/www.clinicaplanas.com\/jorge-planas\/","name":"Tu blog de medicina y cirug\u00eda est\u00e9tica - Cl\u00ednica Planas","description":"Mantente al d\u00eda sobre medicina y cirug\u00eda est\u00e9tica con el blog de Cl\u00ednica Planas. Noticias de actualidad, novedades y tips de la mano de nuestros especialistas.","publisher":{"@id":"https:\/\/www.clinicaplanas.com\/jorge-planas\/#organization"},"potentialAction":[{"@type":"SearchAction","target":{"@type":"EntryPoint","urlTemplate":"https:\/\/www.clinicaplanas.com\/jorge-planas\/?s={search_term_string}"},"query-input":{"@type":"PropertyValueSpecification","valueRequired":true,"valueName":"search_term_string"}}],"inLanguage":"es"},{"@type":"Organization","@id":"https:\/\/www.clinicaplanas.com\/jorge-planas\/#organization","name":"Cl\u00ednica Planas","url":"https:\/\/www.clinicaplanas.com\/jorge-planas\/","logo":{"@type":"ImageObject","inLanguage":"es","@id":"https:\/\/www.clinicaplanas.com\/jorge-planas\/#\/schema\/logo\/image\/","url":"https:\/\/www.clinicaplanas.com\/jorge-planas\/wp-content\/cropped-android-icon-192x192-1.png","contentUrl":"https:\/\/www.clinicaplanas.com\/jorge-planas\/wp-content\/cropped-android-icon-192x192-1.png","width":512,"height":512,"caption":"Cl\u00ednica Planas"},"image":{"@id":"https:\/\/www.clinicaplanas.com\/jorge-planas\/#\/schema\/logo\/image\/"}},{"@type":"Person","@id":"https:\/\/www.clinicaplanas.com\/jorge-planas\/#\/schema\/person\/b13ac6e9212d6f27b00095767a2f4417","name":"Doctor JorgePlanas","image":{"@type":"ImageObject","inLanguage":"es","@id":"https:\/\/www.clinicaplanas.com\/jorge-planas\/#\/schema\/person\/image\/","url":"https:\/\/secure.gravatar.com\/avatar\/?s=96&d=mm&r=g","contentUrl":"https:\/\/secure.gravatar.com\/avatar\/?s=96&d=mm&r=g","caption":"Doctor JorgePlanas"},"url":"https:\/\/www.clinicaplanas.com\/jorge-planas\/author\/doctor-jorgeplanas\/"}]}},"_links":{"self":[{"href":"https:\/\/www.clinicaplanas.com\/jorge-planas\/wp-json\/wp\/v2\/posts\/829"}],"collection":[{"href":"https:\/\/www.clinicaplanas.com\/jorge-planas\/wp-json\/wp\/v2\/posts"}],"about":[{"href":"https:\/\/www.clinicaplanas.com\/jorge-planas\/wp-json\/wp\/v2\/types\/post"}],"author":[{"embeddable":true,"href":"https:\/\/www.clinicaplanas.com\/jorge-planas\/wp-json\/wp\/v2\/users\/102"}],"replies":[{"embeddable":true,"href":"https:\/\/www.clinicaplanas.com\/jorge-planas\/wp-json\/wp\/v2\/comments?post=829"}],"version-history":[{"count":0,"href":"https:\/\/www.clinicaplanas.com\/jorge-planas\/wp-json\/wp\/v2\/posts\/829\/revisions"}],"wp:attachment":[{"href":"https:\/\/www.clinicaplanas.com\/jorge-planas\/wp-json\/wp\/v2\/media?parent=829"}],"wp:term":[{"taxonomy":"category","embeddable":true,"href":"https:\/\/www.clinicaplanas.com\/jorge-planas\/wp-json\/wp\/v2\/categories?post=829"},{"taxonomy":"post_tag","embeddable":true,"href":"https:\/\/www.clinicaplanas.com\/jorge-planas\/wp-json\/wp\/v2\/tags?post=829"}],"curies":[{"name":"wp","href":"https:\/\/api.w.org\/{rel}","templated":true}]}}