{"id":7504,"date":"2018-06-27T13:48:18","date_gmt":"2018-06-27T11:48:18","guid":{"rendered":"https:\/\/www.clinicaplanas.com\/jorge-planas\/?p=7504"},"modified":"2018-06-27T13:48:18","modified_gmt":"2018-06-27T11:48:18","slug":"bioestimulacion-luminica-sol","status":"publish","type":"post","link":"https:\/\/www.clinicaplanas.com\/jorge-planas\/2018\/06\/27\/bioestimulacion-luminica-sol\/","title":{"rendered":"C\u00f3mo preparar la piel para el verano"},"content":{"rendered":"<p>Con la llegada del sol y del verano es necesario preparar y cuidar la piel para evitar su envejecimiento, as\u00ed como las posibles patolog\u00edas asociadas a una exposici\u00f3n prolongada. <!--more--><\/p>\n<p>La mayor\u00eda de cuidados para protegernos del sol de manera adecuada son ampliamente conocidos: una protecci\u00f3n constante, una buena hidrataci\u00f3n y mantenerla limpia y libre de impurezas durante la exposici\u00f3n solar.<\/p>\n<p>Para conseguir una mejor protecci\u00f3n y lograr el deseado bronceado existen <a href=\"https:\/\/www.clinicaplanas.com\/jorge-planas\/2015\/06\/26\/5-pasos-para-tomar-el-sol-sin-riesgos\/\" target=\"_blank\" rel=\"noopener noreferrer\">tratamientos espec\u00edficos<\/a> que pueden ayudarnos, como la bioestimulaci\u00f3n lum\u00ednica. Este es un tratamiento de 6 sesiones realizadas antes de la primera exposici\u00f3n solar, que permite <a href=\"https:\/\/www.clinicaplanas.com\/dermatologia-clinica\/terapia-fotodinamica\" target=\"_blank\" rel=\"noopener noreferrer\">bloquear el da\u00f1o que provocan los rayos UV<\/a>, y preparan la piel para que haya una respuesta inflamatoria a la exposici\u00f3n solar m\u00e1s controlada.<\/p>\n<p>&nbsp;<\/p>\n<p><iframe src=\"https:\/\/www.youtube.com\/embed\/oOoDJEXTGl0\" width=\"560\" height=\"315\" frameborder=\"0\" allowfullscreen=\"allowfullscreen\"><\/iframe><\/p>\n","protected":false},"excerpt":{"rendered":"<p>Con la llegada del sol y del verano es necesario preparar y cuidar la piel para evitar su envejecimiento, as\u00ed como las posibles patolog\u00edas asociadas a una exposici\u00f3n prolongada.<\/p>\n","protected":false},"author":1,"featured_media":7506,"comment_status":"open","ping_status":"open","sticky":false,"template":"","format":"standard","meta":{"footnotes":""},"categories":[491,246],"tags":[],"class_list":["post-7504","post","type-post","status-publish","format-standard","has-post-thumbnail","hentry","category-dermatologia","category-medicina-estetica"],"yoast_head":"<!-- This site is optimized with the Yoast SEO plugin v23.4 - https:\/\/yoast.com\/wordpress\/plugins\/seo\/ -->\n<title>C\u00f3mo preparar la piel para el verano - Dr. Jorge Planas Blog<\/title>\n<meta name=\"description\" content=\"La bioestimulac\u00edon lum\u00ednica es un tratamiento que prepara la piel para una correcta exposici\u00f3n solar bloqueando el da\u00f1o que le provocan los rayos UV.\" \/>\n<meta name=\"robots\" content=\"index, follow, max-snippet:-1, max-image-preview:large, max-video-preview:-1\" \/>\n<link rel=\"canonical\" href=\"https:\/\/www.clinicaplanas.com\/jorge-planas\/2018\/06\/27\/bioestimulacion-luminica-sol\/\" \/>\n<meta property=\"og:locale\" content=\"es_ES\" \/>\n<meta property=\"og:type\" content=\"article\" \/>\n<meta property=\"og:title\" content=\"C\u00f3mo preparar la piel para el verano - Dr. Jorge Planas Blog\" \/>\n<meta property=\"og:description\" content=\"La bioestimulac\u00edon lum\u00ednica es un tratamiento que prepara la piel para una correcta exposici\u00f3n solar bloqueando el da\u00f1o que le provocan los rayos UV.\" \/>\n<meta property=\"og:url\" content=\"https:\/\/www.clinicaplanas.com\/jorge-planas\/2018\/06\/27\/bioestimulacion-luminica-sol\/\" \/>\n<meta property=\"og:site_name\" content=\"Tu blog de medicina y cirug\u00eda est\u00e9tica - Cl\u00ednica Planas\" \/>\n<meta property=\"article:published_time\" content=\"2018-06-27T11:48:18+00:00\" \/>\n<meta property=\"og:image\" content=\"https:\/\/www.clinicaplanas.com\/jorge-planas\/wp-content\/bioestimulacion-luminica.jpeg\" \/>\n\t<meta property=\"og:image:width\" content=\"275\" \/>\n\t<meta property=\"og:image:height\" content=\"183\" \/>\n\t<meta property=\"og:image:type\" content=\"image\/jpeg\" \/>\n<meta name=\"author\" content=\"Dr. Jorge Planas\" \/>\n<meta name=\"twitter:card\" content=\"summary_large_image\" \/>\n<meta name=\"twitter:label1\" content=\"Escrito por\" \/>\n\t<meta name=\"twitter:data1\" content=\"Dr. Jorge Planas\" \/>\n\t<meta name=\"twitter:label2\" content=\"Tiempo de lectura\" \/>\n\t<meta name=\"twitter:data2\" content=\"1 minuto\" \/>\n<!-- \/ Yoast SEO plugin. -->","yoast_head_json":{"title":"C\u00f3mo preparar la piel para el verano - Dr. Jorge Planas Blog","description":"La bioestimulac\u00edon lum\u00ednica es un tratamiento que prepara la piel para una correcta exposici\u00f3n solar bloqueando el da\u00f1o que le provocan los rayos UV.","robots":{"index":"index","follow":"follow","max-snippet":"max-snippet:-1","max-image-preview":"max-image-preview:large","max-video-preview":"max-video-preview:-1"},"canonical":"https:\/\/www.clinicaplanas.com\/jorge-planas\/2018\/06\/27\/bioestimulacion-luminica-sol\/","og_locale":"es_ES","og_type":"article","og_title":"C\u00f3mo preparar la piel para el verano - Dr. Jorge Planas Blog","og_description":"La bioestimulac\u00edon lum\u00ednica es un tratamiento que prepara la piel para una correcta exposici\u00f3n solar bloqueando el da\u00f1o que le provocan los rayos UV.","og_url":"https:\/\/www.clinicaplanas.com\/jorge-planas\/2018\/06\/27\/bioestimulacion-luminica-sol\/","og_site_name":"Tu blog de medicina y cirug\u00eda est\u00e9tica - Cl\u00ednica Planas","article_published_time":"2018-06-27T11:48:18+00:00","og_image":[{"width":275,"height":183,"url":"https:\/\/www.clinicaplanas.com\/jorge-planas\/wp-content\/bioestimulacion-luminica.jpeg","type":"image\/jpeg"}],"author":"Dr. Jorge Planas","twitter_card":"summary_large_image","twitter_misc":{"Escrito por":"Dr. Jorge Planas","Tiempo de lectura":"1 minuto"},"schema":{"@context":"https:\/\/schema.org","@graph":[{"@type":"Article","@id":"https:\/\/www.clinicaplanas.com\/jorge-planas\/2018\/06\/27\/bioestimulacion-luminica-sol\/#article","isPartOf":{"@id":"https:\/\/www.clinicaplanas.com\/jorge-planas\/2018\/06\/27\/bioestimulacion-luminica-sol\/"},"author":{"name":"Dr. Jorge Planas","@id":"https:\/\/www.clinicaplanas.com\/jorge-planas\/#\/schema\/person\/38a344a831881042e8204a3198e125e5"},"headline":"C\u00f3mo preparar la piel para el verano","datePublished":"2018-06-27T11:48:18+00:00","dateModified":"2018-06-27T11:48:18+00:00","mainEntityOfPage":{"@id":"https:\/\/www.clinicaplanas.com\/jorge-planas\/2018\/06\/27\/bioestimulacion-luminica-sol\/"},"wordCount":142,"commentCount":0,"publisher":{"@id":"https:\/\/www.clinicaplanas.com\/jorge-planas\/#organization"},"image":{"@id":"https:\/\/www.clinicaplanas.com\/jorge-planas\/2018\/06\/27\/bioestimulacion-luminica-sol\/#primaryimage"},"thumbnailUrl":"https:\/\/www.clinicaplanas.com\/jorge-planas\/wp-content\/bioestimulacion-luminica.jpeg","articleSection":["Art\u00edculos de Dermatolog\u00eda Est\u00e9tica","Art\u00edculos de Medicina Est\u00e9tica"],"inLanguage":"es","potentialAction":[{"@type":"CommentAction","name":"Comment","target":["https:\/\/www.clinicaplanas.com\/jorge-planas\/2018\/06\/27\/bioestimulacion-luminica-sol\/#respond"]}]},{"@type":"WebPage","@id":"https:\/\/www.clinicaplanas.com\/jorge-planas\/2018\/06\/27\/bioestimulacion-luminica-sol\/","url":"https:\/\/www.clinicaplanas.com\/jorge-planas\/2018\/06\/27\/bioestimulacion-luminica-sol\/","name":"C\u00f3mo preparar la piel para el verano - Dr. Jorge Planas Blog","isPartOf":{"@id":"https:\/\/www.clinicaplanas.com\/jorge-planas\/#website"},"primaryImageOfPage":{"@id":"https:\/\/www.clinicaplanas.com\/jorge-planas\/2018\/06\/27\/bioestimulacion-luminica-sol\/#primaryimage"},"image":{"@id":"https:\/\/www.clinicaplanas.com\/jorge-planas\/2018\/06\/27\/bioestimulacion-luminica-sol\/#primaryimage"},"thumbnailUrl":"https:\/\/www.clinicaplanas.com\/jorge-planas\/wp-content\/bioestimulacion-luminica.jpeg","datePublished":"2018-06-27T11:48:18+00:00","dateModified":"2018-06-27T11:48:18+00:00","description":"La bioestimulac\u00edon lum\u00ednica es un tratamiento que prepara la piel para una correcta exposici\u00f3n solar bloqueando el da\u00f1o que le provocan los rayos UV.","breadcrumb":{"@id":"https:\/\/www.clinicaplanas.com\/jorge-planas\/2018\/06\/27\/bioestimulacion-luminica-sol\/#breadcrumb"},"inLanguage":"es","potentialAction":[{"@type":"ReadAction","target":["https:\/\/www.clinicaplanas.com\/jorge-planas\/2018\/06\/27\/bioestimulacion-luminica-sol\/"]}]},{"@type":"ImageObject","inLanguage":"es","@id":"https:\/\/www.clinicaplanas.com\/jorge-planas\/2018\/06\/27\/bioestimulacion-luminica-sol\/#primaryimage","url":"https:\/\/www.clinicaplanas.com\/jorge-planas\/wp-content\/bioestimulacion-luminica.jpeg","contentUrl":"https:\/\/www.clinicaplanas.com\/jorge-planas\/wp-content\/bioestimulacion-luminica.jpeg","width":275,"height":183,"caption":"verano bioestimulacion luminica"},{"@type":"BreadcrumbList","@id":"https:\/\/www.clinicaplanas.com\/jorge-planas\/2018\/06\/27\/bioestimulacion-luminica-sol\/#breadcrumb","itemListElement":[{"@type":"ListItem","position":1,"name":"Home","item":"https:\/\/www.clinicaplanas.com\/jorge-planas\/"},{"@type":"ListItem","position":2,"name":"Art\u00edculos de Medicina Est\u00e9tica","item":"https:\/\/www.clinicaplanas.com\/jorge-planas\/medicina-estetica\/"},{"@type":"ListItem","position":3,"name":"Art\u00edculos de Dermatolog\u00eda Est\u00e9tica","item":"https:\/\/www.clinicaplanas.com\/jorge-planas\/medicina-estetica\/dermatologia\/"},{"@type":"ListItem","position":4,"name":"C\u00f3mo preparar la piel para el verano"}]},{"@type":"WebSite","@id":"https:\/\/www.clinicaplanas.com\/jorge-planas\/#website","url":"https:\/\/www.clinicaplanas.com\/jorge-planas\/","name":"Tu blog de medicina y cirug\u00eda est\u00e9tica - Cl\u00ednica Planas","description":"Mantente al d\u00eda sobre medicina y cirug\u00eda est\u00e9tica con el blog de Cl\u00ednica Planas. Noticias de actualidad, novedades y tips de la mano de nuestros especialistas.","publisher":{"@id":"https:\/\/www.clinicaplanas.com\/jorge-planas\/#organization"},"potentialAction":[{"@type":"SearchAction","target":{"@type":"EntryPoint","urlTemplate":"https:\/\/www.clinicaplanas.com\/jorge-planas\/?s={search_term_string}"},"query-input":{"@type":"PropertyValueSpecification","valueRequired":true,"valueName":"search_term_string"}}],"inLanguage":"es"},{"@type":"Organization","@id":"https:\/\/www.clinicaplanas.com\/jorge-planas\/#organization","name":"Cl\u00ednica Planas","url":"https:\/\/www.clinicaplanas.com\/jorge-planas\/","logo":{"@type":"ImageObject","inLanguage":"es","@id":"https:\/\/www.clinicaplanas.com\/jorge-planas\/#\/schema\/logo\/image\/","url":"https:\/\/www.clinicaplanas.com\/jorge-planas\/wp-content\/cropped-android-icon-192x192-1.png","contentUrl":"https:\/\/www.clinicaplanas.com\/jorge-planas\/wp-content\/cropped-android-icon-192x192-1.png","width":512,"height":512,"caption":"Cl\u00ednica Planas"},"image":{"@id":"https:\/\/www.clinicaplanas.com\/jorge-planas\/#\/schema\/logo\/image\/"}},{"@type":"Person","@id":"https:\/\/www.clinicaplanas.com\/jorge-planas\/#\/schema\/person\/38a344a831881042e8204a3198e125e5","name":"Dr. Jorge Planas","image":{"@type":"ImageObject","inLanguage":"es","@id":"https:\/\/www.clinicaplanas.com\/jorge-planas\/#\/schema\/person\/image\/","url":"https:\/\/secure.gravatar.com\/avatar\/cc34246c94716dd29a0de743e5d8d515?s=96&d=mm&r=g","contentUrl":"https:\/\/secure.gravatar.com\/avatar\/cc34246c94716dd29a0de743e5d8d515?s=96&d=mm&r=g","caption":"Dr. Jorge Planas"},"sameAs":["http:\/\/www.clinicaplanas.com\/jorge-planas\/"],"url":"https:\/\/www.clinicaplanas.com\/jorge-planas\/author\/admin\/"}]}},"_links":{"self":[{"href":"https:\/\/www.clinicaplanas.com\/jorge-planas\/wp-json\/wp\/v2\/posts\/7504"}],"collection":[{"href":"https:\/\/www.clinicaplanas.com\/jorge-planas\/wp-json\/wp\/v2\/posts"}],"about":[{"href":"https:\/\/www.clinicaplanas.com\/jorge-planas\/wp-json\/wp\/v2\/types\/post"}],"author":[{"embeddable":true,"href":"https:\/\/www.clinicaplanas.com\/jorge-planas\/wp-json\/wp\/v2\/users\/1"}],"replies":[{"embeddable":true,"href":"https:\/\/www.clinicaplanas.com\/jorge-planas\/wp-json\/wp\/v2\/comments?post=7504"}],"version-history":[{"count":0,"href":"https:\/\/www.clinicaplanas.com\/jorge-planas\/wp-json\/wp\/v2\/posts\/7504\/revisions"}],"wp:featuredmedia":[{"embeddable":true,"href":"https:\/\/www.clinicaplanas.com\/jorge-planas\/wp-json\/wp\/v2\/media\/7506"}],"wp:attachment":[{"href":"https:\/\/www.clinicaplanas.com\/jorge-planas\/wp-json\/wp\/v2\/media?parent=7504"}],"wp:term":[{"taxonomy":"category","embeddable":true,"href":"https:\/\/www.clinicaplanas.com\/jorge-planas\/wp-json\/wp\/v2\/categories?post=7504"},{"taxonomy":"post_tag","embeddable":true,"href":"https:\/\/www.clinicaplanas.com\/jorge-planas\/wp-json\/wp\/v2\/tags?post=7504"}],"curies":[{"name":"wp","href":"https:\/\/api.w.org\/{rel}","templated":true}]}}