{"id":7137,"date":"2018-04-18T13:22:26","date_gmt":"2018-04-18T11:22:26","guid":{"rendered":"https:\/\/www.clinicaplanas.com\/jorge-planas\/?p=7137"},"modified":"2024-04-25T12:55:13","modified_gmt":"2024-04-25T10:55:13","slug":"crece-la-nariz-y-las-orejas","status":"publish","type":"post","link":"https:\/\/www.clinicaplanas.com\/jorge-planas\/2018\/04\/18\/crece-la-nariz-y-las-orejas\/","title":{"rendered":"\u00bfPor qu\u00e9 la nariz y las orejas siguen creciendo durante toda la vida?"},"content":{"rendered":"<p>Nuevo cap\u00edtulo de Corporesano, donde explico el porqu\u00e9 la nariz y las orejas crecen durante toda la vida modificando el aspecto del rostro.<br \/>\n<!--more--><\/p>\n<p>Tanto las <a href=\"https:\/\/www.clinicaplanas.com\/cirugia-estetica-facial\/otoplastia\" target=\"_blank\" rel=\"noopener noreferrer\">orejas<\/a> como la nariz crecen durante toda la vida; no porque est\u00e9n formadas pr\u00e1cticamente de cart\u00edlago, sino porque la piel, a\u00a0 medida que avanzan los a\u00f1os, se hace cada vez m\u00e1s laxa y se desprende del cart\u00edlago aumentando de volumen.<\/p>\n<p>Es por este motivo que los ancianos tienen las <a href=\"https:\/\/www.clinicaplanas.com\/cirugia-estetica-facial\/otoplastia\" target=\"_blank\" rel=\"noopener noreferrer\">orejas<\/a> y la nariz muy grandes, sobretodo la <a href=\"https:\/\/www.clinicaplanas.com\/cirugia-estetica-facial\/cirugia-de-la-nariz\" target=\"_blank\" rel=\"noopener noreferrer\">punta nasal<\/a>.<\/p>\n<p>&nbsp;<\/p>\n<p><iframe src=\"https:\/\/www.youtube.com\/embed\/EPUKwoAN8hw\" width=\"560\" height=\"315\" frameborder=\"0\" allowfullscreen=\"allowfullscreen\"><\/iframe><\/p>\n","protected":false},"excerpt":{"rendered":"<p>Nuevo cap\u00edtulo de Corporesano, donde explico el porqu\u00e9 la nariz y las orejas crecen durante toda la vida modificando el aspecto del rostro.<\/p>\n","protected":false},"author":1,"featured_media":7141,"comment_status":"open","ping_status":"open","sticky":false,"template":"","format":"standard","meta":{"footnotes":""},"categories":[241,243,249],"tags":[],"class_list":["post-7137","post","type-post","status-publish","format-standard","has-post-thumbnail","hentry","category-cirugia-plastica-estetica","category-cirugia-facial","category-rinoplastia"],"yoast_head":"<!-- This site is optimized with the Yoast SEO plugin v23.4 - https:\/\/yoast.com\/wordpress\/plugins\/seo\/ -->\n<title>\u00bfCrece la nariz y las orejas toda la vida? - Dr. Jorge Planas Blog<\/title>\n<meta name=\"description\" content=\"Cap\u00edtulo de Corpore Sano donde el Dr. Jorge Planas explica porque crece la nariz y las orejas durante toda la vida modificando la est\u00e9tica facial\" \/>\n<meta name=\"robots\" content=\"index, follow, max-snippet:-1, max-image-preview:large, max-video-preview:-1\" \/>\n<link rel=\"canonical\" href=\"https:\/\/www.clinicaplanas.com\/jorge-planas\/2018\/04\/18\/crece-la-nariz-y-las-orejas\/\" \/>\n<meta property=\"og:locale\" content=\"es_ES\" \/>\n<meta property=\"og:type\" content=\"article\" \/>\n<meta property=\"og:title\" content=\"\u00bfCrece la nariz y las orejas toda la vida? - Dr. Jorge Planas Blog\" \/>\n<meta property=\"og:description\" content=\"Cap\u00edtulo de Corpore Sano donde el Dr. Jorge Planas explica porque crece la nariz y las orejas durante toda la vida modificando la est\u00e9tica facial\" \/>\n<meta property=\"og:url\" content=\"https:\/\/www.clinicaplanas.com\/jorge-planas\/2018\/04\/18\/crece-la-nariz-y-las-orejas\/\" \/>\n<meta property=\"og:site_name\" content=\"Tu blog de medicina y cirug\u00eda est\u00e9tica - Cl\u00ednica Planas\" \/>\n<meta property=\"article:published_time\" content=\"2018-04-18T11:22:26+00:00\" \/>\n<meta property=\"article:modified_time\" content=\"2024-04-25T10:55:13+00:00\" \/>\n<meta property=\"og:image\" content=\"https:\/\/www.clinicaplanas.com\/jorge-planas\/wp-content\/oreja-nariz.jpg\" \/>\n\t<meta property=\"og:image:width\" content=\"1000\" \/>\n\t<meta property=\"og:image:height\" content=\"667\" \/>\n\t<meta property=\"og:image:type\" content=\"image\/jpeg\" \/>\n<meta name=\"author\" content=\"Dr. Jorge Planas\" \/>\n<meta name=\"twitter:card\" content=\"summary_large_image\" \/>\n<meta name=\"twitter:label1\" content=\"Escrito por\" \/>\n\t<meta name=\"twitter:data1\" content=\"Dr. Jorge Planas\" \/>\n<!-- \/ Yoast SEO plugin. -->","yoast_head_json":{"title":"\u00bfCrece la nariz y las orejas toda la vida? - Dr. Jorge Planas Blog","description":"Cap\u00edtulo de Corpore Sano donde el Dr. Jorge Planas explica porque crece la nariz y las orejas durante toda la vida modificando la est\u00e9tica facial","robots":{"index":"index","follow":"follow","max-snippet":"max-snippet:-1","max-image-preview":"max-image-preview:large","max-video-preview":"max-video-preview:-1"},"canonical":"https:\/\/www.clinicaplanas.com\/jorge-planas\/2018\/04\/18\/crece-la-nariz-y-las-orejas\/","og_locale":"es_ES","og_type":"article","og_title":"\u00bfCrece la nariz y las orejas toda la vida? - Dr. Jorge Planas Blog","og_description":"Cap\u00edtulo de Corpore Sano donde el Dr. Jorge Planas explica porque crece la nariz y las orejas durante toda la vida modificando la est\u00e9tica facial","og_url":"https:\/\/www.clinicaplanas.com\/jorge-planas\/2018\/04\/18\/crece-la-nariz-y-las-orejas\/","og_site_name":"Tu blog de medicina y cirug\u00eda est\u00e9tica - Cl\u00ednica Planas","article_published_time":"2018-04-18T11:22:26+00:00","article_modified_time":"2024-04-25T10:55:13+00:00","og_image":[{"width":1000,"height":667,"url":"https:\/\/www.clinicaplanas.com\/jorge-planas\/wp-content\/oreja-nariz.jpg","type":"image\/jpeg"}],"author":"Dr. Jorge Planas","twitter_card":"summary_large_image","twitter_misc":{"Escrito por":"Dr. Jorge Planas"},"schema":{"@context":"https:\/\/schema.org","@graph":[{"@type":"Article","@id":"https:\/\/www.clinicaplanas.com\/jorge-planas\/2018\/04\/18\/crece-la-nariz-y-las-orejas\/#article","isPartOf":{"@id":"https:\/\/www.clinicaplanas.com\/jorge-planas\/2018\/04\/18\/crece-la-nariz-y-las-orejas\/"},"author":{"name":"Dr. Jorge Planas","@id":"https:\/\/www.clinicaplanas.com\/jorge-planas\/#\/schema\/person\/38a344a831881042e8204a3198e125e5"},"headline":"\u00bfPor qu\u00e9 la nariz y las orejas siguen creciendo durante toda la vida?","datePublished":"2018-04-18T11:22:26+00:00","dateModified":"2024-04-25T10:55:13+00:00","mainEntityOfPage":{"@id":"https:\/\/www.clinicaplanas.com\/jorge-planas\/2018\/04\/18\/crece-la-nariz-y-las-orejas\/"},"wordCount":105,"commentCount":0,"publisher":{"@id":"https:\/\/www.clinicaplanas.com\/jorge-planas\/#organization"},"image":{"@id":"https:\/\/www.clinicaplanas.com\/jorge-planas\/2018\/04\/18\/crece-la-nariz-y-las-orejas\/#primaryimage"},"thumbnailUrl":"https:\/\/www.clinicaplanas.com\/jorge-planas\/wp-content\/oreja-nariz.jpg","articleSection":["Art\u00edculos de Cirug\u00eda Est\u00e9tica","Art\u00edculos de Cirug\u00eda Est\u00e9tica Facial","Art\u00edculos sobre Rinoplastia"],"inLanguage":"es","potentialAction":[{"@type":"CommentAction","name":"Comment","target":["https:\/\/www.clinicaplanas.com\/jorge-planas\/2018\/04\/18\/crece-la-nariz-y-las-orejas\/#respond"]}]},{"@type":"WebPage","@id":"https:\/\/www.clinicaplanas.com\/jorge-planas\/2018\/04\/18\/crece-la-nariz-y-las-orejas\/","url":"https:\/\/www.clinicaplanas.com\/jorge-planas\/2018\/04\/18\/crece-la-nariz-y-las-orejas\/","name":"\u00bfCrece la nariz y las orejas toda la vida? - Dr. Jorge Planas Blog","isPartOf":{"@id":"https:\/\/www.clinicaplanas.com\/jorge-planas\/#website"},"primaryImageOfPage":{"@id":"https:\/\/www.clinicaplanas.com\/jorge-planas\/2018\/04\/18\/crece-la-nariz-y-las-orejas\/#primaryimage"},"image":{"@id":"https:\/\/www.clinicaplanas.com\/jorge-planas\/2018\/04\/18\/crece-la-nariz-y-las-orejas\/#primaryimage"},"thumbnailUrl":"https:\/\/www.clinicaplanas.com\/jorge-planas\/wp-content\/oreja-nariz.jpg","datePublished":"2018-04-18T11:22:26+00:00","dateModified":"2024-04-25T10:55:13+00:00","description":"Cap\u00edtulo de Corpore Sano donde el Dr. Jorge Planas explica porque crece la nariz y las orejas durante toda la vida modificando la est\u00e9tica facial","breadcrumb":{"@id":"https:\/\/www.clinicaplanas.com\/jorge-planas\/2018\/04\/18\/crece-la-nariz-y-las-orejas\/#breadcrumb"},"inLanguage":"es","potentialAction":[{"@type":"ReadAction","target":["https:\/\/www.clinicaplanas.com\/jorge-planas\/2018\/04\/18\/crece-la-nariz-y-las-orejas\/"]}]},{"@type":"ImageObject","inLanguage":"es","@id":"https:\/\/www.clinicaplanas.com\/jorge-planas\/2018\/04\/18\/crece-la-nariz-y-las-orejas\/#primaryimage","url":"https:\/\/www.clinicaplanas.com\/jorge-planas\/wp-content\/oreja-nariz.jpg","contentUrl":"https:\/\/www.clinicaplanas.com\/jorge-planas\/wp-content\/oreja-nariz.jpg","width":1000,"height":667,"caption":"Crece oreja y nariz"},{"@type":"BreadcrumbList","@id":"https:\/\/www.clinicaplanas.com\/jorge-planas\/2018\/04\/18\/crece-la-nariz-y-las-orejas\/#breadcrumb","itemListElement":[{"@type":"ListItem","position":1,"name":"Home","item":"https:\/\/www.clinicaplanas.com\/jorge-planas\/"},{"@type":"ListItem","position":2,"name":"Art\u00edculos de Cirug\u00eda Est\u00e9tica","item":"https:\/\/www.clinicaplanas.com\/jorge-planas\/cirugia-plastica-estetica\/"},{"@type":"ListItem","position":3,"name":"Art\u00edculos de Cirug\u00eda Est\u00e9tica Facial","item":"https:\/\/www.clinicaplanas.com\/jorge-planas\/cirugia-plastica-estetica\/cirugia-facial\/"},{"@type":"ListItem","position":4,"name":"\u00bfPor qu\u00e9 la nariz y las orejas siguen creciendo durante toda la vida?"}]},{"@type":"WebSite","@id":"https:\/\/www.clinicaplanas.com\/jorge-planas\/#website","url":"https:\/\/www.clinicaplanas.com\/jorge-planas\/","name":"Tu blog de medicina y cirug\u00eda est\u00e9tica - Cl\u00ednica Planas","description":"Mantente al d\u00eda sobre medicina y cirug\u00eda est\u00e9tica con el blog de Cl\u00ednica Planas. Noticias de actualidad, novedades y tips de la mano de nuestros especialistas.","publisher":{"@id":"https:\/\/www.clinicaplanas.com\/jorge-planas\/#organization"},"potentialAction":[{"@type":"SearchAction","target":{"@type":"EntryPoint","urlTemplate":"https:\/\/www.clinicaplanas.com\/jorge-planas\/?s={search_term_string}"},"query-input":{"@type":"PropertyValueSpecification","valueRequired":true,"valueName":"search_term_string"}}],"inLanguage":"es"},{"@type":"Organization","@id":"https:\/\/www.clinicaplanas.com\/jorge-planas\/#organization","name":"Cl\u00ednica Planas","url":"https:\/\/www.clinicaplanas.com\/jorge-planas\/","logo":{"@type":"ImageObject","inLanguage":"es","@id":"https:\/\/www.clinicaplanas.com\/jorge-planas\/#\/schema\/logo\/image\/","url":"https:\/\/www.clinicaplanas.com\/jorge-planas\/wp-content\/cropped-android-icon-192x192-1.png","contentUrl":"https:\/\/www.clinicaplanas.com\/jorge-planas\/wp-content\/cropped-android-icon-192x192-1.png","width":512,"height":512,"caption":"Cl\u00ednica Planas"},"image":{"@id":"https:\/\/www.clinicaplanas.com\/jorge-planas\/#\/schema\/logo\/image\/"}},{"@type":"Person","@id":"https:\/\/www.clinicaplanas.com\/jorge-planas\/#\/schema\/person\/38a344a831881042e8204a3198e125e5","name":"Dr. Jorge Planas","image":{"@type":"ImageObject","inLanguage":"es","@id":"https:\/\/www.clinicaplanas.com\/jorge-planas\/#\/schema\/person\/image\/","url":"https:\/\/secure.gravatar.com\/avatar\/cc34246c94716dd29a0de743e5d8d515?s=96&d=mm&r=g","contentUrl":"https:\/\/secure.gravatar.com\/avatar\/cc34246c94716dd29a0de743e5d8d515?s=96&d=mm&r=g","caption":"Dr. Jorge Planas"},"sameAs":["http:\/\/www.clinicaplanas.com\/jorge-planas\/"],"url":"https:\/\/www.clinicaplanas.com\/jorge-planas\/author\/admin\/"}]}},"_links":{"self":[{"href":"https:\/\/www.clinicaplanas.com\/jorge-planas\/wp-json\/wp\/v2\/posts\/7137"}],"collection":[{"href":"https:\/\/www.clinicaplanas.com\/jorge-planas\/wp-json\/wp\/v2\/posts"}],"about":[{"href":"https:\/\/www.clinicaplanas.com\/jorge-planas\/wp-json\/wp\/v2\/types\/post"}],"author":[{"embeddable":true,"href":"https:\/\/www.clinicaplanas.com\/jorge-planas\/wp-json\/wp\/v2\/users\/1"}],"replies":[{"embeddable":true,"href":"https:\/\/www.clinicaplanas.com\/jorge-planas\/wp-json\/wp\/v2\/comments?post=7137"}],"version-history":[{"count":1,"href":"https:\/\/www.clinicaplanas.com\/jorge-planas\/wp-json\/wp\/v2\/posts\/7137\/revisions"}],"predecessor-version":[{"id":20060,"href":"https:\/\/www.clinicaplanas.com\/jorge-planas\/wp-json\/wp\/v2\/posts\/7137\/revisions\/20060"}],"wp:featuredmedia":[{"embeddable":true,"href":"https:\/\/www.clinicaplanas.com\/jorge-planas\/wp-json\/wp\/v2\/media\/7141"}],"wp:attachment":[{"href":"https:\/\/www.clinicaplanas.com\/jorge-planas\/wp-json\/wp\/v2\/media?parent=7137"}],"wp:term":[{"taxonomy":"category","embeddable":true,"href":"https:\/\/www.clinicaplanas.com\/jorge-planas\/wp-json\/wp\/v2\/categories?post=7137"},{"taxonomy":"post_tag","embeddable":true,"href":"https:\/\/www.clinicaplanas.com\/jorge-planas\/wp-json\/wp\/v2\/tags?post=7137"}],"curies":[{"name":"wp","href":"https:\/\/api.w.org\/{rel}","templated":true}]}}