{"id":7033,"date":"2018-02-14T18:57:15","date_gmt":"2018-02-14T17:57:15","guid":{"rendered":"https:\/\/www.clinicaplanas.com\/jorge-planas\/?p=7033"},"modified":"2018-02-14T18:57:15","modified_gmt":"2018-02-14T17:57:15","slug":"cicatrices-post-acne","status":"publish","type":"post","link":"https:\/\/www.clinicaplanas.com\/jorge-planas\/2018\/02\/14\/cicatrices-post-acne\/","title":{"rendered":"\u00bfC\u00f3mo eliminar las cicatrices post acn\u00e9?"},"content":{"rendered":"<p>Cap\u00edtulo de #Corporesano donde explico en qu\u00e9 consiste el tratamiento para tratar las cicatrices y las marcas post acn\u00e9.<!--more--><\/p>\n<p>El tratamiento de las <a href=\"https:\/\/www.clinicaplanas.com\/dermatologia-clinica\" target=\"_blank\" rel=\"noopener noreferrer\">cicatrices del acn\u00e9<\/a> se realiza en cuatro pasos:<\/p>\n<ul>\n<li>En un primer paso se realiza una subsici\u00f3n de las marcas de acn\u00e9 mediante una aguja muy fina, para liberar los tractos de fibrina que est\u00e1n deprimiendo la piel que tiran hacia abajo, para que de esta forma pueda subir la cicatriz.<\/li>\n<li>En un segundo paso se inyecta una peque\u00f1a cantidad de \u00e1cido hialur\u00f3nico, para estimular la producci\u00f3n de col\u00e1geno y ayudar a levantar la piel y por consiguiente subir la cicatriz.<\/li>\n<li>En el tercer paso se realiza un peeling de \u00e1cido salic\u00edlico que cerrar\u00e1 los poros de la piel y la tensar\u00e1 mejorando su estado.<\/li>\n<li>El cuarto paso consiste en\u00a0 rebajar la inflamaci\u00f3n mediante la terapia lum\u00ednica.<\/li>\n<\/ul>\n<p>Estos cuatro pasos se realizan en una <strong>\u00fanica sesi\u00f3n<\/strong>, de forma <strong>ambulatoria<\/strong> y <strong>sin<\/strong> necesidad de ning\u00fan tipo de <strong>anestesia<\/strong>.<\/p>\n<p>&nbsp;<\/p>\n<p><iframe src=\"https:\/\/www.youtube.com\/embed\/OOl9Sc5LJWI\" width=\"560\" height=\"315\" frameborder=\"0\" allowfullscreen=\"allowfullscreen\"><\/iframe><\/p>\n","protected":false},"excerpt":{"rendered":"<p>Cap\u00edtulo de #Corporesano donde explico en qu\u00e9 consiste el tratamiento para tratar las cicatrices y las marcas post acn\u00e9.<\/p>\n","protected":false},"author":1,"featured_media":8389,"comment_status":"open","ping_status":"open","sticky":false,"template":"","format":"standard","meta":{"footnotes":""},"categories":[491,246,248],"tags":[],"class_list":["post-7033","post","type-post","status-publish","format-standard","has-post-thumbnail","hentry","category-dermatologia","category-medicina-estetica","category-facial"],"yoast_head":"<!-- This site is optimized with the Yoast SEO plugin v23.4 - https:\/\/yoast.com\/wordpress\/plugins\/seo\/ -->\n<title>\u00bfC\u00f3mo eliminar las cicatrices post acn\u00e9? - Blog Dr. Jorge Plane<\/title>\n<meta name=\"description\" content=\"Cap\u00edtulo de #Corporesano donde el Dr. Jorge Planas explica en que consiste el tratamiento para tratar las cicatrices y marcas post acne.\" \/>\n<meta name=\"robots\" content=\"index, follow, max-snippet:-1, max-image-preview:large, max-video-preview:-1\" \/>\n<link rel=\"canonical\" href=\"https:\/\/www.clinicaplanas.com\/jorge-planas\/2018\/02\/14\/cicatrices-post-acne\/\" \/>\n<meta property=\"og:locale\" content=\"es_ES\" \/>\n<meta property=\"og:type\" content=\"article\" \/>\n<meta property=\"og:title\" content=\"\u00bfC\u00f3mo eliminar las cicatrices post acn\u00e9? - Blog Dr. Jorge Plane\" \/>\n<meta property=\"og:description\" content=\"Cap\u00edtulo de #Corporesano donde el Dr. Jorge Planas explica en que consiste el tratamiento para tratar las cicatrices y marcas post acne.\" \/>\n<meta property=\"og:url\" content=\"https:\/\/www.clinicaplanas.com\/jorge-planas\/2018\/02\/14\/cicatrices-post-acne\/\" \/>\n<meta property=\"og:site_name\" content=\"Tu blog de medicina y cirug\u00eda est\u00e9tica - Cl\u00ednica Planas\" \/>\n<meta property=\"article:published_time\" content=\"2018-02-14T17:57:15+00:00\" \/>\n<meta property=\"og:image\" content=\"https:\/\/www.clinicaplanas.com\/jorge-planas\/wp-content\/post-acne.png\" \/>\n\t<meta property=\"og:image:width\" content=\"612\" \/>\n\t<meta property=\"og:image:height\" content=\"369\" \/>\n\t<meta property=\"og:image:type\" content=\"image\/png\" \/>\n<meta name=\"author\" content=\"Dr. Jorge Planas\" \/>\n<meta name=\"twitter:card\" content=\"summary_large_image\" \/>\n<meta name=\"twitter:label1\" content=\"Escrito por\" \/>\n\t<meta name=\"twitter:data1\" content=\"Dr. Jorge Planas\" \/>\n\t<meta name=\"twitter:label2\" content=\"Tiempo de lectura\" \/>\n\t<meta name=\"twitter:data2\" content=\"1 minuto\" \/>\n<!-- \/ Yoast SEO plugin. -->","yoast_head_json":{"title":"\u00bfC\u00f3mo eliminar las cicatrices post acn\u00e9? - Blog Dr. Jorge Plane","description":"Cap\u00edtulo de #Corporesano donde el Dr. Jorge Planas explica en que consiste el tratamiento para tratar las cicatrices y marcas post acne.","robots":{"index":"index","follow":"follow","max-snippet":"max-snippet:-1","max-image-preview":"max-image-preview:large","max-video-preview":"max-video-preview:-1"},"canonical":"https:\/\/www.clinicaplanas.com\/jorge-planas\/2018\/02\/14\/cicatrices-post-acne\/","og_locale":"es_ES","og_type":"article","og_title":"\u00bfC\u00f3mo eliminar las cicatrices post acn\u00e9? - Blog Dr. Jorge Plane","og_description":"Cap\u00edtulo de #Corporesano donde el Dr. Jorge Planas explica en que consiste el tratamiento para tratar las cicatrices y marcas post acne.","og_url":"https:\/\/www.clinicaplanas.com\/jorge-planas\/2018\/02\/14\/cicatrices-post-acne\/","og_site_name":"Tu blog de medicina y cirug\u00eda est\u00e9tica - Cl\u00ednica Planas","article_published_time":"2018-02-14T17:57:15+00:00","og_image":[{"width":612,"height":369,"url":"https:\/\/www.clinicaplanas.com\/jorge-planas\/wp-content\/post-acne.png","type":"image\/png"}],"author":"Dr. Jorge Planas","twitter_card":"summary_large_image","twitter_misc":{"Escrito por":"Dr. Jorge Planas","Tiempo de lectura":"1 minuto"},"schema":{"@context":"https:\/\/schema.org","@graph":[{"@type":"Article","@id":"https:\/\/www.clinicaplanas.com\/jorge-planas\/2018\/02\/14\/cicatrices-post-acne\/#article","isPartOf":{"@id":"https:\/\/www.clinicaplanas.com\/jorge-planas\/2018\/02\/14\/cicatrices-post-acne\/"},"author":{"name":"Dr. Jorge Planas","@id":"https:\/\/www.clinicaplanas.com\/jorge-planas\/#\/schema\/person\/38a344a831881042e8204a3198e125e5"},"headline":"\u00bfC\u00f3mo eliminar las cicatrices post acn\u00e9?","datePublished":"2018-02-14T17:57:15+00:00","dateModified":"2018-02-14T17:57:15+00:00","mainEntityOfPage":{"@id":"https:\/\/www.clinicaplanas.com\/jorge-planas\/2018\/02\/14\/cicatrices-post-acne\/"},"wordCount":179,"commentCount":0,"publisher":{"@id":"https:\/\/www.clinicaplanas.com\/jorge-planas\/#organization"},"image":{"@id":"https:\/\/www.clinicaplanas.com\/jorge-planas\/2018\/02\/14\/cicatrices-post-acne\/#primaryimage"},"thumbnailUrl":"https:\/\/www.clinicaplanas.com\/jorge-planas\/wp-content\/post-acne.png","articleSection":["Art\u00edculos de Dermatolog\u00eda Est\u00e9tica","Art\u00edculos de Medicina Est\u00e9tica","Art\u00edculos de Medicina Est\u00e9tica Facial"],"inLanguage":"es","potentialAction":[{"@type":"CommentAction","name":"Comment","target":["https:\/\/www.clinicaplanas.com\/jorge-planas\/2018\/02\/14\/cicatrices-post-acne\/#respond"]}]},{"@type":"WebPage","@id":"https:\/\/www.clinicaplanas.com\/jorge-planas\/2018\/02\/14\/cicatrices-post-acne\/","url":"https:\/\/www.clinicaplanas.com\/jorge-planas\/2018\/02\/14\/cicatrices-post-acne\/","name":"\u00bfC\u00f3mo eliminar las cicatrices post acn\u00e9? - Blog Dr. Jorge Plane","isPartOf":{"@id":"https:\/\/www.clinicaplanas.com\/jorge-planas\/#website"},"primaryImageOfPage":{"@id":"https:\/\/www.clinicaplanas.com\/jorge-planas\/2018\/02\/14\/cicatrices-post-acne\/#primaryimage"},"image":{"@id":"https:\/\/www.clinicaplanas.com\/jorge-planas\/2018\/02\/14\/cicatrices-post-acne\/#primaryimage"},"thumbnailUrl":"https:\/\/www.clinicaplanas.com\/jorge-planas\/wp-content\/post-acne.png","datePublished":"2018-02-14T17:57:15+00:00","dateModified":"2018-02-14T17:57:15+00:00","description":"Cap\u00edtulo de #Corporesano donde el Dr. Jorge Planas explica en que consiste el tratamiento para tratar las cicatrices y marcas post acne.","breadcrumb":{"@id":"https:\/\/www.clinicaplanas.com\/jorge-planas\/2018\/02\/14\/cicatrices-post-acne\/#breadcrumb"},"inLanguage":"es","potentialAction":[{"@type":"ReadAction","target":["https:\/\/www.clinicaplanas.com\/jorge-planas\/2018\/02\/14\/cicatrices-post-acne\/"]}]},{"@type":"ImageObject","inLanguage":"es","@id":"https:\/\/www.clinicaplanas.com\/jorge-planas\/2018\/02\/14\/cicatrices-post-acne\/#primaryimage","url":"https:\/\/www.clinicaplanas.com\/jorge-planas\/wp-content\/post-acne.png","contentUrl":"https:\/\/www.clinicaplanas.com\/jorge-planas\/wp-content\/post-acne.png","width":612,"height":369,"caption":"post acne"},{"@type":"BreadcrumbList","@id":"https:\/\/www.clinicaplanas.com\/jorge-planas\/2018\/02\/14\/cicatrices-post-acne\/#breadcrumb","itemListElement":[{"@type":"ListItem","position":1,"name":"Home","item":"https:\/\/www.clinicaplanas.com\/jorge-planas\/"},{"@type":"ListItem","position":2,"name":"Art\u00edculos de Medicina Est\u00e9tica","item":"https:\/\/www.clinicaplanas.com\/jorge-planas\/medicina-estetica\/"},{"@type":"ListItem","position":3,"name":"Art\u00edculos de Dermatolog\u00eda Est\u00e9tica","item":"https:\/\/www.clinicaplanas.com\/jorge-planas\/medicina-estetica\/dermatologia\/"},{"@type":"ListItem","position":4,"name":"\u00bfC\u00f3mo eliminar las cicatrices post acn\u00e9?"}]},{"@type":"WebSite","@id":"https:\/\/www.clinicaplanas.com\/jorge-planas\/#website","url":"https:\/\/www.clinicaplanas.com\/jorge-planas\/","name":"Tu blog de medicina y cirug\u00eda est\u00e9tica - Cl\u00ednica Planas","description":"Mantente al d\u00eda sobre medicina y cirug\u00eda est\u00e9tica con el blog de Cl\u00ednica Planas. Noticias de actualidad, novedades y tips de la mano de nuestros especialistas.","publisher":{"@id":"https:\/\/www.clinicaplanas.com\/jorge-planas\/#organization"},"potentialAction":[{"@type":"SearchAction","target":{"@type":"EntryPoint","urlTemplate":"https:\/\/www.clinicaplanas.com\/jorge-planas\/?s={search_term_string}"},"query-input":{"@type":"PropertyValueSpecification","valueRequired":true,"valueName":"search_term_string"}}],"inLanguage":"es"},{"@type":"Organization","@id":"https:\/\/www.clinicaplanas.com\/jorge-planas\/#organization","name":"Cl\u00ednica Planas","url":"https:\/\/www.clinicaplanas.com\/jorge-planas\/","logo":{"@type":"ImageObject","inLanguage":"es","@id":"https:\/\/www.clinicaplanas.com\/jorge-planas\/#\/schema\/logo\/image\/","url":"https:\/\/www.clinicaplanas.com\/jorge-planas\/wp-content\/cropped-android-icon-192x192-1.png","contentUrl":"https:\/\/www.clinicaplanas.com\/jorge-planas\/wp-content\/cropped-android-icon-192x192-1.png","width":512,"height":512,"caption":"Cl\u00ednica Planas"},"image":{"@id":"https:\/\/www.clinicaplanas.com\/jorge-planas\/#\/schema\/logo\/image\/"}},{"@type":"Person","@id":"https:\/\/www.clinicaplanas.com\/jorge-planas\/#\/schema\/person\/38a344a831881042e8204a3198e125e5","name":"Dr. Jorge Planas","image":{"@type":"ImageObject","inLanguage":"es","@id":"https:\/\/www.clinicaplanas.com\/jorge-planas\/#\/schema\/person\/image\/","url":"https:\/\/secure.gravatar.com\/avatar\/cc34246c94716dd29a0de743e5d8d515?s=96&d=mm&r=g","contentUrl":"https:\/\/secure.gravatar.com\/avatar\/cc34246c94716dd29a0de743e5d8d515?s=96&d=mm&r=g","caption":"Dr. Jorge Planas"},"sameAs":["http:\/\/www.clinicaplanas.com\/jorge-planas\/"],"url":"https:\/\/www.clinicaplanas.com\/jorge-planas\/author\/admin\/"}]}},"_links":{"self":[{"href":"https:\/\/www.clinicaplanas.com\/jorge-planas\/wp-json\/wp\/v2\/posts\/7033"}],"collection":[{"href":"https:\/\/www.clinicaplanas.com\/jorge-planas\/wp-json\/wp\/v2\/posts"}],"about":[{"href":"https:\/\/www.clinicaplanas.com\/jorge-planas\/wp-json\/wp\/v2\/types\/post"}],"author":[{"embeddable":true,"href":"https:\/\/www.clinicaplanas.com\/jorge-planas\/wp-json\/wp\/v2\/users\/1"}],"replies":[{"embeddable":true,"href":"https:\/\/www.clinicaplanas.com\/jorge-planas\/wp-json\/wp\/v2\/comments?post=7033"}],"version-history":[{"count":0,"href":"https:\/\/www.clinicaplanas.com\/jorge-planas\/wp-json\/wp\/v2\/posts\/7033\/revisions"}],"wp:featuredmedia":[{"embeddable":true,"href":"https:\/\/www.clinicaplanas.com\/jorge-planas\/wp-json\/wp\/v2\/media\/8389"}],"wp:attachment":[{"href":"https:\/\/www.clinicaplanas.com\/jorge-planas\/wp-json\/wp\/v2\/media?parent=7033"}],"wp:term":[{"taxonomy":"category","embeddable":true,"href":"https:\/\/www.clinicaplanas.com\/jorge-planas\/wp-json\/wp\/v2\/categories?post=7033"},{"taxonomy":"post_tag","embeddable":true,"href":"https:\/\/www.clinicaplanas.com\/jorge-planas\/wp-json\/wp\/v2\/tags?post=7033"}],"curies":[{"name":"wp","href":"https:\/\/api.w.org\/{rel}","templated":true}]}}