{"id":6426,"date":"2017-04-04T16:37:54","date_gmt":"2017-04-04T14:37:54","guid":{"rendered":"http:\/\/www.clinicaplanas.com\/jorge-planas\/?p=6426"},"modified":"2017-04-04T16:37:54","modified_gmt":"2017-04-04T14:37:54","slug":"historias-y-anecdotas-cirugia-plastica","status":"publish","type":"post","link":"https:\/\/www.clinicaplanas.com\/jorge-planas\/2017\/04\/04\/historias-y-anecdotas-cirugia-plastica\/","title":{"rendered":"Historias y vivencias de un cirujano pl\u00e1stico"},"content":{"rendered":"<p><img decoding=\"async\" class=\"alignleft size-medium wp-image-6431\" src=\"https:\/\/www.clinicaplanas.com\/jorge-planas\/wp-content\/uploads\/unnamed-1-300x145.jpg\" alt=\"Historias y vivencias de un cirujano pl\u00e1stico entrevista\" width=\"300\" height=\"145\" srcset=\"https:\/\/www.clinicaplanas.com\/jorge-planas\/wp-content\/unnamed-1-300x145.jpg 300w, https:\/\/www.clinicaplanas.com\/jorge-planas\/wp-content\/unnamed-1.jpg 560w\" sizes=\"(max-width: 300px) 100vw, 300px\" \/>Corporesano donde el <a href=\"https:\/\/www.clinicaplanas.com\/noticias\/doctor-del-cacho-nombrado-presidente-secpre\" target=\"_blank\" rel=\"noopener noreferrer\">Dr. Carlos del Cacho<\/a>, presidente de la Sociedad Espa\u00f1ola de Cirug\u00eda Pl\u00e1stica Reparadora y Est\u00e9tica (<a href=\"https:\/\/secpre.org\/\" target=\"_blank\" rel=\"noopener noreferrer\">SECPRE<\/a>), a la vez que cirujano pl\u00e1stico de Cl\u00ednica Planas, entrevista al Dr. Jorge Planas, con motivo d la publicaci\u00f3n de mi <a href=\"https:\/\/www.amazon.es\/dp\/8416002894\/ref=sr_1_7?s=books&amp;ie=UTF8&amp;qid=1491316550&amp;sr=1-7&amp;keywords=Cirugia+Plastica\" target=\"_blank\" rel=\"noopener noreferrer\">nuevo libro<\/a> &#8220;<strong>Historias y vivencias de un cirujano pl\u00e1stico<\/strong>&#8221;\u00a0<!--more--><\/p>\n<p>Este libro lo escrib\u00ed porque tras 40 a\u00f1os de experiencia en la profesi\u00f3n, ten\u00eda un gran n\u00famero de <strong>an\u00e9cdotas, <\/strong>\u00a0que no s\u00f3lo me hab\u00edan ocurrido a mi, sino a personal de la Cl\u00ednica y a mi padre, el Dr. Jaime Planas, el cual fue el fundador de la Cl\u00ednica Planas y uno de los primeros cirujanos pl\u00e1sticos que hubo en Espa\u00f1a. Pero este libro, <strong>no s\u00f3lo es un libro de an\u00e9cdotas<\/strong>, ya que al final de estas an\u00e9cdotas, se da paso a <strong>reflexiones y a consejos para estudiantes o futuros cirujanos<\/strong>, sobre como actuar ante situaciones que muy probablemente todo cirujano pl\u00e1stico deber\u00e1 lidiar con ellas.<\/p>\n<p>Otro aspecto interesante de las &#8220;Historias y vivencias de un cirujano pl\u00e1stico&#8221;, es que <strong>explica la historia misma de la especialidad de la cirug\u00eda pl\u00e1stica en Espa\u00f1a y en Europa<\/strong>, viendo como han evolucionado ciertas t\u00e9cnicas e intervenciones, y las dificultades y logros que han habido.<\/p>\n<p>&nbsp;<\/p>\n<p><iframe src=\"https:\/\/www.youtube.com\/embed\/5YEMeCqSYwE\" width=\"560\" height=\"315\" frameborder=\"0\" allowfullscreen=\"allowfullscreen\"><\/iframe><\/p>\n","protected":false},"excerpt":{"rendered":"<p>Corporesano donde el Dr. Carlos del Cacho, presidente de la Sociedad Espa\u00f1ola de Cirug\u00eda Pl\u00e1stica Reparadora y Est\u00e9tica (SECPRE), a la vez que cirujano pl\u00e1stico de Cl\u00ednica Planas, entrevista al Dr. Jorge Planas, con motivo d la publicaci\u00f3n de mi nuevo libro &#8220;Historias y vivencias de un cirujano pl\u00e1stico&#8221;\u00a0<\/p>\n","protected":false},"author":1,"featured_media":8051,"comment_status":"open","ping_status":"open","sticky":false,"template":"","format":"standard","meta":{"footnotes":""},"categories":[241,263],"tags":[327,412,448],"class_list":["post-6426","post","type-post","status-publish","format-standard","has-post-thumbnail","hentry","category-cirugia-plastica-estetica","category-libro","tag-clinica-planas","tag-libro","tag-publicacion"],"yoast_head":"<!-- This site is optimized with the Yoast SEO plugin v23.4 - https:\/\/yoast.com\/wordpress\/plugins\/seo\/ -->\n<title>Historias y vivencias de un cirujano pl\u00e1stico - Dr. Jorge Planas<\/title>\n<meta name=\"description\" content=\"El Dr. Carlos del Cacho, presidente de la SECPRE, entrevista al Dr Jorge Planas por la publicaci\u00f3n del libro Historias y vivencias de un cirujano pl\u00e1stico\" \/>\n<meta name=\"robots\" content=\"index, follow, max-snippet:-1, max-image-preview:large, max-video-preview:-1\" \/>\n<link rel=\"canonical\" href=\"https:\/\/www.clinicaplanas.com\/jorge-planas\/2017\/04\/04\/historias-y-anecdotas-cirugia-plastica\/\" \/>\n<meta property=\"og:locale\" content=\"es_ES\" \/>\n<meta property=\"og:type\" content=\"article\" \/>\n<meta property=\"og:title\" content=\"Historias y vivencias de un cirujano pl\u00e1stico - Dr. Jorge Planas\" \/>\n<meta property=\"og:description\" content=\"El Dr. Carlos del Cacho, presidente de la SECPRE, entrevista al Dr Jorge Planas por la publicaci\u00f3n del libro Historias y vivencias de un cirujano pl\u00e1stico\" \/>\n<meta property=\"og:url\" content=\"https:\/\/www.clinicaplanas.com\/jorge-planas\/2017\/04\/04\/historias-y-anecdotas-cirugia-plastica\/\" \/>\n<meta property=\"og:site_name\" content=\"Tu blog de medicina y cirug\u00eda est\u00e9tica - Cl\u00ednica Planas\" \/>\n<meta property=\"article:published_time\" content=\"2017-04-04T14:37:54+00:00\" \/>\n<meta property=\"og:image\" content=\"https:\/\/www.clinicaplanas.com\/jorge-planas\/wp-content\/Vivencias-de-un-cirujano-plastico.jpg\" \/>\n\t<meta property=\"og:image:width\" content=\"612\" \/>\n\t<meta property=\"og:image:height\" content=\"369\" \/>\n\t<meta property=\"og:image:type\" content=\"image\/jpeg\" \/>\n<meta name=\"author\" content=\"Dr. Jorge Planas\" \/>\n<meta name=\"twitter:card\" content=\"summary_large_image\" \/>\n<meta name=\"twitter:label1\" content=\"Escrito por\" \/>\n\t<meta name=\"twitter:data1\" content=\"Dr. Jorge Planas\" \/>\n\t<meta name=\"twitter:label2\" content=\"Tiempo de lectura\" \/>\n\t<meta name=\"twitter:data2\" content=\"1 minuto\" \/>\n<!-- \/ Yoast SEO plugin. -->","yoast_head_json":{"title":"Historias y vivencias de un cirujano pl\u00e1stico - Dr. Jorge Planas","description":"El Dr. Carlos del Cacho, presidente de la SECPRE, entrevista al Dr Jorge Planas por la publicaci\u00f3n del libro Historias y vivencias de un cirujano pl\u00e1stico","robots":{"index":"index","follow":"follow","max-snippet":"max-snippet:-1","max-image-preview":"max-image-preview:large","max-video-preview":"max-video-preview:-1"},"canonical":"https:\/\/www.clinicaplanas.com\/jorge-planas\/2017\/04\/04\/historias-y-anecdotas-cirugia-plastica\/","og_locale":"es_ES","og_type":"article","og_title":"Historias y vivencias de un cirujano pl\u00e1stico - Dr. Jorge Planas","og_description":"El Dr. Carlos del Cacho, presidente de la SECPRE, entrevista al Dr Jorge Planas por la publicaci\u00f3n del libro Historias y vivencias de un cirujano pl\u00e1stico","og_url":"https:\/\/www.clinicaplanas.com\/jorge-planas\/2017\/04\/04\/historias-y-anecdotas-cirugia-plastica\/","og_site_name":"Tu blog de medicina y cirug\u00eda est\u00e9tica - Cl\u00ednica Planas","article_published_time":"2017-04-04T14:37:54+00:00","og_image":[{"width":612,"height":369,"url":"https:\/\/www.clinicaplanas.com\/jorge-planas\/wp-content\/Vivencias-de-un-cirujano-plastico.jpg","type":"image\/jpeg"}],"author":"Dr. Jorge Planas","twitter_card":"summary_large_image","twitter_misc":{"Escrito por":"Dr. Jorge Planas","Tiempo de lectura":"1 minuto"},"schema":{"@context":"https:\/\/schema.org","@graph":[{"@type":"Article","@id":"https:\/\/www.clinicaplanas.com\/jorge-planas\/2017\/04\/04\/historias-y-anecdotas-cirugia-plastica\/#article","isPartOf":{"@id":"https:\/\/www.clinicaplanas.com\/jorge-planas\/2017\/04\/04\/historias-y-anecdotas-cirugia-plastica\/"},"author":{"name":"Dr. Jorge Planas","@id":"https:\/\/www.clinicaplanas.com\/jorge-planas\/#\/schema\/person\/38a344a831881042e8204a3198e125e5"},"headline":"Historias y vivencias de un cirujano pl\u00e1stico","datePublished":"2017-04-04T14:37:54+00:00","dateModified":"2017-04-04T14:37:54+00:00","mainEntityOfPage":{"@id":"https:\/\/www.clinicaplanas.com\/jorge-planas\/2017\/04\/04\/historias-y-anecdotas-cirugia-plastica\/"},"wordCount":237,"commentCount":0,"publisher":{"@id":"https:\/\/www.clinicaplanas.com\/jorge-planas\/#organization"},"image":{"@id":"https:\/\/www.clinicaplanas.com\/jorge-planas\/2017\/04\/04\/historias-y-anecdotas-cirugia-plastica\/#primaryimage"},"thumbnailUrl":"https:\/\/www.clinicaplanas.com\/jorge-planas\/wp-content\/Vivencias-de-un-cirujano-plastico.jpg","keywords":["Cl\u00ednica Planas","libro","publicaci\u00f3n"],"articleSection":["Art\u00edculos de Cirug\u00eda Est\u00e9tica","Libro"],"inLanguage":"es","potentialAction":[{"@type":"CommentAction","name":"Comment","target":["https:\/\/www.clinicaplanas.com\/jorge-planas\/2017\/04\/04\/historias-y-anecdotas-cirugia-plastica\/#respond"]}]},{"@type":"WebPage","@id":"https:\/\/www.clinicaplanas.com\/jorge-planas\/2017\/04\/04\/historias-y-anecdotas-cirugia-plastica\/","url":"https:\/\/www.clinicaplanas.com\/jorge-planas\/2017\/04\/04\/historias-y-anecdotas-cirugia-plastica\/","name":"Historias y vivencias de un cirujano pl\u00e1stico - Dr. Jorge Planas","isPartOf":{"@id":"https:\/\/www.clinicaplanas.com\/jorge-planas\/#website"},"primaryImageOfPage":{"@id":"https:\/\/www.clinicaplanas.com\/jorge-planas\/2017\/04\/04\/historias-y-anecdotas-cirugia-plastica\/#primaryimage"},"image":{"@id":"https:\/\/www.clinicaplanas.com\/jorge-planas\/2017\/04\/04\/historias-y-anecdotas-cirugia-plastica\/#primaryimage"},"thumbnailUrl":"https:\/\/www.clinicaplanas.com\/jorge-planas\/wp-content\/Vivencias-de-un-cirujano-plastico.jpg","datePublished":"2017-04-04T14:37:54+00:00","dateModified":"2017-04-04T14:37:54+00:00","description":"El Dr. Carlos del Cacho, presidente de la SECPRE, entrevista al Dr Jorge Planas por la publicaci\u00f3n del libro Historias y vivencias de un cirujano pl\u00e1stico","breadcrumb":{"@id":"https:\/\/www.clinicaplanas.com\/jorge-planas\/2017\/04\/04\/historias-y-anecdotas-cirugia-plastica\/#breadcrumb"},"inLanguage":"es","potentialAction":[{"@type":"ReadAction","target":["https:\/\/www.clinicaplanas.com\/jorge-planas\/2017\/04\/04\/historias-y-anecdotas-cirugia-plastica\/"]}]},{"@type":"ImageObject","inLanguage":"es","@id":"https:\/\/www.clinicaplanas.com\/jorge-planas\/2017\/04\/04\/historias-y-anecdotas-cirugia-plastica\/#primaryimage","url":"https:\/\/www.clinicaplanas.com\/jorge-planas\/wp-content\/Vivencias-de-un-cirujano-plastico.jpg","contentUrl":"https:\/\/www.clinicaplanas.com\/jorge-planas\/wp-content\/Vivencias-de-un-cirujano-plastico.jpg","width":612,"height":369,"caption":"Historias de un cirujano pl\u00e1stico"},{"@type":"BreadcrumbList","@id":"https:\/\/www.clinicaplanas.com\/jorge-planas\/2017\/04\/04\/historias-y-anecdotas-cirugia-plastica\/#breadcrumb","itemListElement":[{"@type":"ListItem","position":1,"name":"Home","item":"https:\/\/www.clinicaplanas.com\/jorge-planas\/"},{"@type":"ListItem","position":2,"name":"Art\u00edculos de Cirug\u00eda Est\u00e9tica","item":"https:\/\/www.clinicaplanas.com\/jorge-planas\/cirugia-plastica-estetica\/"},{"@type":"ListItem","position":3,"name":"Historias y vivencias de un cirujano pl\u00e1stico"}]},{"@type":"WebSite","@id":"https:\/\/www.clinicaplanas.com\/jorge-planas\/#website","url":"https:\/\/www.clinicaplanas.com\/jorge-planas\/","name":"Tu blog de medicina y cirug\u00eda est\u00e9tica - Cl\u00ednica Planas","description":"Mantente al d\u00eda sobre medicina y cirug\u00eda est\u00e9tica con el blog de Cl\u00ednica Planas. Noticias de actualidad, novedades y tips de la mano de nuestros especialistas.","publisher":{"@id":"https:\/\/www.clinicaplanas.com\/jorge-planas\/#organization"},"potentialAction":[{"@type":"SearchAction","target":{"@type":"EntryPoint","urlTemplate":"https:\/\/www.clinicaplanas.com\/jorge-planas\/?s={search_term_string}"},"query-input":{"@type":"PropertyValueSpecification","valueRequired":true,"valueName":"search_term_string"}}],"inLanguage":"es"},{"@type":"Organization","@id":"https:\/\/www.clinicaplanas.com\/jorge-planas\/#organization","name":"Cl\u00ednica Planas","url":"https:\/\/www.clinicaplanas.com\/jorge-planas\/","logo":{"@type":"ImageObject","inLanguage":"es","@id":"https:\/\/www.clinicaplanas.com\/jorge-planas\/#\/schema\/logo\/image\/","url":"https:\/\/www.clinicaplanas.com\/jorge-planas\/wp-content\/cropped-android-icon-192x192-1.png","contentUrl":"https:\/\/www.clinicaplanas.com\/jorge-planas\/wp-content\/cropped-android-icon-192x192-1.png","width":512,"height":512,"caption":"Cl\u00ednica Planas"},"image":{"@id":"https:\/\/www.clinicaplanas.com\/jorge-planas\/#\/schema\/logo\/image\/"}},{"@type":"Person","@id":"https:\/\/www.clinicaplanas.com\/jorge-planas\/#\/schema\/person\/38a344a831881042e8204a3198e125e5","name":"Dr. Jorge Planas","image":{"@type":"ImageObject","inLanguage":"es","@id":"https:\/\/www.clinicaplanas.com\/jorge-planas\/#\/schema\/person\/image\/","url":"https:\/\/secure.gravatar.com\/avatar\/cc34246c94716dd29a0de743e5d8d515?s=96&d=mm&r=g","contentUrl":"https:\/\/secure.gravatar.com\/avatar\/cc34246c94716dd29a0de743e5d8d515?s=96&d=mm&r=g","caption":"Dr. Jorge Planas"},"sameAs":["http:\/\/www.clinicaplanas.com\/jorge-planas\/"],"url":"https:\/\/www.clinicaplanas.com\/jorge-planas\/author\/admin\/"}]}},"_links":{"self":[{"href":"https:\/\/www.clinicaplanas.com\/jorge-planas\/wp-json\/wp\/v2\/posts\/6426"}],"collection":[{"href":"https:\/\/www.clinicaplanas.com\/jorge-planas\/wp-json\/wp\/v2\/posts"}],"about":[{"href":"https:\/\/www.clinicaplanas.com\/jorge-planas\/wp-json\/wp\/v2\/types\/post"}],"author":[{"embeddable":true,"href":"https:\/\/www.clinicaplanas.com\/jorge-planas\/wp-json\/wp\/v2\/users\/1"}],"replies":[{"embeddable":true,"href":"https:\/\/www.clinicaplanas.com\/jorge-planas\/wp-json\/wp\/v2\/comments?post=6426"}],"version-history":[{"count":0,"href":"https:\/\/www.clinicaplanas.com\/jorge-planas\/wp-json\/wp\/v2\/posts\/6426\/revisions"}],"wp:featuredmedia":[{"embeddable":true,"href":"https:\/\/www.clinicaplanas.com\/jorge-planas\/wp-json\/wp\/v2\/media\/8051"}],"wp:attachment":[{"href":"https:\/\/www.clinicaplanas.com\/jorge-planas\/wp-json\/wp\/v2\/media?parent=6426"}],"wp:term":[{"taxonomy":"category","embeddable":true,"href":"https:\/\/www.clinicaplanas.com\/jorge-planas\/wp-json\/wp\/v2\/categories?post=6426"},{"taxonomy":"post_tag","embeddable":true,"href":"https:\/\/www.clinicaplanas.com\/jorge-planas\/wp-json\/wp\/v2\/tags?post=6426"}],"curies":[{"name":"wp","href":"https:\/\/api.w.org\/{rel}","templated":true}]}}