{"id":585,"date":"2010-07-07T09:03:48","date_gmt":"2010-07-07T08:03:48","guid":{"rendered":"http:\/\/www.clinicaplanas.com\/jorge-planas\/?p=585"},"modified":"2010-07-07T09:03:48","modified_gmt":"2010-07-07T08:03:48","slug":"exito-de-publico-en-el-xvii-curso-internacional-de-cirugia-plastica-y-estetica-de-clinica-planas","status":"publish","type":"post","link":"https:\/\/www.clinicaplanas.com\/jorge-planas\/2010\/07\/07\/exito-de-publico-en-el-xvii-curso-internacional-de-cirugia-plastica-y-estetica-de-clinica-planas\/","title":{"rendered":"\u00c9xito de p\u00fablico en el XVII Curso Internacional de Cirug\u00eda Pl\u00e1stica y Est\u00e9tica de Cl\u00ednica Planas"},"content":{"rendered":"<p><!--:es-->Como os anunciaba en un post anterior, entre el\u00a0 16 y el 19 de junio, la Cl\u00ednica Planas acogi\u00f3 el XVII Curso Internacional de Cirug\u00eda Pl\u00e1stica y Est\u00e9tica de <a href=\"https:\/\/www.clinicaplanas.com\/\">Cl\u00ednica Planas<\/a>, un gran foro de intercambio de conocimientos para cirujanos pl\u00e1sticos. La solidez de este curso, ha quedado nuevamente avalada por el \u00e9xito de participaci\u00f3n, puesto que se alcanzaron los 300 participantes. En esta edici\u00f3n se trataron, entre otros temas, avances en cirug\u00eda reconstructiva, cirug\u00eda est\u00e9tica facial, cirug\u00eda mamaria y cirug\u00eda del hombre.\u00a0<!--more--><\/p>\n<p>Durante cuatro d\u00edas, la Cl\u00ednica Planas reuni\u00f3 a cirujanos de prestigio internacional, procedentes de pa\u00edses europeos como Francia (<strong>Dr. Gilbert Aiach<\/strong>, <strong>Dr. Pierre Bouhanna<\/strong> y <strong>Dr. Gary F. Horn<\/strong>); B\u00e9lgica (<strong>Dr. Stan J. Monstrey<\/strong>); Italia (<strong>Dr. Giovanni Botti<\/strong> y <strong>Dr. Domenico de Fazio<\/strong>); Alemania (<strong>Dr. Axel-Mario Feller<\/strong>) y Austria (<strong>Dr. Rafic Kuzbari<\/strong>); as\u00ed como profesionales de Estados Unidos (<strong>Dr. Mark Gorney<\/strong>, <strong>Dr. Glen W. Jelks<\/strong> y <strong>Dra. Julia Terzis<\/strong>); \u00a0M\u00e9xico (<strong>Dr. Jos\u00e9 Guerrero Santos<\/strong>) y Australia (<strong>Dr. Bryan Mendelson<\/strong>). Tambi\u00e9n hay que destacar la participaci\u00f3n del <strong>Dr. Rafael de la Plaza Fern\u00e1ndez<\/strong>, quien imparti\u00f3 la Ponencia Magistral Jaime Planas sobre cirug\u00eda est\u00e9tica facial.<\/p>\n<p>Desde este post, quisiera agradecer a todos ellos sus aportaciones en las sesiones te\u00f3ricas. Durante el primer d\u00eda, pudimos seguir las ponencias que abordaron las innovaciones en rinoplastia y cirug\u00eda mamaria. Asimismo, pudimos seguir en directo, desde el Auditorio de la Cl\u00ednica Planas, una rinoplastia secundaria realizada por el Dr. Gilbert Aiach y un aumento mamario con grasa a cargo del Dr. Domenico de Fazio.<\/p>\n<p>La segunda jornada se dedic\u00f3 a la cirug\u00eda reconstructiva y pudieron seguirse dos intervenciones: una reconstrucci\u00f3n de la pared abdominal que dirigi\u00f3 el Dr. Rafic Kuzbari y una vulvoplastia que realiz\u00f3 el Dr. Stan J. Monstrey. En la tercera jornada las sesiones te\u00f3ricas se centraron en la cirug\u00eda facial y las operaciones que los asistentes pudimos seguir\u00a0 en directo fueron una blefaroplastia que practic\u00f3 el Dr. Glen W. Jelks y un lifting facial que realiz\u00f3 el Dr. Bryan Mendelson.<br \/>\nEl curso se cerr\u00f3 con una sesi\u00f3n dedicada a la cirug\u00eda est\u00e9tica del hombre (microinjertos capilares e implantes pectorales), y pudo asistirse a un implante pectoral que practic\u00f3 el Dr. Gary F. Horn.<\/p>\n<p>Tan s\u00f3lo deciros que desde la Cl\u00ednica Planas ya se calientan motores para la pr\u00f3xima edici\u00f3n prevista para 2012.<\/p>\n<p><img decoding=\"async\" class=\"alignleft wp-image-588 size-medium\" title=\"Auditorio_curso_2010\" src=\"https:\/\/www.clinicaplanas.com\/jorge-planas\/wp-content\/uploads\/2010\/07\/Auditorio_curso_20101-300x199.jpg\" alt=\"Curso Internacional de Cirug\u00eda Pl\u00e1stica y Est\u00e9tica\" width=\"300\" height=\"199\" \/><br \/>\n<strong>Sesi\u00f3n en el Auditorio de la Cl\u00ednica Planas<\/strong><\/p>\n<p><a href=\"https:\/\/www.clinicaplanas.com\/jorge-planas\/wp-content\/uploads\/2010\/07\/Glenn-Jelks.jpg\"><img decoding=\"async\" class=\"alignnone size-medium wp-image-587\" title=\"Un momento de la exposici\u00f3n del Dr. Glen W. Jelks\" src=\"https:\/\/www.clinicaplanas.com\/jorge-planas\/wp-content\/uploads\/2010\/07\/Glenn-Jelks-300x199.jpg\" alt=\"\" width=\"300\" height=\"199\" srcset=\"https:\/\/www.clinicaplanas.com\/jorge-planas\/wp-content\/Glenn-Jelks-300x199.jpg 300w, https:\/\/www.clinicaplanas.com\/jorge-planas\/wp-content\/Glenn-Jelks-1024x681.jpg 1024w, https:\/\/www.clinicaplanas.com\/jorge-planas\/wp-content\/Glenn-Jelks-768x511.jpg 768w, https:\/\/www.clinicaplanas.com\/jorge-planas\/wp-content\/Glenn-Jelks-1536x1021.jpg 1536w, https:\/\/www.clinicaplanas.com\/jorge-planas\/wp-content\/Glenn-Jelks-2048x1362.jpg 2048w\" sizes=\"(max-width: 300px) 100vw, 300px\" \/><\/a><br \/>\n<strong>Un momento de la exposici\u00f3n del Dr. Glen W. Jelks<\/strong><\/p>\n<p><a href=\"https:\/\/www.clinicaplanas.com\/jorge-planas\/wp-content\/uploads\/2010\/07\/Jorge-Planas_curso-internacional.jpg\"><img decoding=\"async\" class=\"alignnone wp-image-589 size-medium\" title=\"Jorge Planas_curso internacional\" src=\"https:\/\/www.clinicaplanas.com\/jorge-planas\/wp-content\/uploads\/2010\/07\/Jorge-Planas_curso-internacional-300x210.jpg\" alt=\"\" width=\"300\" height=\"210\" srcset=\"https:\/\/www.clinicaplanas.com\/jorge-planas\/wp-content\/Jorge-Planas_curso-internacional-300x210.jpg 300w, https:\/\/www.clinicaplanas.com\/jorge-planas\/wp-content\/Jorge-Planas_curso-internacional-1024x716.jpg 1024w, https:\/\/www.clinicaplanas.com\/jorge-planas\/wp-content\/Jorge-Planas_curso-internacional-768x537.jpg 768w, https:\/\/www.clinicaplanas.com\/jorge-planas\/wp-content\/Jorge-Planas_curso-internacional-1536x1073.jpg 1536w, https:\/\/www.clinicaplanas.com\/jorge-planas\/wp-content\/Jorge-Planas_curso-internacional-2048x1431.jpg 2048w\" sizes=\"(max-width: 300px) 100vw, 300px\" \/><\/a><br \/>\n<strong>Un momento de mi intervenci\u00f3n en el Curso<\/strong><\/p>\n<p><a href=\"https:\/\/www.clinicaplanas.com\/jorge-planas\/wp-content\/uploads\/2010\/07\/Jorge_Glenn-Jelks_De-Fazio.jpg\"><img decoding=\"async\" class=\"alignnone size-medium wp-image-590\" title=\"Jorge_Jelks_De Fazio\" src=\"https:\/\/www.clinicaplanas.com\/jorge-planas\/wp-content\/uploads\/2010\/07\/Jorge_Glenn-Jelks_De-Fazio-300x217.jpg\" alt=\"\" width=\"300\" height=\"217\" \/><\/a><br \/>\n<strong>Acompa\u00f1ado por los doctores Glen W. Jelks y Domenico de Fazio<\/strong><\/p>\n<p><a href=\"https:\/\/www.clinicaplanas.com\/jorge-planas\/wp-content\/uploads\/2010\/07\/Planas_Rafael-de-la-Plaza_Planas.jpg\"><img decoding=\"async\" class=\"alignnone size-medium wp-image-591\" title=\"Planas_Rafael de la Plaza_Planas\" src=\"https:\/\/www.clinicaplanas.com\/jorge-planas\/wp-content\/uploads\/2010\/07\/Planas_Rafael-de-la-Plaza_Planas-300x199.jpg\" alt=\"\" width=\"300\" height=\"199\" \/><\/a><br \/>\n<strong>Foto de familia con el doctor Rafael de la Plaza Fern\u00e1ndez (en el centro de la imagen)<\/strong><!--:--><\/p>\n","protected":false},"excerpt":{"rendered":"<p>Como os anunciaba en un post anterior, entre el\u00a0 16 y el 19 de junio, la Cl\u00ednica Planas acogi\u00f3 el XVII Curso Internacional de Cirug\u00eda Pl\u00e1stica y Est\u00e9tica de Cl\u00ednica Planas, un gran foro de intercambio de conocimientos para cirujanos pl\u00e1sticos. La solidez de este curso, ha quedado nuevamente avalada por el \u00e9xito de participaci\u00f3n, [&#8230;]\n","protected":false},"author":102,"featured_media":0,"comment_status":"open","ping_status":"open","sticky":false,"template":"","format":"standard","meta":{"footnotes":""},"categories":[241,243,258],"tags":[274,275,493,29,324,327,404],"class_list":["post-585","post","type-post","status-publish","format-standard","hentry","category-cirugia-plastica-estetica","category-cirugia-facial","category-congresos","tag-domenico-de-fazio","tag-glen-w-jelks","tag-rafael-de-la-plaza-fernu00e1ndez","tag-cirugia-estetica","tag-cirugia-plastica","tag-clinica-planas","tag-jorge-planas"],"yoast_head":"<!-- This site is optimized with the Yoast SEO plugin v23.4 - https:\/\/yoast.com\/wordpress\/plugins\/seo\/ -->\n<title>Curso Internacional de Cirug\u00eda Pl\u00e1stica - Dr. Jorge Planas Blog<\/title>\n<meta name=\"description\" content=\"\u00c9xito de p\u00fablico en el XVII Curso Internacional de Cirug\u00eda Pl\u00e1stica y Est\u00e9tica de Cl\u00ednica Planas con una destacada asistencia de cirujanos pl\u00e1sticos\" \/>\n<meta name=\"robots\" content=\"index, follow, max-snippet:-1, max-image-preview:large, max-video-preview:-1\" \/>\n<link rel=\"canonical\" href=\"https:\/\/www.clinicaplanas.com\/jorge-planas\/2010\/07\/07\/exito-de-publico-en-el-xvii-curso-internacional-de-cirugia-plastica-y-estetica-de-clinica-planas\/\" \/>\n<meta property=\"og:locale\" content=\"es_ES\" \/>\n<meta property=\"og:type\" content=\"article\" \/>\n<meta property=\"og:title\" content=\"Curso Internacional de Cirug\u00eda Pl\u00e1stica - Dr. Jorge Planas Blog\" \/>\n<meta property=\"og:description\" content=\"\u00c9xito de p\u00fablico en el XVII Curso Internacional de Cirug\u00eda Pl\u00e1stica y Est\u00e9tica de Cl\u00ednica Planas con una destacada asistencia de cirujanos pl\u00e1sticos\" \/>\n<meta property=\"og:url\" content=\"https:\/\/www.clinicaplanas.com\/jorge-planas\/2010\/07\/07\/exito-de-publico-en-el-xvii-curso-internacional-de-cirugia-plastica-y-estetica-de-clinica-planas\/\" \/>\n<meta property=\"og:site_name\" content=\"Tu blog de medicina y cirug\u00eda est\u00e9tica - Cl\u00ednica Planas\" \/>\n<meta property=\"article:published_time\" content=\"2010-07-07T08:03:48+00:00\" \/>\n<meta property=\"og:image\" content=\"https:\/\/www.clinicaplanas.com\/jorge-planas\/wp-content\/uploads\/2010\/07\/Auditorio_curso_20101-300x199.jpg\" \/>\n<meta name=\"author\" content=\"Doctor JorgePlanas\" \/>\n<meta name=\"twitter:card\" content=\"summary_large_image\" \/>\n<meta name=\"twitter:label1\" content=\"Escrito por\" \/>\n\t<meta name=\"twitter:data1\" content=\"Doctor JorgePlanas\" \/>\n\t<meta name=\"twitter:label2\" content=\"Tiempo de lectura\" \/>\n\t<meta name=\"twitter:data2\" content=\"2 minutos\" \/>\n<!-- \/ Yoast SEO plugin. -->","yoast_head_json":{"title":"Curso Internacional de Cirug\u00eda Pl\u00e1stica - Dr. Jorge Planas Blog","description":"\u00c9xito de p\u00fablico en el XVII Curso Internacional de Cirug\u00eda Pl\u00e1stica y Est\u00e9tica de Cl\u00ednica Planas con una destacada asistencia de cirujanos pl\u00e1sticos","robots":{"index":"index","follow":"follow","max-snippet":"max-snippet:-1","max-image-preview":"max-image-preview:large","max-video-preview":"max-video-preview:-1"},"canonical":"https:\/\/www.clinicaplanas.com\/jorge-planas\/2010\/07\/07\/exito-de-publico-en-el-xvii-curso-internacional-de-cirugia-plastica-y-estetica-de-clinica-planas\/","og_locale":"es_ES","og_type":"article","og_title":"Curso Internacional de Cirug\u00eda Pl\u00e1stica - Dr. Jorge Planas Blog","og_description":"\u00c9xito de p\u00fablico en el XVII Curso Internacional de Cirug\u00eda Pl\u00e1stica y Est\u00e9tica de Cl\u00ednica Planas con una destacada asistencia de cirujanos pl\u00e1sticos","og_url":"https:\/\/www.clinicaplanas.com\/jorge-planas\/2010\/07\/07\/exito-de-publico-en-el-xvii-curso-internacional-de-cirugia-plastica-y-estetica-de-clinica-planas\/","og_site_name":"Tu blog de medicina y cirug\u00eda est\u00e9tica - Cl\u00ednica Planas","article_published_time":"2010-07-07T08:03:48+00:00","og_image":[{"url":"https:\/\/www.clinicaplanas.com\/jorge-planas\/wp-content\/uploads\/2010\/07\/Auditorio_curso_20101-300x199.jpg"}],"author":"Doctor JorgePlanas","twitter_card":"summary_large_image","twitter_misc":{"Escrito por":"Doctor JorgePlanas","Tiempo de lectura":"2 minutos"},"schema":{"@context":"https:\/\/schema.org","@graph":[{"@type":"Article","@id":"https:\/\/www.clinicaplanas.com\/jorge-planas\/2010\/07\/07\/exito-de-publico-en-el-xvii-curso-internacional-de-cirugia-plastica-y-estetica-de-clinica-planas\/#article","isPartOf":{"@id":"https:\/\/www.clinicaplanas.com\/jorge-planas\/2010\/07\/07\/exito-de-publico-en-el-xvii-curso-internacional-de-cirugia-plastica-y-estetica-de-clinica-planas\/"},"author":{"name":"Doctor JorgePlanas","@id":"https:\/\/www.clinicaplanas.com\/jorge-planas\/#\/schema\/person\/b13ac6e9212d6f27b00095767a2f4417"},"headline":"\u00c9xito de p\u00fablico en el XVII Curso Internacional de Cirug\u00eda Pl\u00e1stica y Est\u00e9tica de Cl\u00ednica Planas","datePublished":"2010-07-07T08:03:48+00:00","dateModified":"2010-07-07T08:03:48+00:00","mainEntityOfPage":{"@id":"https:\/\/www.clinicaplanas.com\/jorge-planas\/2010\/07\/07\/exito-de-publico-en-el-xvii-curso-internacional-de-cirugia-plastica-y-estetica-de-clinica-planas\/"},"wordCount":497,"commentCount":0,"publisher":{"@id":"https:\/\/www.clinicaplanas.com\/jorge-planas\/#organization"},"image":{"@id":"https:\/\/www.clinicaplanas.com\/jorge-planas\/2010\/07\/07\/exito-de-publico-en-el-xvii-curso-internacional-de-cirugia-plastica-y-estetica-de-clinica-planas\/#primaryimage"},"thumbnailUrl":"https:\/\/www.clinicaplanas.com\/jorge-planas\/wp-content\/uploads\/2010\/07\/Auditorio_curso_20101-300x199.jpg","keywords":["\"Domenico de Fazio\"","\"Glen W.Jelks\"","\"Rafael de la Plaza Fern\\u00e1ndez\"","cirug\u00eda est\u00e9tica","cirug\u00eda pl\u00e1stica","Cl\u00ednica Planas","Jorge Planas"],"articleSection":["Art\u00edculos de Cirug\u00eda Est\u00e9tica","Art\u00edculos de Cirug\u00eda Est\u00e9tica Facial","Congresos"],"inLanguage":"es","potentialAction":[{"@type":"CommentAction","name":"Comment","target":["https:\/\/www.clinicaplanas.com\/jorge-planas\/2010\/07\/07\/exito-de-publico-en-el-xvii-curso-internacional-de-cirugia-plastica-y-estetica-de-clinica-planas\/#respond"]}]},{"@type":"WebPage","@id":"https:\/\/www.clinicaplanas.com\/jorge-planas\/2010\/07\/07\/exito-de-publico-en-el-xvii-curso-internacional-de-cirugia-plastica-y-estetica-de-clinica-planas\/","url":"https:\/\/www.clinicaplanas.com\/jorge-planas\/2010\/07\/07\/exito-de-publico-en-el-xvii-curso-internacional-de-cirugia-plastica-y-estetica-de-clinica-planas\/","name":"Curso Internacional de Cirug\u00eda Pl\u00e1stica - Dr. Jorge Planas Blog","isPartOf":{"@id":"https:\/\/www.clinicaplanas.com\/jorge-planas\/#website"},"primaryImageOfPage":{"@id":"https:\/\/www.clinicaplanas.com\/jorge-planas\/2010\/07\/07\/exito-de-publico-en-el-xvii-curso-internacional-de-cirugia-plastica-y-estetica-de-clinica-planas\/#primaryimage"},"image":{"@id":"https:\/\/www.clinicaplanas.com\/jorge-planas\/2010\/07\/07\/exito-de-publico-en-el-xvii-curso-internacional-de-cirugia-plastica-y-estetica-de-clinica-planas\/#primaryimage"},"thumbnailUrl":"https:\/\/www.clinicaplanas.com\/jorge-planas\/wp-content\/uploads\/2010\/07\/Auditorio_curso_20101-300x199.jpg","datePublished":"2010-07-07T08:03:48+00:00","dateModified":"2010-07-07T08:03:48+00:00","description":"\u00c9xito de p\u00fablico en el XVII Curso Internacional de Cirug\u00eda Pl\u00e1stica y Est\u00e9tica de Cl\u00ednica Planas con una destacada asistencia de cirujanos pl\u00e1sticos","breadcrumb":{"@id":"https:\/\/www.clinicaplanas.com\/jorge-planas\/2010\/07\/07\/exito-de-publico-en-el-xvii-curso-internacional-de-cirugia-plastica-y-estetica-de-clinica-planas\/#breadcrumb"},"inLanguage":"es","potentialAction":[{"@type":"ReadAction","target":["https:\/\/www.clinicaplanas.com\/jorge-planas\/2010\/07\/07\/exito-de-publico-en-el-xvii-curso-internacional-de-cirugia-plastica-y-estetica-de-clinica-planas\/"]}]},{"@type":"ImageObject","inLanguage":"es","@id":"https:\/\/www.clinicaplanas.com\/jorge-planas\/2010\/07\/07\/exito-de-publico-en-el-xvii-curso-internacional-de-cirugia-plastica-y-estetica-de-clinica-planas\/#primaryimage","url":"https:\/\/www.clinicaplanas.com\/jorge-planas\/wp-content\/uploads\/2010\/07\/Auditorio_curso_20101-300x199.jpg","contentUrl":"https:\/\/www.clinicaplanas.com\/jorge-planas\/wp-content\/uploads\/2010\/07\/Auditorio_curso_20101-300x199.jpg"},{"@type":"BreadcrumbList","@id":"https:\/\/www.clinicaplanas.com\/jorge-planas\/2010\/07\/07\/exito-de-publico-en-el-xvii-curso-internacional-de-cirugia-plastica-y-estetica-de-clinica-planas\/#breadcrumb","itemListElement":[{"@type":"ListItem","position":1,"name":"Home","item":"https:\/\/www.clinicaplanas.com\/jorge-planas\/"},{"@type":"ListItem","position":2,"name":"postoperatorio","item":"https:\/\/www.clinicaplanas.com\/jorge-planas\/tag\/postoperatorio\/"},{"@type":"ListItem","position":3,"name":"\u00c9xito de p\u00fablico en el XVII Curso Internacional de Cirug\u00eda Pl\u00e1stica y Est\u00e9tica de Cl\u00ednica Planas"}]},{"@type":"WebSite","@id":"https:\/\/www.clinicaplanas.com\/jorge-planas\/#website","url":"https:\/\/www.clinicaplanas.com\/jorge-planas\/","name":"Tu blog de medicina y cirug\u00eda est\u00e9tica - Cl\u00ednica Planas","description":"Mantente al d\u00eda sobre medicina y cirug\u00eda est\u00e9tica con el blog de Cl\u00ednica Planas. Noticias de actualidad, novedades y tips de la mano de nuestros especialistas.","publisher":{"@id":"https:\/\/www.clinicaplanas.com\/jorge-planas\/#organization"},"potentialAction":[{"@type":"SearchAction","target":{"@type":"EntryPoint","urlTemplate":"https:\/\/www.clinicaplanas.com\/jorge-planas\/?s={search_term_string}"},"query-input":{"@type":"PropertyValueSpecification","valueRequired":true,"valueName":"search_term_string"}}],"inLanguage":"es"},{"@type":"Organization","@id":"https:\/\/www.clinicaplanas.com\/jorge-planas\/#organization","name":"Cl\u00ednica Planas","url":"https:\/\/www.clinicaplanas.com\/jorge-planas\/","logo":{"@type":"ImageObject","inLanguage":"es","@id":"https:\/\/www.clinicaplanas.com\/jorge-planas\/#\/schema\/logo\/image\/","url":"https:\/\/www.clinicaplanas.com\/jorge-planas\/wp-content\/cropped-android-icon-192x192-1.png","contentUrl":"https:\/\/www.clinicaplanas.com\/jorge-planas\/wp-content\/cropped-android-icon-192x192-1.png","width":512,"height":512,"caption":"Cl\u00ednica Planas"},"image":{"@id":"https:\/\/www.clinicaplanas.com\/jorge-planas\/#\/schema\/logo\/image\/"}},{"@type":"Person","@id":"https:\/\/www.clinicaplanas.com\/jorge-planas\/#\/schema\/person\/b13ac6e9212d6f27b00095767a2f4417","name":"Doctor JorgePlanas","image":{"@type":"ImageObject","inLanguage":"es","@id":"https:\/\/www.clinicaplanas.com\/jorge-planas\/#\/schema\/person\/image\/","url":"https:\/\/secure.gravatar.com\/avatar\/?s=96&d=mm&r=g","contentUrl":"https:\/\/secure.gravatar.com\/avatar\/?s=96&d=mm&r=g","caption":"Doctor JorgePlanas"},"url":"https:\/\/www.clinicaplanas.com\/jorge-planas\/author\/doctor-jorgeplanas\/"}]}},"_links":{"self":[{"href":"https:\/\/www.clinicaplanas.com\/jorge-planas\/wp-json\/wp\/v2\/posts\/585"}],"collection":[{"href":"https:\/\/www.clinicaplanas.com\/jorge-planas\/wp-json\/wp\/v2\/posts"}],"about":[{"href":"https:\/\/www.clinicaplanas.com\/jorge-planas\/wp-json\/wp\/v2\/types\/post"}],"author":[{"embeddable":true,"href":"https:\/\/www.clinicaplanas.com\/jorge-planas\/wp-json\/wp\/v2\/users\/102"}],"replies":[{"embeddable":true,"href":"https:\/\/www.clinicaplanas.com\/jorge-planas\/wp-json\/wp\/v2\/comments?post=585"}],"version-history":[{"count":0,"href":"https:\/\/www.clinicaplanas.com\/jorge-planas\/wp-json\/wp\/v2\/posts\/585\/revisions"}],"wp:attachment":[{"href":"https:\/\/www.clinicaplanas.com\/jorge-planas\/wp-json\/wp\/v2\/media?parent=585"}],"wp:term":[{"taxonomy":"category","embeddable":true,"href":"https:\/\/www.clinicaplanas.com\/jorge-planas\/wp-json\/wp\/v2\/categories?post=585"},{"taxonomy":"post_tag","embeddable":true,"href":"https:\/\/www.clinicaplanas.com\/jorge-planas\/wp-json\/wp\/v2\/tags?post=585"}],"curies":[{"name":"wp","href":"https:\/\/api.w.org\/{rel}","templated":true}]}}