{"id":5693,"date":"2017-01-10T18:46:44","date_gmt":"2017-01-10T17:46:44","guid":{"rendered":"http:\/\/www.clinicaplanas.com\/jorge-planas\/?p=5693"},"modified":"2017-01-10T18:46:44","modified_gmt":"2017-01-10T17:46:44","slug":"dolor-localizado","status":"publish","type":"post","link":"https:\/\/www.clinicaplanas.com\/jorge-planas\/2017\/01\/10\/dolor-localizado\/","title":{"rendered":"Dolor Localizado"},"content":{"rendered":"<p><img decoding=\"async\" class=\"alignleft size-medium wp-image-5920\" src=\"https:\/\/www.clinicaplanas.com\/jorge-planas\/wp-content\/uploads\/dolor-localizado-300x196.jpg\" alt=\"tratar el dolor localizado\" width=\"300\" height=\"196\" srcset=\"https:\/\/www.clinicaplanas.com\/jorge-planas\/wp-content\/dolor-localizado-300x196.jpg 300w, https:\/\/www.clinicaplanas.com\/jorge-planas\/wp-content\/dolor-localizado.jpg 636w\" sizes=\"(max-width: 300px) 100vw, 300px\" \/>Nuevo cap\u00edtulo de #corporesano para @lavanguardiaTV, donde el responsable de la unidad del tratamiento del dolor localizado de la Cl\u00ednica Planas, \u00a0el <a href=\"https:\/\/www.clinicaplanas.com\/equipo-medico\/jordi-ibanez\" target=\"_blank\" rel=\"noopener noreferrer\">Dr. Iba\u00f1ez<\/a> profundizar\u00e1 sobre el origen de este, sus caracter\u00edsticas, \u00a0y las diferentes opciones para \u00a0tratar esta patolog\u00eda.<\/p>\n<p>El dolor localizado es una patolog\u00eda que se encuentra en zonas determinadas, que no es debida, a veces, <!--more-->a una enfermedad general, sino que es propia de una regi\u00f3n\u00a0donde el paciente refiere dolor. \u00a0Este dolor localizado puede no responder a la farmacolog\u00eda debido a que se presente en\u00a0zonas con poca vascularizaci\u00f3n y por tanto no llega la circulaci\u00f3n y por tanto los principios activos de los medicamentos no llega adecuadamente y por tanto no hay respuesta.<\/p>\n<p>En un primer paso es necesario una exploraci\u00f3n exhaustiva, para determinar los puntos gatillos de dolor, para poder puntearlas. \u00a0Una vez determinada se mira el tipo para determinar el tratamiento m\u00e1s efectivo. \u00a0El tratamiento es una infiltraci\u00f3n de diferentes compuestos en funci\u00f3n del tipo de dolor y causas de este.<\/p>\n<p>El numero de sesiones necesarias para eliminar este dolor localizado depende de la patolog\u00eda de cada persona y la regi\u00f3n a tratar, pero en t\u00e9rminos generales, la media es de 3 sesiones para eliminar el dolor, pero incluso en la primera sesi\u00f3n, en un gran porcentaje de pacientes, alrededor del 80%, el dolor desaparece en gran medida.<\/p>\n<p>&nbsp;<\/p>\n<p>&nbsp;<\/p>\n<p><iframe src=\"https:\/\/www.youtube.com\/embed\/yNQi6h45TJs\" width=\"560\" height=\"315\" frameborder=\"0\" allowfullscreen=\"allowfullscreen\"><\/iframe><\/p>\n","protected":false},"excerpt":{"rendered":"<p>Nuevo cap\u00edtulo de #corporesano para @lavanguardiaTV, donde el responsable de la unidad del tratamiento del dolor localizado de la Cl\u00ednica Planas, \u00a0el Dr. Iba\u00f1ez profundizar\u00e1 sobre el origen de este, sus caracter\u00edsticas, \u00a0y las diferentes opciones para \u00a0tratar esta patolog\u00eda. El dolor localizado es una patolog\u00eda que se encuentra en zonas determinadas, que no es [&#8230;]\n","protected":false},"author":1,"featured_media":0,"comment_status":"open","ping_status":"open","sticky":false,"template":"","format":"standard","meta":{"footnotes":""},"categories":[60],"tags":[339,361],"class_list":["post-5693","post","type-post","status-publish","format-standard","hentry","category-medicina-preventiva","tag-corpore-sano","tag-dolor-localizado"],"yoast_head":"<!-- This site is optimized with the Yoast SEO plugin v23.4 - https:\/\/yoast.com\/wordpress\/plugins\/seo\/ -->\n<title>Dolor Localizado - TT - Tu blog de medicina y cirug\u00eda est\u00e9tica - Cl\u00ednica Planas<\/title>\n<meta name=\"description\" content=\"Entrevista al Dr. Iba\u00f1ez, responsable de la unidad del dolor localizado en la Cl\u00ednica Planas de Barcelona, sobre el origen y los tratamientos de este.\" \/>\n<meta name=\"robots\" content=\"index, follow, max-snippet:-1, max-image-preview:large, max-video-preview:-1\" \/>\n<link rel=\"canonical\" href=\"https:\/\/www.clinicaplanas.com\/jorge-planas\/2017\/01\/10\/dolor-localizado\/\" \/>\n<meta property=\"og:locale\" content=\"es_ES\" \/>\n<meta property=\"og:type\" content=\"article\" \/>\n<meta property=\"og:title\" content=\"Dolor Localizado - TT - Tu blog de medicina y cirug\u00eda est\u00e9tica - Cl\u00ednica Planas\" \/>\n<meta property=\"og:description\" content=\"Entrevista al Dr. Iba\u00f1ez, responsable de la unidad del dolor localizado en la Cl\u00ednica Planas de Barcelona, sobre el origen y los tratamientos de este.\" \/>\n<meta property=\"og:url\" content=\"https:\/\/www.clinicaplanas.com\/jorge-planas\/2017\/01\/10\/dolor-localizado\/\" \/>\n<meta property=\"og:site_name\" content=\"Tu blog de medicina y cirug\u00eda est\u00e9tica - Cl\u00ednica Planas\" \/>\n<meta property=\"article:published_time\" content=\"2017-01-10T17:46:44+00:00\" \/>\n<meta property=\"og:image\" content=\"https:\/\/www.clinicaplanas.com\/jorge-planas\/wp-content\/uploads\/dolor-localizado-300x196.jpg\" \/>\n<meta name=\"author\" content=\"Dr. Jorge Planas\" \/>\n<meta name=\"twitter:card\" content=\"summary_large_image\" \/>\n<meta name=\"twitter:label1\" content=\"Escrito por\" \/>\n\t<meta name=\"twitter:data1\" content=\"Dr. Jorge Planas\" \/>\n\t<meta name=\"twitter:label2\" content=\"Tiempo de lectura\" \/>\n\t<meta name=\"twitter:data2\" content=\"1 minuto\" \/>\n<!-- \/ Yoast SEO plugin. -->","yoast_head_json":{"title":"Dolor Localizado - TT - Tu blog de medicina y cirug\u00eda est\u00e9tica - Cl\u00ednica Planas","description":"Entrevista al Dr. Iba\u00f1ez, responsable de la unidad del dolor localizado en la Cl\u00ednica Planas de Barcelona, sobre el origen y los tratamientos de este.","robots":{"index":"index","follow":"follow","max-snippet":"max-snippet:-1","max-image-preview":"max-image-preview:large","max-video-preview":"max-video-preview:-1"},"canonical":"https:\/\/www.clinicaplanas.com\/jorge-planas\/2017\/01\/10\/dolor-localizado\/","og_locale":"es_ES","og_type":"article","og_title":"Dolor Localizado - TT - Tu blog de medicina y cirug\u00eda est\u00e9tica - Cl\u00ednica Planas","og_description":"Entrevista al Dr. Iba\u00f1ez, responsable de la unidad del dolor localizado en la Cl\u00ednica Planas de Barcelona, sobre el origen y los tratamientos de este.","og_url":"https:\/\/www.clinicaplanas.com\/jorge-planas\/2017\/01\/10\/dolor-localizado\/","og_site_name":"Tu blog de medicina y cirug\u00eda est\u00e9tica - Cl\u00ednica Planas","article_published_time":"2017-01-10T17:46:44+00:00","og_image":[{"url":"https:\/\/www.clinicaplanas.com\/jorge-planas\/wp-content\/uploads\/dolor-localizado-300x196.jpg"}],"author":"Dr. Jorge Planas","twitter_card":"summary_large_image","twitter_misc":{"Escrito por":"Dr. Jorge Planas","Tiempo de lectura":"1 minuto"},"schema":{"@context":"https:\/\/schema.org","@graph":[{"@type":"Article","@id":"https:\/\/www.clinicaplanas.com\/jorge-planas\/2017\/01\/10\/dolor-localizado\/#article","isPartOf":{"@id":"https:\/\/www.clinicaplanas.com\/jorge-planas\/2017\/01\/10\/dolor-localizado\/"},"author":{"name":"Dr. Jorge Planas","@id":"https:\/\/www.clinicaplanas.com\/jorge-planas\/#\/schema\/person\/38a344a831881042e8204a3198e125e5"},"headline":"Dolor Localizado","datePublished":"2017-01-10T17:46:44+00:00","dateModified":"2017-01-10T17:46:44+00:00","mainEntityOfPage":{"@id":"https:\/\/www.clinicaplanas.com\/jorge-planas\/2017\/01\/10\/dolor-localizado\/"},"wordCount":245,"commentCount":0,"publisher":{"@id":"https:\/\/www.clinicaplanas.com\/jorge-planas\/#organization"},"image":{"@id":"https:\/\/www.clinicaplanas.com\/jorge-planas\/2017\/01\/10\/dolor-localizado\/#primaryimage"},"thumbnailUrl":"https:\/\/www.clinicaplanas.com\/jorge-planas\/wp-content\/uploads\/dolor-localizado-300x196.jpg","keywords":["corpore sano","dolor localizado"],"articleSection":["Art\u00edculos sobre Medicina Preventiva"],"inLanguage":"es","potentialAction":[{"@type":"CommentAction","name":"Comment","target":["https:\/\/www.clinicaplanas.com\/jorge-planas\/2017\/01\/10\/dolor-localizado\/#respond"]}]},{"@type":"WebPage","@id":"https:\/\/www.clinicaplanas.com\/jorge-planas\/2017\/01\/10\/dolor-localizado\/","url":"https:\/\/www.clinicaplanas.com\/jorge-planas\/2017\/01\/10\/dolor-localizado\/","name":"Dolor Localizado - TT - Tu blog de medicina y cirug\u00eda est\u00e9tica - Cl\u00ednica Planas","isPartOf":{"@id":"https:\/\/www.clinicaplanas.com\/jorge-planas\/#website"},"primaryImageOfPage":{"@id":"https:\/\/www.clinicaplanas.com\/jorge-planas\/2017\/01\/10\/dolor-localizado\/#primaryimage"},"image":{"@id":"https:\/\/www.clinicaplanas.com\/jorge-planas\/2017\/01\/10\/dolor-localizado\/#primaryimage"},"thumbnailUrl":"https:\/\/www.clinicaplanas.com\/jorge-planas\/wp-content\/uploads\/dolor-localizado-300x196.jpg","datePublished":"2017-01-10T17:46:44+00:00","dateModified":"2017-01-10T17:46:44+00:00","description":"Entrevista al Dr. Iba\u00f1ez, responsable de la unidad del dolor localizado en la Cl\u00ednica Planas de Barcelona, sobre el origen y los tratamientos de este.","breadcrumb":{"@id":"https:\/\/www.clinicaplanas.com\/jorge-planas\/2017\/01\/10\/dolor-localizado\/#breadcrumb"},"inLanguage":"es","potentialAction":[{"@type":"ReadAction","target":["https:\/\/www.clinicaplanas.com\/jorge-planas\/2017\/01\/10\/dolor-localizado\/"]}]},{"@type":"ImageObject","inLanguage":"es","@id":"https:\/\/www.clinicaplanas.com\/jorge-planas\/2017\/01\/10\/dolor-localizado\/#primaryimage","url":"https:\/\/www.clinicaplanas.com\/jorge-planas\/wp-content\/uploads\/dolor-localizado-300x196.jpg","contentUrl":"https:\/\/www.clinicaplanas.com\/jorge-planas\/wp-content\/uploads\/dolor-localizado-300x196.jpg"},{"@type":"BreadcrumbList","@id":"https:\/\/www.clinicaplanas.com\/jorge-planas\/2017\/01\/10\/dolor-localizado\/#breadcrumb","itemListElement":[{"@type":"ListItem","position":1,"name":"Home","item":"https:\/\/www.clinicaplanas.com\/jorge-planas\/"},{"@type":"ListItem","position":2,"name":"Art\u00edculos sobre Medicina Preventiva","item":"https:\/\/www.clinicaplanas.com\/jorge-planas\/medicina-preventiva\/"},{"@type":"ListItem","position":3,"name":"Dolor Localizado"}]},{"@type":"WebSite","@id":"https:\/\/www.clinicaplanas.com\/jorge-planas\/#website","url":"https:\/\/www.clinicaplanas.com\/jorge-planas\/","name":"Tu blog de medicina y cirug\u00eda est\u00e9tica - Cl\u00ednica Planas","description":"Mantente al d\u00eda sobre medicina y cirug\u00eda est\u00e9tica con el blog de Cl\u00ednica Planas. Noticias de actualidad, novedades y tips de la mano de nuestros especialistas.","publisher":{"@id":"https:\/\/www.clinicaplanas.com\/jorge-planas\/#organization"},"potentialAction":[{"@type":"SearchAction","target":{"@type":"EntryPoint","urlTemplate":"https:\/\/www.clinicaplanas.com\/jorge-planas\/?s={search_term_string}"},"query-input":{"@type":"PropertyValueSpecification","valueRequired":true,"valueName":"search_term_string"}}],"inLanguage":"es"},{"@type":"Organization","@id":"https:\/\/www.clinicaplanas.com\/jorge-planas\/#organization","name":"Cl\u00ednica Planas","url":"https:\/\/www.clinicaplanas.com\/jorge-planas\/","logo":{"@type":"ImageObject","inLanguage":"es","@id":"https:\/\/www.clinicaplanas.com\/jorge-planas\/#\/schema\/logo\/image\/","url":"https:\/\/www.clinicaplanas.com\/jorge-planas\/wp-content\/cropped-android-icon-192x192-1.png","contentUrl":"https:\/\/www.clinicaplanas.com\/jorge-planas\/wp-content\/cropped-android-icon-192x192-1.png","width":512,"height":512,"caption":"Cl\u00ednica Planas"},"image":{"@id":"https:\/\/www.clinicaplanas.com\/jorge-planas\/#\/schema\/logo\/image\/"}},{"@type":"Person","@id":"https:\/\/www.clinicaplanas.com\/jorge-planas\/#\/schema\/person\/38a344a831881042e8204a3198e125e5","name":"Dr. Jorge Planas","image":{"@type":"ImageObject","inLanguage":"es","@id":"https:\/\/www.clinicaplanas.com\/jorge-planas\/#\/schema\/person\/image\/","url":"https:\/\/secure.gravatar.com\/avatar\/cc34246c94716dd29a0de743e5d8d515?s=96&d=mm&r=g","contentUrl":"https:\/\/secure.gravatar.com\/avatar\/cc34246c94716dd29a0de743e5d8d515?s=96&d=mm&r=g","caption":"Dr. Jorge Planas"},"sameAs":["http:\/\/www.clinicaplanas.com\/jorge-planas\/"],"url":"https:\/\/www.clinicaplanas.com\/jorge-planas\/author\/admin\/"}]}},"_links":{"self":[{"href":"https:\/\/www.clinicaplanas.com\/jorge-planas\/wp-json\/wp\/v2\/posts\/5693"}],"collection":[{"href":"https:\/\/www.clinicaplanas.com\/jorge-planas\/wp-json\/wp\/v2\/posts"}],"about":[{"href":"https:\/\/www.clinicaplanas.com\/jorge-planas\/wp-json\/wp\/v2\/types\/post"}],"author":[{"embeddable":true,"href":"https:\/\/www.clinicaplanas.com\/jorge-planas\/wp-json\/wp\/v2\/users\/1"}],"replies":[{"embeddable":true,"href":"https:\/\/www.clinicaplanas.com\/jorge-planas\/wp-json\/wp\/v2\/comments?post=5693"}],"version-history":[{"count":0,"href":"https:\/\/www.clinicaplanas.com\/jorge-planas\/wp-json\/wp\/v2\/posts\/5693\/revisions"}],"wp:attachment":[{"href":"https:\/\/www.clinicaplanas.com\/jorge-planas\/wp-json\/wp\/v2\/media?parent=5693"}],"wp:term":[{"taxonomy":"category","embeddable":true,"href":"https:\/\/www.clinicaplanas.com\/jorge-planas\/wp-json\/wp\/v2\/categories?post=5693"},{"taxonomy":"post_tag","embeddable":true,"href":"https:\/\/www.clinicaplanas.com\/jorge-planas\/wp-json\/wp\/v2\/tags?post=5693"}],"curies":[{"name":"wp","href":"https:\/\/api.w.org\/{rel}","templated":true}]}}