{"id":5218,"date":"2016-02-19T13:33:50","date_gmt":"2016-02-19T12:33:50","guid":{"rendered":"http:\/\/www.clinicaplanas.com\/jorge-planas\/?p=5218"},"modified":"2016-02-19T13:33:50","modified_gmt":"2016-02-19T12:33:50","slug":"fallece-don-francisco-ribas-barange-arquitecto-que-diseno-y-construyo-la-clinica-planas","status":"publish","type":"post","link":"https:\/\/www.clinicaplanas.com\/jorge-planas\/2016\/02\/19\/fallece-don-francisco-ribas-barange-arquitecto-que-diseno-y-construyo-la-clinica-planas\/","title":{"rendered":"Fallece Don Francisco Ribas Barang\u00e9, arquitecto que dise\u00f1\u00f3 y construy\u00f3 la Cl\u00ednica Planas"},"content":{"rendered":"<p style=\"text-align: justify;\"><img decoding=\"async\" class=\"alignleft size-full wp-image-5219\" src=\"https:\/\/www.clinicaplanas.com\/jorge-planas\/wp-content\/uploads\/francisco-ribas-barange-descanse-en-paz.jpg\" alt=\"francisco ribas barange descanse en paz\" width=\"209\" height=\"224\" \/>Francisco Ribas Barang\u00e9, Barcelona ,\u00a01933-2016.\u00a0Durante m\u00e1s de 50 a\u00f1os ejerciendo, su arquitectura destac\u00f3 por estar estrechamente vinculada a la regi\u00f3n y el paisaje. Entre sus proyectos destacan \u00a0la Diputaci\u00f3n de Barcelona, la Expo de Sevilla, las oficinas del Racc en la Diagonal, el circuito de Catalunya y\u00a0la <a href=\"https:\/\/www.clinicaplanas.com\/\">Cl\u00ednica Planas de Barcelona<\/a>.\u00a0<!--more-->Su caracter afable y respetuoso dio lugar a una arquitectura intemporal, elegante, prudente y llena de sutilezas. Mi m\u00e1s sentido p\u00e9same a toda su familia. Descanse en Paz.<\/p>\n","protected":false},"excerpt":{"rendered":"<p>Francisco Ribas Barang\u00e9, Barcelona ,\u00a01933-2016.\u00a0Durante m\u00e1s de 50 a\u00f1os ejerciendo, su arquitectura destac\u00f3 por estar estrechamente vinculada a la regi\u00f3n y el paisaje. Entre sus proyectos destacan \u00a0la Diputaci\u00f3n de Barcelona, la Expo de Sevilla, las oficinas del Racc en la Diagonal, el circuito de Catalunya y\u00a0la Cl\u00ednica Planas de Barcelona.\u00a0<\/p>\n","protected":false},"author":1,"featured_media":0,"comment_status":"open","ping_status":"open","sticky":false,"template":"","format":"standard","meta":{"footnotes":""},"categories":[241,265],"tags":[],"class_list":["post-5218","post","type-post","status-publish","format-standard","hentry","category-cirugia-plastica-estetica","category-prensa"],"yoast_head":"<!-- This site is optimized with the Yoast SEO plugin v23.4 - https:\/\/yoast.com\/wordpress\/plugins\/seo\/ -->\n<title>Fallece Don Francisco Ribas Barang\u00e9 - Dr. Jorge Planas Blog<\/title>\n<meta name=\"description\" content=\"Homenaje a Don Francisco Ribas Barang\u00e9, dise\u00f1ador y contructor de la Cl\u00ednica Planas de Barcelona, entre otros gandes proyectos\" \/>\n<meta name=\"robots\" content=\"index, follow, max-snippet:-1, max-image-preview:large, max-video-preview:-1\" \/>\n<link rel=\"canonical\" href=\"https:\/\/www.clinicaplanas.com\/jorge-planas\/2016\/02\/19\/fallece-don-francisco-ribas-barange-arquitecto-que-diseno-y-construyo-la-clinica-planas\/\" \/>\n<meta property=\"og:locale\" content=\"es_ES\" \/>\n<meta property=\"og:type\" content=\"article\" \/>\n<meta property=\"og:title\" content=\"Fallece Don Francisco Ribas Barang\u00e9 - Dr. Jorge Planas Blog\" \/>\n<meta property=\"og:description\" content=\"Homenaje a Don Francisco Ribas Barang\u00e9, dise\u00f1ador y contructor de la Cl\u00ednica Planas de Barcelona, entre otros gandes proyectos\" \/>\n<meta property=\"og:url\" content=\"https:\/\/www.clinicaplanas.com\/jorge-planas\/2016\/02\/19\/fallece-don-francisco-ribas-barange-arquitecto-que-diseno-y-construyo-la-clinica-planas\/\" \/>\n<meta property=\"og:site_name\" content=\"Tu blog de medicina y cirug\u00eda est\u00e9tica - Cl\u00ednica Planas\" \/>\n<meta property=\"article:published_time\" content=\"2016-02-19T12:33:50+00:00\" \/>\n<meta property=\"og:image\" content=\"https:\/\/www.clinicaplanas.com\/jorge-planas\/wp-content\/uploads\/francisco-ribas-barange-descanse-en-paz.jpg\" \/>\n<meta name=\"author\" content=\"Dr. Jorge Planas\" \/>\n<meta name=\"twitter:card\" content=\"summary_large_image\" \/>\n<meta name=\"twitter:label1\" content=\"Escrito por\" \/>\n\t<meta name=\"twitter:data1\" content=\"Dr. Jorge Planas\" \/>\n<!-- \/ Yoast SEO plugin. -->","yoast_head_json":{"title":"Fallece Don Francisco Ribas Barang\u00e9 - Dr. Jorge Planas Blog","description":"Homenaje a Don Francisco Ribas Barang\u00e9, dise\u00f1ador y contructor de la Cl\u00ednica Planas de Barcelona, entre otros gandes proyectos","robots":{"index":"index","follow":"follow","max-snippet":"max-snippet:-1","max-image-preview":"max-image-preview:large","max-video-preview":"max-video-preview:-1"},"canonical":"https:\/\/www.clinicaplanas.com\/jorge-planas\/2016\/02\/19\/fallece-don-francisco-ribas-barange-arquitecto-que-diseno-y-construyo-la-clinica-planas\/","og_locale":"es_ES","og_type":"article","og_title":"Fallece Don Francisco Ribas Barang\u00e9 - Dr. Jorge Planas Blog","og_description":"Homenaje a Don Francisco Ribas Barang\u00e9, dise\u00f1ador y contructor de la Cl\u00ednica Planas de Barcelona, entre otros gandes proyectos","og_url":"https:\/\/www.clinicaplanas.com\/jorge-planas\/2016\/02\/19\/fallece-don-francisco-ribas-barange-arquitecto-que-diseno-y-construyo-la-clinica-planas\/","og_site_name":"Tu blog de medicina y cirug\u00eda est\u00e9tica - Cl\u00ednica Planas","article_published_time":"2016-02-19T12:33:50+00:00","og_image":[{"url":"https:\/\/www.clinicaplanas.com\/jorge-planas\/wp-content\/uploads\/francisco-ribas-barange-descanse-en-paz.jpg"}],"author":"Dr. Jorge Planas","twitter_card":"summary_large_image","twitter_misc":{"Escrito por":"Dr. Jorge Planas"},"schema":{"@context":"https:\/\/schema.org","@graph":[{"@type":"Article","@id":"https:\/\/www.clinicaplanas.com\/jorge-planas\/2016\/02\/19\/fallece-don-francisco-ribas-barange-arquitecto-que-diseno-y-construyo-la-clinica-planas\/#article","isPartOf":{"@id":"https:\/\/www.clinicaplanas.com\/jorge-planas\/2016\/02\/19\/fallece-don-francisco-ribas-barange-arquitecto-que-diseno-y-construyo-la-clinica-planas\/"},"author":{"name":"Dr. Jorge Planas","@id":"https:\/\/www.clinicaplanas.com\/jorge-planas\/#\/schema\/person\/38a344a831881042e8204a3198e125e5"},"headline":"Fallece Don Francisco Ribas Barang\u00e9, arquitecto que dise\u00f1\u00f3 y construy\u00f3 la Cl\u00ednica Planas","datePublished":"2016-02-19T12:33:50+00:00","dateModified":"2016-02-19T12:33:50+00:00","mainEntityOfPage":{"@id":"https:\/\/www.clinicaplanas.com\/jorge-planas\/2016\/02\/19\/fallece-don-francisco-ribas-barange-arquitecto-que-diseno-y-construyo-la-clinica-planas\/"},"wordCount":101,"commentCount":0,"publisher":{"@id":"https:\/\/www.clinicaplanas.com\/jorge-planas\/#organization"},"image":{"@id":"https:\/\/www.clinicaplanas.com\/jorge-planas\/2016\/02\/19\/fallece-don-francisco-ribas-barange-arquitecto-que-diseno-y-construyo-la-clinica-planas\/#primaryimage"},"thumbnailUrl":"https:\/\/www.clinicaplanas.com\/jorge-planas\/wp-content\/uploads\/francisco-ribas-barange-descanse-en-paz.jpg","articleSection":["Art\u00edculos de Cirug\u00eda Est\u00e9tica","Prensa"],"inLanguage":"es","potentialAction":[{"@type":"CommentAction","name":"Comment","target":["https:\/\/www.clinicaplanas.com\/jorge-planas\/2016\/02\/19\/fallece-don-francisco-ribas-barange-arquitecto-que-diseno-y-construyo-la-clinica-planas\/#respond"]}]},{"@type":"WebPage","@id":"https:\/\/www.clinicaplanas.com\/jorge-planas\/2016\/02\/19\/fallece-don-francisco-ribas-barange-arquitecto-que-diseno-y-construyo-la-clinica-planas\/","url":"https:\/\/www.clinicaplanas.com\/jorge-planas\/2016\/02\/19\/fallece-don-francisco-ribas-barange-arquitecto-que-diseno-y-construyo-la-clinica-planas\/","name":"Fallece Don Francisco Ribas Barang\u00e9 - Dr. Jorge Planas Blog","isPartOf":{"@id":"https:\/\/www.clinicaplanas.com\/jorge-planas\/#website"},"primaryImageOfPage":{"@id":"https:\/\/www.clinicaplanas.com\/jorge-planas\/2016\/02\/19\/fallece-don-francisco-ribas-barange-arquitecto-que-diseno-y-construyo-la-clinica-planas\/#primaryimage"},"image":{"@id":"https:\/\/www.clinicaplanas.com\/jorge-planas\/2016\/02\/19\/fallece-don-francisco-ribas-barange-arquitecto-que-diseno-y-construyo-la-clinica-planas\/#primaryimage"},"thumbnailUrl":"https:\/\/www.clinicaplanas.com\/jorge-planas\/wp-content\/uploads\/francisco-ribas-barange-descanse-en-paz.jpg","datePublished":"2016-02-19T12:33:50+00:00","dateModified":"2016-02-19T12:33:50+00:00","description":"Homenaje a Don Francisco Ribas Barang\u00e9, dise\u00f1ador y contructor de la Cl\u00ednica Planas de Barcelona, entre otros gandes proyectos","breadcrumb":{"@id":"https:\/\/www.clinicaplanas.com\/jorge-planas\/2016\/02\/19\/fallece-don-francisco-ribas-barange-arquitecto-que-diseno-y-construyo-la-clinica-planas\/#breadcrumb"},"inLanguage":"es","potentialAction":[{"@type":"ReadAction","target":["https:\/\/www.clinicaplanas.com\/jorge-planas\/2016\/02\/19\/fallece-don-francisco-ribas-barange-arquitecto-que-diseno-y-construyo-la-clinica-planas\/"]}]},{"@type":"ImageObject","inLanguage":"es","@id":"https:\/\/www.clinicaplanas.com\/jorge-planas\/2016\/02\/19\/fallece-don-francisco-ribas-barange-arquitecto-que-diseno-y-construyo-la-clinica-planas\/#primaryimage","url":"https:\/\/www.clinicaplanas.com\/jorge-planas\/wp-content\/uploads\/francisco-ribas-barange-descanse-en-paz.jpg","contentUrl":"https:\/\/www.clinicaplanas.com\/jorge-planas\/wp-content\/uploads\/francisco-ribas-barange-descanse-en-paz.jpg"},{"@type":"BreadcrumbList","@id":"https:\/\/www.clinicaplanas.com\/jorge-planas\/2016\/02\/19\/fallece-don-francisco-ribas-barange-arquitecto-que-diseno-y-construyo-la-clinica-planas\/#breadcrumb","itemListElement":[{"@type":"ListItem","position":1,"name":"Home","item":"https:\/\/www.clinicaplanas.com\/jorge-planas\/"},{"@type":"ListItem","position":2,"name":"Art\u00edculos de Cirug\u00eda Est\u00e9tica","item":"https:\/\/www.clinicaplanas.com\/jorge-planas\/cirugia-plastica-estetica\/"},{"@type":"ListItem","position":3,"name":"Fallece Don Francisco Ribas Barang\u00e9, arquitecto que dise\u00f1\u00f3 y construy\u00f3 la Cl\u00ednica Planas"}]},{"@type":"WebSite","@id":"https:\/\/www.clinicaplanas.com\/jorge-planas\/#website","url":"https:\/\/www.clinicaplanas.com\/jorge-planas\/","name":"Tu blog de medicina y cirug\u00eda est\u00e9tica - Cl\u00ednica Planas","description":"Mantente al d\u00eda sobre medicina y cirug\u00eda est\u00e9tica con el blog de Cl\u00ednica Planas. Noticias de actualidad, novedades y tips de la mano de nuestros especialistas.","publisher":{"@id":"https:\/\/www.clinicaplanas.com\/jorge-planas\/#organization"},"potentialAction":[{"@type":"SearchAction","target":{"@type":"EntryPoint","urlTemplate":"https:\/\/www.clinicaplanas.com\/jorge-planas\/?s={search_term_string}"},"query-input":{"@type":"PropertyValueSpecification","valueRequired":true,"valueName":"search_term_string"}}],"inLanguage":"es"},{"@type":"Organization","@id":"https:\/\/www.clinicaplanas.com\/jorge-planas\/#organization","name":"Cl\u00ednica Planas","url":"https:\/\/www.clinicaplanas.com\/jorge-planas\/","logo":{"@type":"ImageObject","inLanguage":"es","@id":"https:\/\/www.clinicaplanas.com\/jorge-planas\/#\/schema\/logo\/image\/","url":"https:\/\/www.clinicaplanas.com\/jorge-planas\/wp-content\/cropped-android-icon-192x192-1.png","contentUrl":"https:\/\/www.clinicaplanas.com\/jorge-planas\/wp-content\/cropped-android-icon-192x192-1.png","width":512,"height":512,"caption":"Cl\u00ednica Planas"},"image":{"@id":"https:\/\/www.clinicaplanas.com\/jorge-planas\/#\/schema\/logo\/image\/"}},{"@type":"Person","@id":"https:\/\/www.clinicaplanas.com\/jorge-planas\/#\/schema\/person\/38a344a831881042e8204a3198e125e5","name":"Dr. Jorge Planas","image":{"@type":"ImageObject","inLanguage":"es","@id":"https:\/\/www.clinicaplanas.com\/jorge-planas\/#\/schema\/person\/image\/","url":"https:\/\/secure.gravatar.com\/avatar\/cc34246c94716dd29a0de743e5d8d515?s=96&d=mm&r=g","contentUrl":"https:\/\/secure.gravatar.com\/avatar\/cc34246c94716dd29a0de743e5d8d515?s=96&d=mm&r=g","caption":"Dr. Jorge Planas"},"sameAs":["http:\/\/www.clinicaplanas.com\/jorge-planas\/"],"url":"https:\/\/www.clinicaplanas.com\/jorge-planas\/author\/admin\/"}]}},"_links":{"self":[{"href":"https:\/\/www.clinicaplanas.com\/jorge-planas\/wp-json\/wp\/v2\/posts\/5218"}],"collection":[{"href":"https:\/\/www.clinicaplanas.com\/jorge-planas\/wp-json\/wp\/v2\/posts"}],"about":[{"href":"https:\/\/www.clinicaplanas.com\/jorge-planas\/wp-json\/wp\/v2\/types\/post"}],"author":[{"embeddable":true,"href":"https:\/\/www.clinicaplanas.com\/jorge-planas\/wp-json\/wp\/v2\/users\/1"}],"replies":[{"embeddable":true,"href":"https:\/\/www.clinicaplanas.com\/jorge-planas\/wp-json\/wp\/v2\/comments?post=5218"}],"version-history":[{"count":0,"href":"https:\/\/www.clinicaplanas.com\/jorge-planas\/wp-json\/wp\/v2\/posts\/5218\/revisions"}],"wp:attachment":[{"href":"https:\/\/www.clinicaplanas.com\/jorge-planas\/wp-json\/wp\/v2\/media?parent=5218"}],"wp:term":[{"taxonomy":"category","embeddable":true,"href":"https:\/\/www.clinicaplanas.com\/jorge-planas\/wp-json\/wp\/v2\/categories?post=5218"},{"taxonomy":"post_tag","embeddable":true,"href":"https:\/\/www.clinicaplanas.com\/jorge-planas\/wp-json\/wp\/v2\/tags?post=5218"}],"curies":[{"name":"wp","href":"https:\/\/api.w.org\/{rel}","templated":true}]}}