{"id":4578,"date":"2015-03-25T14:18:47","date_gmt":"2015-03-25T13:18:47","guid":{"rendered":"http:\/\/www.clinicaplanas.com\/jorge-planas\/?p=4578"},"modified":"2015-03-25T14:18:47","modified_gmt":"2015-03-25T13:18:47","slug":"como-corregir-las-orejas-de-soplillo","status":"publish","type":"post","link":"https:\/\/www.clinicaplanas.com\/jorge-planas\/2015\/03\/25\/como-corregir-las-orejas-de-soplillo\/","title":{"rendered":"C\u00f3mo corregir las orejas de soplillo"},"content":{"rendered":"<p><img decoding=\"async\" class=\"alignleft wp-image-4579 size-medium\" src=\"https:\/\/www.clinicaplanas.com\/jorge-planas\/wp-content\/uploads\/2015\/03\/c\u00f3mo-corregir-las-orejas-de-soplillo-300x160.png\" alt=\"c\u00f3mo corregir las orejas de soplillo\" width=\"300\" height=\"160\" \/>Cap\u00edtulo de #corporesano en #lavanguardiaTV. Hoy explico\u00a0la t\u00e9cnica para solucionar esta enfermedad cong\u00e9nita que afecta al 5% de la poblaci\u00f3n, las orejas de soplillo.<\/p>\n<p>Las orejas de soplillo es una deformidad cong\u00e9nita que afecta al pabell\u00f3n auricular, que adem\u00e1s puede provocar graves problemas psicol\u00f3gicos, sobretodo en los m\u00e1s peque\u00f1os. Una sencilla intervenci\u00f3n quir\u00fargica, <a href=\"https:\/\/www.clinicaplanas.com\/cirugia-estetica-facial\/otoplastia\" target=\"_blank\" rel=\"noopener\">la otoplastia<\/a>, soluciona el problema, y libera a las personas del peso de la diferencia.<\/p>\n<p>Los ni\u00f1os son los que est\u00e1n m\u00e1s afectados psicologicamente por esta deformidad cong\u00e9nita, ya que no est\u00e1n preparados para sufrir las bromas y ridiculizaci\u00f3n por parte de sus compa\u00f1eros. El defecto puede deberse a una falta del pliegue\u00a0del cart\u00edlago de la zona del anteh\u00e9lix, que da una apariencia de oreja sumamente extendida y plana. En otros casos es la concha auricular la que est\u00e1 excesivamente desarrollada en su porci\u00f3n de uni\u00f3n con el cr\u00e1neo, dando el efecto que las orejas est\u00e1n demasiado separadas. Esta deformidad puede ser tanto bilateral como unilateral.<\/p>\n<p>La intervenci\u00f3n quir\u00fargica de las orejas de soplillo, es bastante sencilla, de corta duraci\u00f3n , que se realiza bajo anestesia local y sedaci\u00f3n en adulto, y anestesia general en ni\u00f1os. \u00a0A partir de los 6 o 7 a\u00f1os, un ni\u00f1o ya puede ser intervenido de las orejas en asa, ya que el tama\u00f1o de las orejas de un ni\u00f1o de 7 a\u00f1os es igual al de un adulto.<\/p>\n<p>&nbsp;<\/p>\n<p><iframe src=\"https:\/\/www.youtube.com\/embed\/5hwyz-2vwds?list=PLhkHcc7EKtBZVNMXaVH9lOewA8X-Q-QWM\" width=\"560\" height=\"315\" frameborder=\"0\" allowfullscreen=\"allowfullscreen\"><\/iframe><\/p>\n","protected":false},"excerpt":{"rendered":"<p>Cap\u00edtulo de #corporesano en #lavanguardiaTV. Hoy explico\u00a0la t\u00e9cnica para solucionar esta enfermedad cong\u00e9nita que afecta al 5% de la poblaci\u00f3n, las orejas de soplillo. Las orejas de soplillo es una deformidad cong\u00e9nita que afecta al pabell\u00f3n auricular, que adem\u00e1s puede provocar graves problemas psicol\u00f3gicos, sobretodo en los m\u00e1s peque\u00f1os. Una sencilla intervenci\u00f3n quir\u00fargica, la otoplastia, [&#8230;]\n","protected":false},"author":102,"featured_media":0,"comment_status":"open","ping_status":"open","sticky":false,"template":"","format":"standard","meta":{"footnotes":""},"categories":[241,243],"tags":[],"class_list":["post-4578","post","type-post","status-publish","format-standard","hentry","category-cirugia-plastica-estetica","category-cirugia-facial"],"yoast_head":"<!-- This site is optimized with the Yoast SEO plugin v23.4 - https:\/\/yoast.com\/wordpress\/plugins\/seo\/ -->\n<title>C\u00f3mo corregir las orejas de soplillo - TT - Tu blog de medicina y cirug\u00eda est\u00e9tica - Cl\u00ednica Planas<\/title>\n<meta name=\"description\" content=\"Hoy explico la t\u00e9cnica para solucionar esta enfermedad cong\u00e9nita que afecta al 5% de la poblaci\u00f3n, las orejas de soplillo.\" \/>\n<meta name=\"robots\" content=\"index, follow, max-snippet:-1, max-image-preview:large, max-video-preview:-1\" \/>\n<link rel=\"canonical\" href=\"https:\/\/www.clinicaplanas.com\/jorge-planas\/2015\/03\/25\/como-corregir-las-orejas-de-soplillo\/\" \/>\n<meta property=\"og:locale\" content=\"es_ES\" \/>\n<meta property=\"og:type\" content=\"article\" \/>\n<meta property=\"og:title\" content=\"C\u00f3mo corregir las orejas de soplillo - TT - Tu blog de medicina y cirug\u00eda est\u00e9tica - Cl\u00ednica Planas\" \/>\n<meta property=\"og:description\" content=\"Hoy explico la t\u00e9cnica para solucionar esta enfermedad cong\u00e9nita que afecta al 5% de la poblaci\u00f3n, las orejas de soplillo.\" \/>\n<meta property=\"og:url\" content=\"https:\/\/www.clinicaplanas.com\/jorge-planas\/2015\/03\/25\/como-corregir-las-orejas-de-soplillo\/\" \/>\n<meta property=\"og:site_name\" content=\"Tu blog de medicina y cirug\u00eda est\u00e9tica - Cl\u00ednica Planas\" \/>\n<meta property=\"article:published_time\" content=\"2015-03-25T13:18:47+00:00\" \/>\n<meta name=\"author\" content=\"Doctor JorgePlanas\" \/>\n<meta name=\"twitter:card\" content=\"summary_large_image\" \/>\n<meta name=\"twitter:label1\" content=\"Escrito por\" \/>\n\t<meta name=\"twitter:data1\" content=\"Doctor JorgePlanas\" \/>\n\t<meta name=\"twitter:label2\" content=\"Tiempo de lectura\" \/>\n\t<meta name=\"twitter:data2\" content=\"1 minuto\" \/>\n<!-- \/ Yoast SEO plugin. -->","yoast_head_json":{"title":"C\u00f3mo corregir las orejas de soplillo - TT - Tu blog de medicina y cirug\u00eda est\u00e9tica - Cl\u00ednica Planas","description":"Hoy explico la t\u00e9cnica para solucionar esta enfermedad cong\u00e9nita que afecta al 5% de la poblaci\u00f3n, las orejas de soplillo.","robots":{"index":"index","follow":"follow","max-snippet":"max-snippet:-1","max-image-preview":"max-image-preview:large","max-video-preview":"max-video-preview:-1"},"canonical":"https:\/\/www.clinicaplanas.com\/jorge-planas\/2015\/03\/25\/como-corregir-las-orejas-de-soplillo\/","og_locale":"es_ES","og_type":"article","og_title":"C\u00f3mo corregir las orejas de soplillo - TT - Tu blog de medicina y cirug\u00eda est\u00e9tica - Cl\u00ednica Planas","og_description":"Hoy explico la t\u00e9cnica para solucionar esta enfermedad cong\u00e9nita que afecta al 5% de la poblaci\u00f3n, las orejas de soplillo.","og_url":"https:\/\/www.clinicaplanas.com\/jorge-planas\/2015\/03\/25\/como-corregir-las-orejas-de-soplillo\/","og_site_name":"Tu blog de medicina y cirug\u00eda est\u00e9tica - Cl\u00ednica Planas","article_published_time":"2015-03-25T13:18:47+00:00","author":"Doctor JorgePlanas","twitter_card":"summary_large_image","twitter_misc":{"Escrito por":"Doctor JorgePlanas","Tiempo de lectura":"1 minuto"},"schema":{"@context":"https:\/\/schema.org","@graph":[{"@type":"Article","@id":"https:\/\/www.clinicaplanas.com\/jorge-planas\/2015\/03\/25\/como-corregir-las-orejas-de-soplillo\/#article","isPartOf":{"@id":"https:\/\/www.clinicaplanas.com\/jorge-planas\/2015\/03\/25\/como-corregir-las-orejas-de-soplillo\/"},"author":{"name":"Doctor JorgePlanas","@id":"https:\/\/www.clinicaplanas.com\/jorge-planas\/#\/schema\/person\/b13ac6e9212d6f27b00095767a2f4417"},"headline":"C\u00f3mo corregir las orejas de soplillo","datePublished":"2015-03-25T13:18:47+00:00","dateModified":"2015-03-25T13:18:47+00:00","mainEntityOfPage":{"@id":"https:\/\/www.clinicaplanas.com\/jorge-planas\/2015\/03\/25\/como-corregir-las-orejas-de-soplillo\/"},"wordCount":267,"commentCount":1,"publisher":{"@id":"https:\/\/www.clinicaplanas.com\/jorge-planas\/#organization"},"articleSection":["Art\u00edculos de Cirug\u00eda Est\u00e9tica","Art\u00edculos de Cirug\u00eda Est\u00e9tica Facial"],"inLanguage":"es","potentialAction":[{"@type":"CommentAction","name":"Comment","target":["https:\/\/www.clinicaplanas.com\/jorge-planas\/2015\/03\/25\/como-corregir-las-orejas-de-soplillo\/#respond"]}]},{"@type":"WebPage","@id":"https:\/\/www.clinicaplanas.com\/jorge-planas\/2015\/03\/25\/como-corregir-las-orejas-de-soplillo\/","url":"https:\/\/www.clinicaplanas.com\/jorge-planas\/2015\/03\/25\/como-corregir-las-orejas-de-soplillo\/","name":"C\u00f3mo corregir las orejas de soplillo - TT - Tu blog de medicina y cirug\u00eda est\u00e9tica - Cl\u00ednica Planas","isPartOf":{"@id":"https:\/\/www.clinicaplanas.com\/jorge-planas\/#website"},"datePublished":"2015-03-25T13:18:47+00:00","dateModified":"2015-03-25T13:18:47+00:00","description":"Hoy explico la t\u00e9cnica para solucionar esta enfermedad cong\u00e9nita que afecta al 5% de la poblaci\u00f3n, las orejas de soplillo.","breadcrumb":{"@id":"https:\/\/www.clinicaplanas.com\/jorge-planas\/2015\/03\/25\/como-corregir-las-orejas-de-soplillo\/#breadcrumb"},"inLanguage":"es","potentialAction":[{"@type":"ReadAction","target":["https:\/\/www.clinicaplanas.com\/jorge-planas\/2015\/03\/25\/como-corregir-las-orejas-de-soplillo\/"]}]},{"@type":"BreadcrumbList","@id":"https:\/\/www.clinicaplanas.com\/jorge-planas\/2015\/03\/25\/como-corregir-las-orejas-de-soplillo\/#breadcrumb","itemListElement":[{"@type":"ListItem","position":1,"name":"Home","item":"https:\/\/www.clinicaplanas.com\/jorge-planas\/"},{"@type":"ListItem","position":2,"name":"rinoplastia ultras\u00f3nica","item":"https:\/\/www.clinicaplanas.com\/jorge-planas\/tag\/rinoplastia-ultrasonica\/"},{"@type":"ListItem","position":3,"name":"C\u00f3mo corregir las orejas de soplillo"}]},{"@type":"WebSite","@id":"https:\/\/www.clinicaplanas.com\/jorge-planas\/#website","url":"https:\/\/www.clinicaplanas.com\/jorge-planas\/","name":"Tu blog de medicina y cirug\u00eda est\u00e9tica - Cl\u00ednica Planas","description":"Mantente al d\u00eda sobre medicina y cirug\u00eda est\u00e9tica con el blog de Cl\u00ednica Planas. Noticias de actualidad, novedades y tips de la mano de nuestros especialistas.","publisher":{"@id":"https:\/\/www.clinicaplanas.com\/jorge-planas\/#organization"},"potentialAction":[{"@type":"SearchAction","target":{"@type":"EntryPoint","urlTemplate":"https:\/\/www.clinicaplanas.com\/jorge-planas\/?s={search_term_string}"},"query-input":{"@type":"PropertyValueSpecification","valueRequired":true,"valueName":"search_term_string"}}],"inLanguage":"es"},{"@type":"Organization","@id":"https:\/\/www.clinicaplanas.com\/jorge-planas\/#organization","name":"Cl\u00ednica Planas","url":"https:\/\/www.clinicaplanas.com\/jorge-planas\/","logo":{"@type":"ImageObject","inLanguage":"es","@id":"https:\/\/www.clinicaplanas.com\/jorge-planas\/#\/schema\/logo\/image\/","url":"https:\/\/www.clinicaplanas.com\/jorge-planas\/wp-content\/cropped-android-icon-192x192-1.png","contentUrl":"https:\/\/www.clinicaplanas.com\/jorge-planas\/wp-content\/cropped-android-icon-192x192-1.png","width":512,"height":512,"caption":"Cl\u00ednica Planas"},"image":{"@id":"https:\/\/www.clinicaplanas.com\/jorge-planas\/#\/schema\/logo\/image\/"}},{"@type":"Person","@id":"https:\/\/www.clinicaplanas.com\/jorge-planas\/#\/schema\/person\/b13ac6e9212d6f27b00095767a2f4417","name":"Doctor JorgePlanas","image":{"@type":"ImageObject","inLanguage":"es","@id":"https:\/\/www.clinicaplanas.com\/jorge-planas\/#\/schema\/person\/image\/","url":"https:\/\/secure.gravatar.com\/avatar\/?s=96&d=mm&r=g","contentUrl":"https:\/\/secure.gravatar.com\/avatar\/?s=96&d=mm&r=g","caption":"Doctor JorgePlanas"},"url":"https:\/\/www.clinicaplanas.com\/jorge-planas\/author\/doctor-jorgeplanas\/"}]}},"_links":{"self":[{"href":"https:\/\/www.clinicaplanas.com\/jorge-planas\/wp-json\/wp\/v2\/posts\/4578"}],"collection":[{"href":"https:\/\/www.clinicaplanas.com\/jorge-planas\/wp-json\/wp\/v2\/posts"}],"about":[{"href":"https:\/\/www.clinicaplanas.com\/jorge-planas\/wp-json\/wp\/v2\/types\/post"}],"author":[{"embeddable":true,"href":"https:\/\/www.clinicaplanas.com\/jorge-planas\/wp-json\/wp\/v2\/users\/102"}],"replies":[{"embeddable":true,"href":"https:\/\/www.clinicaplanas.com\/jorge-planas\/wp-json\/wp\/v2\/comments?post=4578"}],"version-history":[{"count":0,"href":"https:\/\/www.clinicaplanas.com\/jorge-planas\/wp-json\/wp\/v2\/posts\/4578\/revisions"}],"wp:attachment":[{"href":"https:\/\/www.clinicaplanas.com\/jorge-planas\/wp-json\/wp\/v2\/media?parent=4578"}],"wp:term":[{"taxonomy":"category","embeddable":true,"href":"https:\/\/www.clinicaplanas.com\/jorge-planas\/wp-json\/wp\/v2\/categories?post=4578"},{"taxonomy":"post_tag","embeddable":true,"href":"https:\/\/www.clinicaplanas.com\/jorge-planas\/wp-json\/wp\/v2\/tags?post=4578"}],"curies":[{"name":"wp","href":"https:\/\/api.w.org\/{rel}","templated":true}]}}