{"id":4525,"date":"2015-03-04T14:02:43","date_gmt":"2015-03-04T13:02:43","guid":{"rendered":"http:\/\/www.clinicaplanas.com\/jorge-planas\/?p=4525"},"modified":"2015-03-04T14:02:43","modified_gmt":"2015-03-04T13:02:43","slug":"barbillas-que-distorsionan-el-rostro","status":"publish","type":"post","link":"https:\/\/www.clinicaplanas.com\/jorge-planas\/2015\/03\/04\/barbillas-que-distorsionan-el-rostro\/","title":{"rendered":"Barbillas que distorsionan el rostro"},"content":{"rendered":"<p><img decoding=\"async\" class=\"alignleft wp-image-4526 size-medium\" src=\"https:\/\/www.clinicaplanas.com\/jorge-planas\/wp-content\/uploads\/2015\/03\/Captura-de-pantalla-2015-03-04-a-las-13.57.01-300x158.png\" alt=\"cirug\u00eda del ment\u00f3n\" width=\"300\" height=\"158\" srcset=\"https:\/\/www.clinicaplanas.com\/jorge-planas\/wp-content\/Captura-de-pantalla-2015-03-04-a-las-13.57.01-300x158.png 300w, https:\/\/www.clinicaplanas.com\/jorge-planas\/wp-content\/Captura-de-pantalla-2015-03-04-a-las-13.57.01.png 466w\" sizes=\"(max-width: 300px) 100vw, 300px\" \/>Cap\u00edtulo de #corporesano en @lavanguardiaTV. Hoy explicamos, junto con el Dr. Sieira, en qu\u00e9 consiste la cirug\u00eda del ment\u00f3n.<\/p>\n<p><a href=\"https:\/\/www.clinicaplanas.com\/estetica-dental\/cirugia-maxilofacial\" target=\"_blank\" rel=\"noopener\">El ment\u00f3n<\/a> es una parte fundamental para la armon\u00eda facial.\u00a0 En funci\u00f3n de si el ment\u00f3n va acompa\u00f1ado de una buena o mala oclusi\u00f3n <!--more--> dental, intervendr\u00e1n diferentes especialistas, con el fin de corregir el ment\u00f3n con diferentes t\u00e9cnicas.<\/p>\n<p>El cirujano pl\u00e1stico interviene en los casos en los que hay una buena oclusi\u00f3n dental, pero el ment\u00f3n est\u00e1 o retra\u00eddo o demasiado protru\u00eddo. El caso del ment\u00f3n retra\u00eddo, es necesaria una <strong>cirug\u00eda de ment\u00f3n<\/strong> d\u00f3nde se realiza la inclusi\u00f3n de una pr\u00f3tesis a medida o un rellenado de grasa del propio paciente, para rellenar ese espacio y lograr una buena armon\u00eda su rostro del paciente.<\/p>\n<p><span style=\"color: #ffffff;\">j<\/span><\/p>\n<p><iframe src=\"https:\/\/www.youtube.com\/embed\/NpmdG45Jbtk?list=PLhkHcc7EKtBZVNMXaVH9lOewA8X-Q-QWM\" width=\"560\" height=\"315\" frameborder=\"0\" allowfullscreen=\"allowfullscreen\"><\/iframe><\/p>\n","protected":false},"excerpt":{"rendered":"<p>Cap\u00edtulo de #corporesano en @lavanguardiaTV. Hoy explicamos, junto con el Dr. Sieira, en qu\u00e9 consiste la cirug\u00eda del ment\u00f3n. El ment\u00f3n es una parte fundamental para la armon\u00eda facial.\u00a0 En funci\u00f3n de si el ment\u00f3n va acompa\u00f1ado de una buena o mala oclusi\u00f3n<\/p>\n","protected":false},"author":102,"featured_media":0,"comment_status":"open","ping_status":"open","sticky":false,"template":"","format":"standard","meta":{"footnotes":""},"categories":[241,243],"tags":[],"class_list":["post-4525","post","type-post","status-publish","format-standard","hentry","category-cirugia-plastica-estetica","category-cirugia-facial"],"yoast_head":"<!-- This site is optimized with the Yoast SEO plugin v23.4 - https:\/\/yoast.com\/wordpress\/plugins\/seo\/ -->\n<title>Cirug\u00eda del ment\u00f3n | \u00bfen qu\u00e9 consiste? - Dr. Jorge Planas Blog<\/title>\n<meta name=\"description\" content=\"EL Dr. Jorge Planas, junto con el Dr. Sieira, explican en qu\u00e9 consiste la cirug\u00eda del ment\u00f3n, con todo detalle, y como armoniza todo el rostro.\" \/>\n<meta name=\"robots\" content=\"index, follow, max-snippet:-1, max-image-preview:large, max-video-preview:-1\" \/>\n<link rel=\"canonical\" href=\"https:\/\/www.clinicaplanas.com\/jorge-planas\/2015\/03\/04\/barbillas-que-distorsionan-el-rostro\/\" \/>\n<meta property=\"og:locale\" content=\"es_ES\" \/>\n<meta property=\"og:type\" content=\"article\" \/>\n<meta property=\"og:title\" content=\"Cirug\u00eda del ment\u00f3n | \u00bfen qu\u00e9 consiste? - Dr. Jorge Planas Blog\" \/>\n<meta property=\"og:description\" content=\"EL Dr. Jorge Planas, junto con el Dr. Sieira, explican en qu\u00e9 consiste la cirug\u00eda del ment\u00f3n, con todo detalle, y como armoniza todo el rostro.\" \/>\n<meta property=\"og:url\" content=\"https:\/\/www.clinicaplanas.com\/jorge-planas\/2015\/03\/04\/barbillas-que-distorsionan-el-rostro\/\" \/>\n<meta property=\"og:site_name\" content=\"Tu blog de medicina y cirug\u00eda est\u00e9tica - Cl\u00ednica Planas\" \/>\n<meta property=\"article:published_time\" content=\"2015-03-04T13:02:43+00:00\" \/>\n<meta property=\"og:image\" content=\"https:\/\/www.clinicaplanas.com\/jorge-planas\/wp-content\/uploads\/2015\/03\/Captura-de-pantalla-2015-03-04-a-las-13.57.01-300x158.png\" \/>\n<meta name=\"author\" content=\"Doctor JorgePlanas\" \/>\n<meta name=\"twitter:card\" content=\"summary_large_image\" \/>\n<meta name=\"twitter:label1\" content=\"Escrito por\" \/>\n\t<meta name=\"twitter:data1\" content=\"Doctor JorgePlanas\" \/>\n\t<meta name=\"twitter:label2\" content=\"Tiempo de lectura\" \/>\n\t<meta name=\"twitter:data2\" content=\"1 minuto\" \/>\n<!-- \/ Yoast SEO plugin. -->","yoast_head_json":{"title":"Cirug\u00eda del ment\u00f3n | \u00bfen qu\u00e9 consiste? - Dr. Jorge Planas Blog","description":"EL Dr. Jorge Planas, junto con el Dr. Sieira, explican en qu\u00e9 consiste la cirug\u00eda del ment\u00f3n, con todo detalle, y como armoniza todo el rostro.","robots":{"index":"index","follow":"follow","max-snippet":"max-snippet:-1","max-image-preview":"max-image-preview:large","max-video-preview":"max-video-preview:-1"},"canonical":"https:\/\/www.clinicaplanas.com\/jorge-planas\/2015\/03\/04\/barbillas-que-distorsionan-el-rostro\/","og_locale":"es_ES","og_type":"article","og_title":"Cirug\u00eda del ment\u00f3n | \u00bfen qu\u00e9 consiste? - Dr. Jorge Planas Blog","og_description":"EL Dr. Jorge Planas, junto con el Dr. Sieira, explican en qu\u00e9 consiste la cirug\u00eda del ment\u00f3n, con todo detalle, y como armoniza todo el rostro.","og_url":"https:\/\/www.clinicaplanas.com\/jorge-planas\/2015\/03\/04\/barbillas-que-distorsionan-el-rostro\/","og_site_name":"Tu blog de medicina y cirug\u00eda est\u00e9tica - Cl\u00ednica Planas","article_published_time":"2015-03-04T13:02:43+00:00","og_image":[{"url":"https:\/\/www.clinicaplanas.com\/jorge-planas\/wp-content\/uploads\/2015\/03\/Captura-de-pantalla-2015-03-04-a-las-13.57.01-300x158.png"}],"author":"Doctor JorgePlanas","twitter_card":"summary_large_image","twitter_misc":{"Escrito por":"Doctor JorgePlanas","Tiempo de lectura":"1 minuto"},"schema":{"@context":"https:\/\/schema.org","@graph":[{"@type":"Article","@id":"https:\/\/www.clinicaplanas.com\/jorge-planas\/2015\/03\/04\/barbillas-que-distorsionan-el-rostro\/#article","isPartOf":{"@id":"https:\/\/www.clinicaplanas.com\/jorge-planas\/2015\/03\/04\/barbillas-que-distorsionan-el-rostro\/"},"author":{"name":"Doctor JorgePlanas","@id":"https:\/\/www.clinicaplanas.com\/jorge-planas\/#\/schema\/person\/b13ac6e9212d6f27b00095767a2f4417"},"headline":"Barbillas que distorsionan el rostro","datePublished":"2015-03-04T13:02:43+00:00","dateModified":"2015-03-04T13:02:43+00:00","mainEntityOfPage":{"@id":"https:\/\/www.clinicaplanas.com\/jorge-planas\/2015\/03\/04\/barbillas-que-distorsionan-el-rostro\/"},"wordCount":154,"commentCount":0,"publisher":{"@id":"https:\/\/www.clinicaplanas.com\/jorge-planas\/#organization"},"image":{"@id":"https:\/\/www.clinicaplanas.com\/jorge-planas\/2015\/03\/04\/barbillas-que-distorsionan-el-rostro\/#primaryimage"},"thumbnailUrl":"https:\/\/www.clinicaplanas.com\/jorge-planas\/wp-content\/uploads\/2015\/03\/Captura-de-pantalla-2015-03-04-a-las-13.57.01-300x158.png","articleSection":["Art\u00edculos de Cirug\u00eda Est\u00e9tica","Art\u00edculos de Cirug\u00eda Est\u00e9tica Facial"],"inLanguage":"es","potentialAction":[{"@type":"CommentAction","name":"Comment","target":["https:\/\/www.clinicaplanas.com\/jorge-planas\/2015\/03\/04\/barbillas-que-distorsionan-el-rostro\/#respond"]}]},{"@type":"WebPage","@id":"https:\/\/www.clinicaplanas.com\/jorge-planas\/2015\/03\/04\/barbillas-que-distorsionan-el-rostro\/","url":"https:\/\/www.clinicaplanas.com\/jorge-planas\/2015\/03\/04\/barbillas-que-distorsionan-el-rostro\/","name":"Cirug\u00eda del ment\u00f3n | \u00bfen qu\u00e9 consiste? - Dr. Jorge Planas Blog","isPartOf":{"@id":"https:\/\/www.clinicaplanas.com\/jorge-planas\/#website"},"primaryImageOfPage":{"@id":"https:\/\/www.clinicaplanas.com\/jorge-planas\/2015\/03\/04\/barbillas-que-distorsionan-el-rostro\/#primaryimage"},"image":{"@id":"https:\/\/www.clinicaplanas.com\/jorge-planas\/2015\/03\/04\/barbillas-que-distorsionan-el-rostro\/#primaryimage"},"thumbnailUrl":"https:\/\/www.clinicaplanas.com\/jorge-planas\/wp-content\/uploads\/2015\/03\/Captura-de-pantalla-2015-03-04-a-las-13.57.01-300x158.png","datePublished":"2015-03-04T13:02:43+00:00","dateModified":"2015-03-04T13:02:43+00:00","description":"EL Dr. Jorge Planas, junto con el Dr. Sieira, explican en qu\u00e9 consiste la cirug\u00eda del ment\u00f3n, con todo detalle, y como armoniza todo el rostro.","breadcrumb":{"@id":"https:\/\/www.clinicaplanas.com\/jorge-planas\/2015\/03\/04\/barbillas-que-distorsionan-el-rostro\/#breadcrumb"},"inLanguage":"es","potentialAction":[{"@type":"ReadAction","target":["https:\/\/www.clinicaplanas.com\/jorge-planas\/2015\/03\/04\/barbillas-que-distorsionan-el-rostro\/"]}]},{"@type":"ImageObject","inLanguage":"es","@id":"https:\/\/www.clinicaplanas.com\/jorge-planas\/2015\/03\/04\/barbillas-que-distorsionan-el-rostro\/#primaryimage","url":"https:\/\/www.clinicaplanas.com\/jorge-planas\/wp-content\/uploads\/2015\/03\/Captura-de-pantalla-2015-03-04-a-las-13.57.01-300x158.png","contentUrl":"https:\/\/www.clinicaplanas.com\/jorge-planas\/wp-content\/uploads\/2015\/03\/Captura-de-pantalla-2015-03-04-a-las-13.57.01-300x158.png"},{"@type":"BreadcrumbList","@id":"https:\/\/www.clinicaplanas.com\/jorge-planas\/2015\/03\/04\/barbillas-que-distorsionan-el-rostro\/#breadcrumb","itemListElement":[{"@type":"ListItem","position":1,"name":"Home","item":"https:\/\/www.clinicaplanas.com\/jorge-planas\/"},{"@type":"ListItem","position":2,"name":"rinoplastia ultras\u00f3nica","item":"https:\/\/www.clinicaplanas.com\/jorge-planas\/tag\/rinoplastia-ultrasonica\/"},{"@type":"ListItem","position":3,"name":"Barbillas que distorsionan el rostro"}]},{"@type":"WebSite","@id":"https:\/\/www.clinicaplanas.com\/jorge-planas\/#website","url":"https:\/\/www.clinicaplanas.com\/jorge-planas\/","name":"Tu blog de medicina y cirug\u00eda est\u00e9tica - Cl\u00ednica Planas","description":"Mantente al d\u00eda sobre medicina y cirug\u00eda est\u00e9tica con el blog de Cl\u00ednica Planas. Noticias de actualidad, novedades y tips de la mano de nuestros especialistas.","publisher":{"@id":"https:\/\/www.clinicaplanas.com\/jorge-planas\/#organization"},"potentialAction":[{"@type":"SearchAction","target":{"@type":"EntryPoint","urlTemplate":"https:\/\/www.clinicaplanas.com\/jorge-planas\/?s={search_term_string}"},"query-input":{"@type":"PropertyValueSpecification","valueRequired":true,"valueName":"search_term_string"}}],"inLanguage":"es"},{"@type":"Organization","@id":"https:\/\/www.clinicaplanas.com\/jorge-planas\/#organization","name":"Cl\u00ednica Planas","url":"https:\/\/www.clinicaplanas.com\/jorge-planas\/","logo":{"@type":"ImageObject","inLanguage":"es","@id":"https:\/\/www.clinicaplanas.com\/jorge-planas\/#\/schema\/logo\/image\/","url":"https:\/\/www.clinicaplanas.com\/jorge-planas\/wp-content\/cropped-android-icon-192x192-1.png","contentUrl":"https:\/\/www.clinicaplanas.com\/jorge-planas\/wp-content\/cropped-android-icon-192x192-1.png","width":512,"height":512,"caption":"Cl\u00ednica Planas"},"image":{"@id":"https:\/\/www.clinicaplanas.com\/jorge-planas\/#\/schema\/logo\/image\/"}},{"@type":"Person","@id":"https:\/\/www.clinicaplanas.com\/jorge-planas\/#\/schema\/person\/b13ac6e9212d6f27b00095767a2f4417","name":"Doctor JorgePlanas","image":{"@type":"ImageObject","inLanguage":"es","@id":"https:\/\/www.clinicaplanas.com\/jorge-planas\/#\/schema\/person\/image\/","url":"https:\/\/secure.gravatar.com\/avatar\/?s=96&d=mm&r=g","contentUrl":"https:\/\/secure.gravatar.com\/avatar\/?s=96&d=mm&r=g","caption":"Doctor JorgePlanas"},"url":"https:\/\/www.clinicaplanas.com\/jorge-planas\/author\/doctor-jorgeplanas\/"}]}},"_links":{"self":[{"href":"https:\/\/www.clinicaplanas.com\/jorge-planas\/wp-json\/wp\/v2\/posts\/4525"}],"collection":[{"href":"https:\/\/www.clinicaplanas.com\/jorge-planas\/wp-json\/wp\/v2\/posts"}],"about":[{"href":"https:\/\/www.clinicaplanas.com\/jorge-planas\/wp-json\/wp\/v2\/types\/post"}],"author":[{"embeddable":true,"href":"https:\/\/www.clinicaplanas.com\/jorge-planas\/wp-json\/wp\/v2\/users\/102"}],"replies":[{"embeddable":true,"href":"https:\/\/www.clinicaplanas.com\/jorge-planas\/wp-json\/wp\/v2\/comments?post=4525"}],"version-history":[{"count":0,"href":"https:\/\/www.clinicaplanas.com\/jorge-planas\/wp-json\/wp\/v2\/posts\/4525\/revisions"}],"wp:attachment":[{"href":"https:\/\/www.clinicaplanas.com\/jorge-planas\/wp-json\/wp\/v2\/media?parent=4525"}],"wp:term":[{"taxonomy":"category","embeddable":true,"href":"https:\/\/www.clinicaplanas.com\/jorge-planas\/wp-json\/wp\/v2\/categories?post=4525"},{"taxonomy":"post_tag","embeddable":true,"href":"https:\/\/www.clinicaplanas.com\/jorge-planas\/wp-json\/wp\/v2\/tags?post=4525"}],"curies":[{"name":"wp","href":"https:\/\/api.w.org\/{rel}","templated":true}]}}