{"id":4440,"date":"2014-11-12T12:49:10","date_gmt":"2014-11-12T11:49:10","guid":{"rendered":"http:\/\/www.clinicaplanas.com\/jorge-planas\/?p=4440"},"modified":"2014-11-12T12:49:10","modified_gmt":"2014-11-12T11:49:10","slug":"acne-que-puedo-hacer","status":"publish","type":"post","link":"https:\/\/www.clinicaplanas.com\/jorge-planas\/2014\/11\/12\/acne-que-puedo-hacer\/","title":{"rendered":"Acn\u00e9 \u00bfQu\u00e9 puedo hacer?"},"content":{"rendered":"<p style=\"text-align: justify;\"><a href=\"https:\/\/www.clinicaplanas.com\/jorge-planas\/wp-content\/uploads\/2014\/11\/acne-antes-y-despue\u0301s.jpg\"><img decoding=\"async\" class=\"alignleft size-medium wp-image-4443\" src=\"https:\/\/www.clinicaplanas.com\/jorge-planas\/wp-content\/uploads\/2014\/11\/acne-antes-y-despue\u0301s-300x200.jpg\" alt=\"acn\u00e9-antes y despu\u00e9s\" width=\"300\" height=\"200\" srcset=\"https:\/\/www.clinicaplanas.com\/jorge-planas\/wp-content\/acne-antes-y-despue\u0301s-300x200.jpg 300w, https:\/\/www.clinicaplanas.com\/jorge-planas\/wp-content\/acne-antes-y-despue\u0301s.jpg 615w\" sizes=\"(max-width: 300px) 100vw, 300px\" \/><\/a>El acn\u00e9 es una patolog\u00eda que afecta al 80% de los adolescentes provocando los inest\u00e9ticas lesiones con pus, puntos negros y rojeces que puede afectar la autoestima de los j\u00f3venes en esta \u00e9poca cr\u00edtica de su desarrollo. Por otro lado, es menos conocido el que se presenta en\u00a0la edad adulta que cada vez est\u00e1 m\u00e1s en aumento.<!--more--><\/p>\n<p style=\"text-align: justify;\"><span style=\"color: #ffffff;\">j<\/span><\/p>\n<h4 style=\"text-align: justify;\">Evitando las cicatrices<\/h4>\n<p style=\"text-align: justify;\">Es importante tratar el acn\u00e9 para evitar las secuelas de cicatrices. En primer lugar es importante hacer un diagn\u00f3stico del tipo de acn\u00e9, saber si existe un desarreglo hormonal, factores gen\u00e9ticos o si se debe a factores ex\u00f3genos como la aplicaci\u00f3n de cremas demasiado grasas, estr\u00e9s o una alimentaci\u00f3n no adecuada.<\/p>\n<h4 style=\"text-align: justify;\">Tratamientos para el acn\u00e9<\/h4>\n<p style=\"text-align: justify;\">Los casos m\u00e1s graves con aparici\u00f3n de n\u00f3dulos pueden tratarse con medicaci\u00f3n oral de isotretino\u00edna, previo control anal\u00edtico dado que puede afectar la funci\u00f3n hep\u00e1tica, el colesterol y los triglic\u00e9ridos.<br \/>\nOtros casos de acn\u00e9 ser\u00e1n subsidiarios de tratamiento oral antibi\u00f3tico, mientras que en los casos m\u00e1s leves puede ser suficiente un tratamiento <a href=\"https:\/\/www.clinicaplanas.com\/dermatologia-clinica\/acne\" target=\"_blank\" rel=\"noopener noreferrer\">t\u00f3pico individualizado seg\u00fan cada tipo de<\/a> acn\u00e9. Es importante insistir en la importancia de dejar de tocarse los granos dado que ello puede aumentar la inflamaci\u00f3n y finalmente aumentar el riesgo de aparici\u00f3n de cicatrices.<\/p>\n<h4 style=\"text-align: justify;\">Acelerando la curaci\u00f3n del acn\u00e9<\/h4>\n<p style=\"text-align: justify;\"><a href=\"https:\/\/www.clinicaplanas.com\/jorge-planas\/wp-content\/uploads\/2014\/11\/terapia-lumi\u0301nica-con-luz-roja-acne\u0301.jpg\"><img decoding=\"async\" class=\"alignright wp-image-4442 size-medium\" src=\"https:\/\/www.clinicaplanas.com\/jorge-planas\/wp-content\/uploads\/2014\/11\/terapia-lumi\u0301nica-con-luz-roja-acne\u0301-300x158.jpg\" alt=\"terapia lumi\u0301nica con luz roja-acne\u0301\" width=\"300\" height=\"158\" srcset=\"https:\/\/www.clinicaplanas.com\/jorge-planas\/wp-content\/terapia-lumi\u0301nica-con-luz-roja-acne\u0301-300x158.jpg 300w, https:\/\/www.clinicaplanas.com\/jorge-planas\/wp-content\/terapia-lumi\u0301nica-con-luz-roja-acne\u0301-1024x539.jpg 1024w, https:\/\/www.clinicaplanas.com\/jorge-planas\/wp-content\/terapia-lumi\u0301nica-con-luz-roja-acne\u0301-768x404.jpg 768w, https:\/\/www.clinicaplanas.com\/jorge-planas\/wp-content\/terapia-lumi\u0301nica-con-luz-roja-acne\u0301-1536x808.jpg 1536w, https:\/\/www.clinicaplanas.com\/jorge-planas\/wp-content\/terapia-lumi\u0301nica-con-luz-roja-acne\u0301-2048x1077.jpg 2048w\" sizes=\"(max-width: 300px) 100vw, 300px\" \/><\/a>El tratamiento con peelings qu\u00edmicos va a acelerar la curaci\u00f3n de las lesiones al actuar sobre las conductos seb\u00e1ceos engrosados ayudando a desobstruirlos. Sobre todo los peelings de \u00e1cido salic\u00edlico, que es absorbido preferentemente por las gl\u00e1ndulas seb\u00e1ceas, van a ser \u00fatiles. Este tratamiento puede complementarse con la terapia lum\u00ednica con luz roja y azul. La luz roja tiene una alto poder antiinflamatorio ayudando a disminuir las rojeces y acelerando la cicatrizaci\u00f3n, mientras que la luz azul es bactericida y va a inhibir el crecimiento de la propionibacterium acnes responsables de la infecci\u00f3n en el acn\u00e9. As\u00ed en muchos casos se puede evitar tomar antibi\u00f3ticos v\u00eda oral con el riesgo de provocar resistencias que ello comporta.<\/p>\n<p>&nbsp;<\/p>\n<p>Quiero agradecer la colaboraci\u00f3n de la <a href=\"https:\/\/www.clinicaplanas.com\/equipo-medico\/cristina-schepers\">Dra. Cristina Schepers<\/a> en este post.<\/p>\n","protected":false},"excerpt":{"rendered":"<p>El acn\u00e9 es una patolog\u00eda que afecta al 80% de los adolescentes provocando los inest\u00e9ticas lesiones con pus, puntos negros y rojeces que puede afectar la autoestima de los j\u00f3venes en esta \u00e9poca cr\u00edtica de su desarrollo. Por otro lado, es menos conocido el que se presenta en\u00a0la edad adulta que cada vez est\u00e1 m\u00e1s [&#8230;]\n","protected":false},"author":102,"featured_media":0,"comment_status":"open","ping_status":"open","sticky":false,"template":"","format":"standard","meta":{"footnotes":""},"categories":[491,246],"tags":[282],"class_list":["post-4440","post","type-post","status-publish","format-standard","hentry","category-dermatologia","category-medicina-estetica","tag-acne"],"yoast_head":"<!-- This site is optimized with the Yoast SEO plugin v23.4 - https:\/\/yoast.com\/wordpress\/plugins\/seo\/ -->\n<title>Acn\u00e9 \u00bfQu\u00e9 puedo hacer? - TT - Tu blog de medicina y cirug\u00eda est\u00e9tica - Cl\u00ednica Planas<\/title>\n<meta name=\"description\" content=\"El acn\u00e9 es una patolog\u00eda que afecta al 80% de los adolescentes provocando los inest\u00e9ticas lesiones. Hoy explicamos como tratar esta patolog\u00eda.\" \/>\n<meta name=\"robots\" content=\"index, follow, max-snippet:-1, max-image-preview:large, max-video-preview:-1\" \/>\n<link rel=\"canonical\" href=\"https:\/\/www.clinicaplanas.com\/jorge-planas\/2014\/11\/12\/acne-que-puedo-hacer\/\" \/>\n<meta property=\"og:locale\" content=\"es_ES\" \/>\n<meta property=\"og:type\" content=\"article\" \/>\n<meta property=\"og:title\" content=\"Acn\u00e9 \u00bfQu\u00e9 puedo hacer? - TT - Tu blog de medicina y cirug\u00eda est\u00e9tica - Cl\u00ednica Planas\" \/>\n<meta property=\"og:description\" content=\"El acn\u00e9 es una patolog\u00eda que afecta al 80% de los adolescentes provocando los inest\u00e9ticas lesiones. Hoy explicamos como tratar esta patolog\u00eda.\" \/>\n<meta property=\"og:url\" content=\"https:\/\/www.clinicaplanas.com\/jorge-planas\/2014\/11\/12\/acne-que-puedo-hacer\/\" \/>\n<meta property=\"og:site_name\" content=\"Tu blog de medicina y cirug\u00eda est\u00e9tica - Cl\u00ednica Planas\" \/>\n<meta property=\"article:published_time\" content=\"2014-11-12T11:49:10+00:00\" \/>\n<meta name=\"author\" content=\"Doctor JorgePlanas\" \/>\n<meta name=\"twitter:card\" content=\"summary_large_image\" \/>\n<meta name=\"twitter:label1\" content=\"Escrito por\" \/>\n\t<meta name=\"twitter:data1\" content=\"Doctor JorgePlanas\" \/>\n\t<meta name=\"twitter:label2\" content=\"Tiempo de lectura\" \/>\n\t<meta name=\"twitter:data2\" content=\"2 minutos\" \/>\n<!-- \/ Yoast SEO plugin. -->","yoast_head_json":{"title":"Acn\u00e9 \u00bfQu\u00e9 puedo hacer? - TT - Tu blog de medicina y cirug\u00eda est\u00e9tica - Cl\u00ednica Planas","description":"El acn\u00e9 es una patolog\u00eda que afecta al 80% de los adolescentes provocando los inest\u00e9ticas lesiones. Hoy explicamos como tratar esta patolog\u00eda.","robots":{"index":"index","follow":"follow","max-snippet":"max-snippet:-1","max-image-preview":"max-image-preview:large","max-video-preview":"max-video-preview:-1"},"canonical":"https:\/\/www.clinicaplanas.com\/jorge-planas\/2014\/11\/12\/acne-que-puedo-hacer\/","og_locale":"es_ES","og_type":"article","og_title":"Acn\u00e9 \u00bfQu\u00e9 puedo hacer? - TT - Tu blog de medicina y cirug\u00eda est\u00e9tica - Cl\u00ednica Planas","og_description":"El acn\u00e9 es una patolog\u00eda que afecta al 80% de los adolescentes provocando los inest\u00e9ticas lesiones. Hoy explicamos como tratar esta patolog\u00eda.","og_url":"https:\/\/www.clinicaplanas.com\/jorge-planas\/2014\/11\/12\/acne-que-puedo-hacer\/","og_site_name":"Tu blog de medicina y cirug\u00eda est\u00e9tica - Cl\u00ednica Planas","article_published_time":"2014-11-12T11:49:10+00:00","author":"Doctor JorgePlanas","twitter_card":"summary_large_image","twitter_misc":{"Escrito por":"Doctor JorgePlanas","Tiempo de lectura":"2 minutos"},"schema":{"@context":"https:\/\/schema.org","@graph":[{"@type":"Article","@id":"https:\/\/www.clinicaplanas.com\/jorge-planas\/2014\/11\/12\/acne-que-puedo-hacer\/#article","isPartOf":{"@id":"https:\/\/www.clinicaplanas.com\/jorge-planas\/2014\/11\/12\/acne-que-puedo-hacer\/"},"author":{"name":"Doctor JorgePlanas","@id":"https:\/\/www.clinicaplanas.com\/jorge-planas\/#\/schema\/person\/b13ac6e9212d6f27b00095767a2f4417"},"headline":"Acn\u00e9 \u00bfQu\u00e9 puedo hacer?","datePublished":"2014-11-12T11:49:10+00:00","dateModified":"2014-11-12T11:49:10+00:00","mainEntityOfPage":{"@id":"https:\/\/www.clinicaplanas.com\/jorge-planas\/2014\/11\/12\/acne-que-puedo-hacer\/"},"wordCount":381,"commentCount":0,"publisher":{"@id":"https:\/\/www.clinicaplanas.com\/jorge-planas\/#organization"},"keywords":["acn\u00e9"],"articleSection":["Art\u00edculos de Dermatolog\u00eda Est\u00e9tica","Art\u00edculos de Medicina Est\u00e9tica"],"inLanguage":"es","potentialAction":[{"@type":"CommentAction","name":"Comment","target":["https:\/\/www.clinicaplanas.com\/jorge-planas\/2014\/11\/12\/acne-que-puedo-hacer\/#respond"]}]},{"@type":"WebPage","@id":"https:\/\/www.clinicaplanas.com\/jorge-planas\/2014\/11\/12\/acne-que-puedo-hacer\/","url":"https:\/\/www.clinicaplanas.com\/jorge-planas\/2014\/11\/12\/acne-que-puedo-hacer\/","name":"Acn\u00e9 \u00bfQu\u00e9 puedo hacer? - TT - Tu blog de medicina y cirug\u00eda est\u00e9tica - Cl\u00ednica Planas","isPartOf":{"@id":"https:\/\/www.clinicaplanas.com\/jorge-planas\/#website"},"datePublished":"2014-11-12T11:49:10+00:00","dateModified":"2014-11-12T11:49:10+00:00","description":"El acn\u00e9 es una patolog\u00eda que afecta al 80% de los adolescentes provocando los inest\u00e9ticas lesiones. Hoy explicamos como tratar esta patolog\u00eda.","breadcrumb":{"@id":"https:\/\/www.clinicaplanas.com\/jorge-planas\/2014\/11\/12\/acne-que-puedo-hacer\/#breadcrumb"},"inLanguage":"es","potentialAction":[{"@type":"ReadAction","target":["https:\/\/www.clinicaplanas.com\/jorge-planas\/2014\/11\/12\/acne-que-puedo-hacer\/"]}]},{"@type":"BreadcrumbList","@id":"https:\/\/www.clinicaplanas.com\/jorge-planas\/2014\/11\/12\/acne-que-puedo-hacer\/#breadcrumb","itemListElement":[{"@type":"ListItem","position":1,"name":"Home","item":"https:\/\/www.clinicaplanas.com\/jorge-planas\/"},{"@type":"ListItem","position":2,"name":"Art\u00edculos de Medicina Est\u00e9tica","item":"https:\/\/www.clinicaplanas.com\/jorge-planas\/medicina-estetica\/"},{"@type":"ListItem","position":3,"name":"Art\u00edculos de Dermatolog\u00eda Est\u00e9tica","item":"https:\/\/www.clinicaplanas.com\/jorge-planas\/medicina-estetica\/dermatologia\/"},{"@type":"ListItem","position":4,"name":"Acn\u00e9 \u00bfQu\u00e9 puedo hacer?"}]},{"@type":"WebSite","@id":"https:\/\/www.clinicaplanas.com\/jorge-planas\/#website","url":"https:\/\/www.clinicaplanas.com\/jorge-planas\/","name":"Tu blog de medicina y cirug\u00eda est\u00e9tica - Cl\u00ednica Planas","description":"Mantente al d\u00eda sobre medicina y cirug\u00eda est\u00e9tica con el blog de Cl\u00ednica Planas. Noticias de actualidad, novedades y tips de la mano de nuestros especialistas.","publisher":{"@id":"https:\/\/www.clinicaplanas.com\/jorge-planas\/#organization"},"potentialAction":[{"@type":"SearchAction","target":{"@type":"EntryPoint","urlTemplate":"https:\/\/www.clinicaplanas.com\/jorge-planas\/?s={search_term_string}"},"query-input":{"@type":"PropertyValueSpecification","valueRequired":true,"valueName":"search_term_string"}}],"inLanguage":"es"},{"@type":"Organization","@id":"https:\/\/www.clinicaplanas.com\/jorge-planas\/#organization","name":"Cl\u00ednica Planas","url":"https:\/\/www.clinicaplanas.com\/jorge-planas\/","logo":{"@type":"ImageObject","inLanguage":"es","@id":"https:\/\/www.clinicaplanas.com\/jorge-planas\/#\/schema\/logo\/image\/","url":"https:\/\/www.clinicaplanas.com\/jorge-planas\/wp-content\/cropped-android-icon-192x192-1.png","contentUrl":"https:\/\/www.clinicaplanas.com\/jorge-planas\/wp-content\/cropped-android-icon-192x192-1.png","width":512,"height":512,"caption":"Cl\u00ednica Planas"},"image":{"@id":"https:\/\/www.clinicaplanas.com\/jorge-planas\/#\/schema\/logo\/image\/"}},{"@type":"Person","@id":"https:\/\/www.clinicaplanas.com\/jorge-planas\/#\/schema\/person\/b13ac6e9212d6f27b00095767a2f4417","name":"Doctor JorgePlanas","image":{"@type":"ImageObject","inLanguage":"es","@id":"https:\/\/www.clinicaplanas.com\/jorge-planas\/#\/schema\/person\/image\/","url":"https:\/\/secure.gravatar.com\/avatar\/?s=96&d=mm&r=g","contentUrl":"https:\/\/secure.gravatar.com\/avatar\/?s=96&d=mm&r=g","caption":"Doctor JorgePlanas"},"url":"https:\/\/www.clinicaplanas.com\/jorge-planas\/author\/doctor-jorgeplanas\/"}]}},"_links":{"self":[{"href":"https:\/\/www.clinicaplanas.com\/jorge-planas\/wp-json\/wp\/v2\/posts\/4440"}],"collection":[{"href":"https:\/\/www.clinicaplanas.com\/jorge-planas\/wp-json\/wp\/v2\/posts"}],"about":[{"href":"https:\/\/www.clinicaplanas.com\/jorge-planas\/wp-json\/wp\/v2\/types\/post"}],"author":[{"embeddable":true,"href":"https:\/\/www.clinicaplanas.com\/jorge-planas\/wp-json\/wp\/v2\/users\/102"}],"replies":[{"embeddable":true,"href":"https:\/\/www.clinicaplanas.com\/jorge-planas\/wp-json\/wp\/v2\/comments?post=4440"}],"version-history":[{"count":0,"href":"https:\/\/www.clinicaplanas.com\/jorge-planas\/wp-json\/wp\/v2\/posts\/4440\/revisions"}],"wp:attachment":[{"href":"https:\/\/www.clinicaplanas.com\/jorge-planas\/wp-json\/wp\/v2\/media?parent=4440"}],"wp:term":[{"taxonomy":"category","embeddable":true,"href":"https:\/\/www.clinicaplanas.com\/jorge-planas\/wp-json\/wp\/v2\/categories?post=4440"},{"taxonomy":"post_tag","embeddable":true,"href":"https:\/\/www.clinicaplanas.com\/jorge-planas\/wp-json\/wp\/v2\/tags?post=4440"}],"curies":[{"name":"wp","href":"https:\/\/api.w.org\/{rel}","templated":true}]}}