{"id":3232,"date":"2013-03-14T16:40:56","date_gmt":"2013-03-14T15:40:56","guid":{"rendered":"http:\/\/www.clinicaplanas.com\/jorge-planas\/?p=3232"},"modified":"2013-03-14T16:40:56","modified_gmt":"2013-03-14T15:40:56","slug":"entrevista-en-hoy-online-tv","status":"publish","type":"post","link":"https:\/\/www.clinicaplanas.com\/jorge-planas\/2013\/03\/14\/entrevista-en-hoy-online-tv\/","title":{"rendered":"Entrevista en Hoy online TV"},"content":{"rendered":"<p><!--:es--><\/p>\n<p style=\"text-align: justify;\"><a href=\"https:\/\/www.clinicaplanas.com\/jorge-planas\/wp-content\/uploads\/2013\/03\/dr.-jorge-planas-entrevistado-por-hoy-online-tv.jpg\"><img decoding=\"async\" class=\"alignleft size-full wp-image-3233\" title=\"dr. jorge planas entrevistado por hoy online tv\" src=\"https:\/\/www.clinicaplanas.com\/jorge-planas\/wp-content\/uploads\/2013\/03\/dr.-jorge-planas-entrevistado-por-hoy-online-tv.jpg\" alt=\"\" width=\"250\" height=\"197\" \/><\/a>El pasado mes de febrero fui entrevistado por <a href=\"https:\/\/hoyonline.tv\/\">Hoy online TV<\/a>, se trata de un equipo de profesionales que presenta, en un formato de televisi\u00f3n online, entrevistas con diferentes profesionales de diferentes \u00e1mbitos y que presentan en cuatro canales : hoy negocios, hoy con, hoy cocina y hoy moda. En este caso la entrevista, se realiz\u00f3 para su canal\u00a0 <a href=\"http:\/\/www.youtube.com\/user\/Hoymoda\/videos\">Hoy Moda<\/a>.<!--:--><!--:en--><\/p>\n<p><!--:--><!--more--><!--:es--><\/p>\n<p style=\"text-align: justify;\">En la entrevista comentamos la esencia de una cirug\u00eda, de una remodelaci\u00f3n, la evoluci\u00f3n de la cirug\u00eda est\u00e9tica y sus constantes avances, su estrecha relaci\u00f3n con el arte y el cada d\u00eda mayor protagonismo de la microcirug\u00eda tanto en el tratamiento de linfedemas como en reconstrucci\u00f3n mamaria. Hablamos tambi\u00e9n del especial v\u00ednculo emocional que se crea con los pacientes por todo el valor a\u00f1adido que se aporta a nivel psicol\u00f3gico, adem\u00e1s de la propia soluci\u00f3n quir\u00fargica a una cuesti\u00f3n est\u00e9tica.<\/p>\n<p style=\"text-align: justify;\">Pod\u00e9is ver el video completo de la entrevista:<\/p>\n<p style=\"text-align: justify;\">\u00a0 <object width=\"250\" height=\"141\" classid=\"clsid:d27cdb6e-ae6d-11cf-96b8-444553540000\" codebase=\"http:\/\/download.macromedia.com\/pub\/shockwave\/cabs\/flash\/swflash.cab#version=6,0,40,0\"><param name=\"allowFullScreen\" value=\"true\" \/><param name=\"undefined\" \/><param name=\"src\" value=\"http:\/\/www.youtube.com\/v\/LJ0K2FYKzjM?version=3&amp;hl=es_ES&amp;rel=0\" \/><param name=\"allowfullscreen\" value=\"true\" \/><embed width=\"250\" height=\"141\" type=\"application\/x-shockwave-flash\" src=\"http:\/\/www.youtube.com\/v\/LJ0K2FYKzjM?version=3&amp;hl=es_ES&amp;rel=0\" allowfullscreen=\"allowfullscreen\" allowfullscreen=\"allowfullscreen\" \/><\/object><\/p>\n<p><!--:--><!--:en--><\/p>\n<p><!--:--><\/p>\n","protected":false},"excerpt":{"rendered":"<p>El pasado mes de febrero fui entrevistado por Hoy online TV, se trata de un equipo de profesionales que presenta, en un formato de televisi\u00f3n online, entrevistas con diferentes profesionales de diferentes \u00e1mbitos y que presentan en cuatro canales : hoy negocios, hoy con, hoy cocina y hoy moda. En este caso la entrevista, se [&#8230;]\n","protected":false},"author":102,"featured_media":0,"comment_status":"open","ping_status":"open","sticky":false,"template":"","format":"standard","meta":{"footnotes":""},"categories":[241,265],"tags":[],"class_list":["post-3232","post","type-post","status-publish","format-standard","hentry","category-cirugia-plastica-estetica","category-prensa"],"yoast_head":"<!-- This site is optimized with the Yoast SEO plugin v23.4 - https:\/\/yoast.com\/wordpress\/plugins\/seo\/ -->\n<title>Entrevista en Hoy online TV - TT - Tu blog de medicina y cirug\u00eda est\u00e9tica - Cl\u00ednica Planas<\/title>\n<meta name=\"robots\" content=\"index, follow, max-snippet:-1, max-image-preview:large, max-video-preview:-1\" \/>\n<link rel=\"canonical\" href=\"https:\/\/www.clinicaplanas.com\/jorge-planas\/2013\/03\/14\/entrevista-en-hoy-online-tv\/\" \/>\n<meta property=\"og:locale\" content=\"es_ES\" \/>\n<meta property=\"og:type\" content=\"article\" \/>\n<meta property=\"og:title\" content=\"Entrevista en Hoy online TV - TT - Tu blog de medicina y cirug\u00eda est\u00e9tica - Cl\u00ednica Planas\" \/>\n<meta property=\"og:description\" content=\"El pasado mes de febrero fui entrevistado por Hoy online TV, se trata de un equipo de profesionales que presenta, en un formato de televisi\u00f3n online, entrevistas con diferentes profesionales de diferentes \u00e1mbitos y que presentan en cuatro canales : hoy negocios, hoy con, hoy cocina y hoy moda. En este caso la entrevista, se [...]\" \/>\n<meta property=\"og:url\" content=\"https:\/\/www.clinicaplanas.com\/jorge-planas\/2013\/03\/14\/entrevista-en-hoy-online-tv\/\" \/>\n<meta property=\"og:site_name\" content=\"Tu blog de medicina y cirug\u00eda est\u00e9tica - Cl\u00ednica Planas\" \/>\n<meta property=\"article:published_time\" content=\"2013-03-14T15:40:56+00:00\" \/>\n<meta property=\"og:image\" content=\"https:\/\/www.clinicaplanas.com\/jorge-planas\/wp-content\/uploads\/2013\/03\/dr.-jorge-planas-entrevistado-por-hoy-online-tv.jpg\" \/>\n<meta name=\"author\" content=\"Doctor JorgePlanas\" \/>\n<meta name=\"twitter:card\" content=\"summary_large_image\" \/>\n<meta name=\"twitter:label1\" content=\"Escrito por\" \/>\n\t<meta name=\"twitter:data1\" content=\"Doctor JorgePlanas\" \/>\n\t<meta name=\"twitter:label2\" content=\"Tiempo de lectura\" \/>\n\t<meta name=\"twitter:data2\" content=\"1 minuto\" \/>\n<!-- \/ Yoast SEO plugin. -->","yoast_head_json":{"title":"Entrevista en Hoy online TV - TT - Tu blog de medicina y cirug\u00eda est\u00e9tica - Cl\u00ednica Planas","robots":{"index":"index","follow":"follow","max-snippet":"max-snippet:-1","max-image-preview":"max-image-preview:large","max-video-preview":"max-video-preview:-1"},"canonical":"https:\/\/www.clinicaplanas.com\/jorge-planas\/2013\/03\/14\/entrevista-en-hoy-online-tv\/","og_locale":"es_ES","og_type":"article","og_title":"Entrevista en Hoy online TV - TT - Tu blog de medicina y cirug\u00eda est\u00e9tica - Cl\u00ednica Planas","og_description":"El pasado mes de febrero fui entrevistado por Hoy online TV, se trata de un equipo de profesionales que presenta, en un formato de televisi\u00f3n online, entrevistas con diferentes profesionales de diferentes \u00e1mbitos y que presentan en cuatro canales : hoy negocios, hoy con, hoy cocina y hoy moda. En este caso la entrevista, se [...]","og_url":"https:\/\/www.clinicaplanas.com\/jorge-planas\/2013\/03\/14\/entrevista-en-hoy-online-tv\/","og_site_name":"Tu blog de medicina y cirug\u00eda est\u00e9tica - Cl\u00ednica Planas","article_published_time":"2013-03-14T15:40:56+00:00","og_image":[{"url":"https:\/\/www.clinicaplanas.com\/jorge-planas\/wp-content\/uploads\/2013\/03\/dr.-jorge-planas-entrevistado-por-hoy-online-tv.jpg"}],"author":"Doctor JorgePlanas","twitter_card":"summary_large_image","twitter_misc":{"Escrito por":"Doctor JorgePlanas","Tiempo de lectura":"1 minuto"},"schema":{"@context":"https:\/\/schema.org","@graph":[{"@type":"Article","@id":"https:\/\/www.clinicaplanas.com\/jorge-planas\/2013\/03\/14\/entrevista-en-hoy-online-tv\/#article","isPartOf":{"@id":"https:\/\/www.clinicaplanas.com\/jorge-planas\/2013\/03\/14\/entrevista-en-hoy-online-tv\/"},"author":{"name":"Doctor JorgePlanas","@id":"https:\/\/www.clinicaplanas.com\/jorge-planas\/#\/schema\/person\/b13ac6e9212d6f27b00095767a2f4417"},"headline":"Entrevista en Hoy online TV","datePublished":"2013-03-14T15:40:56+00:00","dateModified":"2013-03-14T15:40:56+00:00","mainEntityOfPage":{"@id":"https:\/\/www.clinicaplanas.com\/jorge-planas\/2013\/03\/14\/entrevista-en-hoy-online-tv\/"},"wordCount":173,"commentCount":0,"publisher":{"@id":"https:\/\/www.clinicaplanas.com\/jorge-planas\/#organization"},"image":{"@id":"https:\/\/www.clinicaplanas.com\/jorge-planas\/2013\/03\/14\/entrevista-en-hoy-online-tv\/#primaryimage"},"thumbnailUrl":"https:\/\/www.clinicaplanas.com\/jorge-planas\/wp-content\/uploads\/2013\/03\/dr.-jorge-planas-entrevistado-por-hoy-online-tv.jpg","articleSection":["Art\u00edculos de Cirug\u00eda Est\u00e9tica","Prensa"],"inLanguage":"es","potentialAction":[{"@type":"CommentAction","name":"Comment","target":["https:\/\/www.clinicaplanas.com\/jorge-planas\/2013\/03\/14\/entrevista-en-hoy-online-tv\/#respond"]}]},{"@type":"WebPage","@id":"https:\/\/www.clinicaplanas.com\/jorge-planas\/2013\/03\/14\/entrevista-en-hoy-online-tv\/","url":"https:\/\/www.clinicaplanas.com\/jorge-planas\/2013\/03\/14\/entrevista-en-hoy-online-tv\/","name":"Entrevista en Hoy online TV - TT - Tu blog de medicina y cirug\u00eda est\u00e9tica - Cl\u00ednica Planas","isPartOf":{"@id":"https:\/\/www.clinicaplanas.com\/jorge-planas\/#website"},"primaryImageOfPage":{"@id":"https:\/\/www.clinicaplanas.com\/jorge-planas\/2013\/03\/14\/entrevista-en-hoy-online-tv\/#primaryimage"},"image":{"@id":"https:\/\/www.clinicaplanas.com\/jorge-planas\/2013\/03\/14\/entrevista-en-hoy-online-tv\/#primaryimage"},"thumbnailUrl":"https:\/\/www.clinicaplanas.com\/jorge-planas\/wp-content\/uploads\/2013\/03\/dr.-jorge-planas-entrevistado-por-hoy-online-tv.jpg","datePublished":"2013-03-14T15:40:56+00:00","dateModified":"2013-03-14T15:40:56+00:00","breadcrumb":{"@id":"https:\/\/www.clinicaplanas.com\/jorge-planas\/2013\/03\/14\/entrevista-en-hoy-online-tv\/#breadcrumb"},"inLanguage":"es","potentialAction":[{"@type":"ReadAction","target":["https:\/\/www.clinicaplanas.com\/jorge-planas\/2013\/03\/14\/entrevista-en-hoy-online-tv\/"]}]},{"@type":"ImageObject","inLanguage":"es","@id":"https:\/\/www.clinicaplanas.com\/jorge-planas\/2013\/03\/14\/entrevista-en-hoy-online-tv\/#primaryimage","url":"https:\/\/www.clinicaplanas.com\/jorge-planas\/wp-content\/uploads\/2013\/03\/dr.-jorge-planas-entrevistado-por-hoy-online-tv.jpg","contentUrl":"https:\/\/www.clinicaplanas.com\/jorge-planas\/wp-content\/uploads\/2013\/03\/dr.-jorge-planas-entrevistado-por-hoy-online-tv.jpg"},{"@type":"BreadcrumbList","@id":"https:\/\/www.clinicaplanas.com\/jorge-planas\/2013\/03\/14\/entrevista-en-hoy-online-tv\/#breadcrumb","itemListElement":[{"@type":"ListItem","position":1,"name":"Home","item":"https:\/\/www.clinicaplanas.com\/jorge-planas\/"},{"@type":"ListItem","position":2,"name":"Art\u00edculos de Cirug\u00eda Est\u00e9tica","item":"https:\/\/www.clinicaplanas.com\/jorge-planas\/cirugia-plastica-estetica\/"},{"@type":"ListItem","position":3,"name":"Entrevista en Hoy online TV"}]},{"@type":"WebSite","@id":"https:\/\/www.clinicaplanas.com\/jorge-planas\/#website","url":"https:\/\/www.clinicaplanas.com\/jorge-planas\/","name":"Tu blog de medicina y cirug\u00eda est\u00e9tica - Cl\u00ednica Planas","description":"Mantente al d\u00eda sobre medicina y cirug\u00eda est\u00e9tica con el blog de Cl\u00ednica Planas. Noticias de actualidad, novedades y tips de la mano de nuestros especialistas.","publisher":{"@id":"https:\/\/www.clinicaplanas.com\/jorge-planas\/#organization"},"potentialAction":[{"@type":"SearchAction","target":{"@type":"EntryPoint","urlTemplate":"https:\/\/www.clinicaplanas.com\/jorge-planas\/?s={search_term_string}"},"query-input":{"@type":"PropertyValueSpecification","valueRequired":true,"valueName":"search_term_string"}}],"inLanguage":"es"},{"@type":"Organization","@id":"https:\/\/www.clinicaplanas.com\/jorge-planas\/#organization","name":"Cl\u00ednica Planas","url":"https:\/\/www.clinicaplanas.com\/jorge-planas\/","logo":{"@type":"ImageObject","inLanguage":"es","@id":"https:\/\/www.clinicaplanas.com\/jorge-planas\/#\/schema\/logo\/image\/","url":"https:\/\/www.clinicaplanas.com\/jorge-planas\/wp-content\/cropped-android-icon-192x192-1.png","contentUrl":"https:\/\/www.clinicaplanas.com\/jorge-planas\/wp-content\/cropped-android-icon-192x192-1.png","width":512,"height":512,"caption":"Cl\u00ednica Planas"},"image":{"@id":"https:\/\/www.clinicaplanas.com\/jorge-planas\/#\/schema\/logo\/image\/"}},{"@type":"Person","@id":"https:\/\/www.clinicaplanas.com\/jorge-planas\/#\/schema\/person\/b13ac6e9212d6f27b00095767a2f4417","name":"Doctor JorgePlanas","image":{"@type":"ImageObject","inLanguage":"es","@id":"https:\/\/www.clinicaplanas.com\/jorge-planas\/#\/schema\/person\/image\/","url":"https:\/\/secure.gravatar.com\/avatar\/?s=96&d=mm&r=g","contentUrl":"https:\/\/secure.gravatar.com\/avatar\/?s=96&d=mm&r=g","caption":"Doctor JorgePlanas"},"url":"https:\/\/www.clinicaplanas.com\/jorge-planas\/author\/doctor-jorgeplanas\/"}]}},"_links":{"self":[{"href":"https:\/\/www.clinicaplanas.com\/jorge-planas\/wp-json\/wp\/v2\/posts\/3232"}],"collection":[{"href":"https:\/\/www.clinicaplanas.com\/jorge-planas\/wp-json\/wp\/v2\/posts"}],"about":[{"href":"https:\/\/www.clinicaplanas.com\/jorge-planas\/wp-json\/wp\/v2\/types\/post"}],"author":[{"embeddable":true,"href":"https:\/\/www.clinicaplanas.com\/jorge-planas\/wp-json\/wp\/v2\/users\/102"}],"replies":[{"embeddable":true,"href":"https:\/\/www.clinicaplanas.com\/jorge-planas\/wp-json\/wp\/v2\/comments?post=3232"}],"version-history":[{"count":0,"href":"https:\/\/www.clinicaplanas.com\/jorge-planas\/wp-json\/wp\/v2\/posts\/3232\/revisions"}],"wp:attachment":[{"href":"https:\/\/www.clinicaplanas.com\/jorge-planas\/wp-json\/wp\/v2\/media?parent=3232"}],"wp:term":[{"taxonomy":"category","embeddable":true,"href":"https:\/\/www.clinicaplanas.com\/jorge-planas\/wp-json\/wp\/v2\/categories?post=3232"},{"taxonomy":"post_tag","embeddable":true,"href":"https:\/\/www.clinicaplanas.com\/jorge-planas\/wp-json\/wp\/v2\/tags?post=3232"}],"curies":[{"name":"wp","href":"https:\/\/api.w.org\/{rel}","templated":true}]}}