{"id":3159,"date":"2013-03-04T10:45:29","date_gmt":"2013-03-04T09:45:29","guid":{"rendered":"http:\/\/www.clinicaplanas.com\/jorge-planas\/?p=3159"},"modified":"2013-03-04T10:45:29","modified_gmt":"2013-03-04T09:45:29","slug":"asistimos-al-47th-annual-baker-gordon-educational-symposium-de-cirugia-estetica-en-miami","status":"publish","type":"post","link":"https:\/\/www.clinicaplanas.com\/jorge-planas\/2013\/03\/04\/asistimos-al-47th-annual-baker-gordon-educational-symposium-de-cirugia-estetica-en-miami\/","title":{"rendered":"Asistimos al 47th Annual Baker Gordon Educational Symposium de cirug\u00eda est\u00e9tica, en Miami"},"content":{"rendered":"<p><!--:es--><\/p>\n<p style=\"text-align: justify;\"><a style=\"text-align: justify;\"><img decoding=\"async\" class=\"alignleft size-full wp-image-3160\" title=\"congreso internacional de miami de cirugi\u0301a este\u0301tica\" src=\"https:\/\/www.clinicaplanas.com\/jorge-planas\/wp-content\/uploads\/2013\/03\/congreso-internacional-de-miami-de-cirugi\u0301a-este\u0301tica.jpg\" alt=\"\" width=\"250\" height=\"221\" \/><\/a><\/p>\n<p style=\"text-align: justify;\">Asistimos a uno de los congresos de cirug\u00eda pl\u00e1stica m\u00e1s importantes que se realiza anualmente desde hace 47 a\u00f1os. Tres d\u00edas completos hablando de rejuvenecimiento facial. Ponencias y mesas redondas, video interactivos y cirug\u00edas en directo.<!--:--><!--:en--><\/p>\n<p><!--:--><!--more--><!--:es--><\/p>\n<h4><\/h4>\n<h4>Eliminaci\u00f3n del tono de las ojeras<\/h4>\n<p>Uno de los avances presentados m\u00e1s interesantes fue una t\u00e9cnica para tratar las ojeras oscuras. Se denomina NANOGRAFT y consiste en la infiltraci\u00f3n de el estroma vascular que se aisla de una peque\u00f1a muestra de grasa del paciente.<\/p>\n<h4 style=\"text-align: justify;\"><a href=\"https:\/\/www.clinicaplanas.com\/jorge-planas\/wp-content\/uploads\/2013\/03\/Jaime-planas-en-el-47th-annual-symposium-de-miami-copia.jpg\"><img decoding=\"async\" class=\"alignleft wp-image-3183 size-medium\" title=\"Jaime planas en el 47th annual symposium de miami copia\" src=\"https:\/\/www.clinicaplanas.com\/jorge-planas\/wp-content\/uploads\/2013\/03\/Jaime-planas-en-el-47th-annual-symposium-de-miami-copia-212x300.jpg\" alt=\"\" width=\"212\" height=\"300\" srcset=\"https:\/\/www.clinicaplanas.com\/jorge-planas\/wp-content\/Jaime-planas-en-el-47th-annual-symposium-de-miami-copia-212x300.jpg 212w, https:\/\/www.clinicaplanas.com\/jorge-planas\/wp-content\/Jaime-planas-en-el-47th-annual-symposium-de-miami-copia.jpg 250w\" sizes=\"(max-width: 212px) 100vw, 212px\" \/><\/a>Agradable sorpresa<\/h4>\n<p style=\"text-align: justify;\">Me hizo mucha ilusi\u00f3n poder ver el nombre de mi padre, el Profesor Jaime Planas , entre los nombres de todos los anteriores profesores invitados del symposium. Una foto para el recuerdo.<\/p>\n<figure id=\"attachment_3199\" aria-describedby=\"caption-attachment-3199\" style=\"width: 158px\" class=\"wp-caption alignright\"><a href=\"https:\/\/www.clinicaplanas.com\/jorge-planas\/wp-content\/uploads\/2013\/03\/Dr.-Jorge-Planas-el-el-47th-Annual-Baker-simposium-de-cirugi\u0301a-este\u0301tica-de-miami2.jpg\"><img decoding=\"async\" class=\"wp-image-3199 \" title=\"Dr. Jorge Planas el el 47th Annual Baker simposium de cirugi\u0301a este\u0301tica de miami\" src=\"https:\/\/www.clinicaplanas.com\/jorge-planas\/wp-content\/uploads\/2013\/03\/Dr.-Jorge-Planas-el-el-47th-Annual-Baker-simposium-de-cirugi\u0301a-este\u0301tica-de-miami2-225x300.jpg\" alt=\"\" width=\"158\" height=\"210\" srcset=\"https:\/\/www.clinicaplanas.com\/jorge-planas\/wp-content\/Dr.-Jorge-Planas-el-el-47th-Annual-Baker-simposium-de-cirugi\u0301a-este\u0301tica-de-miami2-225x300.jpg 225w, https:\/\/www.clinicaplanas.com\/jorge-planas\/wp-content\/Dr.-Jorge-Planas-el-el-47th-Annual-Baker-simposium-de-cirugi\u0301a-este\u0301tica-de-miami2.jpg 480w\" sizes=\"(max-width: 158px) 100vw, 158px\" \/><\/a><figcaption id=\"caption-attachment-3199\" class=\"wp-caption-text\">el Dr. Jorge Planas en la entrada del symposium de cirug\u00eda est\u00e9tica de Miami<\/figcaption><\/figure>\n<p style=\"text-align: center;\"><span style=\"color: #ffffff;\">j<\/span><\/p>\n<p style=\"text-align: center;\"><span style=\"color: #ffffff;\">j<\/span><\/p>\n<p style=\"text-align: center;\"><span style=\"color: #ffffff;\">j<\/span><\/p>\n<p style=\"text-align: center;\"><span style=\"color: #ffffff;\">j<\/span><\/p>\n<p><!--:--><\/p>\n","protected":false},"excerpt":{"rendered":"<p>Asistimos a uno de los congresos de cirug\u00eda pl\u00e1stica m\u00e1s importantes que se realiza anualmente desde hace 47 a\u00f1os. Tres d\u00edas completos hablando de rejuvenecimiento facial. Ponencias y mesas redondas, video interactivos y cirug\u00edas en directo.<\/p>\n","protected":false},"author":102,"featured_media":0,"comment_status":"open","ping_status":"open","sticky":false,"template":"","format":"standard","meta":{"footnotes":""},"categories":[241,258],"tags":[],"class_list":["post-3159","post","type-post","status-publish","format-standard","hentry","category-cirugia-plastica-estetica","category-congresos"],"yoast_head":"<!-- This site is optimized with the Yoast SEO plugin v23.4 - https:\/\/yoast.com\/wordpress\/plugins\/seo\/ -->\n<title>47th Annual Baker Gordon Educational Symposium - Dr. Planas Blog<\/title>\n<meta name=\"robots\" content=\"index, follow, max-snippet:-1, max-image-preview:large, max-video-preview:-1\" \/>\n<link rel=\"canonical\" href=\"https:\/\/www.clinicaplanas.com\/jorge-planas\/2013\/03\/04\/asistimos-al-47th-annual-baker-gordon-educational-symposium-de-cirugia-estetica-en-miami\/\" \/>\n<meta property=\"og:locale\" content=\"es_ES\" \/>\n<meta property=\"og:type\" content=\"article\" \/>\n<meta property=\"og:title\" content=\"47th Annual Baker Gordon Educational Symposium - Dr. Planas Blog\" \/>\n<meta property=\"og:description\" content=\"Asistimos a uno de los congresos de cirug\u00eda pl\u00e1stica m\u00e1s importantes que se realiza anualmente desde hace 47 a\u00f1os. Tres d\u00edas completos hablando de rejuvenecimiento facial. Ponencias y mesas redondas, video interactivos y cirug\u00edas en directo.\" \/>\n<meta property=\"og:url\" content=\"https:\/\/www.clinicaplanas.com\/jorge-planas\/2013\/03\/04\/asistimos-al-47th-annual-baker-gordon-educational-symposium-de-cirugia-estetica-en-miami\/\" \/>\n<meta property=\"og:site_name\" content=\"Tu blog de medicina y cirug\u00eda est\u00e9tica - Cl\u00ednica Planas\" \/>\n<meta property=\"article:published_time\" content=\"2013-03-04T09:45:29+00:00\" \/>\n<meta property=\"og:image\" content=\"https:\/\/www.clinicaplanas.com\/jorge-planas\/wp-content\/uploads\/2013\/03\/Jaime-planas-en-el-47th-annual-symposium-de-miami-copia-212x300.jpg\" \/>\n<meta name=\"author\" content=\"Doctor JorgePlanas\" \/>\n<meta name=\"twitter:card\" content=\"summary_large_image\" \/>\n<meta name=\"twitter:label1\" content=\"Escrito por\" \/>\n\t<meta name=\"twitter:data1\" content=\"Doctor JorgePlanas\" \/>\n\t<meta name=\"twitter:label2\" content=\"Tiempo de lectura\" \/>\n\t<meta name=\"twitter:data2\" content=\"1 minuto\" \/>\n<!-- \/ Yoast SEO plugin. -->","yoast_head_json":{"title":"47th Annual Baker Gordon Educational Symposium - Dr. Planas Blog","robots":{"index":"index","follow":"follow","max-snippet":"max-snippet:-1","max-image-preview":"max-image-preview:large","max-video-preview":"max-video-preview:-1"},"canonical":"https:\/\/www.clinicaplanas.com\/jorge-planas\/2013\/03\/04\/asistimos-al-47th-annual-baker-gordon-educational-symposium-de-cirugia-estetica-en-miami\/","og_locale":"es_ES","og_type":"article","og_title":"47th Annual Baker Gordon Educational Symposium - Dr. Planas Blog","og_description":"Asistimos a uno de los congresos de cirug\u00eda pl\u00e1stica m\u00e1s importantes que se realiza anualmente desde hace 47 a\u00f1os. Tres d\u00edas completos hablando de rejuvenecimiento facial. Ponencias y mesas redondas, video interactivos y cirug\u00edas en directo.","og_url":"https:\/\/www.clinicaplanas.com\/jorge-planas\/2013\/03\/04\/asistimos-al-47th-annual-baker-gordon-educational-symposium-de-cirugia-estetica-en-miami\/","og_site_name":"Tu blog de medicina y cirug\u00eda est\u00e9tica - Cl\u00ednica Planas","article_published_time":"2013-03-04T09:45:29+00:00","og_image":[{"url":"https:\/\/www.clinicaplanas.com\/jorge-planas\/wp-content\/uploads\/2013\/03\/Jaime-planas-en-el-47th-annual-symposium-de-miami-copia-212x300.jpg"}],"author":"Doctor JorgePlanas","twitter_card":"summary_large_image","twitter_misc":{"Escrito por":"Doctor JorgePlanas","Tiempo de lectura":"1 minuto"},"schema":{"@context":"https:\/\/schema.org","@graph":[{"@type":"Article","@id":"https:\/\/www.clinicaplanas.com\/jorge-planas\/2013\/03\/04\/asistimos-al-47th-annual-baker-gordon-educational-symposium-de-cirugia-estetica-en-miami\/#article","isPartOf":{"@id":"https:\/\/www.clinicaplanas.com\/jorge-planas\/2013\/03\/04\/asistimos-al-47th-annual-baker-gordon-educational-symposium-de-cirugia-estetica-en-miami\/"},"author":{"name":"Doctor JorgePlanas","@id":"https:\/\/www.clinicaplanas.com\/jorge-planas\/#\/schema\/person\/b13ac6e9212d6f27b00095767a2f4417"},"headline":"Asistimos al 47th Annual Baker Gordon Educational Symposium de cirug\u00eda est\u00e9tica, en Miami","datePublished":"2013-03-04T09:45:29+00:00","dateModified":"2013-03-04T09:45:29+00:00","mainEntityOfPage":{"@id":"https:\/\/www.clinicaplanas.com\/jorge-planas\/2013\/03\/04\/asistimos-al-47th-annual-baker-gordon-educational-symposium-de-cirugia-estetica-en-miami\/"},"wordCount":166,"commentCount":0,"publisher":{"@id":"https:\/\/www.clinicaplanas.com\/jorge-planas\/#organization"},"image":{"@id":"https:\/\/www.clinicaplanas.com\/jorge-planas\/2013\/03\/04\/asistimos-al-47th-annual-baker-gordon-educational-symposium-de-cirugia-estetica-en-miami\/#primaryimage"},"thumbnailUrl":"https:\/\/www.clinicaplanas.com\/jorge-planas\/wp-content\/uploads\/2013\/03\/Jaime-planas-en-el-47th-annual-symposium-de-miami-copia-212x300.jpg","articleSection":["Art\u00edculos de Cirug\u00eda Est\u00e9tica","Congresos"],"inLanguage":"es","potentialAction":[{"@type":"CommentAction","name":"Comment","target":["https:\/\/www.clinicaplanas.com\/jorge-planas\/2013\/03\/04\/asistimos-al-47th-annual-baker-gordon-educational-symposium-de-cirugia-estetica-en-miami\/#respond"]}]},{"@type":"WebPage","@id":"https:\/\/www.clinicaplanas.com\/jorge-planas\/2013\/03\/04\/asistimos-al-47th-annual-baker-gordon-educational-symposium-de-cirugia-estetica-en-miami\/","url":"https:\/\/www.clinicaplanas.com\/jorge-planas\/2013\/03\/04\/asistimos-al-47th-annual-baker-gordon-educational-symposium-de-cirugia-estetica-en-miami\/","name":"47th Annual Baker Gordon Educational Symposium - Dr. Planas Blog","isPartOf":{"@id":"https:\/\/www.clinicaplanas.com\/jorge-planas\/#website"},"primaryImageOfPage":{"@id":"https:\/\/www.clinicaplanas.com\/jorge-planas\/2013\/03\/04\/asistimos-al-47th-annual-baker-gordon-educational-symposium-de-cirugia-estetica-en-miami\/#primaryimage"},"image":{"@id":"https:\/\/www.clinicaplanas.com\/jorge-planas\/2013\/03\/04\/asistimos-al-47th-annual-baker-gordon-educational-symposium-de-cirugia-estetica-en-miami\/#primaryimage"},"thumbnailUrl":"https:\/\/www.clinicaplanas.com\/jorge-planas\/wp-content\/uploads\/2013\/03\/Jaime-planas-en-el-47th-annual-symposium-de-miami-copia-212x300.jpg","datePublished":"2013-03-04T09:45:29+00:00","dateModified":"2013-03-04T09:45:29+00:00","breadcrumb":{"@id":"https:\/\/www.clinicaplanas.com\/jorge-planas\/2013\/03\/04\/asistimos-al-47th-annual-baker-gordon-educational-symposium-de-cirugia-estetica-en-miami\/#breadcrumb"},"inLanguage":"es","potentialAction":[{"@type":"ReadAction","target":["https:\/\/www.clinicaplanas.com\/jorge-planas\/2013\/03\/04\/asistimos-al-47th-annual-baker-gordon-educational-symposium-de-cirugia-estetica-en-miami\/"]}]},{"@type":"ImageObject","inLanguage":"es","@id":"https:\/\/www.clinicaplanas.com\/jorge-planas\/2013\/03\/04\/asistimos-al-47th-annual-baker-gordon-educational-symposium-de-cirugia-estetica-en-miami\/#primaryimage","url":"https:\/\/www.clinicaplanas.com\/jorge-planas\/wp-content\/uploads\/2013\/03\/Jaime-planas-en-el-47th-annual-symposium-de-miami-copia-212x300.jpg","contentUrl":"https:\/\/www.clinicaplanas.com\/jorge-planas\/wp-content\/uploads\/2013\/03\/Jaime-planas-en-el-47th-annual-symposium-de-miami-copia-212x300.jpg"},{"@type":"BreadcrumbList","@id":"https:\/\/www.clinicaplanas.com\/jorge-planas\/2013\/03\/04\/asistimos-al-47th-annual-baker-gordon-educational-symposium-de-cirugia-estetica-en-miami\/#breadcrumb","itemListElement":[{"@type":"ListItem","position":1,"name":"Home","item":"https:\/\/www.clinicaplanas.com\/jorge-planas\/"},{"@type":"ListItem","position":2,"name":"postoperatorio","item":"https:\/\/www.clinicaplanas.com\/jorge-planas\/tag\/postoperatorio\/"},{"@type":"ListItem","position":3,"name":"Asistimos al 47th Annual Baker Gordon Educational Symposium de cirug\u00eda est\u00e9tica, en Miami"}]},{"@type":"WebSite","@id":"https:\/\/www.clinicaplanas.com\/jorge-planas\/#website","url":"https:\/\/www.clinicaplanas.com\/jorge-planas\/","name":"Tu blog de medicina y cirug\u00eda est\u00e9tica - Cl\u00ednica Planas","description":"Mantente al d\u00eda sobre medicina y cirug\u00eda est\u00e9tica con el blog de Cl\u00ednica Planas. Noticias de actualidad, novedades y tips de la mano de nuestros especialistas.","publisher":{"@id":"https:\/\/www.clinicaplanas.com\/jorge-planas\/#organization"},"potentialAction":[{"@type":"SearchAction","target":{"@type":"EntryPoint","urlTemplate":"https:\/\/www.clinicaplanas.com\/jorge-planas\/?s={search_term_string}"},"query-input":{"@type":"PropertyValueSpecification","valueRequired":true,"valueName":"search_term_string"}}],"inLanguage":"es"},{"@type":"Organization","@id":"https:\/\/www.clinicaplanas.com\/jorge-planas\/#organization","name":"Cl\u00ednica Planas","url":"https:\/\/www.clinicaplanas.com\/jorge-planas\/","logo":{"@type":"ImageObject","inLanguage":"es","@id":"https:\/\/www.clinicaplanas.com\/jorge-planas\/#\/schema\/logo\/image\/","url":"https:\/\/www.clinicaplanas.com\/jorge-planas\/wp-content\/cropped-android-icon-192x192-1.png","contentUrl":"https:\/\/www.clinicaplanas.com\/jorge-planas\/wp-content\/cropped-android-icon-192x192-1.png","width":512,"height":512,"caption":"Cl\u00ednica Planas"},"image":{"@id":"https:\/\/www.clinicaplanas.com\/jorge-planas\/#\/schema\/logo\/image\/"}},{"@type":"Person","@id":"https:\/\/www.clinicaplanas.com\/jorge-planas\/#\/schema\/person\/b13ac6e9212d6f27b00095767a2f4417","name":"Doctor JorgePlanas","image":{"@type":"ImageObject","inLanguage":"es","@id":"https:\/\/www.clinicaplanas.com\/jorge-planas\/#\/schema\/person\/image\/","url":"https:\/\/secure.gravatar.com\/avatar\/?s=96&d=mm&r=g","contentUrl":"https:\/\/secure.gravatar.com\/avatar\/?s=96&d=mm&r=g","caption":"Doctor JorgePlanas"},"url":"https:\/\/www.clinicaplanas.com\/jorge-planas\/author\/doctor-jorgeplanas\/"}]}},"_links":{"self":[{"href":"https:\/\/www.clinicaplanas.com\/jorge-planas\/wp-json\/wp\/v2\/posts\/3159"}],"collection":[{"href":"https:\/\/www.clinicaplanas.com\/jorge-planas\/wp-json\/wp\/v2\/posts"}],"about":[{"href":"https:\/\/www.clinicaplanas.com\/jorge-planas\/wp-json\/wp\/v2\/types\/post"}],"author":[{"embeddable":true,"href":"https:\/\/www.clinicaplanas.com\/jorge-planas\/wp-json\/wp\/v2\/users\/102"}],"replies":[{"embeddable":true,"href":"https:\/\/www.clinicaplanas.com\/jorge-planas\/wp-json\/wp\/v2\/comments?post=3159"}],"version-history":[{"count":0,"href":"https:\/\/www.clinicaplanas.com\/jorge-planas\/wp-json\/wp\/v2\/posts\/3159\/revisions"}],"wp:attachment":[{"href":"https:\/\/www.clinicaplanas.com\/jorge-planas\/wp-json\/wp\/v2\/media?parent=3159"}],"wp:term":[{"taxonomy":"category","embeddable":true,"href":"https:\/\/www.clinicaplanas.com\/jorge-planas\/wp-json\/wp\/v2\/categories?post=3159"},{"taxonomy":"post_tag","embeddable":true,"href":"https:\/\/www.clinicaplanas.com\/jorge-planas\/wp-json\/wp\/v2\/tags?post=3159"}],"curies":[{"name":"wp","href":"https:\/\/api.w.org\/{rel}","templated":true}]}}