{"id":2970,"date":"2013-01-24T12:59:22","date_gmt":"2013-01-24T11:59:22","guid":{"rendered":"http:\/\/www.clinicaplanas.com\/jorge-planas\/?p=2970"},"modified":"2013-01-24T12:59:22","modified_gmt":"2013-01-24T11:59:22","slug":"si-te-ayudan-puedes-dejar-de-fumar","status":"publish","type":"post","link":"https:\/\/www.clinicaplanas.com\/jorge-planas\/2013\/01\/24\/si-te-ayudan-puedes-dejar-de-fumar\/","title":{"rendered":"Si te ayudan puedes dejar de fumar"},"content":{"rendered":"<p><!--:es--><\/p>\n<p style=\"text-align: justify;\"><img decoding=\"async\" class=\"alignleft wp-image-2972 size-full\" title=\"dejar el tabaco\" src=\"https:\/\/www.clinicaplanas.com\/jorge-planas\/wp-content\/uploads\/2013\/01\/dejar-el-tabaco.jpg\" alt=\"fumar\" width=\"250\" height=\"158\" \/>El tabaquismo, es la adicci\u00f3n que presenta un individuo respecto al tabaco, provocada principalmente por uno de sus componentes, la nicotina; la cu\u00e1l provoca una dependencia f\u00edsica que impulsa el h\u00e1bito de fumar y trae aparejado como consecuencia el abuso de su consumo.<!--:--><!--:en--><\/p>\n<p><!--:--><!--more--><!--:es--> El tabaquismo est\u00e1\u00a0 catalogado en la <a href=\"http:\/\/www.psych.org\/\">&#8220;American Psychiatric Association&#8221;<\/a> como una adicci\u00f3n cr\u00f3nica con posibilidades de tratamiento.<\/p>\n<h4 style=\"text-align: justify;\"><a href=\"https:\/\/www.clinicaplanas.com\/jorge-planas\/wp-content\/uploads\/2013\/01\/quick-slow.jpg\"><img decoding=\"async\" class=\"alignleft size-full wp-image-2988\" title=\"quick-slow\" src=\"https:\/\/www.clinicaplanas.com\/jorge-planas\/wp-content\/uploads\/2013\/01\/quick-slow.jpg\" alt=\"\" width=\"244\" height=\"146\" \/><\/a>Prop\u00f3sito para el nuevo a\u00f1o<\/h4>\n<p style=\"text-align: justify;\">Hay mucha gente que lucha por dejar de fumar y esta adicci\u00f3n y aunque est\u00e1 m\u00e1s que demostrado que el tabaco perjudica seriamente la salud, <a href=\"https:\/\/www.who.int\/tobacco\/es\/\">mata hasta la mitad de los fumadores<\/a> acabando con la vida de casi 6 millones de personas cada a\u00f1o, no resulta nada f\u00e1cil dejarlo. De hecho siempre suele ser uno de los prop\u00f3sitos del nuevo a\u00f1o y lo cierto es que sin ayuda resulta realmente dif\u00edcil.<\/p>\n<p style=\"text-align: justify;\">Sin embargo, con la ayuda de un m\u00e9dico especialista, las posibilidades de vencer este h\u00e1bito aumentan exponencialmente.<\/p>\n<h4>Cl\u00ednica Planas ha creado un tratamiento antitabaco a la medida de cada fumador con una tasa de \u00e9xito del 90%<\/h4>\n<p style=\"text-align: justify;\"><a href=\"https:\/\/www.clinicaplanas.com\/jorge-planas\/wp-content\/uploads\/2013\/01\/dejar-de-fumar-si-se-puede.jpg\"><img decoding=\"async\" class=\"alignleft size-full wp-image-2991\" title=\"dejar de fumar si se puede\" src=\"https:\/\/www.clinicaplanas.com\/jorge-planas\/wp-content\/uploads\/2013\/01\/dejar-de-fumar-si-se-puede.jpg\" alt=\"\" width=\"200\" height=\"200\" srcset=\"https:\/\/www.clinicaplanas.com\/jorge-planas\/wp-content\/dejar-de-fumar-si-se-puede.jpg 200w, https:\/\/www.clinicaplanas.com\/jorge-planas\/wp-content\/dejar-de-fumar-si-se-puede-150x150.jpg 150w\" sizes=\"(max-width: 200px) 100vw, 200px\" \/><\/a>Altamente efectivo y con s\u00f3lo una tasa del 10% de abandonos, el tratamiento de Cl\u00ednica Planas ofrece una atenci\u00f3n personalizada a medida de las necesidades de cada paciente, dependiendo de sus circunstancias. Cada fumador es diferente y por tanto necesitar\u00e1 un seguimiento a medida. A partir de un completo historial cl\u00ednico que realiza el <a href=\"https:\/\/www.clinicaplanas.com\/equipo-medico\/josep-morera\">Dr. Josep Morera<\/a>, responsable de la Unidad de Neumolog\u00eda de Cl\u00ednica Planas, se determinan los datos b\u00e1sicos para dise\u00f1ar un tratamiento y seguimiento espec\u00edfico para cada paciente.<\/p>\n<p style=\"text-align: justify;\">En la mayor\u00eda de casos, adem\u00e1s, ser\u00e1n necesarias algunas pruebas m\u00e9dicas para disponer de toda la informaci\u00f3n necesaria sobre el factor de transferencia del mon\u00f3xido de carbono. Es el caso de la <strong>espirometr\u00eda<\/strong>, para saber en qu\u00e9 condiciones est\u00e1n las v\u00edas respiratorias; de la <strong>pulsioxiometr\u00eda<\/strong> y la <strong>cooximetr\u00eda<\/strong>, para calcular la intensidad del tabaco; o del <strong>test de Fagerstr\u00f6m<\/strong>, para determinar el grado de adicci\u00f3n nicot\u00ednica del paciente.<\/p>\n<h4 style=\"text-align: justify;\">Algunas cifras significativas.<\/h4>\n<p style=\"text-align: justify;\">\u00a0<a href=\"https:\/\/www.clinicaplanas.com\/jorge-planas\/wp-content\/uploads\/2013\/01\/Captura-de-pantalla-2013-01-23-a-las-11.42.39.png\"><img decoding=\"async\" class=\"alignright wp-image-2975\" title=\"el tabaco mata\" src=\"https:\/\/www.clinicaplanas.com\/jorge-planas\/wp-content\/uploads\/2013\/01\/Captura-de-pantalla-2013-01-23-a-las-11.42.39.png\" alt=\"\" width=\"197\" height=\"158\" \/><\/a>Muertes relacionadas al tabaco desde 2001: 60.000.000<\/p>\n<p style=\"text-align: justify;\">Se prevee que la cifra de 6 millones de muertes anuales aumente hasta los 8 millones en 2030.\u00a0 El consumo de tabaco es un factor de riesgo para 6 de las 8 principales causas de defunci\u00f3n en el mundo.<\/p>\n<p><!--:--><!--:en--><\/p>\n<p><!--:--><\/p>\n","protected":false},"excerpt":{"rendered":"<p>El tabaquismo, es la adicci\u00f3n que presenta un individuo respecto al tabaco, provocada principalmente por uno de sus componentes, la nicotina; la cu\u00e1l provoca una dependencia f\u00edsica que impulsa el h\u00e1bito de fumar y trae aparejado como consecuencia el abuso de su consumo.<\/p>\n","protected":false},"author":102,"featured_media":0,"comment_status":"open","ping_status":"open","sticky":false,"template":"","format":"standard","meta":{"footnotes":""},"categories":[60],"tags":[],"class_list":["post-2970","post","type-post","status-publish","format-standard","hentry","category-medicina-preventiva"],"yoast_head":"<!-- This site is optimized with the Yoast SEO plugin v23.4 - https:\/\/yoast.com\/wordpress\/plugins\/seo\/ -->\n<title>Si te ayudan puedes dejar de fumar - TT - Tu blog de medicina y cirug\u00eda est\u00e9tica - Cl\u00ednica Planas<\/title>\n<meta name=\"description\" content=\"El tabaquismo, se debe principalmente a la adicci\u00f3n a la nicotina; la cu\u00e1l provoca una dependencia f\u00edsica que impulsa el h\u00e1bito de fumar.\" \/>\n<meta name=\"robots\" content=\"index, follow, max-snippet:-1, max-image-preview:large, max-video-preview:-1\" \/>\n<link rel=\"canonical\" href=\"https:\/\/www.clinicaplanas.com\/jorge-planas\/2013\/01\/24\/si-te-ayudan-puedes-dejar-de-fumar\/\" \/>\n<meta property=\"og:locale\" content=\"es_ES\" \/>\n<meta property=\"og:type\" content=\"article\" \/>\n<meta property=\"og:title\" content=\"Si te ayudan puedes dejar de fumar - TT - Tu blog de medicina y cirug\u00eda est\u00e9tica - Cl\u00ednica Planas\" \/>\n<meta property=\"og:description\" content=\"El tabaquismo, se debe principalmente a la adicci\u00f3n a la nicotina; la cu\u00e1l provoca una dependencia f\u00edsica que impulsa el h\u00e1bito de fumar.\" \/>\n<meta property=\"og:url\" content=\"https:\/\/www.clinicaplanas.com\/jorge-planas\/2013\/01\/24\/si-te-ayudan-puedes-dejar-de-fumar\/\" \/>\n<meta property=\"og:site_name\" content=\"Tu blog de medicina y cirug\u00eda est\u00e9tica - Cl\u00ednica Planas\" \/>\n<meta property=\"article:published_time\" content=\"2013-01-24T11:59:22+00:00\" \/>\n<meta property=\"og:image\" content=\"https:\/\/www.clinicaplanas.com\/jorge-planas\/wp-content\/uploads\/2013\/01\/dejar-el-tabaco.jpg\" \/>\n<meta name=\"author\" content=\"Doctor JorgePlanas\" \/>\n<meta name=\"twitter:card\" content=\"summary_large_image\" \/>\n<meta name=\"twitter:label1\" content=\"Escrito por\" \/>\n\t<meta name=\"twitter:data1\" content=\"Doctor JorgePlanas\" \/>\n\t<meta name=\"twitter:label2\" content=\"Tiempo de lectura\" \/>\n\t<meta name=\"twitter:data2\" content=\"2 minutos\" \/>\n<!-- \/ Yoast SEO plugin. -->","yoast_head_json":{"title":"Si te ayudan puedes dejar de fumar - TT - Tu blog de medicina y cirug\u00eda est\u00e9tica - Cl\u00ednica Planas","description":"El tabaquismo, se debe principalmente a la adicci\u00f3n a la nicotina; la cu\u00e1l provoca una dependencia f\u00edsica que impulsa el h\u00e1bito de fumar.","robots":{"index":"index","follow":"follow","max-snippet":"max-snippet:-1","max-image-preview":"max-image-preview:large","max-video-preview":"max-video-preview:-1"},"canonical":"https:\/\/www.clinicaplanas.com\/jorge-planas\/2013\/01\/24\/si-te-ayudan-puedes-dejar-de-fumar\/","og_locale":"es_ES","og_type":"article","og_title":"Si te ayudan puedes dejar de fumar - TT - Tu blog de medicina y cirug\u00eda est\u00e9tica - Cl\u00ednica Planas","og_description":"El tabaquismo, se debe principalmente a la adicci\u00f3n a la nicotina; la cu\u00e1l provoca una dependencia f\u00edsica que impulsa el h\u00e1bito de fumar.","og_url":"https:\/\/www.clinicaplanas.com\/jorge-planas\/2013\/01\/24\/si-te-ayudan-puedes-dejar-de-fumar\/","og_site_name":"Tu blog de medicina y cirug\u00eda est\u00e9tica - Cl\u00ednica Planas","article_published_time":"2013-01-24T11:59:22+00:00","og_image":[{"url":"https:\/\/www.clinicaplanas.com\/jorge-planas\/wp-content\/uploads\/2013\/01\/dejar-el-tabaco.jpg"}],"author":"Doctor JorgePlanas","twitter_card":"summary_large_image","twitter_misc":{"Escrito por":"Doctor JorgePlanas","Tiempo de lectura":"2 minutos"},"schema":{"@context":"https:\/\/schema.org","@graph":[{"@type":"Article","@id":"https:\/\/www.clinicaplanas.com\/jorge-planas\/2013\/01\/24\/si-te-ayudan-puedes-dejar-de-fumar\/#article","isPartOf":{"@id":"https:\/\/www.clinicaplanas.com\/jorge-planas\/2013\/01\/24\/si-te-ayudan-puedes-dejar-de-fumar\/"},"author":{"name":"Doctor JorgePlanas","@id":"https:\/\/www.clinicaplanas.com\/jorge-planas\/#\/schema\/person\/b13ac6e9212d6f27b00095767a2f4417"},"headline":"Si te ayudan puedes dejar de fumar","datePublished":"2013-01-24T11:59:22+00:00","dateModified":"2013-01-24T11:59:22+00:00","mainEntityOfPage":{"@id":"https:\/\/www.clinicaplanas.com\/jorge-planas\/2013\/01\/24\/si-te-ayudan-puedes-dejar-de-fumar\/"},"wordCount":410,"commentCount":0,"publisher":{"@id":"https:\/\/www.clinicaplanas.com\/jorge-planas\/#organization"},"image":{"@id":"https:\/\/www.clinicaplanas.com\/jorge-planas\/2013\/01\/24\/si-te-ayudan-puedes-dejar-de-fumar\/#primaryimage"},"thumbnailUrl":"https:\/\/www.clinicaplanas.com\/jorge-planas\/wp-content\/uploads\/2013\/01\/dejar-el-tabaco.jpg","articleSection":["Art\u00edculos sobre Medicina Preventiva"],"inLanguage":"es","potentialAction":[{"@type":"CommentAction","name":"Comment","target":["https:\/\/www.clinicaplanas.com\/jorge-planas\/2013\/01\/24\/si-te-ayudan-puedes-dejar-de-fumar\/#respond"]}]},{"@type":"WebPage","@id":"https:\/\/www.clinicaplanas.com\/jorge-planas\/2013\/01\/24\/si-te-ayudan-puedes-dejar-de-fumar\/","url":"https:\/\/www.clinicaplanas.com\/jorge-planas\/2013\/01\/24\/si-te-ayudan-puedes-dejar-de-fumar\/","name":"Si te ayudan puedes dejar de fumar - TT - Tu blog de medicina y cirug\u00eda est\u00e9tica - Cl\u00ednica Planas","isPartOf":{"@id":"https:\/\/www.clinicaplanas.com\/jorge-planas\/#website"},"primaryImageOfPage":{"@id":"https:\/\/www.clinicaplanas.com\/jorge-planas\/2013\/01\/24\/si-te-ayudan-puedes-dejar-de-fumar\/#primaryimage"},"image":{"@id":"https:\/\/www.clinicaplanas.com\/jorge-planas\/2013\/01\/24\/si-te-ayudan-puedes-dejar-de-fumar\/#primaryimage"},"thumbnailUrl":"https:\/\/www.clinicaplanas.com\/jorge-planas\/wp-content\/uploads\/2013\/01\/dejar-el-tabaco.jpg","datePublished":"2013-01-24T11:59:22+00:00","dateModified":"2013-01-24T11:59:22+00:00","description":"El tabaquismo, se debe principalmente a la adicci\u00f3n a la nicotina; la cu\u00e1l provoca una dependencia f\u00edsica que impulsa el h\u00e1bito de fumar.","breadcrumb":{"@id":"https:\/\/www.clinicaplanas.com\/jorge-planas\/2013\/01\/24\/si-te-ayudan-puedes-dejar-de-fumar\/#breadcrumb"},"inLanguage":"es","potentialAction":[{"@type":"ReadAction","target":["https:\/\/www.clinicaplanas.com\/jorge-planas\/2013\/01\/24\/si-te-ayudan-puedes-dejar-de-fumar\/"]}]},{"@type":"ImageObject","inLanguage":"es","@id":"https:\/\/www.clinicaplanas.com\/jorge-planas\/2013\/01\/24\/si-te-ayudan-puedes-dejar-de-fumar\/#primaryimage","url":"https:\/\/www.clinicaplanas.com\/jorge-planas\/wp-content\/uploads\/2013\/01\/dejar-el-tabaco.jpg","contentUrl":"https:\/\/www.clinicaplanas.com\/jorge-planas\/wp-content\/uploads\/2013\/01\/dejar-el-tabaco.jpg"},{"@type":"BreadcrumbList","@id":"https:\/\/www.clinicaplanas.com\/jorge-planas\/2013\/01\/24\/si-te-ayudan-puedes-dejar-de-fumar\/#breadcrumb","itemListElement":[{"@type":"ListItem","position":1,"name":"Home","item":"https:\/\/www.clinicaplanas.com\/jorge-planas\/"},{"@type":"ListItem","position":2,"name":"Art\u00edculos sobre Medicina Preventiva","item":"https:\/\/www.clinicaplanas.com\/jorge-planas\/medicina-preventiva\/"},{"@type":"ListItem","position":3,"name":"Si te ayudan puedes dejar de fumar"}]},{"@type":"WebSite","@id":"https:\/\/www.clinicaplanas.com\/jorge-planas\/#website","url":"https:\/\/www.clinicaplanas.com\/jorge-planas\/","name":"Tu blog de medicina y cirug\u00eda est\u00e9tica - Cl\u00ednica Planas","description":"Mantente al d\u00eda sobre medicina y cirug\u00eda est\u00e9tica con el blog de Cl\u00ednica Planas. Noticias de actualidad, novedades y tips de la mano de nuestros especialistas.","publisher":{"@id":"https:\/\/www.clinicaplanas.com\/jorge-planas\/#organization"},"potentialAction":[{"@type":"SearchAction","target":{"@type":"EntryPoint","urlTemplate":"https:\/\/www.clinicaplanas.com\/jorge-planas\/?s={search_term_string}"},"query-input":{"@type":"PropertyValueSpecification","valueRequired":true,"valueName":"search_term_string"}}],"inLanguage":"es"},{"@type":"Organization","@id":"https:\/\/www.clinicaplanas.com\/jorge-planas\/#organization","name":"Cl\u00ednica Planas","url":"https:\/\/www.clinicaplanas.com\/jorge-planas\/","logo":{"@type":"ImageObject","inLanguage":"es","@id":"https:\/\/www.clinicaplanas.com\/jorge-planas\/#\/schema\/logo\/image\/","url":"https:\/\/www.clinicaplanas.com\/jorge-planas\/wp-content\/cropped-android-icon-192x192-1.png","contentUrl":"https:\/\/www.clinicaplanas.com\/jorge-planas\/wp-content\/cropped-android-icon-192x192-1.png","width":512,"height":512,"caption":"Cl\u00ednica Planas"},"image":{"@id":"https:\/\/www.clinicaplanas.com\/jorge-planas\/#\/schema\/logo\/image\/"}},{"@type":"Person","@id":"https:\/\/www.clinicaplanas.com\/jorge-planas\/#\/schema\/person\/b13ac6e9212d6f27b00095767a2f4417","name":"Doctor JorgePlanas","image":{"@type":"ImageObject","inLanguage":"es","@id":"https:\/\/www.clinicaplanas.com\/jorge-planas\/#\/schema\/person\/image\/","url":"https:\/\/secure.gravatar.com\/avatar\/?s=96&d=mm&r=g","contentUrl":"https:\/\/secure.gravatar.com\/avatar\/?s=96&d=mm&r=g","caption":"Doctor JorgePlanas"},"url":"https:\/\/www.clinicaplanas.com\/jorge-planas\/author\/doctor-jorgeplanas\/"}]}},"_links":{"self":[{"href":"https:\/\/www.clinicaplanas.com\/jorge-planas\/wp-json\/wp\/v2\/posts\/2970"}],"collection":[{"href":"https:\/\/www.clinicaplanas.com\/jorge-planas\/wp-json\/wp\/v2\/posts"}],"about":[{"href":"https:\/\/www.clinicaplanas.com\/jorge-planas\/wp-json\/wp\/v2\/types\/post"}],"author":[{"embeddable":true,"href":"https:\/\/www.clinicaplanas.com\/jorge-planas\/wp-json\/wp\/v2\/users\/102"}],"replies":[{"embeddable":true,"href":"https:\/\/www.clinicaplanas.com\/jorge-planas\/wp-json\/wp\/v2\/comments?post=2970"}],"version-history":[{"count":0,"href":"https:\/\/www.clinicaplanas.com\/jorge-planas\/wp-json\/wp\/v2\/posts\/2970\/revisions"}],"wp:attachment":[{"href":"https:\/\/www.clinicaplanas.com\/jorge-planas\/wp-json\/wp\/v2\/media?parent=2970"}],"wp:term":[{"taxonomy":"category","embeddable":true,"href":"https:\/\/www.clinicaplanas.com\/jorge-planas\/wp-json\/wp\/v2\/categories?post=2970"},{"taxonomy":"post_tag","embeddable":true,"href":"https:\/\/www.clinicaplanas.com\/jorge-planas\/wp-json\/wp\/v2\/tags?post=2970"}],"curies":[{"name":"wp","href":"https:\/\/api.w.org\/{rel}","templated":true}]}}