{"id":289,"date":"2009-11-17T20:19:05","date_gmt":"2009-11-17T19:19:05","guid":{"rendered":"http:\/\/www.clinicaplanas.com\/jorge-planas\/?p=289"},"modified":"2009-11-17T20:19:05","modified_gmt":"2009-11-17T19:19:05","slug":"utilizacion-de-integra-en-rinoplastia-2","status":"publish","type":"post","link":"https:\/\/www.clinicaplanas.com\/jorge-planas\/2009\/11\/17\/utilizacion-de-integra-en-rinoplastia-2\/","title":{"rendered":"Utilizaci\u00f3n de regenerador d\u00e9rmico en Rinoplastia"},"content":{"rendered":"<p><!--:es-->El regenerador d\u00e9rmico\u00a0en rinoplastia es una nueva t\u00e9cnica que desarroll\u00e9 y que utilizo desde hace dos a\u00f1os que permite reconstruir una nariz al regenerar la dermis (capa profunda de la piel del propio paciente) dando forma deseada a la nariz al permitir incrementar el tama\u00f1o y\/o modificar el \u00e1ngulo naso frontal en los casos de narices hundidas, orientales o africanas e incluso en caballetes deprimidos por cirug\u00edas anteriores no exitosas o por traumatismos.<!--more--><\/p>\n<p>Desde la Cl\u00ednica Planas, \u00fanico centro espa\u00f1ol en el que actualmente se realiza la t\u00e9cnica , realizo la reconstrucci\u00f3n de nariz a trav\u00e9s del regenerador d\u00e9rmico en rinoplastia.<\/p>\n<p>Llevo investigando desde 2007 en la utilizaci\u00f3n del regenerador d\u00e9rmico\u00a0en Rinoplastia y gracias a este proceso de investigaci\u00f3n hemos abierto nuevas l\u00edneas de trabajo en el campo de la rinoplastia. Personalmente he aplicado esta t\u00e9cnica a m\u00e1s de 50 pacientes en el \u00faltimo a\u00f1o consiguiendo excelentes resultados est\u00e9ticos.<\/p>\n<p><strong>La t\u00e9cnica<\/strong><\/p>\n<p>La t\u00e9cnica consiste en la aplicaci\u00f3n de una l\u00e1mina de regenerador d\u00e9rmico en el interior de la nariz para que \u00e9sta genere mayor grosor de la dermis en el lugar d\u00f3nde se ha colocado, permitiendo as\u00ed, en los casos que se requiere, incrementar el tama\u00f1o del dorso de la nariz y\/o modificar el \u00e1ngulo naso frontal.<br \/>\nLa ventaja que nos ofrece la utilizaci\u00f3n de este material, constituido por una l\u00e1mina de matriz porosa de fibras de col\u00e1geno y glicosaminoglicanos, es que a trav\u00e9s de esta sustancia se consigue la regeneraci\u00f3n de la dermis del propio paciente ya que no es un material extra\u00f1o.<\/p>\n<p>Se trata de una matriz que se reabsorbe al mismo tiempo que genera la propia dermis del paciente, quedando reemplazada en 41 d\u00edas. Durante este proceso el paciente no aprecia ning\u00fan cambio en la forma de la nariz manteni\u00e9ndose siempre el resultado obtenido con la cirug\u00eda.<br \/>\nAdem\u00e1s hay que destacar que la dermis neoformada act\u00faa como un relleno consiguiendo la forma deseada de la nariz y evitando los efectos secundarios de los materiales que se utilizaban anteriormente con el mismo prop\u00f3sito.<\/p>\n<p>Antes, en este tipo de intervenciones, utiliz\u00e1bamos cart\u00edlago del propio paciente con el inconveniente de la posible visualizaci\u00f3n de los bordes del injerto, la reabsorci\u00f3n parcial y en algunos casos un leve desplazamiento. A trav\u00e9s de esta nueva t\u00e9cnica, utilizando la l\u00e1mina de regeneraci\u00f3n d\u00e9rmica, se evitan estos inconvenientes y se consiguen resultados m\u00e1s uniformes tanto a la vista como al tacto.<br \/>\nEsta t\u00e9cnica la present\u00e9 en octubre de 2008 en el Congreso de la EASAPS como innovaci\u00f3n en el campo de la rinoplastia, siendo seleccionada para representar a Espa\u00f1a en la secci\u00f3n \u201cBest of Europe in Aesthetic Surgery\u201d.<\/p>\n<p>Personalmente considero que la utilizaci\u00f3n de integra en este tipo de intervenciones se configura como una herramienta m\u00e1s para que el cirujano pl\u00e1stico pueda conseguir lo que siempre persigue, la excelencia en los resultados.<\/p>\n<p>Adem\u00e1s, esta innovaci\u00f3n es relevante por ser un tratamiento definitivo que se realiza en una sola sesi\u00f3n y que ofrece unos excelentes resultados que podemos percibir desde el primer d\u00eda.<br \/>\nRespecto al perfil del paciente para el que resulta aconsejable esta nueva t\u00e9cnica la recomendamos a quienes quieran aumentar el tama\u00f1o de la nariz y modificar el \u00e1ngulo naso frontal en narices orientales, africanas, cauc\u00e1sicas, o con el caballete hundido por traumatismos o por cirug\u00edas anteriores no exitosas. Tambi\u00e9n en personas en las que la piel es especialmente fina.<\/p>\n<p><a href=\"https:\/\/www.clinicaplanas.com\/jorge-planas\/wp-content\/1.JPG\"><img decoding=\"async\" class=\"alignnone size-medium wp-image-292\" title=\"Lamina de Regeneracion Dermica\" src=\"https:\/\/www.clinicaplanas.com\/jorge-planas\/wp-content\/1-300x225.jpg\" alt=\"Lamina de Regeneracion Dermica\" width=\"300\" height=\"225\" \/><\/a><\/p>\n<p><a href=\"https:\/\/www.clinicaplanas.com\/jorge-planas\/wp-content\/2.JPG\"><img decoding=\"async\" class=\"alignnone size-medium wp-image-293\" title=\"Indicaciones\" src=\"https:\/\/www.clinicaplanas.com\/jorge-planas\/wp-content\/2-300x225.jpg\" alt=\"Indicaciones\" width=\"300\" height=\"225\" srcset=\"https:\/\/www.clinicaplanas.com\/jorge-planas\/wp-content\/2-300x225.jpg 300w, https:\/\/www.clinicaplanas.com\/jorge-planas\/wp-content\/2-768x576.jpg 768w, https:\/\/www.clinicaplanas.com\/jorge-planas\/wp-content\/2.jpg 960w\" sizes=\"(max-width: 300px) 100vw, 300px\" \/><\/a><\/p>\n<p><a href=\"https:\/\/www.clinicaplanas.com\/jorge-planas\/wp-content\/3.JPG\"><img decoding=\"async\" class=\"alignnone size-medium wp-image-294\" title=\"Slide 3\" src=\"https:\/\/www.clinicaplanas.com\/jorge-planas\/wp-content\/3-300x225.jpg\" alt=\"Slide 3\" width=\"300\" height=\"225\" srcset=\"https:\/\/www.clinicaplanas.com\/jorge-planas\/wp-content\/3-300x225.jpg 300w, https:\/\/www.clinicaplanas.com\/jorge-planas\/wp-content\/3-768x576.jpg 768w, https:\/\/www.clinicaplanas.com\/jorge-planas\/wp-content\/3.jpg 960w\" sizes=\"(max-width: 300px) 100vw, 300px\" \/><\/a><\/p>\n<p><a href=\"https:\/\/www.clinicaplanas.com\/jorge-planas\/wp-content\/4.JPG\"><img decoding=\"async\" class=\"alignnone size-medium wp-image-296\" title=\"Slide 4\" src=\"https:\/\/www.clinicaplanas.com\/jorge-planas\/wp-content\/4-300x225.jpg\" alt=\"Slide 4\" width=\"300\" height=\"225\" srcset=\"https:\/\/www.clinicaplanas.com\/jorge-planas\/wp-content\/4-300x225.jpg 300w, https:\/\/www.clinicaplanas.com\/jorge-planas\/wp-content\/4-768x576.jpg 768w, https:\/\/www.clinicaplanas.com\/jorge-planas\/wp-content\/4.jpg 960w\" sizes=\"(max-width: 300px) 100vw, 300px\" \/><\/a><\/p>\n<p><a href=\"https:\/\/www.clinicaplanas.com\/jorge-planas\/wp-content\/21.JPG\"><img decoding=\"async\" class=\"alignnone size-medium wp-image-313\" title=\"Ventajas\" src=\"https:\/\/www.clinicaplanas.com\/jorge-planas\/wp-content\/21-300x225.jpg\" alt=\"Slide 21\" width=\"300\" height=\"225\" \/><\/a><\/p>\n<p><a href=\"https:\/\/www.clinicaplanas.com\/jorge-planas\/wp-content\/22.JPG\"><img decoding=\"async\" class=\"alignnone size-medium wp-image-314\" title=\"Ventajas\" src=\"https:\/\/www.clinicaplanas.com\/jorge-planas\/wp-content\/22-300x225.jpg\" alt=\"Ventajas\" width=\"300\" height=\"225\" srcset=\"https:\/\/www.clinicaplanas.com\/jorge-planas\/wp-content\/22-300x225.jpg 300w, https:\/\/www.clinicaplanas.com\/jorge-planas\/wp-content\/22-768x576.jpg 768w, https:\/\/www.clinicaplanas.com\/jorge-planas\/wp-content\/22.jpg 960w\" sizes=\"(max-width: 300px) 100vw, 300px\" \/><\/a><!--:--><\/p>\n","protected":false},"excerpt":{"rendered":"<p>El regenerador d\u00e9rmico\u00a0en rinoplastia es una nueva t\u00e9cnica que desarroll\u00e9 y que utilizo desde hace dos a\u00f1os que permite reconstruir una nariz al regenerar la dermis (capa profunda de la piel del propio paciente) dando forma deseada a la nariz al permitir incrementar el tama\u00f1o y\/o modificar el \u00e1ngulo naso frontal en los casos de [&#8230;]\n","protected":false},"author":102,"featured_media":0,"comment_status":"open","ping_status":"open","sticky":false,"template":"","format":"standard","meta":{"footnotes":""},"categories":[241,243,258],"tags":[],"class_list":["post-289","post","type-post","status-publish","format-standard","hentry","category-cirugia-plastica-estetica","category-cirugia-facial","category-congresos"],"yoast_head":"<!-- This site is optimized with the Yoast SEO plugin v23.4 - https:\/\/yoast.com\/wordpress\/plugins\/seo\/ -->\n<title>Regenerador d\u00e9rmico en rinoplastia - Dr. Jorge Planas Blog<\/title>\n<meta name=\"description\" content=\"El regenerador d\u00e9rmico en rinoplastia permite reconstruir una nariz al regenerar la dermis dando forma deseada a la nariz.\" \/>\n<meta name=\"robots\" content=\"index, follow, max-snippet:-1, max-image-preview:large, max-video-preview:-1\" \/>\n<link rel=\"canonical\" href=\"https:\/\/www.clinicaplanas.com\/jorge-planas\/2009\/11\/17\/utilizacion-de-integra-en-rinoplastia-2\/\" \/>\n<meta property=\"og:locale\" content=\"es_ES\" \/>\n<meta property=\"og:type\" content=\"article\" \/>\n<meta property=\"og:title\" content=\"Regenerador d\u00e9rmico en rinoplastia - Dr. Jorge Planas Blog\" \/>\n<meta property=\"og:description\" content=\"El regenerador d\u00e9rmico en rinoplastia permite reconstruir una nariz al regenerar la dermis dando forma deseada a la nariz.\" \/>\n<meta property=\"og:url\" content=\"https:\/\/www.clinicaplanas.com\/jorge-planas\/2009\/11\/17\/utilizacion-de-integra-en-rinoplastia-2\/\" \/>\n<meta property=\"og:site_name\" content=\"Tu blog de medicina y cirug\u00eda est\u00e9tica - Cl\u00ednica Planas\" \/>\n<meta property=\"article:published_time\" content=\"2009-11-17T19:19:05+00:00\" \/>\n<meta property=\"og:image\" content=\"https:\/\/www.clinicaplanas.com\/jorge-planas\/wp-content\/1-300x225.jpg\" \/>\n<meta name=\"author\" content=\"Doctor JorgePlanas\" \/>\n<meta name=\"twitter:card\" content=\"summary_large_image\" \/>\n<meta name=\"twitter:label1\" content=\"Escrito por\" \/>\n\t<meta name=\"twitter:data1\" content=\"Doctor JorgePlanas\" \/>\n\t<meta name=\"twitter:label2\" content=\"Tiempo de lectura\" \/>\n\t<meta name=\"twitter:data2\" content=\"3 minutos\" \/>\n<!-- \/ Yoast SEO plugin. -->","yoast_head_json":{"title":"Regenerador d\u00e9rmico en rinoplastia - Dr. Jorge Planas Blog","description":"El regenerador d\u00e9rmico en rinoplastia permite reconstruir una nariz al regenerar la dermis dando forma deseada a la nariz.","robots":{"index":"index","follow":"follow","max-snippet":"max-snippet:-1","max-image-preview":"max-image-preview:large","max-video-preview":"max-video-preview:-1"},"canonical":"https:\/\/www.clinicaplanas.com\/jorge-planas\/2009\/11\/17\/utilizacion-de-integra-en-rinoplastia-2\/","og_locale":"es_ES","og_type":"article","og_title":"Regenerador d\u00e9rmico en rinoplastia - Dr. Jorge Planas Blog","og_description":"El regenerador d\u00e9rmico en rinoplastia permite reconstruir una nariz al regenerar la dermis dando forma deseada a la nariz.","og_url":"https:\/\/www.clinicaplanas.com\/jorge-planas\/2009\/11\/17\/utilizacion-de-integra-en-rinoplastia-2\/","og_site_name":"Tu blog de medicina y cirug\u00eda est\u00e9tica - Cl\u00ednica Planas","article_published_time":"2009-11-17T19:19:05+00:00","og_image":[{"url":"https:\/\/www.clinicaplanas.com\/jorge-planas\/wp-content\/1-300x225.jpg"}],"author":"Doctor JorgePlanas","twitter_card":"summary_large_image","twitter_misc":{"Escrito por":"Doctor JorgePlanas","Tiempo de lectura":"3 minutos"},"schema":{"@context":"https:\/\/schema.org","@graph":[{"@type":"Article","@id":"https:\/\/www.clinicaplanas.com\/jorge-planas\/2009\/11\/17\/utilizacion-de-integra-en-rinoplastia-2\/#article","isPartOf":{"@id":"https:\/\/www.clinicaplanas.com\/jorge-planas\/2009\/11\/17\/utilizacion-de-integra-en-rinoplastia-2\/"},"author":{"name":"Doctor JorgePlanas","@id":"https:\/\/www.clinicaplanas.com\/jorge-planas\/#\/schema\/person\/b13ac6e9212d6f27b00095767a2f4417"},"headline":"Utilizaci\u00f3n de regenerador d\u00e9rmico en Rinoplastia","datePublished":"2009-11-17T19:19:05+00:00","dateModified":"2009-11-17T19:19:05+00:00","mainEntityOfPage":{"@id":"https:\/\/www.clinicaplanas.com\/jorge-planas\/2009\/11\/17\/utilizacion-de-integra-en-rinoplastia-2\/"},"wordCount":629,"commentCount":20,"publisher":{"@id":"https:\/\/www.clinicaplanas.com\/jorge-planas\/#organization"},"image":{"@id":"https:\/\/www.clinicaplanas.com\/jorge-planas\/2009\/11\/17\/utilizacion-de-integra-en-rinoplastia-2\/#primaryimage"},"thumbnailUrl":"https:\/\/www.clinicaplanas.com\/jorge-planas\/wp-content\/1-300x225.jpg","articleSection":["Art\u00edculos de Cirug\u00eda Est\u00e9tica","Art\u00edculos de Cirug\u00eda Est\u00e9tica Facial","Congresos"],"inLanguage":"es","potentialAction":[{"@type":"CommentAction","name":"Comment","target":["https:\/\/www.clinicaplanas.com\/jorge-planas\/2009\/11\/17\/utilizacion-de-integra-en-rinoplastia-2\/#respond"]}]},{"@type":"WebPage","@id":"https:\/\/www.clinicaplanas.com\/jorge-planas\/2009\/11\/17\/utilizacion-de-integra-en-rinoplastia-2\/","url":"https:\/\/www.clinicaplanas.com\/jorge-planas\/2009\/11\/17\/utilizacion-de-integra-en-rinoplastia-2\/","name":"Regenerador d\u00e9rmico en rinoplastia - Dr. Jorge Planas Blog","isPartOf":{"@id":"https:\/\/www.clinicaplanas.com\/jorge-planas\/#website"},"primaryImageOfPage":{"@id":"https:\/\/www.clinicaplanas.com\/jorge-planas\/2009\/11\/17\/utilizacion-de-integra-en-rinoplastia-2\/#primaryimage"},"image":{"@id":"https:\/\/www.clinicaplanas.com\/jorge-planas\/2009\/11\/17\/utilizacion-de-integra-en-rinoplastia-2\/#primaryimage"},"thumbnailUrl":"https:\/\/www.clinicaplanas.com\/jorge-planas\/wp-content\/1-300x225.jpg","datePublished":"2009-11-17T19:19:05+00:00","dateModified":"2009-11-17T19:19:05+00:00","description":"El regenerador d\u00e9rmico en rinoplastia permite reconstruir una nariz al regenerar la dermis dando forma deseada a la nariz.","breadcrumb":{"@id":"https:\/\/www.clinicaplanas.com\/jorge-planas\/2009\/11\/17\/utilizacion-de-integra-en-rinoplastia-2\/#breadcrumb"},"inLanguage":"es","potentialAction":[{"@type":"ReadAction","target":["https:\/\/www.clinicaplanas.com\/jorge-planas\/2009\/11\/17\/utilizacion-de-integra-en-rinoplastia-2\/"]}]},{"@type":"ImageObject","inLanguage":"es","@id":"https:\/\/www.clinicaplanas.com\/jorge-planas\/2009\/11\/17\/utilizacion-de-integra-en-rinoplastia-2\/#primaryimage","url":"https:\/\/www.clinicaplanas.com\/jorge-planas\/wp-content\/1-300x225.jpg","contentUrl":"https:\/\/www.clinicaplanas.com\/jorge-planas\/wp-content\/1-300x225.jpg"},{"@type":"BreadcrumbList","@id":"https:\/\/www.clinicaplanas.com\/jorge-planas\/2009\/11\/17\/utilizacion-de-integra-en-rinoplastia-2\/#breadcrumb","itemListElement":[{"@type":"ListItem","position":1,"name":"Home","item":"https:\/\/www.clinicaplanas.com\/jorge-planas\/"},{"@type":"ListItem","position":2,"name":"postoperatorio","item":"https:\/\/www.clinicaplanas.com\/jorge-planas\/tag\/postoperatorio\/"},{"@type":"ListItem","position":3,"name":"Utilizaci\u00f3n de regenerador d\u00e9rmico en Rinoplastia"}]},{"@type":"WebSite","@id":"https:\/\/www.clinicaplanas.com\/jorge-planas\/#website","url":"https:\/\/www.clinicaplanas.com\/jorge-planas\/","name":"Tu blog de medicina y cirug\u00eda est\u00e9tica - Cl\u00ednica Planas","description":"Mantente al d\u00eda sobre medicina y cirug\u00eda est\u00e9tica con el blog de Cl\u00ednica Planas. Noticias de actualidad, novedades y tips de la mano de nuestros especialistas.","publisher":{"@id":"https:\/\/www.clinicaplanas.com\/jorge-planas\/#organization"},"potentialAction":[{"@type":"SearchAction","target":{"@type":"EntryPoint","urlTemplate":"https:\/\/www.clinicaplanas.com\/jorge-planas\/?s={search_term_string}"},"query-input":{"@type":"PropertyValueSpecification","valueRequired":true,"valueName":"search_term_string"}}],"inLanguage":"es"},{"@type":"Organization","@id":"https:\/\/www.clinicaplanas.com\/jorge-planas\/#organization","name":"Cl\u00ednica Planas","url":"https:\/\/www.clinicaplanas.com\/jorge-planas\/","logo":{"@type":"ImageObject","inLanguage":"es","@id":"https:\/\/www.clinicaplanas.com\/jorge-planas\/#\/schema\/logo\/image\/","url":"https:\/\/www.clinicaplanas.com\/jorge-planas\/wp-content\/cropped-android-icon-192x192-1.png","contentUrl":"https:\/\/www.clinicaplanas.com\/jorge-planas\/wp-content\/cropped-android-icon-192x192-1.png","width":512,"height":512,"caption":"Cl\u00ednica Planas"},"image":{"@id":"https:\/\/www.clinicaplanas.com\/jorge-planas\/#\/schema\/logo\/image\/"}},{"@type":"Person","@id":"https:\/\/www.clinicaplanas.com\/jorge-planas\/#\/schema\/person\/b13ac6e9212d6f27b00095767a2f4417","name":"Doctor JorgePlanas","image":{"@type":"ImageObject","inLanguage":"es","@id":"https:\/\/www.clinicaplanas.com\/jorge-planas\/#\/schema\/person\/image\/","url":"https:\/\/secure.gravatar.com\/avatar\/?s=96&d=mm&r=g","contentUrl":"https:\/\/secure.gravatar.com\/avatar\/?s=96&d=mm&r=g","caption":"Doctor JorgePlanas"},"url":"https:\/\/www.clinicaplanas.com\/jorge-planas\/author\/doctor-jorgeplanas\/"}]}},"_links":{"self":[{"href":"https:\/\/www.clinicaplanas.com\/jorge-planas\/wp-json\/wp\/v2\/posts\/289"}],"collection":[{"href":"https:\/\/www.clinicaplanas.com\/jorge-planas\/wp-json\/wp\/v2\/posts"}],"about":[{"href":"https:\/\/www.clinicaplanas.com\/jorge-planas\/wp-json\/wp\/v2\/types\/post"}],"author":[{"embeddable":true,"href":"https:\/\/www.clinicaplanas.com\/jorge-planas\/wp-json\/wp\/v2\/users\/102"}],"replies":[{"embeddable":true,"href":"https:\/\/www.clinicaplanas.com\/jorge-planas\/wp-json\/wp\/v2\/comments?post=289"}],"version-history":[{"count":0,"href":"https:\/\/www.clinicaplanas.com\/jorge-planas\/wp-json\/wp\/v2\/posts\/289\/revisions"}],"wp:attachment":[{"href":"https:\/\/www.clinicaplanas.com\/jorge-planas\/wp-json\/wp\/v2\/media?parent=289"}],"wp:term":[{"taxonomy":"category","embeddable":true,"href":"https:\/\/www.clinicaplanas.com\/jorge-planas\/wp-json\/wp\/v2\/categories?post=289"},{"taxonomy":"post_tag","embeddable":true,"href":"https:\/\/www.clinicaplanas.com\/jorge-planas\/wp-json\/wp\/v2\/tags?post=289"}],"curies":[{"name":"wp","href":"https:\/\/api.w.org\/{rel}","templated":true}]}}