{"id":2556,"date":"2012-11-05T12:52:04","date_gmt":"2012-11-05T11:52:04","guid":{"rendered":"http:\/\/www.clinicaplanas.com\/jorge-planas\/?p=2556"},"modified":"2012-11-05T12:52:04","modified_gmt":"2012-11-05T11:52:04","slug":"los-deportistas-de-elite-se-apuntan-a-la-depilacion-laser","status":"publish","type":"post","link":"https:\/\/www.clinicaplanas.com\/jorge-planas\/2012\/11\/05\/los-deportistas-de-elite-se-apuntan-a-la-depilacion-laser\/","title":{"rendered":"Entrevista al Dr Jorge Planas sobre historia de la Clinica Planas y vivencias personales"},"content":{"rendered":"<p><!--:es--><a href=\"https:\/\/www.clinicaplanas.com\/jorge-planas\/wp-content\/uploads\/2012\/11\/jorge-sport.jpg\"><img decoding=\"async\" class=\"alignleft size-full wp-image-2560\" title=\"jorge-sport\" src=\"https:\/\/www.clinicaplanas.com\/jorge-planas\/wp-content\/uploads\/2012\/11\/jorge-sport.jpg\" alt=\"\" width=\"300\" height=\"200\" \/><\/a>El pasado 22 de octubre me entrevist\u00f3 Toni Frieros, del diario Sport. Os transcribo la entrevista \u00edntegramente :<\/p>\n<p><strong>Su vida, personal y profesional, no se entender\u00eda sin su padre, Don Jaime Planas. \u00bfMe equivoco?<\/strong><\/p>\n<p>Fue pionero en Espa\u00f1a de <!--:--><!--:en--><\/p>\n<p><!--:--><!--more--><!--:es-->la cirug\u00eda pl\u00e1stica y est\u00e9tica. La vida de mi padre fue extraordinaria, un ejemplo para su generaci\u00f3n y para la nuestra.<\/p>\n<p><strong>Sus memorias son imperdibles&#8230;<\/strong><\/p>\n<p>Cuando estall\u00f3 la guerra vcivil espa\u00f1ola, la CNT le envi\u00f3 al frente, a Arag\u00f3n, al bando republicano.<\/p>\n<p><strong>Como m\u00e9dico&#8230;<\/strong><\/p>\n<p>S\u00f3lo ten\u00eda 21 a\u00f1os y con la experiencia que hab\u00eda adquirido en el Cl\u00ednico de Barcelona se convirti\u00f3 en el m\u00e9dico personal del llamado &#8220;Pancho Villa&#8221;<\/p>\n<p><strong>Qu\u00e9 \u00e9poca tan dura&#8230;<\/strong><\/p>\n<p>Las anestesias eran muy primitivas, se cos\u00eda con agujas convencionales. Pas\u00f3 hambre, miedo y vivi\u00f3 el drama de una guerra cruel que tanto da\u00f1o caus\u00f3.<\/p>\n<p><strong>\u00bfC\u00f3mo acab\u00f3?<\/strong><\/p>\n<p>Huyendo a Francia para volver a Ir\u00fan. Salv\u00f3 la vida al unirse al frente y regres\u00f3 a Barcelona para ejercer su profesi\u00f3n.<\/p>\n<p><strong>Se fue a Estados Unidos&#8230;<\/strong><\/p>\n<p>Mi padre sufr\u00eda una radiodermitis aguda por utilizar los rayos X sin protecci\u00f3n. Ten\u00eda miedo de que le amputaran la mano izquierda. Ley\u00f3 en un art\u00edculo que en Estados Unidos se hac\u00edan injertos de piel. Y all\u00ed se fue en barco, el 24 de noviembre de 1947. Un viaje que le cambi\u00f3 la vida a \u00e9l&#8230;y a la medicina espa\u00f1ola.<\/p>\n<p><strong>\u00bfPor qu\u00e9?<\/strong><\/p>\n<p>Mi padre aprendi\u00f3 nuevas t\u00e9cnicas quir\u00fargicas, est\u00e9ticas y reparadoras, y las introdujo en Espa\u00f1a. En los a\u00f1os 40 y largos hab\u00eda unos cien especialistas en todo el mundo. Hoy , s\u00f3lo en Espa\u00f1a, m\u00e1s de 600.<\/p>\n<p><strong>Y usted es uno de ellos&#8230;<\/strong><\/p>\n<p>S\u00ed, al igual que mi hermano Gabriel.<\/p>\n<p><strong>Les fue f\u00e1cil elegir profesi\u00f3n&#8230;<\/strong><\/p>\n<p>Nosotros viv\u00edamos encima de la cl\u00ednica que mi padre inaugur\u00f3 en 1971. Para m\u00ed era habitual entrar en el quir\u00f3fano, ver operar, empaparme de aquel universo.<\/p>\n<p><strong>\u00a1 41 a\u00f1os de Cl\u00ednica Planas !<\/strong><\/p>\n<p>Hemos realizado dos ampliaciones.. Hoy es la cl\u00ednica de cirug\u00eda pl\u00e1stica m\u00e1s grande del mundo, con 15.000 metros cuadrados.<\/p>\n<p><strong>\u00bfLa cirug\u00eda est\u00e9tica puede asociarse a las clases altas?<\/strong><\/p>\n<p>Cuando empec\u00e9 en los a\u00f1os noventa, puede que s\u00ed. Hoy en d\u00eda no, est\u00e1 m\u00e1s socializada. Igual opero a un jeque que a una se\u00f1ora que friega escaleras.<\/p>\n<p><strong>\u00bfPor qu\u00e9 se opera la gente?<\/strong><\/p>\n<p>La cirug\u00eda puede ser reconstructiva, para curar algo determinado, como un labio leporino, por ejemplo, o est\u00e9tica, por diferentes razones, principalmente para superar un complejo que tal vez te haya acompa\u00f1ado toda la vida.<\/p>\n<p><strong>\u00bfEn qu\u00e9 porcentaje?<\/strong><\/p>\n<p>El 80% de las intervenciones que hago son de est\u00e9tica.<\/p>\n<p><strong>\u00bfM\u00e1s mujeres que hombres?<\/strong><\/p>\n<p>80-20 y de aquel 80, el 25% es aumento de pecho<\/p>\n<p><strong>Usted, como su padre, ha sido pionero en una t\u00e9cnica&#8230;<\/strong><\/p>\n<p>S\u00ed, del aumento de pecho utilizando la grasa corporal de la paciente. No hay cortes, es natural al tacto y esa es la tendencia de la nueva cirug\u00eda, la naturalidad.<\/p>\n<p><strong>\u00bfY los hombres?<\/strong><\/p>\n<p>El microinjerto para superar la calvicie, un terreno en el que nuestra cl\u00ednica ha sido pionera en utilizar factores de crecimiento. Y m\u00e1s&#8230;<\/p>\n<p><strong>Diga&#8230;<\/strong><\/p>\n<p>Tratamientos contra el envejecimiento, como las bolsas de ojos, la liposucci\u00f3n, y en los \u00faltimos a\u00f1os hacemos muchas depilaciones, sobretodo en deportistas de \u00e9lite.<\/p>\n<p><strong>\u00a1De \u00e9lite!<\/strong><\/p>\n<p>S\u00ed, por nuestra cl\u00ednica pasan grandes deportistas. La eliminaci\u00f3n del vello con l\u00e1ser resulta muy adecuada a la hora de recibir masajes.<\/p>\n<p><strong>Por curiosidad \u00bfCuantas operaciones hace al a\u00f1o?<\/strong><\/p>\n<p>Una media de 500 al a\u00f1o. Llevo operando desde 1990, as\u00ed que haga la multiplicaci\u00f3n.<\/p>\n<p><strong>Prefiero preguntarle que es para usted la belleza.<\/strong><\/p>\n<p>Le dir\u00e9 que nunca ver\u00e1 dos narices iguales, por lo tanto , cada intervenci\u00f3n ha de partir de un plan distinto. Dec\u00eda el doctor Alcaraz que la cirug\u00eda es t\u00e9cnica y arte. Y es verdad. Yo asocio el canon de belleza al sentido de la proporcionalidad. Leonardo Da Vinci fue el primero en aplicarla.<\/p>\n<p><strong>\u00bfY usted se aplica deportivamente hablando?<\/strong><\/p>\n<p>\u00a1Ya lo creo! He hecho tenis, p\u00e1del, squash, front\u00f3n, f\u00fatbol sala, esqu\u00ed de agua y nieve y en el 2003 corr\u00ed la maraton de Londres.<\/p>\n<p><strong>\u00bfLe gusta el f\u00fatbol?<\/strong><\/p>\n<p>\u00bfSoy socio del Espanyol!, aunque tengo una debilidad&#8230;<\/p>\n<p><strong>\u00bfCu\u00e1l?<\/strong><\/p>\n<p>Xavi. Es el mejor jugador del mundo de la \u00faltima d\u00e9cada. Ha revolucionado el f\u00fatbol moderno. Su visi\u00f3n no la tiene nadie.<\/p>\n<p><strong>Sin duda alguna.<\/strong><!--:--><\/p>\n","protected":false},"excerpt":{"rendered":"<p>El pasado 22 de octubre me entrevist\u00f3 Toni Frieros, del diario Sport. Os transcribo la entrevista \u00edntegramente : Su vida, personal y profesional, no se entender\u00eda sin su padre, Don Jaime Planas. \u00bfMe equivoco? Fue pionero en Espa\u00f1a de<\/p>\n","protected":false},"author":102,"featured_media":7994,"comment_status":"open","ping_status":"open","sticky":false,"template":"","format":"standard","meta":{"footnotes":""},"categories":[265],"tags":[],"class_list":["post-2556","post","type-post","status-publish","format-standard","has-post-thumbnail","hentry","category-prensa"],"yoast_head":"<!-- This site is optimized with the Yoast SEO plugin v23.4 - https:\/\/yoast.com\/wordpress\/plugins\/seo\/ -->\n<title>Entrevista al Dr. Planas para el diario Sport - Dr. Planas Blog<\/title>\n<meta name=\"description\" content=\"Entrevista del diario sport al Dr Jorge Planas sobre como la Cl\u00ednica Planas fue pionera de la cirug\u00eda pl\u00e1stica en Espa\u00f1a y sus vivencias\" \/>\n<meta name=\"robots\" content=\"index, follow, max-snippet:-1, max-image-preview:large, max-video-preview:-1\" \/>\n<link rel=\"canonical\" href=\"https:\/\/www.clinicaplanas.com\/jorge-planas\/2012\/11\/05\/los-deportistas-de-elite-se-apuntan-a-la-depilacion-laser\/\" \/>\n<meta property=\"og:locale\" content=\"es_ES\" \/>\n<meta property=\"og:type\" content=\"article\" \/>\n<meta property=\"og:title\" content=\"Entrevista al Dr. Planas para el diario Sport - Dr. Planas Blog\" \/>\n<meta property=\"og:description\" content=\"Entrevista del diario sport al Dr Jorge Planas sobre como la Cl\u00ednica Planas fue pionera de la cirug\u00eda pl\u00e1stica en Espa\u00f1a y sus vivencias\" \/>\n<meta property=\"og:url\" content=\"https:\/\/www.clinicaplanas.com\/jorge-planas\/2012\/11\/05\/los-deportistas-de-elite-se-apuntan-a-la-depilacion-laser\/\" \/>\n<meta property=\"og:site_name\" content=\"Tu blog de medicina y cirug\u00eda est\u00e9tica - Cl\u00ednica Planas\" \/>\n<meta property=\"article:published_time\" content=\"2012-11-05T11:52:04+00:00\" \/>\n<meta property=\"og:image\" content=\"https:\/\/www.clinicaplanas.com\/jorge-planas\/wp-content\/dr-planas.jpg\" \/>\n\t<meta property=\"og:image:width\" content=\"850\" \/>\n\t<meta property=\"og:image:height\" content=\"400\" \/>\n\t<meta property=\"og:image:type\" content=\"image\/jpeg\" \/>\n<meta name=\"author\" content=\"Doctor JorgePlanas\" \/>\n<meta name=\"twitter:card\" content=\"summary_large_image\" \/>\n<meta name=\"twitter:label1\" content=\"Escrito por\" \/>\n\t<meta name=\"twitter:data1\" content=\"Doctor JorgePlanas\" \/>\n\t<meta name=\"twitter:label2\" content=\"Tiempo de lectura\" \/>\n\t<meta name=\"twitter:data2\" content=\"4 minutos\" \/>\n<!-- \/ Yoast SEO plugin. -->","yoast_head_json":{"title":"Entrevista al Dr. Planas para el diario Sport - Dr. Planas Blog","description":"Entrevista del diario sport al Dr Jorge Planas sobre como la Cl\u00ednica Planas fue pionera de la cirug\u00eda pl\u00e1stica en Espa\u00f1a y sus vivencias","robots":{"index":"index","follow":"follow","max-snippet":"max-snippet:-1","max-image-preview":"max-image-preview:large","max-video-preview":"max-video-preview:-1"},"canonical":"https:\/\/www.clinicaplanas.com\/jorge-planas\/2012\/11\/05\/los-deportistas-de-elite-se-apuntan-a-la-depilacion-laser\/","og_locale":"es_ES","og_type":"article","og_title":"Entrevista al Dr. Planas para el diario Sport - Dr. Planas Blog","og_description":"Entrevista del diario sport al Dr Jorge Planas sobre como la Cl\u00ednica Planas fue pionera de la cirug\u00eda pl\u00e1stica en Espa\u00f1a y sus vivencias","og_url":"https:\/\/www.clinicaplanas.com\/jorge-planas\/2012\/11\/05\/los-deportistas-de-elite-se-apuntan-a-la-depilacion-laser\/","og_site_name":"Tu blog de medicina y cirug\u00eda est\u00e9tica - Cl\u00ednica Planas","article_published_time":"2012-11-05T11:52:04+00:00","og_image":[{"width":850,"height":400,"url":"https:\/\/www.clinicaplanas.com\/jorge-planas\/wp-content\/dr-planas.jpg","type":"image\/jpeg"}],"author":"Doctor JorgePlanas","twitter_card":"summary_large_image","twitter_misc":{"Escrito por":"Doctor JorgePlanas","Tiempo de lectura":"4 minutos"},"schema":{"@context":"https:\/\/schema.org","@graph":[{"@type":"Article","@id":"https:\/\/www.clinicaplanas.com\/jorge-planas\/2012\/11\/05\/los-deportistas-de-elite-se-apuntan-a-la-depilacion-laser\/#article","isPartOf":{"@id":"https:\/\/www.clinicaplanas.com\/jorge-planas\/2012\/11\/05\/los-deportistas-de-elite-se-apuntan-a-la-depilacion-laser\/"},"author":{"name":"Doctor JorgePlanas","@id":"https:\/\/www.clinicaplanas.com\/jorge-planas\/#\/schema\/person\/b13ac6e9212d6f27b00095767a2f4417"},"headline":"Entrevista al Dr Jorge Planas sobre historia de la Clinica Planas y vivencias personales","datePublished":"2012-11-05T11:52:04+00:00","dateModified":"2012-11-05T11:52:04+00:00","mainEntityOfPage":{"@id":"https:\/\/www.clinicaplanas.com\/jorge-planas\/2012\/11\/05\/los-deportistas-de-elite-se-apuntan-a-la-depilacion-laser\/"},"wordCount":784,"commentCount":0,"publisher":{"@id":"https:\/\/www.clinicaplanas.com\/jorge-planas\/#organization"},"image":{"@id":"https:\/\/www.clinicaplanas.com\/jorge-planas\/2012\/11\/05\/los-deportistas-de-elite-se-apuntan-a-la-depilacion-laser\/#primaryimage"},"thumbnailUrl":"https:\/\/www.clinicaplanas.com\/jorge-planas\/wp-content\/dr-planas.jpg","articleSection":["Prensa"],"inLanguage":"es","potentialAction":[{"@type":"CommentAction","name":"Comment","target":["https:\/\/www.clinicaplanas.com\/jorge-planas\/2012\/11\/05\/los-deportistas-de-elite-se-apuntan-a-la-depilacion-laser\/#respond"]}]},{"@type":"WebPage","@id":"https:\/\/www.clinicaplanas.com\/jorge-planas\/2012\/11\/05\/los-deportistas-de-elite-se-apuntan-a-la-depilacion-laser\/","url":"https:\/\/www.clinicaplanas.com\/jorge-planas\/2012\/11\/05\/los-deportistas-de-elite-se-apuntan-a-la-depilacion-laser\/","name":"Entrevista al Dr. Planas para el diario Sport - Dr. Planas Blog","isPartOf":{"@id":"https:\/\/www.clinicaplanas.com\/jorge-planas\/#website"},"primaryImageOfPage":{"@id":"https:\/\/www.clinicaplanas.com\/jorge-planas\/2012\/11\/05\/los-deportistas-de-elite-se-apuntan-a-la-depilacion-laser\/#primaryimage"},"image":{"@id":"https:\/\/www.clinicaplanas.com\/jorge-planas\/2012\/11\/05\/los-deportistas-de-elite-se-apuntan-a-la-depilacion-laser\/#primaryimage"},"thumbnailUrl":"https:\/\/www.clinicaplanas.com\/jorge-planas\/wp-content\/dr-planas.jpg","datePublished":"2012-11-05T11:52:04+00:00","dateModified":"2012-11-05T11:52:04+00:00","description":"Entrevista del diario sport al Dr Jorge Planas sobre como la Cl\u00ednica Planas fue pionera de la cirug\u00eda pl\u00e1stica en Espa\u00f1a y sus vivencias","breadcrumb":{"@id":"https:\/\/www.clinicaplanas.com\/jorge-planas\/2012\/11\/05\/los-deportistas-de-elite-se-apuntan-a-la-depilacion-laser\/#breadcrumb"},"inLanguage":"es","potentialAction":[{"@type":"ReadAction","target":["https:\/\/www.clinicaplanas.com\/jorge-planas\/2012\/11\/05\/los-deportistas-de-elite-se-apuntan-a-la-depilacion-laser\/"]}]},{"@type":"ImageObject","inLanguage":"es","@id":"https:\/\/www.clinicaplanas.com\/jorge-planas\/2012\/11\/05\/los-deportistas-de-elite-se-apuntan-a-la-depilacion-laser\/#primaryimage","url":"https:\/\/www.clinicaplanas.com\/jorge-planas\/wp-content\/dr-planas.jpg","contentUrl":"https:\/\/www.clinicaplanas.com\/jorge-planas\/wp-content\/dr-planas.jpg","width":850,"height":400,"caption":"Dr. Jorge Planas"},{"@type":"BreadcrumbList","@id":"https:\/\/www.clinicaplanas.com\/jorge-planas\/2012\/11\/05\/los-deportistas-de-elite-se-apuntan-a-la-depilacion-laser\/#breadcrumb","itemListElement":[{"@type":"ListItem","position":1,"name":"Home","item":"https:\/\/www.clinicaplanas.com\/jorge-planas\/"},{"@type":"ListItem","position":2,"name":"Prensa","item":"https:\/\/www.clinicaplanas.com\/jorge-planas\/prensa\/"},{"@type":"ListItem","position":3,"name":"Entrevista al Dr Jorge Planas sobre historia de la Clinica Planas y vivencias personales"}]},{"@type":"WebSite","@id":"https:\/\/www.clinicaplanas.com\/jorge-planas\/#website","url":"https:\/\/www.clinicaplanas.com\/jorge-planas\/","name":"Tu blog de medicina y cirug\u00eda est\u00e9tica - Cl\u00ednica Planas","description":"Mantente al d\u00eda sobre medicina y cirug\u00eda est\u00e9tica con el blog de Cl\u00ednica Planas. Noticias de actualidad, novedades y tips de la mano de nuestros especialistas.","publisher":{"@id":"https:\/\/www.clinicaplanas.com\/jorge-planas\/#organization"},"potentialAction":[{"@type":"SearchAction","target":{"@type":"EntryPoint","urlTemplate":"https:\/\/www.clinicaplanas.com\/jorge-planas\/?s={search_term_string}"},"query-input":{"@type":"PropertyValueSpecification","valueRequired":true,"valueName":"search_term_string"}}],"inLanguage":"es"},{"@type":"Organization","@id":"https:\/\/www.clinicaplanas.com\/jorge-planas\/#organization","name":"Cl\u00ednica Planas","url":"https:\/\/www.clinicaplanas.com\/jorge-planas\/","logo":{"@type":"ImageObject","inLanguage":"es","@id":"https:\/\/www.clinicaplanas.com\/jorge-planas\/#\/schema\/logo\/image\/","url":"https:\/\/www.clinicaplanas.com\/jorge-planas\/wp-content\/cropped-android-icon-192x192-1.png","contentUrl":"https:\/\/www.clinicaplanas.com\/jorge-planas\/wp-content\/cropped-android-icon-192x192-1.png","width":512,"height":512,"caption":"Cl\u00ednica Planas"},"image":{"@id":"https:\/\/www.clinicaplanas.com\/jorge-planas\/#\/schema\/logo\/image\/"}},{"@type":"Person","@id":"https:\/\/www.clinicaplanas.com\/jorge-planas\/#\/schema\/person\/b13ac6e9212d6f27b00095767a2f4417","name":"Doctor JorgePlanas","image":{"@type":"ImageObject","inLanguage":"es","@id":"https:\/\/www.clinicaplanas.com\/jorge-planas\/#\/schema\/person\/image\/","url":"https:\/\/secure.gravatar.com\/avatar\/?s=96&d=mm&r=g","contentUrl":"https:\/\/secure.gravatar.com\/avatar\/?s=96&d=mm&r=g","caption":"Doctor JorgePlanas"},"url":"https:\/\/www.clinicaplanas.com\/jorge-planas\/author\/doctor-jorgeplanas\/"}]}},"_links":{"self":[{"href":"https:\/\/www.clinicaplanas.com\/jorge-planas\/wp-json\/wp\/v2\/posts\/2556"}],"collection":[{"href":"https:\/\/www.clinicaplanas.com\/jorge-planas\/wp-json\/wp\/v2\/posts"}],"about":[{"href":"https:\/\/www.clinicaplanas.com\/jorge-planas\/wp-json\/wp\/v2\/types\/post"}],"author":[{"embeddable":true,"href":"https:\/\/www.clinicaplanas.com\/jorge-planas\/wp-json\/wp\/v2\/users\/102"}],"replies":[{"embeddable":true,"href":"https:\/\/www.clinicaplanas.com\/jorge-planas\/wp-json\/wp\/v2\/comments?post=2556"}],"version-history":[{"count":0,"href":"https:\/\/www.clinicaplanas.com\/jorge-planas\/wp-json\/wp\/v2\/posts\/2556\/revisions"}],"wp:featuredmedia":[{"embeddable":true,"href":"https:\/\/www.clinicaplanas.com\/jorge-planas\/wp-json\/wp\/v2\/media\/7994"}],"wp:attachment":[{"href":"https:\/\/www.clinicaplanas.com\/jorge-planas\/wp-json\/wp\/v2\/media?parent=2556"}],"wp:term":[{"taxonomy":"category","embeddable":true,"href":"https:\/\/www.clinicaplanas.com\/jorge-planas\/wp-json\/wp\/v2\/categories?post=2556"},{"taxonomy":"post_tag","embeddable":true,"href":"https:\/\/www.clinicaplanas.com\/jorge-planas\/wp-json\/wp\/v2\/tags?post=2556"}],"curies":[{"name":"wp","href":"https:\/\/api.w.org\/{rel}","templated":true}]}}