{"id":2160,"date":"2012-06-20T15:45:17","date_gmt":"2012-06-20T13:45:17","guid":{"rendered":"http:\/\/www.clinicaplanas.com\/jorge-planas\/?p=2160"},"modified":"2012-06-20T15:45:17","modified_gmt":"2012-06-20T13:45:17","slug":"estuvimos-en-el-evento-hospital-liquido","status":"publish","type":"post","link":"https:\/\/www.clinicaplanas.com\/jorge-planas\/2012\/06\/20\/estuvimos-en-el-evento-hospital-liquido\/","title":{"rendered":"Estuvimos las jornadas &#8220;hospital l\u00edquido&#8221;"},"content":{"rendered":"<p><!--:es--><\/p>\n<ol>\n<li style=\"text-align: justify;\"><a href=\"https:\/\/www.clinicaplanas.com\/jorge-planas\/wp-content\/uploads\/2012\/07\/medicina-del-futuro.jpg\"><img decoding=\"async\" class=\"alignleft size-medium wp-image-2350\" title=\"medicina-del-futuro\" src=\"https:\/\/www.clinicaplanas.com\/jorge-planas\/wp-content\/uploads\/2012\/07\/medicina-del-futuro-300x229.jpg\" alt=\"\" width=\"300\" height=\"229\" srcset=\"https:\/\/www.clinicaplanas.com\/jorge-planas\/wp-content\/medicina-del-futuro-300x229.jpg 300w, https:\/\/www.clinicaplanas.com\/jorge-planas\/wp-content\/medicina-del-futuro.jpg 365w\" sizes=\"(max-width: 300px) 100vw, 300px\" \/><\/a>Unos 350 profesionales de la comunicaci\u00f3n y de la salud asistieron a las dos jornadas &#8220;hospital l\u00edquido&#8221; celebradas en el Hospital Sant Joan de Deu (HSJD). De la mano de los principales expertos mundiales se trataron tres grandes bloques: la medicina del futuro, el hospital del futuro y el paciente del futuro. Como iniciativa mundial se incorpor\u00f3 el concepto &#8220;patients included&#8221; con presencia\u00a0 de pacientes que pudieron aportar sus experiencias y comentar sus necesidades.<!--:--><!--:en--><\/li>\n<\/ol>\n<p><!--:--><!--more--><!--:es--><\/p>\n<h4 style=\"text-align: justify;\">Transformaci\u00f3n del concepto salud, jornadas &#8220;hospital l\u00edquido&#8221;<\/h4>\n<p style=\"text-align: justify;\">Estamos ante un gran cambio conceptual de la salud que deja atr\u00e1s el modelo paternalista en la relaci\u00f3n m\u00e9dico-paciente y se dirige hacia el modelo colaborativo, en el que pacientes, profesionales e instituciones sanitarias co-gestionan la salud.<\/p>\n<p><!--:--><!--:en--><\/p>\n<p><!--:--><\/p>\n","protected":false},"excerpt":{"rendered":"<p>Unos 350 profesionales de la comunicaci\u00f3n y de la salud asistieron a las dos jornadas &#8220;hospital l\u00edquido&#8221; celebradas en el Hospital Sant Joan de Deu (HSJD). De la mano de los principales expertos mundiales se trataron tres grandes bloques: la medicina del futuro, el hospital del futuro y el paciente del futuro. Como iniciativa mundial [&#8230;]\n","protected":false},"author":102,"featured_media":0,"comment_status":"closed","ping_status":"closed","sticky":false,"template":"","format":"standard","meta":{"footnotes":""},"categories":[258],"tags":[],"class_list":["post-2160","post","type-post","status-publish","format-standard","hentry","category-congresos"],"yoast_head":"<!-- This site is optimized with the Yoast SEO plugin v23.4 - https:\/\/yoast.com\/wordpress\/plugins\/seo\/ -->\n<title>Medicina del Futuro. jornadas &quot;hospital l\u00edquido&quot;<\/title>\n<meta name=\"description\" content=\"Medicina del Futuro. Dos jornadas de \u201chospital l\u00edquido\u201d celebradas en el Hospital Sant Joan de Deu.....\" \/>\n<meta name=\"robots\" content=\"index, follow, max-snippet:-1, max-image-preview:large, max-video-preview:-1\" \/>\n<link rel=\"canonical\" href=\"https:\/\/www.clinicaplanas.com\/jorge-planas\/2012\/06\/20\/estuvimos-en-el-evento-hospital-liquido\/\" \/>\n<meta property=\"og:locale\" content=\"es_ES\" \/>\n<meta property=\"og:type\" content=\"article\" \/>\n<meta property=\"og:title\" content=\"Medicina del Futuro. jornadas &quot;hospital l\u00edquido&quot;\" \/>\n<meta property=\"og:description\" content=\"Medicina del Futuro. Dos jornadas de \u201chospital l\u00edquido\u201d celebradas en el Hospital Sant Joan de Deu.....\" \/>\n<meta property=\"og:url\" content=\"https:\/\/www.clinicaplanas.com\/jorge-planas\/2012\/06\/20\/estuvimos-en-el-evento-hospital-liquido\/\" \/>\n<meta property=\"og:site_name\" content=\"Tu blog de medicina y cirug\u00eda est\u00e9tica - Cl\u00ednica Planas\" \/>\n<meta property=\"article:published_time\" content=\"2012-06-20T13:45:17+00:00\" \/>\n<meta property=\"og:image\" content=\"https:\/\/www.clinicaplanas.com\/jorge-planas\/wp-content\/uploads\/2012\/07\/medicina-del-futuro-300x229.jpg\" \/>\n<meta name=\"author\" content=\"Doctor JorgePlanas\" \/>\n<meta name=\"twitter:card\" content=\"summary_large_image\" \/>\n<meta name=\"twitter:label1\" content=\"Escrito por\" \/>\n\t<meta name=\"twitter:data1\" content=\"Doctor JorgePlanas\" \/>\n\t<meta name=\"twitter:label2\" content=\"Tiempo de lectura\" \/>\n\t<meta name=\"twitter:data2\" content=\"1 minuto\" \/>\n<!-- \/ Yoast SEO plugin. -->","yoast_head_json":{"title":"Medicina del Futuro. jornadas \"hospital l\u00edquido\"","description":"Medicina del Futuro. Dos jornadas de \u201chospital l\u00edquido\u201d celebradas en el Hospital Sant Joan de Deu.....","robots":{"index":"index","follow":"follow","max-snippet":"max-snippet:-1","max-image-preview":"max-image-preview:large","max-video-preview":"max-video-preview:-1"},"canonical":"https:\/\/www.clinicaplanas.com\/jorge-planas\/2012\/06\/20\/estuvimos-en-el-evento-hospital-liquido\/","og_locale":"es_ES","og_type":"article","og_title":"Medicina del Futuro. jornadas \"hospital l\u00edquido\"","og_description":"Medicina del Futuro. Dos jornadas de \u201chospital l\u00edquido\u201d celebradas en el Hospital Sant Joan de Deu.....","og_url":"https:\/\/www.clinicaplanas.com\/jorge-planas\/2012\/06\/20\/estuvimos-en-el-evento-hospital-liquido\/","og_site_name":"Tu blog de medicina y cirug\u00eda est\u00e9tica - Cl\u00ednica Planas","article_published_time":"2012-06-20T13:45:17+00:00","og_image":[{"url":"https:\/\/www.clinicaplanas.com\/jorge-planas\/wp-content\/uploads\/2012\/07\/medicina-del-futuro-300x229.jpg"}],"author":"Doctor JorgePlanas","twitter_card":"summary_large_image","twitter_misc":{"Escrito por":"Doctor JorgePlanas","Tiempo de lectura":"1 minuto"},"schema":{"@context":"https:\/\/schema.org","@graph":[{"@type":"Article","@id":"https:\/\/www.clinicaplanas.com\/jorge-planas\/2012\/06\/20\/estuvimos-en-el-evento-hospital-liquido\/#article","isPartOf":{"@id":"https:\/\/www.clinicaplanas.com\/jorge-planas\/2012\/06\/20\/estuvimos-en-el-evento-hospital-liquido\/"},"author":{"name":"Doctor JorgePlanas","@id":"https:\/\/www.clinicaplanas.com\/jorge-planas\/#\/schema\/person\/b13ac6e9212d6f27b00095767a2f4417"},"headline":"Estuvimos las jornadas &#8220;hospital l\u00edquido&#8221;","datePublished":"2012-06-20T13:45:17+00:00","dateModified":"2012-06-20T13:45:17+00:00","mainEntityOfPage":{"@id":"https:\/\/www.clinicaplanas.com\/jorge-planas\/2012\/06\/20\/estuvimos-en-el-evento-hospital-liquido\/"},"wordCount":130,"publisher":{"@id":"https:\/\/www.clinicaplanas.com\/jorge-planas\/#organization"},"image":{"@id":"https:\/\/www.clinicaplanas.com\/jorge-planas\/2012\/06\/20\/estuvimos-en-el-evento-hospital-liquido\/#primaryimage"},"thumbnailUrl":"https:\/\/www.clinicaplanas.com\/jorge-planas\/wp-content\/uploads\/2012\/07\/medicina-del-futuro-300x229.jpg","articleSection":["Congresos"],"inLanguage":"es"},{"@type":"WebPage","@id":"https:\/\/www.clinicaplanas.com\/jorge-planas\/2012\/06\/20\/estuvimos-en-el-evento-hospital-liquido\/","url":"https:\/\/www.clinicaplanas.com\/jorge-planas\/2012\/06\/20\/estuvimos-en-el-evento-hospital-liquido\/","name":"Medicina del Futuro. jornadas \"hospital l\u00edquido\"","isPartOf":{"@id":"https:\/\/www.clinicaplanas.com\/jorge-planas\/#website"},"primaryImageOfPage":{"@id":"https:\/\/www.clinicaplanas.com\/jorge-planas\/2012\/06\/20\/estuvimos-en-el-evento-hospital-liquido\/#primaryimage"},"image":{"@id":"https:\/\/www.clinicaplanas.com\/jorge-planas\/2012\/06\/20\/estuvimos-en-el-evento-hospital-liquido\/#primaryimage"},"thumbnailUrl":"https:\/\/www.clinicaplanas.com\/jorge-planas\/wp-content\/uploads\/2012\/07\/medicina-del-futuro-300x229.jpg","datePublished":"2012-06-20T13:45:17+00:00","dateModified":"2012-06-20T13:45:17+00:00","description":"Medicina del Futuro. Dos jornadas de \u201chospital l\u00edquido\u201d celebradas en el Hospital Sant Joan de Deu.....","breadcrumb":{"@id":"https:\/\/www.clinicaplanas.com\/jorge-planas\/2012\/06\/20\/estuvimos-en-el-evento-hospital-liquido\/#breadcrumb"},"inLanguage":"es","potentialAction":[{"@type":"ReadAction","target":["https:\/\/www.clinicaplanas.com\/jorge-planas\/2012\/06\/20\/estuvimos-en-el-evento-hospital-liquido\/"]}]},{"@type":"ImageObject","inLanguage":"es","@id":"https:\/\/www.clinicaplanas.com\/jorge-planas\/2012\/06\/20\/estuvimos-en-el-evento-hospital-liquido\/#primaryimage","url":"https:\/\/www.clinicaplanas.com\/jorge-planas\/wp-content\/uploads\/2012\/07\/medicina-del-futuro-300x229.jpg","contentUrl":"https:\/\/www.clinicaplanas.com\/jorge-planas\/wp-content\/uploads\/2012\/07\/medicina-del-futuro-300x229.jpg"},{"@type":"BreadcrumbList","@id":"https:\/\/www.clinicaplanas.com\/jorge-planas\/2012\/06\/20\/estuvimos-en-el-evento-hospital-liquido\/#breadcrumb","itemListElement":[{"@type":"ListItem","position":1,"name":"Home","item":"https:\/\/www.clinicaplanas.com\/jorge-planas\/"},{"@type":"ListItem","position":2,"name":"postoperatorio","item":"https:\/\/www.clinicaplanas.com\/jorge-planas\/tag\/postoperatorio\/"},{"@type":"ListItem","position":3,"name":"Estuvimos las jornadas &#8220;hospital l\u00edquido&#8221;"}]},{"@type":"WebSite","@id":"https:\/\/www.clinicaplanas.com\/jorge-planas\/#website","url":"https:\/\/www.clinicaplanas.com\/jorge-planas\/","name":"Tu blog de medicina y cirug\u00eda est\u00e9tica - Cl\u00ednica Planas","description":"Mantente al d\u00eda sobre medicina y cirug\u00eda est\u00e9tica con el blog de Cl\u00ednica Planas. Noticias de actualidad, novedades y tips de la mano de nuestros especialistas.","publisher":{"@id":"https:\/\/www.clinicaplanas.com\/jorge-planas\/#organization"},"potentialAction":[{"@type":"SearchAction","target":{"@type":"EntryPoint","urlTemplate":"https:\/\/www.clinicaplanas.com\/jorge-planas\/?s={search_term_string}"},"query-input":{"@type":"PropertyValueSpecification","valueRequired":true,"valueName":"search_term_string"}}],"inLanguage":"es"},{"@type":"Organization","@id":"https:\/\/www.clinicaplanas.com\/jorge-planas\/#organization","name":"Cl\u00ednica Planas","url":"https:\/\/www.clinicaplanas.com\/jorge-planas\/","logo":{"@type":"ImageObject","inLanguage":"es","@id":"https:\/\/www.clinicaplanas.com\/jorge-planas\/#\/schema\/logo\/image\/","url":"https:\/\/www.clinicaplanas.com\/jorge-planas\/wp-content\/cropped-android-icon-192x192-1.png","contentUrl":"https:\/\/www.clinicaplanas.com\/jorge-planas\/wp-content\/cropped-android-icon-192x192-1.png","width":512,"height":512,"caption":"Cl\u00ednica Planas"},"image":{"@id":"https:\/\/www.clinicaplanas.com\/jorge-planas\/#\/schema\/logo\/image\/"}},{"@type":"Person","@id":"https:\/\/www.clinicaplanas.com\/jorge-planas\/#\/schema\/person\/b13ac6e9212d6f27b00095767a2f4417","name":"Doctor JorgePlanas","image":{"@type":"ImageObject","inLanguage":"es","@id":"https:\/\/www.clinicaplanas.com\/jorge-planas\/#\/schema\/person\/image\/","url":"https:\/\/secure.gravatar.com\/avatar\/?s=96&d=mm&r=g","contentUrl":"https:\/\/secure.gravatar.com\/avatar\/?s=96&d=mm&r=g","caption":"Doctor JorgePlanas"},"url":"https:\/\/www.clinicaplanas.com\/jorge-planas\/author\/doctor-jorgeplanas\/"}]}},"_links":{"self":[{"href":"https:\/\/www.clinicaplanas.com\/jorge-planas\/wp-json\/wp\/v2\/posts\/2160"}],"collection":[{"href":"https:\/\/www.clinicaplanas.com\/jorge-planas\/wp-json\/wp\/v2\/posts"}],"about":[{"href":"https:\/\/www.clinicaplanas.com\/jorge-planas\/wp-json\/wp\/v2\/types\/post"}],"author":[{"embeddable":true,"href":"https:\/\/www.clinicaplanas.com\/jorge-planas\/wp-json\/wp\/v2\/users\/102"}],"replies":[{"embeddable":true,"href":"https:\/\/www.clinicaplanas.com\/jorge-planas\/wp-json\/wp\/v2\/comments?post=2160"}],"version-history":[{"count":0,"href":"https:\/\/www.clinicaplanas.com\/jorge-planas\/wp-json\/wp\/v2\/posts\/2160\/revisions"}],"wp:attachment":[{"href":"https:\/\/www.clinicaplanas.com\/jorge-planas\/wp-json\/wp\/v2\/media?parent=2160"}],"wp:term":[{"taxonomy":"category","embeddable":true,"href":"https:\/\/www.clinicaplanas.com\/jorge-planas\/wp-json\/wp\/v2\/categories?post=2160"},{"taxonomy":"post_tag","embeddable":true,"href":"https:\/\/www.clinicaplanas.com\/jorge-planas\/wp-json\/wp\/v2\/tags?post=2160"}],"curies":[{"name":"wp","href":"https:\/\/api.w.org\/{rel}","templated":true}]}}