{"id":2068,"date":"2012-06-11T10:30:13","date_gmt":"2012-06-11T08:30:13","guid":{"rendered":"http:\/\/www.clinicaplanas.com\/jorge-planas\/?p=2068"},"modified":"2012-06-11T10:30:13","modified_gmt":"2012-06-11T08:30:13","slug":"asistimos-al-mihealth-forum","status":"publish","type":"post","link":"https:\/\/www.clinicaplanas.com\/jorge-planas\/2012\/06\/11\/asistimos-al-mihealth-forum\/","title":{"rendered":"Asistimos al MIHealth forum"},"content":{"rendered":"<p><!--:es--><\/p>\n<p style=\"text-align: justify;\"><a href=\"https:\/\/www.clinicaplanas.com\/jorge-planas\/wp-content\/uploads\/2012\/06\/mihealth-forum-2-.jpg\"><img decoding=\"async\" class=\"alignleft size-full wp-image-2071\" title=\"mihealth forum -2-\" src=\"https:\/\/www.clinicaplanas.com\/jorge-planas\/wp-content\/uploads\/2012\/06\/mihealth-forum-2-.jpg\" alt=\"\" width=\"300\" height=\"300\" \/><\/a>Se reunieron m\u00e1s de 70 ponentes para charlar sobre los destinos de la sanidad y la relevancia de las TIC en este proceso de cambio, se trataba de encontrar respuestas que sirvan para mejorar nuestro actual modelo de sanidad. (modelos de gesti\u00f3n, innovaci\u00f3n y reformas ).<\/p>\n<h4 style=\"text-align: justify;\">Cuatro bloques tem\u00e1ticos:<\/h4>\n<ul style=\"text-align: justify;\">\n<li>conocimiento cl\u00ednico y gesti\u00f3n de la innovaci\u00f3n-de la idea al mercado<\/li>\n<li>tecnolog\u00edas para la transformaci\u00f3n del sistema sanitario<!--:--><!--more--><!--:es--><\/li>\n<li>Innovaci\u00f3n en la gesti\u00f3n de las organizaciones de la salud<\/li>\n<li>Sostenibilidad de los sistemas sanitarios<span style=\"color: #ffffff;\">jj<\/span><\/li>\n<\/ul>\n<h2 style=\"text-align: justify;\">Ponencias destacadas<\/h2>\n<p style=\"text-align: justify;\">De entre las muchas mesas redondas y ponencias hab\u00eda que escoger a cuales asistir ya que muchas de ellas eran simult\u00e1neas. Os ofrecemos un resumen de las que nos parecieron m\u00e1s interesantes.<\/p>\n<h5 style=\"text-align: justify;\">Muhammad Yunus, una\u00a0 apuesta por la salud m\u00f3vil<\/h5>\n<p style=\"text-align: justify;\"><em>\u201cEn este momento, dir\u00eda, que todos los dispositivos diagn\u00f3sticos pueden pasar, de alg\u00fan modo, a estar basados en los tel\u00e9fonos m\u00f3viles. El tel\u00e9fono m\u00f3vil puede convertirse en la herramienta central, todo lo dem\u00e1s ser\u00e1n s\u00f3lo aplicaciones, apps para descargar. Si necesito un ec\u00f3grafo, s\u00f3lo tendr\u00e9 un icono y al tocarlo el tel\u00e9fono m\u00f3vil se convierte en un ec\u00f3grafo. Pongo el transductor y tomo las im\u00e1genes de la madre embarazada y las transmito al tel\u00e9fono m\u00f3vil o las transmito a internet o a cualquier dispositivo que se necesite. Y la persona que est\u00e1 en la pantalla, al otro lado, puede estar en alg\u00fan otro sitio, en otra ciudad, viendo estas im\u00e1genes y si quiere hablar con la madre simplemente coge el tel\u00e9fono, habla con la madre y puede decirle si todo va bien&#8230; De modo que as\u00ed puede ser, esta es la direcci\u00f3n en la que tendr\u00edamos que avanzar. Si quieres un ECG, tocas el icono del ECG y tomas el registro, etc\u2026\u201d<\/em><\/p>\n<p style=\"text-align: justify;\"><a href=\"https:\/\/www.clinicaplanas.com\/jorge-planas\/wp-content\/uploads\/2012\/06\/persona-telefono.jpg\"><img decoding=\"async\" class=\"alignleft size-full wp-image-2076\" title=\"persona-telefono\" src=\"https:\/\/www.clinicaplanas.com\/jorge-planas\/wp-content\/uploads\/2012\/06\/persona-telefono.jpg\" alt=\"\" width=\"300\" height=\"253\" \/><\/a><\/p>\n<p style=\"text-align: justify;\"><span style=\"color: #ffffff;\">jjjj<\/span><\/p>\n<p style=\"text-align: justify;\">La idea de Yunus es , utilizar la potencia de los <em>smartphones<\/em> (tel\u00e9fonos con acceso a internet) para crear software en forma de aplicaciones que puedan ser descargadas y permitan convertir el tel\u00e9fono en cualquier dispositivo diagn\u00f3stico que sea necesario s\u00f3lo con unirle un perif\u00e9rico (electrodos, tensi\u00f3metros, gluc\u00f3metros, transductores de ultrasonidos&#8230;)<\/p>\n<h4 style=\"text-align: justify;\"><em>\u00a0<\/em><\/h4>\n<p style=\"text-align: justify;\">El honorable Sr. Boi Ruiz se\u00f1al\u00f3 especialmente\u00a0 en su intervenci\u00f3n que &#8220;Tenemos que reenfocar nuestra sanidad hacia una forma m\u00e1s predictiva y preventiva&#8221;<\/p>\n<h5 style=\"text-align: justify;\">Mapa de la presencia en la red de todo nuestro sistema sanitario<\/h5>\n<p style=\"text-align: justify;\"><a href=\"https:\/\/www.clinicaplanas.com\/jorge-planas\/wp-content\/uploads\/2012\/06\/mapa-de-hospitales.jpg\"><img decoding=\"async\" class=\"aligncenter size-full wp-image-2110\" title=\"mapa de hospitales\" src=\"https:\/\/www.clinicaplanas.com\/jorge-planas\/wp-content\/uploads\/2012\/06\/mapa-de-hospitales.jpg\" alt=\"\" width=\"400\" height=\"298\" \/><\/a>\u00a0\u00a0\u00a0\u00a0\u00a0\u00a0\u00a0\u00a0\u00a0\u00a0\u00a0\u00a0\u00a0\u00a0\u00a0\u00a0\u00a0\u00a0\u00a0\u00a0\u00a0\u00a0\u00a0\u00a0\u00a0\u00a0\u00a0\u00a0\u00a0\u00a0\u00a0\u00a0\u00a0\u00a0\u00a0\u00a0\u00a0\u00a0\u00a0\u00a0\u00a0\u00a0\u00a0\u00a0\u00a0\u00a0\u00a0\u00a0\u00a0 fuente: <a href=\"http:\/\/www.tsb.upv.es\/\" target=\"_blank\" rel=\"noopener noreferrer\">Ignacio Basagoiti<\/a><\/p>\n<p style=\"text-align: justify;\">Hay 789 hospitales en Espa\u00f1a. 49,2% tienen web, 1 de cada 11 participa en alguna red social.<\/p>\n<h4 style=\"text-align: justify;\">Lazslo Barabasi, &#8220;Biological networks&#8221;<\/h4>\n<p style=\"text-align: justify;\"><a href=\"https:\/\/www.clinicaplanas.com\/jorge-planas\/wp-content\/uploads\/2012\/06\/barabasi1.jpg\"><img decoding=\"async\" class=\"alignleft size-full wp-image-2116\" title=\"barabasi\" src=\"https:\/\/www.clinicaplanas.com\/jorge-planas\/wp-content\/uploads\/2012\/06\/barabasi1.jpg\" alt=\"\" width=\"300\" height=\"224\" \/><\/a><\/p>\n<p style=\"text-align: justify;\"><span style=\"color: #ffffff;\">jj<\/span><\/p>\n<p style=\"text-align: justify;\"><span style=\"color: #ffffff;\">jj<\/span><\/p>\n<p style=\"text-align: justify;\">Ya publiqu\u00e9 <a href=\"https:\/\/www.clinicaplanas.com\/jorge-planas\/2012\/04\/23\/el-concepto-integral-de-medicina-network-science\/\" target=\"_blank\" rel=\"noopener noreferrer\">un post<\/a> en relaci\u00f3n a la teor\u00eda de este interesante investigador, que en esta ocasi\u00f3n aport\u00f3 m\u00e1s detalles referentes a su teor\u00eda; estos son algunos de los puntos m\u00e1s destacables de su intervenci\u00f3n:<\/p>\n<ul style=\"text-align: justify;\">\n<li>Tras el caos aparente del cuerpo humano hay un orden que tenemos que conocer<\/li>\n<li>Las redes &#8220;sociales&#8221; (celulares) entre nuestras c\u00e9lulas pueden tener la clave de la salud y la enfermedad<\/li>\n<li>con las partes<\/li>\n<li>redes sociales versus redes celulares para entender salud y enfermedad<\/li>\n<li>En las compa\u00f1\u00edas no siempre los altos cargos son los m\u00e1s influyentes en la estructura de la compa\u00f1\u00eda (paralelismo a nivel del cuerpo humano)<\/li>\n<li>La clave para la cura de las enfermedades est\u00e1 en las redes que crean las c\u00e9lulas<\/li>\n<li>Cuanto menos interconectada est\u00e1 una enfermedad con otras patolog\u00edas, menos peligrosa es<\/li>\n<li>Probablemente lo estamos haciendo todo mal, tendremos que abandonar el sistema actual de especialidades m\u00e9dicas por \u00f3rganos<\/li>\n<li>Los m\u00e9dicos del futuro tendr\u00e1n que ser &#8220;conexi\u00f3logos&#8221; en vez de cardi\u00f3logos o hepat\u00f3logos<\/li>\n<li>En la medida en que entendamos las redes gen\u00e9ticas, celulares y de las enfermedades podremos curarlas mejor<\/li>\n<li>La universidad de Harvard est\u00e1 poniendo en marcha una unidad de Network Medicine (Medicina de las conexiones)<\/li>\n<li>Interconectar las redes a diferentes niveles ser\u00e1 sencillo cuando ya tengamos los mapas de conexiones<\/li>\n<\/ul>\n<h4 style=\"text-align: justify;\">Algunos ponentes destacables.<\/h4>\n<p style=\"text-align: justify;\">Ron Kikinis, fundador del Laboratorio de Planificaci\u00f3n Quir\u00fargica de Harvard (Boston, EEUU); Andrew Dillon, director general del National Institute for Health &amp; Clinical Excellence (NICE) del Reino Unido; Hung Chi-Tim, director general del cl\u00faster hospitalario de Central Kowloon (Hong Kong); Scott Young, codirector ejecutivo del Care Management Institute de Kaiser Permanente; y Richard Bohmer, profesor en Harvard y uno de los m\u00e1ximos expertos mundiales en gesti\u00f3n sanitaria.<\/p>\n<p><!--:--><!--:en--><\/p>\n<p><!--:--><\/p>\n","protected":false},"excerpt":{"rendered":"<p>Se reunieron m\u00e1s de 70 ponentes para charlar sobre los destinos de la sanidad y la relevancia de las TIC en este proceso de cambio, se trataba de encontrar respuestas que sirvan para mejorar nuestro actual modelo de sanidad. (modelos de gesti\u00f3n, innovaci\u00f3n y reformas ). Cuatro bloques tem\u00e1ticos: conocimiento cl\u00ednico y gesti\u00f3n de la [&#8230;]\n","protected":false},"author":102,"featured_media":0,"comment_status":"open","ping_status":"open","sticky":false,"template":"","format":"standard","meta":{"footnotes":""},"categories":[258],"tags":[],"class_list":["post-2068","post","type-post","status-publish","format-standard","hentry","category-congresos"],"yoast_head":"<!-- This site is optimized with the Yoast SEO plugin v23.4 - https:\/\/yoast.com\/wordpress\/plugins\/seo\/ -->\n<title>MIHealth Forum | Sistema Sanitario - Dr. Jorge Planas Blog<\/title>\n<meta name=\"description\" content=\"MIHealth Forum debate sobre las tecnolog\u00edas para la transformaci\u00f3n de los sistemas sanitarios e innovaci\u00f3n en la gesti\u00f3n de las organizaciones de la salud.\" \/>\n<meta name=\"robots\" content=\"index, follow, max-snippet:-1, max-image-preview:large, max-video-preview:-1\" \/>\n<link rel=\"canonical\" href=\"https:\/\/www.clinicaplanas.com\/jorge-planas\/2012\/06\/11\/asistimos-al-mihealth-forum\/\" \/>\n<meta property=\"og:locale\" content=\"es_ES\" \/>\n<meta property=\"og:type\" content=\"article\" \/>\n<meta property=\"og:title\" content=\"MIHealth Forum | Sistema Sanitario - Dr. Jorge Planas Blog\" \/>\n<meta property=\"og:description\" content=\"MIHealth Forum debate sobre las tecnolog\u00edas para la transformaci\u00f3n de los sistemas sanitarios e innovaci\u00f3n en la gesti\u00f3n de las organizaciones de la salud.\" \/>\n<meta property=\"og:url\" content=\"https:\/\/www.clinicaplanas.com\/jorge-planas\/2012\/06\/11\/asistimos-al-mihealth-forum\/\" \/>\n<meta property=\"og:site_name\" content=\"Tu blog de medicina y cirug\u00eda est\u00e9tica - Cl\u00ednica Planas\" \/>\n<meta property=\"article:published_time\" content=\"2012-06-11T08:30:13+00:00\" \/>\n<meta property=\"og:image\" content=\"https:\/\/www.clinicaplanas.com\/jorge-planas\/wp-content\/uploads\/2012\/06\/mihealth-forum-2-.jpg\" \/>\n<meta name=\"author\" content=\"Doctor JorgePlanas\" \/>\n<meta name=\"twitter:card\" content=\"summary_large_image\" \/>\n<meta name=\"twitter:label1\" content=\"Escrito por\" \/>\n\t<meta name=\"twitter:data1\" content=\"Doctor JorgePlanas\" \/>\n\t<meta name=\"twitter:label2\" content=\"Tiempo de lectura\" \/>\n\t<meta name=\"twitter:data2\" content=\"4 minutos\" \/>\n<!-- \/ Yoast SEO plugin. -->","yoast_head_json":{"title":"MIHealth Forum | Sistema Sanitario - Dr. Jorge Planas Blog","description":"MIHealth Forum debate sobre las tecnolog\u00edas para la transformaci\u00f3n de los sistemas sanitarios e innovaci\u00f3n en la gesti\u00f3n de las organizaciones de la salud.","robots":{"index":"index","follow":"follow","max-snippet":"max-snippet:-1","max-image-preview":"max-image-preview:large","max-video-preview":"max-video-preview:-1"},"canonical":"https:\/\/www.clinicaplanas.com\/jorge-planas\/2012\/06\/11\/asistimos-al-mihealth-forum\/","og_locale":"es_ES","og_type":"article","og_title":"MIHealth Forum | Sistema Sanitario - Dr. Jorge Planas Blog","og_description":"MIHealth Forum debate sobre las tecnolog\u00edas para la transformaci\u00f3n de los sistemas sanitarios e innovaci\u00f3n en la gesti\u00f3n de las organizaciones de la salud.","og_url":"https:\/\/www.clinicaplanas.com\/jorge-planas\/2012\/06\/11\/asistimos-al-mihealth-forum\/","og_site_name":"Tu blog de medicina y cirug\u00eda est\u00e9tica - Cl\u00ednica Planas","article_published_time":"2012-06-11T08:30:13+00:00","og_image":[{"url":"https:\/\/www.clinicaplanas.com\/jorge-planas\/wp-content\/uploads\/2012\/06\/mihealth-forum-2-.jpg"}],"author":"Doctor JorgePlanas","twitter_card":"summary_large_image","twitter_misc":{"Escrito por":"Doctor JorgePlanas","Tiempo de lectura":"4 minutos"},"schema":{"@context":"https:\/\/schema.org","@graph":[{"@type":"Article","@id":"https:\/\/www.clinicaplanas.com\/jorge-planas\/2012\/06\/11\/asistimos-al-mihealth-forum\/#article","isPartOf":{"@id":"https:\/\/www.clinicaplanas.com\/jorge-planas\/2012\/06\/11\/asistimos-al-mihealth-forum\/"},"author":{"name":"Doctor JorgePlanas","@id":"https:\/\/www.clinicaplanas.com\/jorge-planas\/#\/schema\/person\/b13ac6e9212d6f27b00095767a2f4417"},"headline":"Asistimos al MIHealth forum","datePublished":"2012-06-11T08:30:13+00:00","dateModified":"2012-06-11T08:30:13+00:00","mainEntityOfPage":{"@id":"https:\/\/www.clinicaplanas.com\/jorge-planas\/2012\/06\/11\/asistimos-al-mihealth-forum\/"},"wordCount":751,"commentCount":0,"publisher":{"@id":"https:\/\/www.clinicaplanas.com\/jorge-planas\/#organization"},"image":{"@id":"https:\/\/www.clinicaplanas.com\/jorge-planas\/2012\/06\/11\/asistimos-al-mihealth-forum\/#primaryimage"},"thumbnailUrl":"https:\/\/www.clinicaplanas.com\/jorge-planas\/wp-content\/uploads\/2012\/06\/mihealth-forum-2-.jpg","articleSection":["Congresos"],"inLanguage":"es","potentialAction":[{"@type":"CommentAction","name":"Comment","target":["https:\/\/www.clinicaplanas.com\/jorge-planas\/2012\/06\/11\/asistimos-al-mihealth-forum\/#respond"]}]},{"@type":"WebPage","@id":"https:\/\/www.clinicaplanas.com\/jorge-planas\/2012\/06\/11\/asistimos-al-mihealth-forum\/","url":"https:\/\/www.clinicaplanas.com\/jorge-planas\/2012\/06\/11\/asistimos-al-mihealth-forum\/","name":"MIHealth Forum | Sistema Sanitario - Dr. Jorge Planas Blog","isPartOf":{"@id":"https:\/\/www.clinicaplanas.com\/jorge-planas\/#website"},"primaryImageOfPage":{"@id":"https:\/\/www.clinicaplanas.com\/jorge-planas\/2012\/06\/11\/asistimos-al-mihealth-forum\/#primaryimage"},"image":{"@id":"https:\/\/www.clinicaplanas.com\/jorge-planas\/2012\/06\/11\/asistimos-al-mihealth-forum\/#primaryimage"},"thumbnailUrl":"https:\/\/www.clinicaplanas.com\/jorge-planas\/wp-content\/uploads\/2012\/06\/mihealth-forum-2-.jpg","datePublished":"2012-06-11T08:30:13+00:00","dateModified":"2012-06-11T08:30:13+00:00","description":"MIHealth Forum debate sobre las tecnolog\u00edas para la transformaci\u00f3n de los sistemas sanitarios e innovaci\u00f3n en la gesti\u00f3n de las organizaciones de la salud.","breadcrumb":{"@id":"https:\/\/www.clinicaplanas.com\/jorge-planas\/2012\/06\/11\/asistimos-al-mihealth-forum\/#breadcrumb"},"inLanguage":"es","potentialAction":[{"@type":"ReadAction","target":["https:\/\/www.clinicaplanas.com\/jorge-planas\/2012\/06\/11\/asistimos-al-mihealth-forum\/"]}]},{"@type":"ImageObject","inLanguage":"es","@id":"https:\/\/www.clinicaplanas.com\/jorge-planas\/2012\/06\/11\/asistimos-al-mihealth-forum\/#primaryimage","url":"https:\/\/www.clinicaplanas.com\/jorge-planas\/wp-content\/uploads\/2012\/06\/mihealth-forum-2-.jpg","contentUrl":"https:\/\/www.clinicaplanas.com\/jorge-planas\/wp-content\/uploads\/2012\/06\/mihealth-forum-2-.jpg"},{"@type":"BreadcrumbList","@id":"https:\/\/www.clinicaplanas.com\/jorge-planas\/2012\/06\/11\/asistimos-al-mihealth-forum\/#breadcrumb","itemListElement":[{"@type":"ListItem","position":1,"name":"Home","item":"https:\/\/www.clinicaplanas.com\/jorge-planas\/"},{"@type":"ListItem","position":2,"name":"postoperatorio","item":"https:\/\/www.clinicaplanas.com\/jorge-planas\/tag\/postoperatorio\/"},{"@type":"ListItem","position":3,"name":"Asistimos al MIHealth forum"}]},{"@type":"WebSite","@id":"https:\/\/www.clinicaplanas.com\/jorge-planas\/#website","url":"https:\/\/www.clinicaplanas.com\/jorge-planas\/","name":"Tu blog de medicina y cirug\u00eda est\u00e9tica - Cl\u00ednica Planas","description":"Mantente al d\u00eda sobre medicina y cirug\u00eda est\u00e9tica con el blog de Cl\u00ednica Planas. Noticias de actualidad, novedades y tips de la mano de nuestros especialistas.","publisher":{"@id":"https:\/\/www.clinicaplanas.com\/jorge-planas\/#organization"},"potentialAction":[{"@type":"SearchAction","target":{"@type":"EntryPoint","urlTemplate":"https:\/\/www.clinicaplanas.com\/jorge-planas\/?s={search_term_string}"},"query-input":{"@type":"PropertyValueSpecification","valueRequired":true,"valueName":"search_term_string"}}],"inLanguage":"es"},{"@type":"Organization","@id":"https:\/\/www.clinicaplanas.com\/jorge-planas\/#organization","name":"Cl\u00ednica Planas","url":"https:\/\/www.clinicaplanas.com\/jorge-planas\/","logo":{"@type":"ImageObject","inLanguage":"es","@id":"https:\/\/www.clinicaplanas.com\/jorge-planas\/#\/schema\/logo\/image\/","url":"https:\/\/www.clinicaplanas.com\/jorge-planas\/wp-content\/cropped-android-icon-192x192-1.png","contentUrl":"https:\/\/www.clinicaplanas.com\/jorge-planas\/wp-content\/cropped-android-icon-192x192-1.png","width":512,"height":512,"caption":"Cl\u00ednica Planas"},"image":{"@id":"https:\/\/www.clinicaplanas.com\/jorge-planas\/#\/schema\/logo\/image\/"}},{"@type":"Person","@id":"https:\/\/www.clinicaplanas.com\/jorge-planas\/#\/schema\/person\/b13ac6e9212d6f27b00095767a2f4417","name":"Doctor JorgePlanas","image":{"@type":"ImageObject","inLanguage":"es","@id":"https:\/\/www.clinicaplanas.com\/jorge-planas\/#\/schema\/person\/image\/","url":"https:\/\/secure.gravatar.com\/avatar\/?s=96&d=mm&r=g","contentUrl":"https:\/\/secure.gravatar.com\/avatar\/?s=96&d=mm&r=g","caption":"Doctor JorgePlanas"},"url":"https:\/\/www.clinicaplanas.com\/jorge-planas\/author\/doctor-jorgeplanas\/"}]}},"_links":{"self":[{"href":"https:\/\/www.clinicaplanas.com\/jorge-planas\/wp-json\/wp\/v2\/posts\/2068"}],"collection":[{"href":"https:\/\/www.clinicaplanas.com\/jorge-planas\/wp-json\/wp\/v2\/posts"}],"about":[{"href":"https:\/\/www.clinicaplanas.com\/jorge-planas\/wp-json\/wp\/v2\/types\/post"}],"author":[{"embeddable":true,"href":"https:\/\/www.clinicaplanas.com\/jorge-planas\/wp-json\/wp\/v2\/users\/102"}],"replies":[{"embeddable":true,"href":"https:\/\/www.clinicaplanas.com\/jorge-planas\/wp-json\/wp\/v2\/comments?post=2068"}],"version-history":[{"count":0,"href":"https:\/\/www.clinicaplanas.com\/jorge-planas\/wp-json\/wp\/v2\/posts\/2068\/revisions"}],"wp:attachment":[{"href":"https:\/\/www.clinicaplanas.com\/jorge-planas\/wp-json\/wp\/v2\/media?parent=2068"}],"wp:term":[{"taxonomy":"category","embeddable":true,"href":"https:\/\/www.clinicaplanas.com\/jorge-planas\/wp-json\/wp\/v2\/categories?post=2068"},{"taxonomy":"post_tag","embeddable":true,"href":"https:\/\/www.clinicaplanas.com\/jorge-planas\/wp-json\/wp\/v2\/tags?post=2068"}],"curies":[{"name":"wp","href":"https:\/\/api.w.org\/{rel}","templated":true}]}}