{"id":19919,"date":"2023-08-23T11:35:28","date_gmt":"2023-08-23T09:35:28","guid":{"rendered":"https:\/\/www.clinicaplanas.com\/jorge-planas\/?p=19919"},"modified":"2023-08-23T11:37:12","modified_gmt":"2023-08-23T09:37:12","slug":"mia-un-nuevo-tratamiento-para-la-armonizacion-del-pecho","status":"publish","type":"post","link":"https:\/\/www.clinicaplanas.com\/jorge-planas\/2023\/08\/23\/mia-un-nuevo-tratamiento-para-la-armonizacion-del-pecho\/","title":{"rendered":"Mia\u00ae, un nuevo tratamiento para la armonizaci\u00f3n del pecho"},"content":{"rendered":"<p>Hoy en Corpore Sano vamos a presentar una gran novedad que se acaba de lanzar a nivel mundial y que va a suponer un antes y un despu\u00e9s en el \u00e1mbito de la belleza del pecho.<br \/>\nSe trata de <strong>Mia\u00ae<\/strong>, un <a href=\"https:\/\/www.clinicaplanas.com\/mia-planas\" target=\"_blank\" rel=\"noopener\"><span style=\"color: #f8bcac;\"><strong>procedimiento m\u00ednimamente invasivo de armonizaci\u00f3n de las mamas<\/strong><\/span><\/a> con tecnolog\u00eda Femtech. Permite <strong>moldear el pecho hasta dos tallas m\u00e1s, en apenas 15 minutos, sin anestesia general<\/strong>, para que la mujer pueda retomar su vida el mismo d\u00eda del procedimiento.<\/p>\n<p style=\"text-align: center;\"><iframe title=\"YouTube video player\" src=\"https:\/\/www.youtube.com\/embed\/P4NvYMAOPGE\" width=\"560\" height=\"315\" frameborder=\"0\" allowfullscreen=\"allowfullscreen\"><\/iframe><\/p>\n<h2>\u00bfQu\u00e9 hace a Mia\u00ae algo disruptivo?<\/h2>\n<ol>\n<li>\u00a0Como dec\u00edamos, <strong>no se utiliza anestesia general<\/strong>, \u00fanicamente anestesia local y una suave sedaci\u00f3n para relajar a la paciente.<\/li>\n<li>Podemos moldear el pecho y darle una nueva forma al escote <strong>en tan solo 15 minutos<\/strong>. Despu\u00e9s la paciente pasar\u00e1 entre una y dos horas de reposo en una sala de descanso y ya puede reincorporarse a su rutina.<\/li>\n<li><strong>No hay cicatrices visibles<\/strong>, porque el procedimiento se realiza mediante una incisi\u00f3n en la zona axilar.<\/li>\n<li>El implante se \u201cdispara\u201d desde fuera del cuerpo, desde la axila, con lo que <strong>en ning\u00fan momento el cirujano toca el implante ni necesita utilizar bistur\u00ed<\/strong> para realizar este procedimiento.<\/li>\n<li><strong>Preserva el tejido mamario<\/strong>, al crear un espacio donde va a alojarse el implante, pero desde dentro a fuera. As\u00ed no se lesiona el tejido, se preserva la vascularizaci\u00f3n, se preserva la enervaci\u00f3n y se preservan los tejidos de Cooper de la mama.<\/li>\n<\/ol>\n<h2>Beneficios de la preservaci\u00f3n de tejidos<\/h2>\n<p>La preservaci\u00f3n de tejidos implica que el tejido circundante de la mama seguir\u00e1 adherido al t\u00f3rax. Esto, a su vez, tiene dos importantes aspectos beneficiosos:<\/p>\n<ol>\n<li><strong>Evita sentir el implante a la palpaci\u00f3n<\/strong>.<\/li>\n<li>Cuando la paciente se tumba, <strong>las mamas no se van a desplazar lateralmente de forma exagerada<\/strong>.<\/li>\n<\/ol>\n<p>En conclusi\u00f3n, armonizamos el pecho <strong>potenciando la naturalidad, con resultados sutiles y proporcionados de una forma m\u00ednimamente invasiva<\/strong>.<\/p>\n<p><a href=\"https:\/\/www.clinicaplanas.com\/mia-planas\" target=\"_blank\" rel=\"attachment noopener wp-att-19783\"><img decoding=\"async\" class=\"aligncenter wp-image-19783 size-large\" src=\"https:\/\/www.clinicaplanas.com\/jorge-planas\/wp-content\/gif-informacion.gif\" alt=\"gif-informaci\u00f3n\" width=\"1020\" height=\"255\" \/><\/a><\/p>\n\t<div id=\"text-1196544659\" class=\"text single-tags\">\n\t\t\n\n<p>\n<!-- Generated by TaxoPress 3.24.1 - https:\/\/wordpress.org\/plugins\/simple-tags\/ -->\n\t<div class=\"taxopress-output-wrapper\"> <div class=\"st-post-tags \"> \n\t<a href=\"https:\/\/www.clinicaplanas.com\/jorge-planas\/tag\/mia-femtech\/\" title=\"Mia Femtech\">Mia Femtech<\/a> <br \/> <\/div>\n<\/div>\n<\/p>\n\t\t\t<\/div>\n\t\n\n\t<section class=\"section\" id=\"section_35311066\">\n\t\t<div class=\"section-bg fill\" >\n\t\t\t\t\t\t\t\t\t<div class=\"section-bg-overlay absolute fill\"><\/div>\n\t\t\t\n\n\t\t<\/div>\n\n\t\t\n\n\t\t<div class=\"section-content relative\">\n\t\t\t\n<div class=\"container section-title-container\" ><h3 class=\"section-title section-title-center\"><b><\/b><span class=\"section-title-main\" >TRATAMIENTOS RECOMENDADOS<\/span><b><\/b><\/h3><\/div>\n<div class=\"row\"  id=\"row-1492355941\">\n\n\t<div id=\"col-224169755\" class=\"col medium-4 small-12 large-4\"  >\n\t\t\t\t<div class=\"col-inner\"  >\n\t\t\t\n\t\t\t\n\t<div class=\"box has-hover   has-hover box-text-bottom\" >\n\n\t\t<div class=\"box-image\" >\n\t\t\t<a href=\"https:\/\/www.clinicaplanas.com\/mia-planas\" target=\"_blank\" rel=\"noopener\" >\t\t\t<div class=\"\" >\n\t\t\t\t<img decoding=\"async\" width=\"612\" height=\"369\" src=\"https:\/\/www.clinicaplanas.com\/jorge-planas\/wp-content\/MIA.png\" class=\"attachment- size-\" alt=\"MIA\" srcset=\"https:\/\/www.clinicaplanas.com\/jorge-planas\/wp-content\/MIA.png 612w, https:\/\/www.clinicaplanas.com\/jorge-planas\/wp-content\/MIA-300x181.png 300w\" sizes=\"(max-width: 612px) 100vw, 612px\" \/>\t\t\t\t\t\t\t\t\t\t\t<\/div>\n\t\t\t<\/a>\t\t<\/div>\n\n\t\t<div class=\"box-text text-center\" >\n\t\t\t<div class=\"box-text-inner\">\n\t\t\t\t\n<h4>Mia Femtech&#x2122;<\/h4>\n<p>Aumento de pecho con anestesia local y sin cicatrices en la mama.<\/p>\n\t\t\t<\/div>\n\t\t<\/div>\n\t<\/div>\n\t\n\t\t<\/div>\n\t\t\t\t\t<\/div>\n\n\t\n\n\t<div id=\"col-1915290383\" class=\"col medium-4 small-12 large-4\"  >\n\t\t\t\t<div class=\"col-inner\"  >\n\t\t\t\n\t\t\t\n\t<div class=\"box has-hover   has-hover box-text-bottom\" >\n\n\t\t<div class=\"box-image\" >\n\t\t\t<a href=\"https:\/\/www.clinicaplanas.com\/unidad-de-la-mama\/aumento-de-mamas\/protesis\" target=\"_blank\" rel=\"noopener\" >\t\t\t<div class=\"\" >\n\t\t\t\t<img decoding=\"async\" width=\"612\" height=\"369\" src=\"https:\/\/www.clinicaplanas.com\/jorge-planas\/wp-content\/aumento-pecho-protesis.png\" class=\"attachment- size-\" alt=\"aumento-pecho-protesis\" srcset=\"https:\/\/www.clinicaplanas.com\/jorge-planas\/wp-content\/aumento-pecho-protesis.png 612w, https:\/\/www.clinicaplanas.com\/jorge-planas\/wp-content\/aumento-pecho-protesis-300x181.png 300w\" sizes=\"(max-width: 612px) 100vw, 612px\" \/>\t\t\t\t\t\t\t\t\t\t\t<\/div>\n\t\t\t<\/a>\t\t<\/div>\n\n\t\t<div class=\"box-text text-center\" >\n\t\t\t<div class=\"box-text-inner\">\n\t\t\t\t\n<h4>Aumento de pecho con pr\u00f3tesis<\/h4>\n<p>El aumento de pecho es una t\u00e9cnica de cirug\u00eda de las mamas destinada a mejorar el volumen y la forma del pecho femenino que le ayudar\u00e1 a sentirse mejor consigo misma.<\/p>\n\t\t\t<\/div>\n\t\t<\/div>\n\t<\/div>\n\t\n\t\t<\/div>\n\t\t\t\t\t<\/div>\n\n\t\n\n\t<div id=\"col-64687729\" class=\"col medium-4 small-12 large-4\"  >\n\t\t\t\t<div class=\"col-inner\"  >\n\t\t\t\n\t\t\t\n\t<div class=\"box has-hover   has-hover box-text-bottom\" >\n\n\t\t<div class=\"box-image\" >\n\t\t\t<a href=\"https:\/\/www.clinicaplanas.com\/unidad-de-la-mama\/elevacion-de-mamas\" target=\"_blank\" rel=\"noopener\" >\t\t\t<div class=\"\" >\n\t\t\t\t<img decoding=\"async\" width=\"612\" height=\"369\" src=\"https:\/\/www.clinicaplanas.com\/jorge-planas\/wp-content\/elevacion-de-pecho.png\" class=\"attachment- size-\" alt=\"elevaci\u00f3n de pecho\" srcset=\"https:\/\/www.clinicaplanas.com\/jorge-planas\/wp-content\/elevacion-de-pecho.png 612w, https:\/\/www.clinicaplanas.com\/jorge-planas\/wp-content\/elevacion-de-pecho-300x181.png 300w\" sizes=\"(max-width: 612px) 100vw, 612px\" \/>\t\t\t\t\t\t\t\t\t\t\t<\/div>\n\t\t\t<\/a>\t\t<\/div>\n\n\t\t<div class=\"box-text text-center\" >\n\t\t\t<div class=\"box-text-inner\">\n\t\t\t\t\n<h4>Elevaci\u00f3n de pecho<\/h4>\n<p>La elevaci\u00f3n mamaria permite recuperar la posici\u00f3n y firmeza de los pechos que, por motivos como la lactancia o el adelgazamiento, han provocado la ca\u00edda de los mismos.<\/p>\n\t\t\t<\/div>\n\t\t<\/div>\n\t<\/div>\n\t\n\t\t<\/div>\n\t\t\t\t\t<\/div>\n\n\t\n<\/div>\n\t\t<\/div>\n\n\t\t\n<style>\n#section_35311066 {\n  padding-top: 30px;\n  padding-bottom: 30px;\n  background-color: rgb(238, 238, 238);\n}\n#section_35311066 .section-bg-overlay {\n  background-color: rgb(238, 238, 238);\n}\n<\/style>\n\t<\/section>\n\t\n","protected":false},"excerpt":{"rendered":"<p>Hoy en Corpore Sano vamos a presentar una gran novedad que se acaba de lanzar a nivel mundial y que va a suponer un antes y un despu\u00e9s en el \u00e1mbito de la belleza del pecho. Se trata de Mia\u00ae, un procedimiento m\u00ednimamente invasivo de armonizaci\u00f3n de las mamas con tecnolog\u00eda Femtech. Permite moldear el [&#8230;]\n","protected":false},"author":1,"featured_media":19920,"comment_status":"open","ping_status":"open","sticky":false,"template":"","format":"standard","meta":{"footnotes":""},"categories":[239],"tags":[512],"class_list":["post-19919","post","type-post","status-publish","format-standard","has-post-thumbnail","hentry","category-operacion-pecho","tag-mia-femtech"],"yoast_head":"<!-- This site is optimized with the Yoast SEO plugin v23.4 - https:\/\/yoast.com\/wordpress\/plugins\/seo\/ -->\n<title>Mia\u00ae, un nuevo tratamiento para la armonizaci\u00f3n del pecho - Tu blog de medicina y cirug\u00eda est\u00e9tica - Cl\u00ednica Planas<\/title>\n<meta name=\"description\" content=\"Mia permite moldear el pecho hasta dos tallas m\u00e1s, en 15 minutos, sin anestesia general. Se retoma la rutina el mismo d\u00eda.\" \/>\n<meta name=\"robots\" content=\"index, follow, max-snippet:-1, max-image-preview:large, max-video-preview:-1\" \/>\n<link rel=\"canonical\" href=\"https:\/\/www.clinicaplanas.com\/jorge-planas\/2023\/08\/23\/mia-un-nuevo-tratamiento-para-la-armonizacion-del-pecho\/\" \/>\n<meta property=\"og:locale\" content=\"es_ES\" \/>\n<meta property=\"og:type\" content=\"article\" \/>\n<meta property=\"og:title\" content=\"Mia\u00ae, un nuevo tratamiento para la armonizaci\u00f3n del pecho - Tu blog de medicina y cirug\u00eda est\u00e9tica - Cl\u00ednica Planas\" \/>\n<meta property=\"og:description\" content=\"Mia permite moldear el pecho hasta dos tallas m\u00e1s, en 15 minutos, sin anestesia general. Se retoma la rutina el mismo d\u00eda.\" \/>\n<meta property=\"og:url\" content=\"https:\/\/www.clinicaplanas.com\/jorge-planas\/2023\/08\/23\/mia-un-nuevo-tratamiento-para-la-armonizacion-del-pecho\/\" \/>\n<meta property=\"og:site_name\" content=\"Tu blog de medicina y cirug\u00eda est\u00e9tica - Cl\u00ednica Planas\" \/>\n<meta property=\"article:published_time\" content=\"2023-08-23T09:35:28+00:00\" \/>\n<meta property=\"article:modified_time\" content=\"2023-08-23T09:37:12+00:00\" \/>\n<meta property=\"og:image\" content=\"https:\/\/www.clinicaplanas.com\/jorge-planas\/wp-content\/MIA-2.png\" \/>\n\t<meta property=\"og:image:width\" content=\"1600\" \/>\n\t<meta property=\"og:image:height\" content=\"965\" \/>\n\t<meta property=\"og:image:type\" content=\"image\/png\" \/>\n<meta name=\"author\" content=\"Dr. Jorge Planas\" \/>\n<meta name=\"twitter:card\" content=\"summary_large_image\" \/>\n<meta name=\"twitter:label1\" content=\"Escrito por\" \/>\n\t<meta name=\"twitter:data1\" content=\"Dr. Jorge Planas\" \/>\n\t<meta name=\"twitter:label2\" content=\"Tiempo de lectura\" \/>\n\t<meta name=\"twitter:data2\" content=\"3 minutos\" \/>\n<!-- \/ Yoast SEO plugin. -->","yoast_head_json":{"title":"Mia\u00ae, un nuevo tratamiento para la armonizaci\u00f3n del pecho - Tu blog de medicina y cirug\u00eda est\u00e9tica - Cl\u00ednica Planas","description":"Mia permite moldear el pecho hasta dos tallas m\u00e1s, en 15 minutos, sin anestesia general. Se retoma la rutina el mismo d\u00eda.","robots":{"index":"index","follow":"follow","max-snippet":"max-snippet:-1","max-image-preview":"max-image-preview:large","max-video-preview":"max-video-preview:-1"},"canonical":"https:\/\/www.clinicaplanas.com\/jorge-planas\/2023\/08\/23\/mia-un-nuevo-tratamiento-para-la-armonizacion-del-pecho\/","og_locale":"es_ES","og_type":"article","og_title":"Mia\u00ae, un nuevo tratamiento para la armonizaci\u00f3n del pecho - Tu blog de medicina y cirug\u00eda est\u00e9tica - Cl\u00ednica Planas","og_description":"Mia permite moldear el pecho hasta dos tallas m\u00e1s, en 15 minutos, sin anestesia general. Se retoma la rutina el mismo d\u00eda.","og_url":"https:\/\/www.clinicaplanas.com\/jorge-planas\/2023\/08\/23\/mia-un-nuevo-tratamiento-para-la-armonizacion-del-pecho\/","og_site_name":"Tu blog de medicina y cirug\u00eda est\u00e9tica - Cl\u00ednica Planas","article_published_time":"2023-08-23T09:35:28+00:00","article_modified_time":"2023-08-23T09:37:12+00:00","og_image":[{"width":1600,"height":965,"url":"https:\/\/www.clinicaplanas.com\/jorge-planas\/wp-content\/MIA-2.png","type":"image\/png"}],"author":"Dr. Jorge Planas","twitter_card":"summary_large_image","twitter_misc":{"Escrito por":"Dr. Jorge Planas","Tiempo de lectura":"3 minutos"},"schema":{"@context":"https:\/\/schema.org","@graph":[{"@type":"Article","@id":"https:\/\/www.clinicaplanas.com\/jorge-planas\/2023\/08\/23\/mia-un-nuevo-tratamiento-para-la-armonizacion-del-pecho\/#article","isPartOf":{"@id":"https:\/\/www.clinicaplanas.com\/jorge-planas\/2023\/08\/23\/mia-un-nuevo-tratamiento-para-la-armonizacion-del-pecho\/"},"author":{"name":"Dr. Jorge Planas","@id":"https:\/\/www.clinicaplanas.com\/jorge-planas\/#\/schema\/person\/38a344a831881042e8204a3198e125e5"},"headline":"Mia\u00ae, un nuevo tratamiento para la armonizaci\u00f3n del pecho","datePublished":"2023-08-23T09:35:28+00:00","dateModified":"2023-08-23T09:37:12+00:00","mainEntityOfPage":{"@id":"https:\/\/www.clinicaplanas.com\/jorge-planas\/2023\/08\/23\/mia-un-nuevo-tratamiento-para-la-armonizacion-del-pecho\/"},"wordCount":502,"commentCount":0,"publisher":{"@id":"https:\/\/www.clinicaplanas.com\/jorge-planas\/#organization"},"image":{"@id":"https:\/\/www.clinicaplanas.com\/jorge-planas\/2023\/08\/23\/mia-un-nuevo-tratamiento-para-la-armonizacion-del-pecho\/#primaryimage"},"thumbnailUrl":"https:\/\/www.clinicaplanas.com\/jorge-planas\/wp-content\/MIA-2.png","keywords":["Mia Femtech"],"articleSection":["Art\u00edculos sobre Operaci\u00f3n de Pecho"],"inLanguage":"es","potentialAction":[{"@type":"CommentAction","name":"Comment","target":["https:\/\/www.clinicaplanas.com\/jorge-planas\/2023\/08\/23\/mia-un-nuevo-tratamiento-para-la-armonizacion-del-pecho\/#respond"]}]},{"@type":"WebPage","@id":"https:\/\/www.clinicaplanas.com\/jorge-planas\/2023\/08\/23\/mia-un-nuevo-tratamiento-para-la-armonizacion-del-pecho\/","url":"https:\/\/www.clinicaplanas.com\/jorge-planas\/2023\/08\/23\/mia-un-nuevo-tratamiento-para-la-armonizacion-del-pecho\/","name":"Mia\u00ae, un nuevo tratamiento para la armonizaci\u00f3n del pecho - Tu blog de medicina y cirug\u00eda est\u00e9tica - Cl\u00ednica Planas","isPartOf":{"@id":"https:\/\/www.clinicaplanas.com\/jorge-planas\/#website"},"primaryImageOfPage":{"@id":"https:\/\/www.clinicaplanas.com\/jorge-planas\/2023\/08\/23\/mia-un-nuevo-tratamiento-para-la-armonizacion-del-pecho\/#primaryimage"},"image":{"@id":"https:\/\/www.clinicaplanas.com\/jorge-planas\/2023\/08\/23\/mia-un-nuevo-tratamiento-para-la-armonizacion-del-pecho\/#primaryimage"},"thumbnailUrl":"https:\/\/www.clinicaplanas.com\/jorge-planas\/wp-content\/MIA-2.png","datePublished":"2023-08-23T09:35:28+00:00","dateModified":"2023-08-23T09:37:12+00:00","description":"Mia permite moldear el pecho hasta dos tallas m\u00e1s, en 15 minutos, sin anestesia general. Se retoma la rutina el mismo d\u00eda.","breadcrumb":{"@id":"https:\/\/www.clinicaplanas.com\/jorge-planas\/2023\/08\/23\/mia-un-nuevo-tratamiento-para-la-armonizacion-del-pecho\/#breadcrumb"},"inLanguage":"es","potentialAction":[{"@type":"ReadAction","target":["https:\/\/www.clinicaplanas.com\/jorge-planas\/2023\/08\/23\/mia-un-nuevo-tratamiento-para-la-armonizacion-del-pecho\/"]}]},{"@type":"ImageObject","inLanguage":"es","@id":"https:\/\/www.clinicaplanas.com\/jorge-planas\/2023\/08\/23\/mia-un-nuevo-tratamiento-para-la-armonizacion-del-pecho\/#primaryimage","url":"https:\/\/www.clinicaplanas.com\/jorge-planas\/wp-content\/MIA-2.png","contentUrl":"https:\/\/www.clinicaplanas.com\/jorge-planas\/wp-content\/MIA-2.png","width":1600,"height":965,"caption":"MIA"},{"@type":"BreadcrumbList","@id":"https:\/\/www.clinicaplanas.com\/jorge-planas\/2023\/08\/23\/mia-un-nuevo-tratamiento-para-la-armonizacion-del-pecho\/#breadcrumb","itemListElement":[{"@type":"ListItem","position":1,"name":"Home","item":"https:\/\/www.clinicaplanas.com\/jorge-planas\/"},{"@type":"ListItem","position":2,"name":"Art\u00edculos sobre Operaci\u00f3n de Pecho","item":"https:\/\/www.clinicaplanas.com\/jorge-planas\/operacion-pecho\/"},{"@type":"ListItem","position":3,"name":"Mia\u00ae, un nuevo tratamiento para la armonizaci\u00f3n del pecho"}]},{"@type":"WebSite","@id":"https:\/\/www.clinicaplanas.com\/jorge-planas\/#website","url":"https:\/\/www.clinicaplanas.com\/jorge-planas\/","name":"Tu blog de medicina y cirug\u00eda est\u00e9tica - Cl\u00ednica Planas","description":"Mantente al d\u00eda sobre medicina y cirug\u00eda est\u00e9tica con el blog de Cl\u00ednica Planas. Noticias de actualidad, novedades y tips de la mano de nuestros especialistas.","publisher":{"@id":"https:\/\/www.clinicaplanas.com\/jorge-planas\/#organization"},"potentialAction":[{"@type":"SearchAction","target":{"@type":"EntryPoint","urlTemplate":"https:\/\/www.clinicaplanas.com\/jorge-planas\/?s={search_term_string}"},"query-input":{"@type":"PropertyValueSpecification","valueRequired":true,"valueName":"search_term_string"}}],"inLanguage":"es"},{"@type":"Organization","@id":"https:\/\/www.clinicaplanas.com\/jorge-planas\/#organization","name":"Cl\u00ednica Planas","url":"https:\/\/www.clinicaplanas.com\/jorge-planas\/","logo":{"@type":"ImageObject","inLanguage":"es","@id":"https:\/\/www.clinicaplanas.com\/jorge-planas\/#\/schema\/logo\/image\/","url":"https:\/\/www.clinicaplanas.com\/jorge-planas\/wp-content\/cropped-android-icon-192x192-1.png","contentUrl":"https:\/\/www.clinicaplanas.com\/jorge-planas\/wp-content\/cropped-android-icon-192x192-1.png","width":512,"height":512,"caption":"Cl\u00ednica Planas"},"image":{"@id":"https:\/\/www.clinicaplanas.com\/jorge-planas\/#\/schema\/logo\/image\/"}},{"@type":"Person","@id":"https:\/\/www.clinicaplanas.com\/jorge-planas\/#\/schema\/person\/38a344a831881042e8204a3198e125e5","name":"Dr. Jorge Planas","image":{"@type":"ImageObject","inLanguage":"es","@id":"https:\/\/www.clinicaplanas.com\/jorge-planas\/#\/schema\/person\/image\/","url":"https:\/\/secure.gravatar.com\/avatar\/cc34246c94716dd29a0de743e5d8d515?s=96&d=mm&r=g","contentUrl":"https:\/\/secure.gravatar.com\/avatar\/cc34246c94716dd29a0de743e5d8d515?s=96&d=mm&r=g","caption":"Dr. Jorge Planas"},"sameAs":["http:\/\/www.clinicaplanas.com\/jorge-planas\/"],"url":"https:\/\/www.clinicaplanas.com\/jorge-planas\/author\/admin\/"}]}},"_links":{"self":[{"href":"https:\/\/www.clinicaplanas.com\/jorge-planas\/wp-json\/wp\/v2\/posts\/19919"}],"collection":[{"href":"https:\/\/www.clinicaplanas.com\/jorge-planas\/wp-json\/wp\/v2\/posts"}],"about":[{"href":"https:\/\/www.clinicaplanas.com\/jorge-planas\/wp-json\/wp\/v2\/types\/post"}],"author":[{"embeddable":true,"href":"https:\/\/www.clinicaplanas.com\/jorge-planas\/wp-json\/wp\/v2\/users\/1"}],"replies":[{"embeddable":true,"href":"https:\/\/www.clinicaplanas.com\/jorge-planas\/wp-json\/wp\/v2\/comments?post=19919"}],"version-history":[{"count":5,"href":"https:\/\/www.clinicaplanas.com\/jorge-planas\/wp-json\/wp\/v2\/posts\/19919\/revisions"}],"predecessor-version":[{"id":19929,"href":"https:\/\/www.clinicaplanas.com\/jorge-planas\/wp-json\/wp\/v2\/posts\/19919\/revisions\/19929"}],"wp:featuredmedia":[{"embeddable":true,"href":"https:\/\/www.clinicaplanas.com\/jorge-planas\/wp-json\/wp\/v2\/media\/19920"}],"wp:attachment":[{"href":"https:\/\/www.clinicaplanas.com\/jorge-planas\/wp-json\/wp\/v2\/media?parent=19919"}],"wp:term":[{"taxonomy":"category","embeddable":true,"href":"https:\/\/www.clinicaplanas.com\/jorge-planas\/wp-json\/wp\/v2\/categories?post=19919"},{"taxonomy":"post_tag","embeddable":true,"href":"https:\/\/www.clinicaplanas.com\/jorge-planas\/wp-json\/wp\/v2\/tags?post=19919"}],"curies":[{"name":"wp","href":"https:\/\/api.w.org\/{rel}","templated":true}]}}