{"id":19903,"date":"2023-07-12T09:59:28","date_gmt":"2023-07-12T07:59:28","guid":{"rendered":"https:\/\/www.clinicaplanas.com\/jorge-planas\/?p=19903"},"modified":"2023-07-12T10:04:29","modified_gmt":"2023-07-12T08:04:29","slug":"mas-pelo-sin-cirugia","status":"publish","type":"post","link":"https:\/\/www.clinicaplanas.com\/jorge-planas\/2023\/07\/12\/mas-pelo-sin-cirugia\/","title":{"rendered":"M\u00e1s pelo sin cirug\u00eda"},"content":{"rendered":"<p>La p\u00e9rdida de cabello, sea de tipo androgen\u00e9tica o debida a situaciones puntuales como el estr\u00e9s, es algo que afecta a la autoestima tanto de hombres como de mujeres.<br \/>\nTodos conocemos la opci\u00f3n quir\u00fargica, el <span style=\"color: #f8bcac;\"><a style=\"color: #f8bcac;\" href=\"https:\/\/www.clinicaplanas.com\/cirugia-capilar\/microinjertos-cabello\" target=\"_blank\" rel=\"noopener\"><strong>microinjerto capilar<\/strong><\/a><\/span>, que consiste en retirar uno a uno fol\u00edculos de una zona donante, que suele ser la zona posterior y lateral de la cabeza e implantarlo en la zona donde falta pelo.<\/p>\n<p>Pero el microinjerto no es para todo el mundo, el especialista valorar\u00e1 si es necesario realizar esta intervenci\u00f3n, si el problema se puede solucionar con tratamientos no quir\u00fargicos o si lo mejor es la combinaci\u00f3n de ambas t\u00e9cnicas.<\/p>\n<p>Hoy en Corpore Sano vamos a hablar de <strong>tratamientos m\u00e9dicos que nos pueden ayudar a recuperar densidad y fuerza en el pelo sin pasar por el quir\u00f3fano<\/strong>.<\/p>\n<p>&nbsp;<\/p>\n<p style=\"text-align: center;\"><iframe title=\"YouTube video player\" src=\"https:\/\/www.youtube.com\/embed\/JwLL2COgdh8\" width=\"560\" height=\"315\" frameborder=\"0\" allowfullscreen=\"allowfullscreen\"><\/iframe><\/p>\n<h2>M\u00e1s pelo sin cirug\u00eda<\/h2>\n<p>Algo que se suele recomendar en la mayor\u00eda de los casos de alopecia es el <strong>tratamiento con medicaci\u00f3n<\/strong>. Despu\u00e9s del diagn\u00f3stico, el especialista indicara el tratamiento por v\u00eda oral o v\u00eda t\u00f3pica. Con esto<strong> vamos a frenar y a prevenir la ca\u00edda, adem\u00e1s de fortalecer la ra\u00edz del pelo<\/strong>.<\/p>\n<p>Otro tipo de tratamiento es<strong> infiltrar la medicaci\u00f3n directamente sobre el cuero cabelludo<\/strong>, lo que conocemos como <a href=\"https:\/\/www.clinicaplanas.com\/medicina-estetica\/infiltraciones-capilares\" target=\"_blank\" rel=\"noopener\"><span style=\"color: #f8bcac;\"><strong>mesoterapia capilar<\/strong><\/span><\/a>. Normalmente esto se realizaba mediante agujas, pero hoy en d\u00eda en centros como Cl\u00ednica Planas contamos con tecnolog\u00eda m\u00e1s avanzada que no s\u00f3lo es m\u00e1s precisa, sino que adem\u00e1s evita el dolor.<\/p>\n<p>Por \u00faltimo, est\u00e1 muy demandada actualmente <strong>la <a href=\"https:\/\/www.clinicaplanas.com\/medicina-estetica\/factor-de-crecimiento-capilar\" target=\"_blank\" rel=\"noopener\"><span style=\"color: #f8bcac;\">infiltraci\u00f3n de factores de crecimiento capilar<\/span><\/a><\/strong>, obtenidos de la sangre del propio paciente. La aplicaci\u00f3n del tratamiento de regeneraci\u00f3n capilar<strong> estimula y aumenta la vascularizaci\u00f3n a nivel del fol\u00edculo piloso<\/strong>, por lo que progresivamente se frena la ca\u00edda del cabello y se potencia la regeneraci\u00f3n del mismo en pacientes con p\u00e9rdida moderada de pelo.<\/p>\n<h2>Los beneficios de la hipoxia<\/h2>\n<p><strong>Los beneficios de este tratamiento se pueden potenciar si los combinamos con la t\u00e9cnica de la hipoxia<\/strong>, que consiste en limitar el ox\u00edgeno simulando una situaci\u00f3n de altitud. Esto provoca que una gran cantidad de factores de crecimiento se movilice desde de la medula \u00f3sea al sistema circulatorio y de esta manera obtengamos un mayor beneficio al realizar la infiltraci\u00f3n.<\/p>\n<p><a href=\"https:\/\/www.clinicaplanas.com\/cirugia-capilar\" target=\"_blank\" rel=\"attachment noopener wp-att-19783\"><img decoding=\"async\" class=\"aligncenter wp-image-19783 size-large\" src=\"https:\/\/www.clinicaplanas.com\/jorge-planas\/wp-content\/gif-informacion.gif\" alt=\"gif-informaci\u00f3n\" width=\"1020\" height=\"255\" \/><\/a><\/p>\n\t<div id=\"text-417243213\" class=\"text single-tags\">\n\t\t\n\n<p>\n<!-- Generated by TaxoPress 3.24.1 - https:\/\/wordpress.org\/plugins\/simple-tags\/ -->\n\t<div class=\"taxopress-output-wrapper\"> <div class=\"st-post-tags \"> \n\t<a href=\"https:\/\/www.clinicaplanas.com\/jorge-planas\/tag\/alopecia\/\" title=\"Alopecia\">Alopecia<\/a><a href=\"https:\/\/www.clinicaplanas.com\/jorge-planas\/tag\/microinjerto-capilar\/\" title=\"Microinjerto capilar\">Microinjerto capilar<\/a> <br \/> <\/div>\n<\/div>\n<\/p>\n\t\t\t<\/div>\n\t\n\n\t<section class=\"section\" id=\"section_569935556\">\n\t\t<div class=\"section-bg fill\" >\n\t\t\t\t\t\t\t\t\t<div class=\"section-bg-overlay absolute fill\"><\/div>\n\t\t\t\n\n\t\t<\/div>\n\n\t\t\n\n\t\t<div class=\"section-content relative\">\n\t\t\t\n<div class=\"container section-title-container\" ><h3 class=\"section-title section-title-center\"><b><\/b><span class=\"section-title-main\" >TRATAMIENTOS RECOMENDADOS<\/span><b><\/b><\/h3><\/div>\n<div class=\"row\"  id=\"row-134755979\">\n\n\t<div id=\"col-1187646586\" class=\"col medium-4 small-12 large-4\"  >\n\t\t\t\t<div class=\"col-inner\"  >\n\t\t\t\n\t\t\t\n\t<div class=\"box has-hover   has-hover box-text-bottom\" >\n\n\t\t<div class=\"box-image\" >\n\t\t\t<a href=\"https:\/\/www.clinicaplanas.com\/cirugia-capilar\/microinjertos-cabello\" target=\"_blank\" rel=\"noopener\" >\t\t\t<div class=\"\" >\n\t\t\t\t<img decoding=\"async\" width=\"612\" height=\"369\" src=\"https:\/\/www.clinicaplanas.com\/jorge-planas\/wp-content\/microinjerto-capilar-2.png\" class=\"attachment- size-\" alt=\"microinjerto capilar\" srcset=\"https:\/\/www.clinicaplanas.com\/jorge-planas\/wp-content\/microinjerto-capilar-2.png 612w, https:\/\/www.clinicaplanas.com\/jorge-planas\/wp-content\/microinjerto-capilar-2-300x181.png 300w\" sizes=\"(max-width: 612px) 100vw, 612px\" \/>\t\t\t\t\t\t\t\t\t\t\t<\/div>\n\t\t\t<\/a>\t\t<\/div>\n\n\t\t<div class=\"box-text text-center\" >\n\t\t\t<div class=\"box-text-inner\">\n\t\t\t\t\n<h4>Microinjerto capilar<\/h4>\n<p>La cirug\u00eda capilar consiste en la implantaci\u00f3n de unidades foliculares en la zona donde se ha perdido el cabello, originando nuevo con un resultado natural y definitivo.<\/p>\n\t\t\t<\/div>\n\t\t<\/div>\n\t<\/div>\n\t\n\t\t<\/div>\n\t\t\t\t\t<\/div>\n\n\t\n\n\t<div id=\"col-874001476\" class=\"col medium-4 small-12 large-4\"  >\n\t\t\t\t<div class=\"col-inner\"  >\n\t\t\t\n\t\t\t\n\t<div class=\"box has-hover   has-hover box-text-bottom\" >\n\n\t\t<div class=\"box-image\" >\n\t\t\t<a href=\"https:\/\/www.clinicaplanas.com\/medicina-estetica\/factor-de-crecimiento-capilar\" target=\"_blank\" rel=\"noopener\" >\t\t\t<div class=\"\" >\n\t\t\t\t<img decoding=\"async\" width=\"612\" height=\"369\" src=\"https:\/\/www.clinicaplanas.com\/jorge-planas\/wp-content\/factores-crecimiento-capilar.png\" class=\"attachment- size-\" alt=\"factores crecimiento capilar\" srcset=\"https:\/\/www.clinicaplanas.com\/jorge-planas\/wp-content\/factores-crecimiento-capilar.png 612w, https:\/\/www.clinicaplanas.com\/jorge-planas\/wp-content\/factores-crecimiento-capilar-300x181.png 300w\" sizes=\"(max-width: 612px) 100vw, 612px\" \/>\t\t\t\t\t\t\t\t\t\t\t<\/div>\n\t\t\t<\/a>\t\t<\/div>\n\n\t\t<div class=\"box-text text-center\" >\n\t\t\t<div class=\"box-text-inner\">\n\t\t\t\t\n<h4>Factores de crecimiento Capilar<\/h4>\n<p>El Factor de Crecimiento Capilar con tratamiento de regeneraci\u00f3n capilar tiene como objetivo estimular el crecimiento de nuevo cabello y prevenir la p\u00e9rdida de cabello existente.<\/p>\n\t\t\t<\/div>\n\t\t<\/div>\n\t<\/div>\n\t\n\t\t<\/div>\n\t\t\t\t\t<\/div>\n\n\t\n\n\t<div id=\"col-1064376044\" class=\"col medium-4 small-12 large-4\"  >\n\t\t\t\t<div class=\"col-inner\"  >\n\t\t\t\n\t\t\t\n\t<div class=\"box has-hover   has-hover box-text-bottom\" >\n\n\t\t<div class=\"box-image\" >\n\t\t\t<a href=\"https:\/\/www.clinicaplanas.com\/medicina-estetica\/infiltraciones-capilares\" target=\"_blank\" rel=\"noopener\" >\t\t\t<div class=\"\" >\n\t\t\t\t<img decoding=\"async\" width=\"612\" height=\"369\" src=\"https:\/\/www.clinicaplanas.com\/jorge-planas\/wp-content\/infiltraciones-capilares.png\" class=\"attachment- size-\" alt=\"infiltraciones capilares\" srcset=\"https:\/\/www.clinicaplanas.com\/jorge-planas\/wp-content\/infiltraciones-capilares.png 612w, https:\/\/www.clinicaplanas.com\/jorge-planas\/wp-content\/infiltraciones-capilares-300x181.png 300w\" sizes=\"(max-width: 612px) 100vw, 612px\" \/>\t\t\t\t\t\t\t\t\t\t\t<\/div>\n\t\t\t<\/a>\t\t<\/div>\n\n\t\t<div class=\"box-text text-center\" >\n\t\t\t<div class=\"box-text-inner\">\n\t\t\t\t\n<h4>Infiltraciones Capilares<\/h4>\n<p>Consiste en la infiltraci\u00f3n de f\u00e1rmacos directamente en la piel del cuero cabelludo mediante microinyecciones.<\/p>\n\t\t\t<\/div>\n\t\t<\/div>\n\t<\/div>\n\t\n\t\t<\/div>\n\t\t\t\t\t<\/div>\n\n\t\n<\/div>\n\t\t<\/div>\n\n\t\t\n<style>\n#section_569935556 {\n  padding-top: 30px;\n  padding-bottom: 30px;\n  background-color: rgb(238, 238, 238);\n}\n#section_569935556 .section-bg-overlay {\n  background-color: rgb(238, 238, 238);\n}\n<\/style>\n\t<\/section>\n\t\n","protected":false},"excerpt":{"rendered":"<p>La p\u00e9rdida de cabello, sea de tipo androgen\u00e9tica o debida a situaciones puntuales como el estr\u00e9s, es algo que afecta a la autoestima tanto de hombres como de mujeres. Todos conocemos la opci\u00f3n quir\u00fargica, el microinjerto capilar, que consiste en retirar uno a uno fol\u00edculos de una zona donante, que suele ser la zona posterior [&#8230;]\n","protected":false},"author":1,"featured_media":19904,"comment_status":"open","ping_status":"open","sticky":false,"template":"","format":"standard","meta":{"footnotes":""},"categories":[116],"tags":[285,118],"class_list":["post-19903","post","type-post","status-publish","format-standard","has-post-thumbnail","hentry","category-cirugia-capilar","tag-alopecia","tag-microinjerto-capilar"],"yoast_head":"<!-- This site is optimized with the Yoast SEO plugin v23.4 - https:\/\/yoast.com\/wordpress\/plugins\/seo\/ -->\n<title>M\u00e1s pelo sin cirug\u00eda - Tu blog de medicina y cirug\u00eda est\u00e9tica - Cl\u00ednica Planas<\/title>\n<meta name=\"description\" content=\"Vamos a hablar de tratamientos m\u00e9dicos que nos pueden ayudar a recuperar densidad y fuerza en el pelo sin pasar por el quir\u00f3fano.\" \/>\n<meta name=\"robots\" content=\"index, follow, max-snippet:-1, max-image-preview:large, max-video-preview:-1\" \/>\n<link rel=\"canonical\" href=\"https:\/\/www.clinicaplanas.com\/jorge-planas\/2023\/07\/12\/mas-pelo-sin-cirugia\/\" \/>\n<meta property=\"og:locale\" content=\"es_ES\" \/>\n<meta property=\"og:type\" content=\"article\" \/>\n<meta property=\"og:title\" content=\"M\u00e1s pelo sin cirug\u00eda - Tu blog de medicina y cirug\u00eda est\u00e9tica - Cl\u00ednica Planas\" \/>\n<meta property=\"og:description\" content=\"Vamos a hablar de tratamientos m\u00e9dicos que nos pueden ayudar a recuperar densidad y fuerza en el pelo sin pasar por el quir\u00f3fano.\" \/>\n<meta property=\"og:url\" content=\"https:\/\/www.clinicaplanas.com\/jorge-planas\/2023\/07\/12\/mas-pelo-sin-cirugia\/\" \/>\n<meta property=\"og:site_name\" content=\"Tu blog de medicina y cirug\u00eda est\u00e9tica - Cl\u00ednica Planas\" \/>\n<meta property=\"article:published_time\" content=\"2023-07-12T07:59:28+00:00\" \/>\n<meta property=\"article:modified_time\" content=\"2023-07-12T08:04:29+00:00\" \/>\n<meta property=\"og:image\" content=\"https:\/\/www.clinicaplanas.com\/jorge-planas\/wp-content\/mas-pelo-sin-cirugia.png\" \/>\n\t<meta property=\"og:image:width\" content=\"1600\" \/>\n\t<meta property=\"og:image:height\" content=\"965\" \/>\n\t<meta property=\"og:image:type\" content=\"image\/png\" \/>\n<meta name=\"author\" content=\"Dr. Jorge Planas\" \/>\n<meta name=\"twitter:card\" content=\"summary_large_image\" \/>\n<meta name=\"twitter:label1\" content=\"Escrito por\" \/>\n\t<meta name=\"twitter:data1\" content=\"Dr. Jorge Planas\" \/>\n\t<meta name=\"twitter:label2\" content=\"Tiempo de lectura\" \/>\n\t<meta name=\"twitter:data2\" content=\"3 minutos\" \/>\n<!-- \/ Yoast SEO plugin. -->","yoast_head_json":{"title":"M\u00e1s pelo sin cirug\u00eda - Tu blog de medicina y cirug\u00eda est\u00e9tica - Cl\u00ednica Planas","description":"Vamos a hablar de tratamientos m\u00e9dicos que nos pueden ayudar a recuperar densidad y fuerza en el pelo sin pasar por el quir\u00f3fano.","robots":{"index":"index","follow":"follow","max-snippet":"max-snippet:-1","max-image-preview":"max-image-preview:large","max-video-preview":"max-video-preview:-1"},"canonical":"https:\/\/www.clinicaplanas.com\/jorge-planas\/2023\/07\/12\/mas-pelo-sin-cirugia\/","og_locale":"es_ES","og_type":"article","og_title":"M\u00e1s pelo sin cirug\u00eda - Tu blog de medicina y cirug\u00eda est\u00e9tica - Cl\u00ednica Planas","og_description":"Vamos a hablar de tratamientos m\u00e9dicos que nos pueden ayudar a recuperar densidad y fuerza en el pelo sin pasar por el quir\u00f3fano.","og_url":"https:\/\/www.clinicaplanas.com\/jorge-planas\/2023\/07\/12\/mas-pelo-sin-cirugia\/","og_site_name":"Tu blog de medicina y cirug\u00eda est\u00e9tica - Cl\u00ednica Planas","article_published_time":"2023-07-12T07:59:28+00:00","article_modified_time":"2023-07-12T08:04:29+00:00","og_image":[{"width":1600,"height":965,"url":"https:\/\/www.clinicaplanas.com\/jorge-planas\/wp-content\/mas-pelo-sin-cirugia.png","type":"image\/png"}],"author":"Dr. Jorge Planas","twitter_card":"summary_large_image","twitter_misc":{"Escrito por":"Dr. Jorge Planas","Tiempo de lectura":"3 minutos"},"schema":{"@context":"https:\/\/schema.org","@graph":[{"@type":"Article","@id":"https:\/\/www.clinicaplanas.com\/jorge-planas\/2023\/07\/12\/mas-pelo-sin-cirugia\/#article","isPartOf":{"@id":"https:\/\/www.clinicaplanas.com\/jorge-planas\/2023\/07\/12\/mas-pelo-sin-cirugia\/"},"author":{"name":"Dr. Jorge Planas","@id":"https:\/\/www.clinicaplanas.com\/jorge-planas\/#\/schema\/person\/38a344a831881042e8204a3198e125e5"},"headline":"M\u00e1s pelo sin cirug\u00eda","datePublished":"2023-07-12T07:59:28+00:00","dateModified":"2023-07-12T08:04:29+00:00","mainEntityOfPage":{"@id":"https:\/\/www.clinicaplanas.com\/jorge-planas\/2023\/07\/12\/mas-pelo-sin-cirugia\/"},"wordCount":577,"commentCount":0,"publisher":{"@id":"https:\/\/www.clinicaplanas.com\/jorge-planas\/#organization"},"image":{"@id":"https:\/\/www.clinicaplanas.com\/jorge-planas\/2023\/07\/12\/mas-pelo-sin-cirugia\/#primaryimage"},"thumbnailUrl":"https:\/\/www.clinicaplanas.com\/jorge-planas\/wp-content\/mas-pelo-sin-cirugia.png","keywords":["Alopecia","Microinjerto capilar"],"articleSection":["Art\u00edculos sobre Injerto y Trasplante Capilar"],"inLanguage":"es","potentialAction":[{"@type":"CommentAction","name":"Comment","target":["https:\/\/www.clinicaplanas.com\/jorge-planas\/2023\/07\/12\/mas-pelo-sin-cirugia\/#respond"]}]},{"@type":"WebPage","@id":"https:\/\/www.clinicaplanas.com\/jorge-planas\/2023\/07\/12\/mas-pelo-sin-cirugia\/","url":"https:\/\/www.clinicaplanas.com\/jorge-planas\/2023\/07\/12\/mas-pelo-sin-cirugia\/","name":"M\u00e1s pelo sin cirug\u00eda - Tu blog de medicina y cirug\u00eda est\u00e9tica - Cl\u00ednica Planas","isPartOf":{"@id":"https:\/\/www.clinicaplanas.com\/jorge-planas\/#website"},"primaryImageOfPage":{"@id":"https:\/\/www.clinicaplanas.com\/jorge-planas\/2023\/07\/12\/mas-pelo-sin-cirugia\/#primaryimage"},"image":{"@id":"https:\/\/www.clinicaplanas.com\/jorge-planas\/2023\/07\/12\/mas-pelo-sin-cirugia\/#primaryimage"},"thumbnailUrl":"https:\/\/www.clinicaplanas.com\/jorge-planas\/wp-content\/mas-pelo-sin-cirugia.png","datePublished":"2023-07-12T07:59:28+00:00","dateModified":"2023-07-12T08:04:29+00:00","description":"Vamos a hablar de tratamientos m\u00e9dicos que nos pueden ayudar a recuperar densidad y fuerza en el pelo sin pasar por el quir\u00f3fano.","breadcrumb":{"@id":"https:\/\/www.clinicaplanas.com\/jorge-planas\/2023\/07\/12\/mas-pelo-sin-cirugia\/#breadcrumb"},"inLanguage":"es","potentialAction":[{"@type":"ReadAction","target":["https:\/\/www.clinicaplanas.com\/jorge-planas\/2023\/07\/12\/mas-pelo-sin-cirugia\/"]}]},{"@type":"ImageObject","inLanguage":"es","@id":"https:\/\/www.clinicaplanas.com\/jorge-planas\/2023\/07\/12\/mas-pelo-sin-cirugia\/#primaryimage","url":"https:\/\/www.clinicaplanas.com\/jorge-planas\/wp-content\/mas-pelo-sin-cirugia.png","contentUrl":"https:\/\/www.clinicaplanas.com\/jorge-planas\/wp-content\/mas-pelo-sin-cirugia.png","width":1600,"height":965,"caption":"m\u00e1s pelo sin cirug\u00eda"},{"@type":"BreadcrumbList","@id":"https:\/\/www.clinicaplanas.com\/jorge-planas\/2023\/07\/12\/mas-pelo-sin-cirugia\/#breadcrumb","itemListElement":[{"@type":"ListItem","position":1,"name":"Home","item":"https:\/\/www.clinicaplanas.com\/jorge-planas\/"},{"@type":"ListItem","position":2,"name":"Art\u00edculos sobre Injerto y Trasplante Capilar","item":"https:\/\/www.clinicaplanas.com\/jorge-planas\/cirugia-capilar\/"},{"@type":"ListItem","position":3,"name":"M\u00e1s pelo sin cirug\u00eda"}]},{"@type":"WebSite","@id":"https:\/\/www.clinicaplanas.com\/jorge-planas\/#website","url":"https:\/\/www.clinicaplanas.com\/jorge-planas\/","name":"Tu blog de medicina y cirug\u00eda est\u00e9tica - Cl\u00ednica Planas","description":"Mantente al d\u00eda sobre medicina y cirug\u00eda est\u00e9tica con el blog de Cl\u00ednica Planas. Noticias de actualidad, novedades y tips de la mano de nuestros especialistas.","publisher":{"@id":"https:\/\/www.clinicaplanas.com\/jorge-planas\/#organization"},"potentialAction":[{"@type":"SearchAction","target":{"@type":"EntryPoint","urlTemplate":"https:\/\/www.clinicaplanas.com\/jorge-planas\/?s={search_term_string}"},"query-input":{"@type":"PropertyValueSpecification","valueRequired":true,"valueName":"search_term_string"}}],"inLanguage":"es"},{"@type":"Organization","@id":"https:\/\/www.clinicaplanas.com\/jorge-planas\/#organization","name":"Cl\u00ednica Planas","url":"https:\/\/www.clinicaplanas.com\/jorge-planas\/","logo":{"@type":"ImageObject","inLanguage":"es","@id":"https:\/\/www.clinicaplanas.com\/jorge-planas\/#\/schema\/logo\/image\/","url":"https:\/\/www.clinicaplanas.com\/jorge-planas\/wp-content\/cropped-android-icon-192x192-1.png","contentUrl":"https:\/\/www.clinicaplanas.com\/jorge-planas\/wp-content\/cropped-android-icon-192x192-1.png","width":512,"height":512,"caption":"Cl\u00ednica Planas"},"image":{"@id":"https:\/\/www.clinicaplanas.com\/jorge-planas\/#\/schema\/logo\/image\/"}},{"@type":"Person","@id":"https:\/\/www.clinicaplanas.com\/jorge-planas\/#\/schema\/person\/38a344a831881042e8204a3198e125e5","name":"Dr. Jorge Planas","image":{"@type":"ImageObject","inLanguage":"es","@id":"https:\/\/www.clinicaplanas.com\/jorge-planas\/#\/schema\/person\/image\/","url":"https:\/\/secure.gravatar.com\/avatar\/cc34246c94716dd29a0de743e5d8d515?s=96&d=mm&r=g","contentUrl":"https:\/\/secure.gravatar.com\/avatar\/cc34246c94716dd29a0de743e5d8d515?s=96&d=mm&r=g","caption":"Dr. Jorge Planas"},"sameAs":["http:\/\/www.clinicaplanas.com\/jorge-planas\/"],"url":"https:\/\/www.clinicaplanas.com\/jorge-planas\/author\/admin\/"}]}},"_links":{"self":[{"href":"https:\/\/www.clinicaplanas.com\/jorge-planas\/wp-json\/wp\/v2\/posts\/19903"}],"collection":[{"href":"https:\/\/www.clinicaplanas.com\/jorge-planas\/wp-json\/wp\/v2\/posts"}],"about":[{"href":"https:\/\/www.clinicaplanas.com\/jorge-planas\/wp-json\/wp\/v2\/types\/post"}],"author":[{"embeddable":true,"href":"https:\/\/www.clinicaplanas.com\/jorge-planas\/wp-json\/wp\/v2\/users\/1"}],"replies":[{"embeddable":true,"href":"https:\/\/www.clinicaplanas.com\/jorge-planas\/wp-json\/wp\/v2\/comments?post=19903"}],"version-history":[{"count":6,"href":"https:\/\/www.clinicaplanas.com\/jorge-planas\/wp-json\/wp\/v2\/posts\/19903\/revisions"}],"predecessor-version":[{"id":19916,"href":"https:\/\/www.clinicaplanas.com\/jorge-planas\/wp-json\/wp\/v2\/posts\/19903\/revisions\/19916"}],"wp:featuredmedia":[{"embeddable":true,"href":"https:\/\/www.clinicaplanas.com\/jorge-planas\/wp-json\/wp\/v2\/media\/19904"}],"wp:attachment":[{"href":"https:\/\/www.clinicaplanas.com\/jorge-planas\/wp-json\/wp\/v2\/media?parent=19903"}],"wp:term":[{"taxonomy":"category","embeddable":true,"href":"https:\/\/www.clinicaplanas.com\/jorge-planas\/wp-json\/wp\/v2\/categories?post=19903"},{"taxonomy":"post_tag","embeddable":true,"href":"https:\/\/www.clinicaplanas.com\/jorge-planas\/wp-json\/wp\/v2\/tags?post=19903"}],"curies":[{"name":"wp","href":"https:\/\/api.w.org\/{rel}","templated":true}]}}