{"id":1956,"date":"2012-05-16T18:18:35","date_gmt":"2012-05-16T16:18:35","guid":{"rendered":"http:\/\/www.clinicaplanas.com\/jorge-planas\/?p=1956"},"modified":"2012-05-16T18:18:35","modified_gmt":"2012-05-16T16:18:35","slug":"entrevista-expansion-mireia-garcia-aparicio-gerente-bima","status":"publish","type":"post","link":"https:\/\/www.clinicaplanas.com\/jorge-planas\/2012\/05\/16\/entrevista-expansion-mireia-garcia-aparicio-gerente-bima\/","title":{"rendered":"Entrevista en Expansi\u00f3n a Mireia Garc\u00eda Aparicio, gerente de BIMA"},"content":{"rendered":"<p><!--:es--><\/p>\n<p style=\"text-align: justify;\"><a href=\"https:\/\/www.clinicaplanas.com\/jorge-planas\/wp-content\/uploads\/imagen-del-articulo1-223x300-1.png\"><img decoding=\"async\" class=\"alignleft wp-image-1973 size-medium\" title=\"Medicina estetica - turismo medico\" src=\"https:\/\/www.clinicaplanas.com\/jorge-planas\/wp-content\/uploads\/2012\/05\/imagen-del-arti\u0301culo1-223x300.png\" alt=\"turismo medico\" width=\"223\" height=\"300\" \/><\/a>Ayer se public\u00f3 la entrevista que os reproduzco \u00edntegramente. Desde aqu\u00ed, felicitar a Mireia por esta aparici\u00f3n en el diario Expansi\u00f3n sobre turismo medico. Sin m\u00e1s os dejo con los textos.<\/p>\n<p style=\"text-align: justify;\"><strong>ENTREVISTA CON MlREIA GARCIA APARICIO <\/strong>La gerente de la reci\u00e9n constituida Barcelona International Medical Academy advierte de que los centros p\u00fablicos necesitan f\u00f3rmulas alternativas de financiaci\u00f3n. Cristina Fontgivell. Barcelona<\/p>\n<h4 style=\"text-align: justify;\"><strong>Alianza m\u00e9dica para ganar peso internacional<!--:--><!--:en--><\/strong><\/h4>\n<p>&nbsp;<\/p>\n<p><!--:--><!--more--><!--:es--><\/p>\n<p style=\"text-align: justify;\"><em>Bima es una plataforma abierta para la excelencia m\u00e9dica integrada actualmente con 27 profesionales en disciplinas como oncolog\u00eda, cirug\u00eda y oftalmolog\u00eda. El ingreso en la asociaci\u00f3n lo eval\u00faa un comit\u00e9 de profesionales internacionales\u00a0 en cada una de sus \u00e1reas de especialidad que se encarga de medir al candidato en funci\u00f3n de las publicaciones m\u00e9dicas y su nivel acad\u00e9mico. Hay cuatro m\u00e9dicos en valoraci\u00f3n: <\/em><br \/>\n<em>Eduard Gratac\u00f3s, Pedro CIar\u00f3s, Isabel Rubio y Bonaventura Clotet, experto en enfermedades infecciosas y SIDA.<\/em><\/p>\n<p style=\"text-align: justify;\">Mireia Garc\u00eda Aparicio (Barcelona, 1970) dirige Barcelona International Medical Acaderny (Bima), una asociaci\u00f3n de m\u00e9dicos que ejercen en la ciudad condal, creada hace escasos meses y que ambiciona potenciar la capital catalana como destino m\u00e9dico y de investigaci\u00f3n. Aglutina a profesionales como el cardi\u00f3logo Josep Brugada en reproducci\u00f3n Pere Barri, el epidemi\u00f3logo Pedro Alonso o el experto en cirug\u00eda est\u00e9tica Jorge planas. Antes de incorporarse a Bima, Mireia Garc\u00eda trabaj\u00f3 como especialista en asesor\u00eda fiscal en PwC yen la extintaArthur Andersen.<br \/>\n<strong><em>\u00bfLa medicina catalana no goza todav\u00eda de suficiente proyecci\u00f3n internacional?<\/em><\/strong><br \/>\nNo. Barcelona es conocida por su futbol, por su arquitectura y por su moda, pero tenemos un potencial m\u00e9dico que no hemos sido capaces de exportar y que nosotros queremos impulsar desde Bima. Esa es nuestra premisa optimizar el turismo medico en nuestra ciudad.<\/p>\n<p style=\"text-align: justify;\"><strong><em>\u00bfNacen como una aIternativa a Barcelona como turismo medico?<\/em><\/strong><br \/>\nHace veinte a\u00f1os que los hospitales privados barceloneses decidieron asociarse para potenciar su presencia en el extranjero. Sin entrar a evaluar su actividad, lo que queremos hacer desde Bima es potenciar la imagen de los m\u00e9dicos como individuos, independientemente del centro para el que trabajen, y con unos est\u00e1ndares de calidad basados en el n\u00famero de publicaciones cient\u00edficas que hacen y\u00a0 en la evaluaci\u00f3n por parte de expertos internacionales en cada una de sus \u00e1reas de especialidad. Siempre se ha promovido los centros, pero al final lo que importa es el m\u00e9dico que te opera, independientemente de la instalaci\u00f3n.<\/p>\n<p style=\"text-align: justify;\"><strong><em>\u00bfC\u00f3mo se financian?<\/em><\/strong><br \/>\nCon las aportaciones de los propios m\u00e9dicos, al sector p\u00fablico solo le pedimos su apoyo. Los hospitales p\u00fablicos que tengan un circuito privado pueden optar a servicios de este tipo.<\/p>\n<p style=\"text-align: justify;\"><strong><em>\u00bfEn qu\u00e9 mercados se est\u00e1n focalizando?<\/em><\/strong><br \/>\nBuscamos nuevos mercados, como Rusia, Angola, Marruecos, pa\u00edses de Am\u00e9rica Latina para captar futuros pacientes para turismo medico. Empezamos estableciendo alianzas con hospitales de all\u00ed porque queremos promover que los estudiantes de estos pa\u00edses puedan venir a estudiar aqu\u00ed y que despu\u00e9s vuelvan a su pa\u00eds situando a Barcelona como referente en medicina Barraquer ha conseguido que, durante a\u00f1os, mucha gente de Oriente Medio venga a operarse aqu\u00ed de la vista, queremos conseguir lo mismo en otras especialidades.<\/p>\n<p style=\"text-align: justify;\"><em><strong>Sin embargo, su propuesta llega en un momento en que el Gobierno quiere limitar el flujo de extranjeros que vienen a tratarse a Espa\u00f1a.<\/strong><\/em><br \/>\nY hace lo correcto, hay que limitar el n\u00famero de extranjeros con dinero que se empadronan aqu\u00ed para tener acceso a la sanidad p\u00fablica espa\u00f1ola, que es muy buena. Nosotros nos enfocamos en atraer pacientes, pero que paguen por sus tratamientos, tanto en centros privados como p\u00fablicos. Ofrecemos excelencia, pero los pacientes la pagar\u00e1n.<\/p>\n<p style=\"text-align: justify;\"><em><strong>\u00bfCree que los centros p\u00fabIicos deber\u00edan cobrar a los pacientes extranjeros\u00a0 que vienen a tratarse aqu\u00ed ?<\/strong><\/em><br \/>\nCreo que los hospitales p\u00fablicos tienen que buscar formulas para que cierta actividad privada financie su d\u00eda a d\u00eda, Si una persona viene a Espa\u00f1a y est\u00e1 dispuesta a pagar por su tratamiento, \u00bfpor qu\u00e9 tiene que ir a un centro privado cuando tal vez podr\u00eda tratarse en un centro p\u00fablico y constituir una nueva fuente de ingresos para el hospital?<\/p>\n<p style=\"text-align: justify;\"><em><strong>Es el caso de Barnaclinic, la consulta privada vinculada al Cl\u00ednic&#8230;<\/strong><\/em><br \/>\nExacto, Y lo que hacen es destinar parte de los beneficios de su circuito privado a la p\u00fablica. Es una f\u00f3rmula de financiaci\u00f3n m\u00e1s que no debe despreciarse, al contrario. Puede parecer pol\u00e9mico pero no lo creo. \u00bfPor qu\u00e9 un paciente de fuera tiene que ir a Estados Unidos a tratarse cuando podr\u00eda hacerlo perfectamente aqu\u00ed y dejando una riqueza en Barcelona?<br \/>\n<strong><em>\u00bfC\u00f3mo valora la reforma sanitaria del Gobierno y las medidas emprendidas por Boi Ruiz en Catalunya?<\/em><\/strong><br \/>\nCreo que lo que se est\u00e1 haciendo es necesario porque hab\u00eda muchos abusos. Todos tenemos que hacer un esfuerzo y, si hay que pagar un euro por receta, pues hay que pagarlo, pero ni la generosidad absoluta es buena, ni los recortes generalizados. Me preocupa la ca\u00edda del presupuesto para investigaci\u00f3, porque la I+D de hoy es la sanidad de nuestros hijos: no podemos permitirnos recortarla.<br \/>\n<em><strong>\u00bfLa sanidad debe volcarse m\u00e1s en la investigaci\u00f3n?<\/strong><\/em><br \/>\nS\u00ed hay m\u00e9dicos de referencia, y Barcelona se convierte en un polo de atracci\u00f3n del sector sanitario, las empresas farmac\u00e9uticas y de biotecnologia vendr\u00e1n aqu\u00ed, Dentro del proyecto BZ en la Zona Franca de Barcelona se est\u00e1 impulsando un proyecto de investigaci\u00f3n quir\u00fargica que permitir\u00e1 a los hospitales alquilar espacios para hacer su investigaci\u00f3n. Tenemos much\u00edsima mano de obra muy cualificada que necesita instalaciones de este tipo para encontrar trabajo.<br \/>\n<strong><em>Pero ahora parece que sobran parques cient\u00edficos en Catalunya..<\/em><\/strong><br \/>\nEfectivamente, hay parques tecnol\u00f3gicos, pero lo que se investiga no se ha plasmado en resultados y probablemente haya alguna solapamiento.<br \/>\n<strong><em>\u00bfLas empresas deber\u00edan impIicarse m\u00e1s en labores de mecenazgo para financiar la sanidad?<\/em><\/strong><br \/>\nS\u00ed, ser\u00eda una forma efectiva de conseguir formas alternativas de financiaci\u00f3n. Ya empezamos a hacerlo,la Fundaci\u00f3n Esther Koplowitz Y Cellex est\u00e1n financiando muchos proyectos hospitalarios y de I+D cient\u00edfica y quiz\u00e1s hay m\u00e1s tendencia al mecenazgo en Catalunya que en otras comunidades aut\u00f3nomas.<br \/>\n<strong><em>\u00bfPorqu\u00e9 cree que todav\u00eda representa un porcentaje tan peque\u00f1o de la financiaci\u00f3n? <\/em><\/strong><br \/>\nPorque nos da verg\u00fcenza pedir dinero. En Estados Unidos tienen la b\u00fasqueda de financiaci\u00f3n mucho m\u00e1s interiorizada, se saben vender muy bien . Aqu\u00ed parece que est\u00e9 mal visto reconocer que necesitas dinero. Tenemos que empezar a cambiarlo.<\/p>\n","protected":false},"excerpt":{"rendered":"<p>Ayer se public\u00f3 la entrevista que os reproduzco \u00edntegramente. Desde aqu\u00ed, felicitar a Mireia por esta aparici\u00f3n en el diario Expansi\u00f3n sobre turismo medico. Sin m\u00e1s os dejo con los textos. ENTREVISTA CON MlREIA GARCIA APARICIO La gerente de la reci\u00e9n constituida Barcelona International Medical Academy advierte de que los centros p\u00fablicos necesitan f\u00f3rmulas alternativas [&#8230;]\n","protected":false},"author":102,"featured_media":0,"comment_status":"open","ping_status":"open","sticky":false,"template":"","format":"standard","meta":{"footnotes":""},"categories":[241,265],"tags":[],"class_list":["post-1956","post","type-post","status-publish","format-standard","hentry","category-cirugia-plastica-estetica","category-prensa"],"yoast_head":"<!-- This site is optimized with the Yoast SEO plugin v23.4 - https:\/\/yoast.com\/wordpress\/plugins\/seo\/ -->\n<title>Entrevista mireia garcia turismo medico | Clinicas de Cirugia Plastica<\/title>\n<meta name=\"description\" content=\"Advierte nuevos mercados, como Rusia, Angola, Marruecos, pa\u00edses de Am\u00e9rica Latina para captar futuros pacientes para turismo medico...\" \/>\n<meta name=\"robots\" content=\"index, follow, max-snippet:-1, max-image-preview:large, max-video-preview:-1\" \/>\n<link rel=\"canonical\" href=\"https:\/\/www.clinicaplanas.com\/jorge-planas\/2012\/05\/16\/entrevista-expansion-mireia-garcia-aparicio-gerente-bima\/\" \/>\n<meta property=\"og:locale\" content=\"es_ES\" \/>\n<meta property=\"og:type\" content=\"article\" \/>\n<meta property=\"og:title\" content=\"Entrevista mireia garcia turismo medico | Clinicas de Cirugia Plastica\" \/>\n<meta property=\"og:description\" content=\"Advierte nuevos mercados, como Rusia, Angola, Marruecos, pa\u00edses de Am\u00e9rica Latina para captar futuros pacientes para turismo medico...\" \/>\n<meta property=\"og:url\" content=\"https:\/\/www.clinicaplanas.com\/jorge-planas\/2012\/05\/16\/entrevista-expansion-mireia-garcia-aparicio-gerente-bima\/\" \/>\n<meta property=\"og:site_name\" content=\"Tu blog de medicina y cirug\u00eda est\u00e9tica - Cl\u00ednica Planas\" \/>\n<meta property=\"article:published_time\" content=\"2012-05-16T16:18:35+00:00\" \/>\n<meta name=\"author\" content=\"Doctor JorgePlanas\" \/>\n<meta name=\"twitter:card\" content=\"summary_large_image\" \/>\n<meta name=\"twitter:label1\" content=\"Escrito por\" \/>\n\t<meta name=\"twitter:data1\" content=\"Doctor JorgePlanas\" \/>\n\t<meta name=\"twitter:label2\" content=\"Tiempo de lectura\" \/>\n\t<meta name=\"twitter:data2\" content=\"6 minutos\" \/>\n<!-- \/ Yoast SEO plugin. -->","yoast_head_json":{"title":"Entrevista mireia garcia turismo medico | Clinicas de Cirugia Plastica","description":"Advierte nuevos mercados, como Rusia, Angola, Marruecos, pa\u00edses de Am\u00e9rica Latina para captar futuros pacientes para turismo medico...","robots":{"index":"index","follow":"follow","max-snippet":"max-snippet:-1","max-image-preview":"max-image-preview:large","max-video-preview":"max-video-preview:-1"},"canonical":"https:\/\/www.clinicaplanas.com\/jorge-planas\/2012\/05\/16\/entrevista-expansion-mireia-garcia-aparicio-gerente-bima\/","og_locale":"es_ES","og_type":"article","og_title":"Entrevista mireia garcia turismo medico | Clinicas de Cirugia Plastica","og_description":"Advierte nuevos mercados, como Rusia, Angola, Marruecos, pa\u00edses de Am\u00e9rica Latina para captar futuros pacientes para turismo medico...","og_url":"https:\/\/www.clinicaplanas.com\/jorge-planas\/2012\/05\/16\/entrevista-expansion-mireia-garcia-aparicio-gerente-bima\/","og_site_name":"Tu blog de medicina y cirug\u00eda est\u00e9tica - Cl\u00ednica Planas","article_published_time":"2012-05-16T16:18:35+00:00","author":"Doctor JorgePlanas","twitter_card":"summary_large_image","twitter_misc":{"Escrito por":"Doctor JorgePlanas","Tiempo de lectura":"6 minutos"},"schema":{"@context":"https:\/\/schema.org","@graph":[{"@type":"Article","@id":"https:\/\/www.clinicaplanas.com\/jorge-planas\/2012\/05\/16\/entrevista-expansion-mireia-garcia-aparicio-gerente-bima\/#article","isPartOf":{"@id":"https:\/\/www.clinicaplanas.com\/jorge-planas\/2012\/05\/16\/entrevista-expansion-mireia-garcia-aparicio-gerente-bima\/"},"author":{"name":"Doctor JorgePlanas","@id":"https:\/\/www.clinicaplanas.com\/jorge-planas\/#\/schema\/person\/b13ac6e9212d6f27b00095767a2f4417"},"headline":"Entrevista en Expansi\u00f3n a Mireia Garc\u00eda Aparicio, gerente de BIMA","datePublished":"2012-05-16T16:18:35+00:00","dateModified":"2012-05-16T16:18:35+00:00","mainEntityOfPage":{"@id":"https:\/\/www.clinicaplanas.com\/jorge-planas\/2012\/05\/16\/entrevista-expansion-mireia-garcia-aparicio-gerente-bima\/"},"wordCount":1148,"commentCount":0,"publisher":{"@id":"https:\/\/www.clinicaplanas.com\/jorge-planas\/#organization"},"articleSection":["Art\u00edculos de Cirug\u00eda Est\u00e9tica","Prensa"],"inLanguage":"es","potentialAction":[{"@type":"CommentAction","name":"Comment","target":["https:\/\/www.clinicaplanas.com\/jorge-planas\/2012\/05\/16\/entrevista-expansion-mireia-garcia-aparicio-gerente-bima\/#respond"]}]},{"@type":"WebPage","@id":"https:\/\/www.clinicaplanas.com\/jorge-planas\/2012\/05\/16\/entrevista-expansion-mireia-garcia-aparicio-gerente-bima\/","url":"https:\/\/www.clinicaplanas.com\/jorge-planas\/2012\/05\/16\/entrevista-expansion-mireia-garcia-aparicio-gerente-bima\/","name":"Entrevista mireia garcia turismo medico | Clinicas de Cirugia Plastica","isPartOf":{"@id":"https:\/\/www.clinicaplanas.com\/jorge-planas\/#website"},"datePublished":"2012-05-16T16:18:35+00:00","dateModified":"2012-05-16T16:18:35+00:00","description":"Advierte nuevos mercados, como Rusia, Angola, Marruecos, pa\u00edses de Am\u00e9rica Latina para captar futuros pacientes para turismo medico...","breadcrumb":{"@id":"https:\/\/www.clinicaplanas.com\/jorge-planas\/2012\/05\/16\/entrevista-expansion-mireia-garcia-aparicio-gerente-bima\/#breadcrumb"},"inLanguage":"es","potentialAction":[{"@type":"ReadAction","target":["https:\/\/www.clinicaplanas.com\/jorge-planas\/2012\/05\/16\/entrevista-expansion-mireia-garcia-aparicio-gerente-bima\/"]}]},{"@type":"BreadcrumbList","@id":"https:\/\/www.clinicaplanas.com\/jorge-planas\/2012\/05\/16\/entrevista-expansion-mireia-garcia-aparicio-gerente-bima\/#breadcrumb","itemListElement":[{"@type":"ListItem","position":1,"name":"Home","item":"https:\/\/www.clinicaplanas.com\/jorge-planas\/"},{"@type":"ListItem","position":2,"name":"Art\u00edculos de Cirug\u00eda Est\u00e9tica","item":"https:\/\/www.clinicaplanas.com\/jorge-planas\/cirugia-plastica-estetica\/"},{"@type":"ListItem","position":3,"name":"Entrevista en Expansi\u00f3n a Mireia Garc\u00eda Aparicio, gerente de BIMA"}]},{"@type":"WebSite","@id":"https:\/\/www.clinicaplanas.com\/jorge-planas\/#website","url":"https:\/\/www.clinicaplanas.com\/jorge-planas\/","name":"Tu blog de medicina y cirug\u00eda est\u00e9tica - Cl\u00ednica Planas","description":"Mantente al d\u00eda sobre medicina y cirug\u00eda est\u00e9tica con el blog de Cl\u00ednica Planas. Noticias de actualidad, novedades y tips de la mano de nuestros especialistas.","publisher":{"@id":"https:\/\/www.clinicaplanas.com\/jorge-planas\/#organization"},"potentialAction":[{"@type":"SearchAction","target":{"@type":"EntryPoint","urlTemplate":"https:\/\/www.clinicaplanas.com\/jorge-planas\/?s={search_term_string}"},"query-input":{"@type":"PropertyValueSpecification","valueRequired":true,"valueName":"search_term_string"}}],"inLanguage":"es"},{"@type":"Organization","@id":"https:\/\/www.clinicaplanas.com\/jorge-planas\/#organization","name":"Cl\u00ednica Planas","url":"https:\/\/www.clinicaplanas.com\/jorge-planas\/","logo":{"@type":"ImageObject","inLanguage":"es","@id":"https:\/\/www.clinicaplanas.com\/jorge-planas\/#\/schema\/logo\/image\/","url":"https:\/\/www.clinicaplanas.com\/jorge-planas\/wp-content\/cropped-android-icon-192x192-1.png","contentUrl":"https:\/\/www.clinicaplanas.com\/jorge-planas\/wp-content\/cropped-android-icon-192x192-1.png","width":512,"height":512,"caption":"Cl\u00ednica Planas"},"image":{"@id":"https:\/\/www.clinicaplanas.com\/jorge-planas\/#\/schema\/logo\/image\/"}},{"@type":"Person","@id":"https:\/\/www.clinicaplanas.com\/jorge-planas\/#\/schema\/person\/b13ac6e9212d6f27b00095767a2f4417","name":"Doctor JorgePlanas","image":{"@type":"ImageObject","inLanguage":"es","@id":"https:\/\/www.clinicaplanas.com\/jorge-planas\/#\/schema\/person\/image\/","url":"https:\/\/secure.gravatar.com\/avatar\/?s=96&d=mm&r=g","contentUrl":"https:\/\/secure.gravatar.com\/avatar\/?s=96&d=mm&r=g","caption":"Doctor JorgePlanas"},"url":"https:\/\/www.clinicaplanas.com\/jorge-planas\/author\/doctor-jorgeplanas\/"}]}},"_links":{"self":[{"href":"https:\/\/www.clinicaplanas.com\/jorge-planas\/wp-json\/wp\/v2\/posts\/1956"}],"collection":[{"href":"https:\/\/www.clinicaplanas.com\/jorge-planas\/wp-json\/wp\/v2\/posts"}],"about":[{"href":"https:\/\/www.clinicaplanas.com\/jorge-planas\/wp-json\/wp\/v2\/types\/post"}],"author":[{"embeddable":true,"href":"https:\/\/www.clinicaplanas.com\/jorge-planas\/wp-json\/wp\/v2\/users\/102"}],"replies":[{"embeddable":true,"href":"https:\/\/www.clinicaplanas.com\/jorge-planas\/wp-json\/wp\/v2\/comments?post=1956"}],"version-history":[{"count":0,"href":"https:\/\/www.clinicaplanas.com\/jorge-planas\/wp-json\/wp\/v2\/posts\/1956\/revisions"}],"wp:attachment":[{"href":"https:\/\/www.clinicaplanas.com\/jorge-planas\/wp-json\/wp\/v2\/media?parent=1956"}],"wp:term":[{"taxonomy":"category","embeddable":true,"href":"https:\/\/www.clinicaplanas.com\/jorge-planas\/wp-json\/wp\/v2\/categories?post=1956"},{"taxonomy":"post_tag","embeddable":true,"href":"https:\/\/www.clinicaplanas.com\/jorge-planas\/wp-json\/wp\/v2\/tags?post=1956"}],"curies":[{"name":"wp","href":"https:\/\/api.w.org\/{rel}","templated":true}]}}