{"id":18250,"date":"2012-03-01T09:48:18","date_gmt":"2012-03-01T08:48:18","guid":{"rendered":"http:\/\/www.clinicaplanas.com\/jorge-planas\/?p=1262"},"modified":"2012-03-01T09:48:18","modified_gmt":"2012-03-01T08:48:18","slug":"clinica-planas-acoge-la-ii-jornada-multidisciplinaria-sobre-linfedema","status":"publish","type":"post","link":"https:\/\/www.clinicaplanas.com\/jorge-planas\/2012\/03\/01\/clinica-planas-acoge-la-ii-jornada-multidisciplinaria-sobre-linfedema\/","title":{"rendered":"Cl\u00ednica Planas acoge la II Jornada Multidisciplinaria sobre LinfedemaCl\u00ednica Planas hosts the Second Multidisciplinary Conference on Lymphedema"},"content":{"rendered":"<p><!--:es--><\/p>\n<p style=\"text-align: justify;\"><a href=\"https:\/\/www.clinicaplanas.com\/jorge-planas\/wp-content\/uploads\/2012\/03\/linfedema3.png\"><img decoding=\"async\" class=\"alignleft size-full wp-image-1301\" title=\"linfedema\" src=\"https:\/\/www.clinicaplanas.com\/jorge-planas\/wp-content\/uploads\/2012\/03\/linfedema3.png\" alt=\"\" width=\"300\" height=\"283\" \/><\/a>En este blog recibo m\u00faltiples consultas sobre el tratamiento del linfedema ya que, como sab\u00e9is, <a href=\"https:\/\/www.clinicaplanas.com\/\">Cl\u00ednica Planas<\/a> cuenta con una <a href=\"https:\/\/www.clinicaplanas.com\/unidad-de-la-mama\/cirugia-reconstructiva\">Unidad Avanzada de Reconstrucci\u00f3n Mamaria, Linfedema y Microcirug\u00eda<\/a>, dirigida por el<a href=\"https:\/\/www.clinicaplanas.com\/equipo-medico\/jaume-masia\"> Dr. Jaume Masi\u00e0<\/a>. Como parte de nuestra dedicaci\u00f3n para conseguir la excelencia en los resultados del tratamiento, ayer acogimos en el Auditorio Jaime Planas de Cl\u00ednica Planas la celebraci\u00f3n de la <a href=\"https:\/\/www.clinicaplanas.com\/noticias\/ii-jornada-multidisciplinaria-sobre-linfedema\">II Jornada Multidisciplinar sobre Linfedema<\/a>, con la asistencia de m\u00e1s de 170 personas. Entre los ponentes, cabe destacar la participaci\u00f3n del profesor japon\u00e9s Isao Koshima y la Dra. Corinne Becker, adem\u00e1s de la ponencia del Dr. Jaume Masi\u00e0. Las principales novedades que se han dado a conocer <!--:--><!--:en--><\/p>\n<p style=\"text-align: justify;\"><a href=\"https:\/\/www.clinicaplanas.com\/jorge-planas\/wp-content\/uploads\/2012\/03\/linfedema3.png\"><img decoding=\"async\" class=\"alignleft size-full wp-image-1301\" title=\"linfedema\" src=\"https:\/\/www.clinicaplanas.com\/jorge-planas\/wp-content\/uploads\/2012\/03\/linfedema3.png\" alt=\"\" width=\"300\" height=\"283\" \/><\/a>I received on this blog several queries about the lymphedema treatment, since, as you know, <a href=\"https:\/\/www.clinicaplanas.com\/?lang=en\">Cl\u00ednica Planas<\/a> has an <a href=\"https:\/\/www.clinicaplanas.com\/unidad-de-la-mama\/cirugia-reconstructiva\">Advance Breast reconstruction, Lymphedema and Microsurgery Unit<\/a>, led by <a href=\"https:\/\/www.clinicaplanas.com\/en\/medical-team\/jaume-masia\">Dr. Jaume Masi\u00e0<\/a>. As part of our dedication to achieve the excellence in the treatment results, Auditorium Jaime Planas hosted yesterday the <a href=\"https:\/\/www.clinicaplanas.com\/en\/news\/overview-ii-conference-on-lymphedema\">Second Multidisciplinary Conference on Lymphedema<\/a>, with more than 170 delegates. Among the speakers, we should outline the participation of the Japanese professor Isao Koshima and Dr. Corinne Becker, besides Dr. Jauma Masi\u00e0\u00b4s communication. The main novelties presented on this conference are related with a more effective surgery without side effects. One of the most important news of this congress, <!--:--><!--more--><!--:es-->en la jornada est\u00e1n relacionadas con descubrimientos que permiten realizar una cirug\u00eda m\u00e1s efectiva y sin efectos secundarios. Una de las m\u00e1s importantes, y que abre nuevas posibilidades terap\u00e9uticas en el tratamiento del linfedema, es la localizaci\u00f3n de los canales linf\u00e1ticos funcionantes mediante la linforresonacia.<\/p>\n<p style=\"text-align: justify;\">Como novedad, el evento se ha podido seguir v\u00eda Twitter a trav\u00e9s de nuestro canal <a href=\"https:\/\/twitter.com\/#%21\/clinicaplanas\">@clinicaplanas<\/a> y con el hashtag <a href=\"https:\/\/twitter.com\/#%21\/search\/%23linfcp\">#linfcp<\/a>.<\/p>\n<p><!--:--><!--:en-->which opens new theraupeutic ways on the lymphedema treatment, is the use of lympho-magnetic resonance imaging to locate the functioning lymph channels.<\/p>\n<p>This event could be followed via Twitter on user <a href=\"https:\/\/twitter.com\/#%21\/clinicaplanas\">@clinicaplanas<\/a> and with the hashtag <a href=\"https:\/\/twitter.com\/#%21\/search\/%23linfcp\">#linfcp<\/a>.<!--:--><\/p>\n","protected":false},"excerpt":{"rendered":"<p>En este blog recibo m\u00faltiples consultas sobre el tratamiento del linfedema ya que, como sab\u00e9is, Cl\u00ednica Planas cuenta con una Unidad Avanzada de Reconstrucci\u00f3n Mamaria, Linfedema y Microcirug\u00eda, dirigida por el Dr. Jaume Masi\u00e0. Como parte de nuestra dedicaci\u00f3n para conseguir la excelencia en los resultados del tratamiento, ayer acogimos en el Auditorio Jaime Planas [&#8230;]\n","protected":false},"author":102,"featured_media":1301,"comment_status":"open","ping_status":"open","sticky":false,"template":"","format":"standard","meta":{"footnotes":""},"categories":[255,244,245],"tags":[327,389,404,122,437],"class_list":["post-18250","post","type-post","status-publish","format-standard","has-post-thumbnail","hentry","category-articulos-cientificos","category-cirugia-reparadora","category-linfedema","tag-clinica-planas","tag-ii-jornada-multidisciplinaria-sobre-linfedema","tag-jorge-planas","tag-linfedema","tag-planas-day"],"yoast_head":"<!-- This site is optimized with the Yoast SEO plugin v23.4 - https:\/\/yoast.com\/wordpress\/plugins\/seo\/ -->\n<title>II Jornada Multidisciplinaria sobre Linfedema en Cl\u00ednica Planas<\/title>\n<meta name=\"description\" content=\"II Jornada Multidisciplinaria sobre Linfedema organizada por la Unidad Avanzada de Reconstrucci\u00f3n Mamaria, Linfedema y Microcirug\u00eda de Cl\u00ednica Planas\" \/>\n<meta name=\"robots\" content=\"index, follow, max-snippet:-1, max-image-preview:large, max-video-preview:-1\" \/>\n<link rel=\"canonical\" href=\"https:\/\/www.clinicaplanas.com\/jorge-planas\/2012\/03\/01\/clinica-planas-acoge-la-ii-jornada-multidisciplinaria-sobre-linfedema\/\" \/>\n<meta property=\"og:locale\" content=\"es_ES\" \/>\n<meta property=\"og:type\" content=\"article\" \/>\n<meta property=\"og:title\" content=\"II Jornada Multidisciplinaria sobre Linfedema en Cl\u00ednica Planas\" \/>\n<meta property=\"og:description\" content=\"II Jornada Multidisciplinaria sobre Linfedema organizada por la Unidad Avanzada de Reconstrucci\u00f3n Mamaria, Linfedema y Microcirug\u00eda de Cl\u00ednica Planas\" \/>\n<meta property=\"og:url\" content=\"https:\/\/www.clinicaplanas.com\/jorge-planas\/2012\/03\/01\/clinica-planas-acoge-la-ii-jornada-multidisciplinaria-sobre-linfedema\/\" \/>\n<meta property=\"og:site_name\" content=\"Tu blog de medicina y cirug\u00eda est\u00e9tica - Cl\u00ednica Planas\" \/>\n<meta property=\"article:published_time\" content=\"2012-03-01T08:48:18+00:00\" \/>\n<meta property=\"og:image\" content=\"https:\/\/www.clinicaplanas.com\/jorge-planas\/wp-content\/linfedema3.png\" \/>\n\t<meta property=\"og:image:width\" content=\"300\" \/>\n\t<meta property=\"og:image:height\" content=\"283\" \/>\n\t<meta property=\"og:image:type\" content=\"image\/png\" \/>\n<meta name=\"author\" content=\"Doctor JorgePlanas\" \/>\n<meta name=\"twitter:card\" content=\"summary_large_image\" \/>\n<meta name=\"twitter:label1\" content=\"Escrito por\" \/>\n\t<meta name=\"twitter:data1\" content=\"Doctor JorgePlanas\" \/>\n\t<meta name=\"twitter:label2\" content=\"Tiempo de lectura\" \/>\n\t<meta name=\"twitter:data2\" content=\"2 minutos\" \/>\n<!-- \/ Yoast SEO plugin. -->","yoast_head_json":{"title":"II Jornada Multidisciplinaria sobre Linfedema en Cl\u00ednica Planas","description":"II Jornada Multidisciplinaria sobre Linfedema organizada por la Unidad Avanzada de Reconstrucci\u00f3n Mamaria, Linfedema y Microcirug\u00eda de Cl\u00ednica Planas","robots":{"index":"index","follow":"follow","max-snippet":"max-snippet:-1","max-image-preview":"max-image-preview:large","max-video-preview":"max-video-preview:-1"},"canonical":"https:\/\/www.clinicaplanas.com\/jorge-planas\/2012\/03\/01\/clinica-planas-acoge-la-ii-jornada-multidisciplinaria-sobre-linfedema\/","og_locale":"es_ES","og_type":"article","og_title":"II Jornada Multidisciplinaria sobre Linfedema en Cl\u00ednica Planas","og_description":"II Jornada Multidisciplinaria sobre Linfedema organizada por la Unidad Avanzada de Reconstrucci\u00f3n Mamaria, Linfedema y Microcirug\u00eda de Cl\u00ednica Planas","og_url":"https:\/\/www.clinicaplanas.com\/jorge-planas\/2012\/03\/01\/clinica-planas-acoge-la-ii-jornada-multidisciplinaria-sobre-linfedema\/","og_site_name":"Tu blog de medicina y cirug\u00eda est\u00e9tica - Cl\u00ednica Planas","article_published_time":"2012-03-01T08:48:18+00:00","og_image":[{"width":300,"height":283,"url":"https:\/\/www.clinicaplanas.com\/jorge-planas\/wp-content\/linfedema3.png","type":"image\/png"}],"author":"Doctor JorgePlanas","twitter_card":"summary_large_image","twitter_misc":{"Escrito por":"Doctor JorgePlanas","Tiempo de lectura":"2 minutos"},"schema":{"@context":"https:\/\/schema.org","@graph":[{"@type":"Article","@id":"https:\/\/www.clinicaplanas.com\/jorge-planas\/2012\/03\/01\/clinica-planas-acoge-la-ii-jornada-multidisciplinaria-sobre-linfedema\/#article","isPartOf":{"@id":"https:\/\/www.clinicaplanas.com\/jorge-planas\/2012\/03\/01\/clinica-planas-acoge-la-ii-jornada-multidisciplinaria-sobre-linfedema\/"},"author":{"name":"Doctor JorgePlanas","@id":"https:\/\/www.clinicaplanas.com\/jorge-planas\/#\/schema\/person\/b13ac6e9212d6f27b00095767a2f4417"},"headline":"Cl\u00ednica Planas acoge la II Jornada Multidisciplinaria sobre LinfedemaCl\u00ednica Planas hosts the Second Multidisciplinary Conference on Lymphedema","datePublished":"2012-03-01T08:48:18+00:00","dateModified":"2012-03-01T08:48:18+00:00","mainEntityOfPage":{"@id":"https:\/\/www.clinicaplanas.com\/jorge-planas\/2012\/03\/01\/clinica-planas-acoge-la-ii-jornada-multidisciplinaria-sobre-linfedema\/"},"wordCount":361,"commentCount":0,"publisher":{"@id":"https:\/\/www.clinicaplanas.com\/jorge-planas\/#organization"},"image":{"@id":"https:\/\/www.clinicaplanas.com\/jorge-planas\/2012\/03\/01\/clinica-planas-acoge-la-ii-jornada-multidisciplinaria-sobre-linfedema\/#primaryimage"},"thumbnailUrl":"https:\/\/www.clinicaplanas.com\/jorge-planas\/wp-content\/linfedema3.png","keywords":["Cl\u00ednica Planas","II Jornada Multidisciplinaria sobre Linfedema","Jorge Planas","linfedema","Planas Day"],"articleSection":["Art\u00edculos Cient\u00edficos","Art\u00edculos sobre Cirug\u00eda Reparadora","Art\u00edculos sobre el Linfedema"],"inLanguage":"es","potentialAction":[{"@type":"CommentAction","name":"Comment","target":["https:\/\/www.clinicaplanas.com\/jorge-planas\/2012\/03\/01\/clinica-planas-acoge-la-ii-jornada-multidisciplinaria-sobre-linfedema\/#respond"]}]},{"@type":"WebPage","@id":"https:\/\/www.clinicaplanas.com\/jorge-planas\/2012\/03\/01\/clinica-planas-acoge-la-ii-jornada-multidisciplinaria-sobre-linfedema\/","url":"https:\/\/www.clinicaplanas.com\/jorge-planas\/2012\/03\/01\/clinica-planas-acoge-la-ii-jornada-multidisciplinaria-sobre-linfedema\/","name":"II Jornada Multidisciplinaria sobre Linfedema en Cl\u00ednica Planas","isPartOf":{"@id":"https:\/\/www.clinicaplanas.com\/jorge-planas\/#website"},"primaryImageOfPage":{"@id":"https:\/\/www.clinicaplanas.com\/jorge-planas\/2012\/03\/01\/clinica-planas-acoge-la-ii-jornada-multidisciplinaria-sobre-linfedema\/#primaryimage"},"image":{"@id":"https:\/\/www.clinicaplanas.com\/jorge-planas\/2012\/03\/01\/clinica-planas-acoge-la-ii-jornada-multidisciplinaria-sobre-linfedema\/#primaryimage"},"thumbnailUrl":"https:\/\/www.clinicaplanas.com\/jorge-planas\/wp-content\/linfedema3.png","datePublished":"2012-03-01T08:48:18+00:00","dateModified":"2012-03-01T08:48:18+00:00","description":"II Jornada Multidisciplinaria sobre Linfedema organizada por la Unidad Avanzada de Reconstrucci\u00f3n Mamaria, Linfedema y Microcirug\u00eda de Cl\u00ednica Planas","breadcrumb":{"@id":"https:\/\/www.clinicaplanas.com\/jorge-planas\/2012\/03\/01\/clinica-planas-acoge-la-ii-jornada-multidisciplinaria-sobre-linfedema\/#breadcrumb"},"inLanguage":"es","potentialAction":[{"@type":"ReadAction","target":["https:\/\/www.clinicaplanas.com\/jorge-planas\/2012\/03\/01\/clinica-planas-acoge-la-ii-jornada-multidisciplinaria-sobre-linfedema\/"]}]},{"@type":"ImageObject","inLanguage":"es","@id":"https:\/\/www.clinicaplanas.com\/jorge-planas\/2012\/03\/01\/clinica-planas-acoge-la-ii-jornada-multidisciplinaria-sobre-linfedema\/#primaryimage","url":"https:\/\/www.clinicaplanas.com\/jorge-planas\/wp-content\/linfedema3.png","contentUrl":"https:\/\/www.clinicaplanas.com\/jorge-planas\/wp-content\/linfedema3.png","width":300,"height":283,"caption":"Jornada multidisciplinar linfedema"},{"@type":"BreadcrumbList","@id":"https:\/\/www.clinicaplanas.com\/jorge-planas\/2012\/03\/01\/clinica-planas-acoge-la-ii-jornada-multidisciplinaria-sobre-linfedema\/#breadcrumb","itemListElement":[{"@type":"ListItem","position":1,"name":"Home","item":"https:\/\/www.clinicaplanas.com\/jorge-planas\/"},{"@type":"ListItem","position":2,"name":"Art\u00edculos sobre Cirug\u00eda Reparadora","item":"https:\/\/www.clinicaplanas.com\/jorge-planas\/cirugia-reparadora\/"},{"@type":"ListItem","position":3,"name":"Art\u00edculos sobre el Linfedema","item":"https:\/\/www.clinicaplanas.com\/jorge-planas\/cirugia-reparadora\/linfedema\/"},{"@type":"ListItem","position":4,"name":"Cl\u00ednica Planas acoge la II Jornada Multidisciplinaria sobre LinfedemaCl\u00ednica Planas hosts the Second Multidisciplinary Conference on Lymphedema"}]},{"@type":"WebSite","@id":"https:\/\/www.clinicaplanas.com\/jorge-planas\/#website","url":"https:\/\/www.clinicaplanas.com\/jorge-planas\/","name":"Tu blog de medicina y cirug\u00eda est\u00e9tica - Cl\u00ednica Planas","description":"Mantente al d\u00eda sobre medicina y cirug\u00eda est\u00e9tica con el blog de Cl\u00ednica Planas. Noticias de actualidad, novedades y tips de la mano de nuestros especialistas.","publisher":{"@id":"https:\/\/www.clinicaplanas.com\/jorge-planas\/#organization"},"potentialAction":[{"@type":"SearchAction","target":{"@type":"EntryPoint","urlTemplate":"https:\/\/www.clinicaplanas.com\/jorge-planas\/?s={search_term_string}"},"query-input":{"@type":"PropertyValueSpecification","valueRequired":true,"valueName":"search_term_string"}}],"inLanguage":"es"},{"@type":"Organization","@id":"https:\/\/www.clinicaplanas.com\/jorge-planas\/#organization","name":"Cl\u00ednica Planas","url":"https:\/\/www.clinicaplanas.com\/jorge-planas\/","logo":{"@type":"ImageObject","inLanguage":"es","@id":"https:\/\/www.clinicaplanas.com\/jorge-planas\/#\/schema\/logo\/image\/","url":"https:\/\/www.clinicaplanas.com\/jorge-planas\/wp-content\/cropped-android-icon-192x192-1.png","contentUrl":"https:\/\/www.clinicaplanas.com\/jorge-planas\/wp-content\/cropped-android-icon-192x192-1.png","width":512,"height":512,"caption":"Cl\u00ednica Planas"},"image":{"@id":"https:\/\/www.clinicaplanas.com\/jorge-planas\/#\/schema\/logo\/image\/"}},{"@type":"Person","@id":"https:\/\/www.clinicaplanas.com\/jorge-planas\/#\/schema\/person\/b13ac6e9212d6f27b00095767a2f4417","name":"Doctor JorgePlanas","image":{"@type":"ImageObject","inLanguage":"es","@id":"https:\/\/www.clinicaplanas.com\/jorge-planas\/#\/schema\/person\/image\/","url":"https:\/\/secure.gravatar.com\/avatar\/?s=96&d=mm&r=g","contentUrl":"https:\/\/secure.gravatar.com\/avatar\/?s=96&d=mm&r=g","caption":"Doctor JorgePlanas"},"url":"https:\/\/www.clinicaplanas.com\/jorge-planas\/author\/doctor-jorgeplanas\/"}]}},"_links":{"self":[{"href":"https:\/\/www.clinicaplanas.com\/jorge-planas\/wp-json\/wp\/v2\/posts\/18250"}],"collection":[{"href":"https:\/\/www.clinicaplanas.com\/jorge-planas\/wp-json\/wp\/v2\/posts"}],"about":[{"href":"https:\/\/www.clinicaplanas.com\/jorge-planas\/wp-json\/wp\/v2\/types\/post"}],"author":[{"embeddable":true,"href":"https:\/\/www.clinicaplanas.com\/jorge-planas\/wp-json\/wp\/v2\/users\/102"}],"replies":[{"embeddable":true,"href":"https:\/\/www.clinicaplanas.com\/jorge-planas\/wp-json\/wp\/v2\/comments?post=18250"}],"version-history":[{"count":0,"href":"https:\/\/www.clinicaplanas.com\/jorge-planas\/wp-json\/wp\/v2\/posts\/18250\/revisions"}],"wp:featuredmedia":[{"embeddable":true,"href":"https:\/\/www.clinicaplanas.com\/jorge-planas\/wp-json\/wp\/v2\/media\/1301"}],"wp:attachment":[{"href":"https:\/\/www.clinicaplanas.com\/jorge-planas\/wp-json\/wp\/v2\/media?parent=18250"}],"wp:term":[{"taxonomy":"category","embeddable":true,"href":"https:\/\/www.clinicaplanas.com\/jorge-planas\/wp-json\/wp\/v2\/categories?post=18250"},{"taxonomy":"post_tag","embeddable":true,"href":"https:\/\/www.clinicaplanas.com\/jorge-planas\/wp-json\/wp\/v2\/tags?post=18250"}],"curies":[{"name":"wp","href":"https:\/\/api.w.org\/{rel}","templated":true}]}}