{"id":1434,"date":"2012-03-26T17:41:34","date_gmt":"2012-03-26T15:41:34","guid":{"rendered":"http:\/\/www.clinicaplanas.com\/jorge-planas\/?p=1434"},"modified":"2012-03-26T17:41:34","modified_gmt":"2012-03-26T15:41:34","slug":"presentacion-de-bima-a-la-sociedad-civil-y-a-los-medios","status":"publish","type":"post","link":"https:\/\/www.clinicaplanas.com\/jorge-planas\/2012\/03\/26\/presentacion-de-bima-a-la-sociedad-civil-y-a-los-medios\/","title":{"rendered":"Presentaci\u00f3n de BIMA a la sociedad civil y a los medios"},"content":{"rendered":"<p><!--:es--><\/p>\n<p style=\"text-align: justify;\"><img decoding=\"async\" class=\"alignleft wp-image-1437 size-medium\" title=\"BIMA 1 a 300\" src=\"https:\/\/www.clinicaplanas.com\/jorge-planas\/wp-content\/uploads\/2012\/03\/BIMA-1-a-3001-300x200.jpg\" alt=\"BIMA Clinica Planas\" width=\"300\" height=\"200\" \/>El pasado 22\/3 asist\u00ed, en el hotel Omm de Barcelona, como miembro del equipo, a la presentaci\u00f3n oficial \u00a0de <a href=\"http:\/\/www.bima-medical.com\/\" target=\"_blank\" rel=\"noopener noreferrer\">BIMA<\/a>\u00a0para la sociedad civil y \u00a0los medios de comunicaci\u00f3n. BIMA . Barcelona International Medical Academy,\u00a0 est\u00e1 constituida por m\u00e9dicos de diferentes especialidades que tiene como objetivo dar a conocer internacionalmente<!--:--><!--:en--><\/p>\n<p style=\"text-align: justify;\"><a href=\"https:\/\/www.clinicaplanas.com\/jorge-planas\/wp-content\/uploads\/2012\/03\/BIMA-1-a-3001.jpg\"><img decoding=\"async\" class=\"alignleft size-full wp-image-1437\" title=\"BIMA 1 a 300\" src=\"https:\/\/www.clinicaplanas.com\/jorge-planas\/wp-content\/uploads\/2012\/03\/BIMA-1-a-3001.jpg\" alt=\"\" width=\"300\" height=\"200\" \/><\/a>Last 22nd of March, I attended the BIMA official presentation to society and media. It Was held on hotel Omm of Barcelona. Barcelona International Medical Academy is composed of doctors of different specialties whose aim is to promote Barcelona internationally as a reference of excellence in medicine. I am honoured to be a member of this academy.<!--:--><!--more--><!--:es--><\/p>\n<p>a Barcelona como referente en medicina de la excelencia.<\/p>\n<h4>Quienes forman actualmente BIMA<\/h4>\n<p>Antonio M de Lacy (general digestive surgery.Minimal invasive surgery), Josep Brugada (cardiology), Josep Tabernero (digestive oncology), Borja Corc\u00f3stegui (ophtalmology), Laureano Molins (thorathic surgery), Alvar Agust\u00ed (respiratory medicine), Rafael Esteban (hepatology), Jorge Planas (plastic surgery), Ram\u00f3n Cugat (orthopaedic surgery and traumatology), Josep M Gatell (infectious diseases, HIV\/AIDS, Josep M Campistol (nephrology and renal transplant), Llu\u00eds Donoso (radiology), Joan Rod\u00e9s (hepathology , emeritus), Josep Piqu\u00e9 (gastroenterology), Padro Alonso (epidemiology, international health), Juli\u00e0 Pan\u00e9s (gastroenterology, inflamatory Bowel Disease), Antonio Coca (hipertension), Vicente Arroyo (research), Padreo Barri (Ginecologyand reproductive medicine), Raymond Miralbell (radiation oncology), Vicente Riambau (vascular surgery and angiology), \u00c1lvaro Urbano (hematology), Ram\u00f3n Brugada (genetics), Josep M Llovet (liver oncology), Jaume Mora (Pediatric oncology, hematology), Enriqueta Felip (Thoracic oncology), Jos\u00e9 Luis Pomar (cardiac surgery), Eduard Gratac\u00f3s (maternal-fetal medicine), Ventura Clotet (infectious diseases. AIDS), Pedro Clar\u00f3s (otorhinolaryngology), Isabel Rubio (oncology breast surgery)<\/p>\n<p><em>&#8220;El 50% de los socios de BIMA no han podido estar presentes sencillamente porque\u00a0est\u00e1n\u00a0de viaje de trabajo dando conferencias fuera de Espa\u00f1a; esta circunstancia resulta muy significativa y nos ofrece una idea del nivel de calidad de todos nuestros m\u00e9dicos&#8221;<\/em>, coment\u00f3 el Dr. Antonio de Lacy, presidente de BIMA.<\/p>\n<p style=\"text-align: justify;\"><a href=\"https:\/\/www.clinicaplanas.com\/jorge-planas\/wp-content\/uploads\/2012\/03\/BIMA-4-a-3001.jpg\"><img decoding=\"async\" class=\"alignleft size-full wp-image-1443\" title=\"BIMA 4 a 300\" src=\"https:\/\/www.clinicaplanas.com\/jorge-planas\/wp-content\/uploads\/2012\/03\/BIMA-4-a-3001.jpg\" alt=\"\" width=\"300\" height=\"200\" \/><\/a>Asistencia, docencia e investigaci\u00f3n son los 3 ejes de nuestra actividad para hacer que Barcelona aparezca en el mapa del healthcare mundial.<\/p>\n<h4 style=\"text-align: justify;\">Criterios de selecci\u00f3n<\/h4>\n<p style=\"text-align: justify;\">La directora continu\u00f3 remarcando que los criterios de selecci\u00f3n de los m\u00e9dicos que forman parte de BIMA son muy estrictos, se basan en la excelencia del desarrollo de su profesi\u00f3n y en su prestigio acad\u00e9mico y cient\u00edfico. Este prestigio se mide de forma muy estricta a trav\u00e9s de un servicio externo de analistas independientes (m\u00e9dicos extranjeros de reconocido prestigio) que estudia los impactos en revistas indexadas de gran prestigio cient\u00edfico. Paralelamente \u00a0se miden tambi\u00e9n las referencias de terceros (doctores) en las publicaciones. Todo esto, junto con un modelo basado en el conocimiento, garantiza la excelencia de nuestros servicios.<\/p>\n<h4 style=\"text-align: justify;\">Speach del alcalde de Barcelona<\/h4>\n<p style=\"text-align: justify;\"><a href=\"https:\/\/www.clinicaplanas.com\/jorge-planas\/wp-content\/uploads\/2012\/03\/Xavier-Trias-a-300.jpg\"><img decoding=\"async\" class=\"alignleft size-full wp-image-1456\" title=\"Xavier Trias a 300\" src=\"https:\/\/www.clinicaplanas.com\/jorge-planas\/wp-content\/uploads\/2012\/03\/Xavier-Trias-a-300.jpg\" alt=\"\" width=\"300\" height=\"225\" \/><\/a>A continuaci\u00f3n el Sr. Xavier Trias alab\u00f3 la propuesta de BIMA evangelizando que la fuerza de esta ciudad est\u00e1 en las personas. <em>&#8220;Tenemos y hemos tenido muchos referentes a nivel individual, ahora se pretende hacer una tarea colectiva para que el sector m\u00e9dico de un salto hacia adelante. Somos la sanidad m\u00e1s barata de Europa y damos un alt\u00edsimo nivel, con unas instalaciones p\u00fablicas y privadas excepcionales y muy adecuadas a las necesidades actuales&#8221;<\/em>, concluy\u00f3.<\/p>\n<p style=\"text-align: justify;\">A continuaci\u00f3n pudimos ver el video de presentaci\u00f3n de BIMA, que me he permitido embedar aqu\u00ed para que pod\u00e1is conocerlo:<\/p>\n<p><iframe src=\"http:\/\/www.youtube.com\/embed\/HKAaf8lFzfM\" width=\"300\" height=\"233\" frameborder=\"0\"><\/iframe><\/p>\n<h4 style=\"text-align: justify;\">BIMA en la prensa<\/h4>\n<p style=\"text-align: justify;\">la presentaci\u00f3n tuvo una gran difusi\u00f3n medi\u00e1tica, os dejo algunos links de prensa:<\/p>\n<p style=\"text-align: justify;\"><a href=\"https:\/\/www.lavanguardia.com\/local\/barcelona\/20111113\/54238852081\/medicos-punteros-crean-una-plataforma-empresarial-para-captar-a-pacientes-en-el-extranjero.html\" target=\"_blank\" rel=\"noopener noreferrer\">la vanguardia<\/a><\/p>\n<p style=\"text-align: justify;\"><a href=\"http:\/\/www.elpuntavui.cat\/article\/2-societat\/14-salut\/521287-aposta-per-fer-de-barcelona-un-referent-de-salut-mundial.html\" target=\"_blank\" rel=\"noopener noreferrer\">el punt avui<\/a><\/p>\n<p style=\"text-align: justify;\">la raz\u00f3n<\/p>\n<p style=\"text-align: justify;\"><a href=\"https:\/\/www.ara.cat\/cronica\/lobi-metges-potenciar-bcn-capital_1_2497241.html\" target=\"_blank\" rel=\"noopener noreferrer\">diari ara<\/a><\/p>\n<p style=\"text-align: justify;\"><a href=\"https:\/\/www.segre.com\/arxiu-detall-de-la-noticia\/article\/salut-mundial\/\" target=\"_blank\" rel=\"noopener noreferrer\">diari segre<\/a><\/p>\n<p><!--:--><!--:en--><\/p>\n<p><strong>Current BIMA members<\/strong><\/p>\n<p>Antonio M de Lacy (general digestive surgery.Minimal invasive surgery), Josep Brugada (cardiology), Josep Tabernero (digestive oncology), Borja Corc\u00f3stegui (ophtalmology), Laureano Molins (thorathic surgery), Alvar Agust\u00ed (respiratory medicine), Rafael Esteban (hepatology), Jorge Planas (plastic surgery), Ram\u00f3n Cugat (orthopaedic surgery and traumatology), Josep M Gatell (infectious diseases, HIV\/AIDS), Josep M Campistol (nephrology and renal transplant), Llu\u00eds Donoso (radiology), Joan Rod\u00e9s (hepathology , emeritus), Josep Piqu\u00e9 (gastroenterology), Padro Alonso (epidemiology, international health), Juli\u00e0 Pan\u00e9s (gastroenterology, inflamatory Bowel Disease), Antonio Coca (hipertension), Vicente Arroyo (research), Padreo Barri (Ginecology and reproductive medicine), Raymond Miralbell (radiation oncology), Vicente Riambau (vascular surgery and angiology), \u00c1lvaro Urbano (hematology), Ram\u00f3n Brugada (genetics), Josep M Llovet (liver oncology), Jaume Mora (Pediatric oncology, hematology), Enriqueta Felip (Thoracic oncology), Jos\u00e9 Luis Pomar (cardiac surgery), Eduard Gratac\u00f3s (maternal-fetal medicine), Ventura Clotet (infectious diseases. AIDS), Pedro Clar\u00f3s (otorhinolaryngology), Isabel Rubio (oncology breast surgery)<\/p>\n<p><em>\u201c50% of BIMA members we unable to attend this meeting, simply because they are on a business trip lecturing outside of Spain; a meaningful fact of the quality of BIMA members\u201d, <\/em>said Dr. Antonio de Lacy, president of BIMA.<\/p>\n<p>Medical care, education and research are the three pillars of our activity to improve Barcelona\u00b4s image in the healthcare world map.<\/p>\n<p><strong>Criteria for choosing BIMA\u2019s members<\/strong><\/p>\n<p>The director also emphasized the strict criteria for choosing BIMA\u00b4s members, based on the excellence of their careers and on their academic and scientific prestige. The prestige is valued by external analysts measuring the impact of their articles in international well-known magazines. At the same time references from other doctors in the above mentioned magazines are also measured. All this, along with a model based on knowledge, guarantees the excellence of our services.<\/p>\n<p><strong>Major of Barcelona\u2019s Speech<\/strong><\/p>\n<p>Afterwards, Mr. Xavier Trias paised the BIMA proposal, highlighting that Barcelona\u2019s main asset is its people. <em>\u201cWe had and currently have several individual references, now we try to do a collective task for the medical sector to move forward. We have the cheapest health system of Europe and we offer great quality services, with exceptional public and privet facilities, adequate to current needs\u201d<\/em>.<\/p>\n<p>Please find below a video of the BIMA presentation, which I have included so you can watch it:<\/p>\n<p><strong>BIMA on the media<\/strong><\/p>\n<p>The presentation had a great diffusion, please find below some press links:<\/p>\n<p><a href=\"https:\/\/www.lavanguardia.com\/local\/barcelona\/20111113\/54238852081\/medicos-punteros-crean-una-plataforma-empresarial-para-captar-a-pacientes-en-el-extranjero.html\" target=\"_blank\" rel=\"noopener noreferrer\">la vanguardia<\/a><\/p>\n<p><a href=\"http:\/\/www.elpuntavui.cat\/article\/2-societat\/14-salut\/521287-aposta-per-fer-de-barcelona-un-referent-de-salut-mundial.html\" target=\"_blank\" rel=\"noopener noreferrer\">el punt avui<\/a><\/p>\n<p>la raz\u00f3n<\/p>\n<p><a href=\"https:\/\/www.ara.cat\/cronica\/lobi-metges-potenciar-bcn-capital_1_2497241.html\" target=\"_blank\" rel=\"noopener noreferrer\">diari ara<\/a><\/p>\n<p><a href=\"https:\/\/www.segre.com\/arxiu-detall-de-la-noticia\/article\/salut-mundial\/\" target=\"_blank\" rel=\"noopener noreferrer\">diari segre<\/a><!--:--><\/p>\n","protected":false},"excerpt":{"rendered":"<p>El pasado 22\/3 asist\u00ed, en el hotel Omm de Barcelona, como miembro del equipo, a la presentaci\u00f3n oficial \u00a0de BIMA\u00a0para la sociedad civil y \u00a0los medios de comunicaci\u00f3n. BIMA . Barcelona International Medical Academy,\u00a0 est\u00e1 constituida por m\u00e9dicos de diferentes especialidades que tiene como objetivo dar a conocer internacionalmente Last 22nd of March, I attended [&#8230;]\n","protected":false},"author":102,"featured_media":0,"comment_status":"open","ping_status":"open","sticky":false,"template":"","format":"standard","meta":{"footnotes":""},"categories":[241,265],"tags":[],"class_list":["post-1434","post","type-post","status-publish","format-standard","hentry","category-cirugia-plastica-estetica","category-prensa"],"yoast_head":"<!-- This site is optimized with the Yoast SEO plugin v23.4 - https:\/\/yoast.com\/wordpress\/plugins\/seo\/ -->\n<title>Presentaci\u00f3n de BIMA a los medios - Dr. Jorge Planas Blog<\/title>\n<meta name=\"description\" content=\"Presentaci\u00f3n oficial de BIMA en la ciudad de Barcelona, para la sociedad civil y medios, constituida por m\u00e9dicos de diferentes especialidades.\" \/>\n<meta name=\"robots\" content=\"index, follow, max-snippet:-1, max-image-preview:large, max-video-preview:-1\" \/>\n<link rel=\"canonical\" href=\"https:\/\/www.clinicaplanas.com\/jorge-planas\/2012\/03\/26\/presentacion-de-bima-a-la-sociedad-civil-y-a-los-medios\/\" \/>\n<meta property=\"og:locale\" content=\"es_ES\" \/>\n<meta property=\"og:type\" content=\"article\" \/>\n<meta property=\"og:title\" content=\"Presentaci\u00f3n de BIMA a los medios - Dr. Jorge Planas Blog\" \/>\n<meta property=\"og:description\" content=\"Presentaci\u00f3n oficial de BIMA en la ciudad de Barcelona, para la sociedad civil y medios, constituida por m\u00e9dicos de diferentes especialidades.\" \/>\n<meta property=\"og:url\" content=\"https:\/\/www.clinicaplanas.com\/jorge-planas\/2012\/03\/26\/presentacion-de-bima-a-la-sociedad-civil-y-a-los-medios\/\" \/>\n<meta property=\"og:site_name\" content=\"Tu blog de medicina y cirug\u00eda est\u00e9tica - Cl\u00ednica Planas\" \/>\n<meta property=\"article:published_time\" content=\"2012-03-26T15:41:34+00:00\" \/>\n<meta property=\"og:image\" content=\"https:\/\/www.clinicaplanas.com\/jorge-planas\/wp-content\/uploads\/2012\/03\/BIMA-1-a-3001-300x200.jpg\" \/>\n<meta name=\"author\" content=\"Doctor JorgePlanas\" \/>\n<meta name=\"twitter:card\" content=\"summary_large_image\" \/>\n<meta name=\"twitter:label1\" content=\"Escrito por\" \/>\n\t<meta name=\"twitter:data1\" content=\"Doctor JorgePlanas\" \/>\n\t<meta name=\"twitter:label2\" content=\"Tiempo de lectura\" \/>\n\t<meta name=\"twitter:data2\" content=\"5 minutos\" \/>\n<!-- \/ Yoast SEO plugin. -->","yoast_head_json":{"title":"Presentaci\u00f3n de BIMA a los medios - Dr. Jorge Planas Blog","description":"Presentaci\u00f3n oficial de BIMA en la ciudad de Barcelona, para la sociedad civil y medios, constituida por m\u00e9dicos de diferentes especialidades.","robots":{"index":"index","follow":"follow","max-snippet":"max-snippet:-1","max-image-preview":"max-image-preview:large","max-video-preview":"max-video-preview:-1"},"canonical":"https:\/\/www.clinicaplanas.com\/jorge-planas\/2012\/03\/26\/presentacion-de-bima-a-la-sociedad-civil-y-a-los-medios\/","og_locale":"es_ES","og_type":"article","og_title":"Presentaci\u00f3n de BIMA a los medios - Dr. Jorge Planas Blog","og_description":"Presentaci\u00f3n oficial de BIMA en la ciudad de Barcelona, para la sociedad civil y medios, constituida por m\u00e9dicos de diferentes especialidades.","og_url":"https:\/\/www.clinicaplanas.com\/jorge-planas\/2012\/03\/26\/presentacion-de-bima-a-la-sociedad-civil-y-a-los-medios\/","og_site_name":"Tu blog de medicina y cirug\u00eda est\u00e9tica - Cl\u00ednica Planas","article_published_time":"2012-03-26T15:41:34+00:00","og_image":[{"url":"https:\/\/www.clinicaplanas.com\/jorge-planas\/wp-content\/uploads\/2012\/03\/BIMA-1-a-3001-300x200.jpg"}],"author":"Doctor JorgePlanas","twitter_card":"summary_large_image","twitter_misc":{"Escrito por":"Doctor JorgePlanas","Tiempo de lectura":"5 minutos"},"schema":{"@context":"https:\/\/schema.org","@graph":[{"@type":"Article","@id":"https:\/\/www.clinicaplanas.com\/jorge-planas\/2012\/03\/26\/presentacion-de-bima-a-la-sociedad-civil-y-a-los-medios\/#article","isPartOf":{"@id":"https:\/\/www.clinicaplanas.com\/jorge-planas\/2012\/03\/26\/presentacion-de-bima-a-la-sociedad-civil-y-a-los-medios\/"},"author":{"name":"Doctor JorgePlanas","@id":"https:\/\/www.clinicaplanas.com\/jorge-planas\/#\/schema\/person\/b13ac6e9212d6f27b00095767a2f4417"},"headline":"Presentaci\u00f3n de BIMA a la sociedad civil y a los medios","datePublished":"2012-03-26T15:41:34+00:00","dateModified":"2012-03-26T15:41:34+00:00","mainEntityOfPage":{"@id":"https:\/\/www.clinicaplanas.com\/jorge-planas\/2012\/03\/26\/presentacion-de-bima-a-la-sociedad-civil-y-a-los-medios\/"},"wordCount":1012,"commentCount":0,"publisher":{"@id":"https:\/\/www.clinicaplanas.com\/jorge-planas\/#organization"},"image":{"@id":"https:\/\/www.clinicaplanas.com\/jorge-planas\/2012\/03\/26\/presentacion-de-bima-a-la-sociedad-civil-y-a-los-medios\/#primaryimage"},"thumbnailUrl":"https:\/\/www.clinicaplanas.com\/jorge-planas\/wp-content\/uploads\/2012\/03\/BIMA-1-a-3001-300x200.jpg","articleSection":["Art\u00edculos de Cirug\u00eda Est\u00e9tica","Prensa"],"inLanguage":"es","potentialAction":[{"@type":"CommentAction","name":"Comment","target":["https:\/\/www.clinicaplanas.com\/jorge-planas\/2012\/03\/26\/presentacion-de-bima-a-la-sociedad-civil-y-a-los-medios\/#respond"]}]},{"@type":"WebPage","@id":"https:\/\/www.clinicaplanas.com\/jorge-planas\/2012\/03\/26\/presentacion-de-bima-a-la-sociedad-civil-y-a-los-medios\/","url":"https:\/\/www.clinicaplanas.com\/jorge-planas\/2012\/03\/26\/presentacion-de-bima-a-la-sociedad-civil-y-a-los-medios\/","name":"Presentaci\u00f3n de BIMA a los medios - Dr. Jorge Planas Blog","isPartOf":{"@id":"https:\/\/www.clinicaplanas.com\/jorge-planas\/#website"},"primaryImageOfPage":{"@id":"https:\/\/www.clinicaplanas.com\/jorge-planas\/2012\/03\/26\/presentacion-de-bima-a-la-sociedad-civil-y-a-los-medios\/#primaryimage"},"image":{"@id":"https:\/\/www.clinicaplanas.com\/jorge-planas\/2012\/03\/26\/presentacion-de-bima-a-la-sociedad-civil-y-a-los-medios\/#primaryimage"},"thumbnailUrl":"https:\/\/www.clinicaplanas.com\/jorge-planas\/wp-content\/uploads\/2012\/03\/BIMA-1-a-3001-300x200.jpg","datePublished":"2012-03-26T15:41:34+00:00","dateModified":"2012-03-26T15:41:34+00:00","description":"Presentaci\u00f3n oficial de BIMA en la ciudad de Barcelona, para la sociedad civil y medios, constituida por m\u00e9dicos de diferentes especialidades.","breadcrumb":{"@id":"https:\/\/www.clinicaplanas.com\/jorge-planas\/2012\/03\/26\/presentacion-de-bima-a-la-sociedad-civil-y-a-los-medios\/#breadcrumb"},"inLanguage":"es","potentialAction":[{"@type":"ReadAction","target":["https:\/\/www.clinicaplanas.com\/jorge-planas\/2012\/03\/26\/presentacion-de-bima-a-la-sociedad-civil-y-a-los-medios\/"]}]},{"@type":"ImageObject","inLanguage":"es","@id":"https:\/\/www.clinicaplanas.com\/jorge-planas\/2012\/03\/26\/presentacion-de-bima-a-la-sociedad-civil-y-a-los-medios\/#primaryimage","url":"https:\/\/www.clinicaplanas.com\/jorge-planas\/wp-content\/uploads\/2012\/03\/BIMA-1-a-3001-300x200.jpg","contentUrl":"https:\/\/www.clinicaplanas.com\/jorge-planas\/wp-content\/uploads\/2012\/03\/BIMA-1-a-3001-300x200.jpg"},{"@type":"BreadcrumbList","@id":"https:\/\/www.clinicaplanas.com\/jorge-planas\/2012\/03\/26\/presentacion-de-bima-a-la-sociedad-civil-y-a-los-medios\/#breadcrumb","itemListElement":[{"@type":"ListItem","position":1,"name":"Home","item":"https:\/\/www.clinicaplanas.com\/jorge-planas\/"},{"@type":"ListItem","position":2,"name":"Art\u00edculos de Cirug\u00eda Est\u00e9tica","item":"https:\/\/www.clinicaplanas.com\/jorge-planas\/cirugia-plastica-estetica\/"},{"@type":"ListItem","position":3,"name":"Presentaci\u00f3n de BIMA a la sociedad civil y a los medios"}]},{"@type":"WebSite","@id":"https:\/\/www.clinicaplanas.com\/jorge-planas\/#website","url":"https:\/\/www.clinicaplanas.com\/jorge-planas\/","name":"Tu blog de medicina y cirug\u00eda est\u00e9tica - Cl\u00ednica Planas","description":"Mantente al d\u00eda sobre medicina y cirug\u00eda est\u00e9tica con el blog de Cl\u00ednica Planas. Noticias de actualidad, novedades y tips de la mano de nuestros especialistas.","publisher":{"@id":"https:\/\/www.clinicaplanas.com\/jorge-planas\/#organization"},"potentialAction":[{"@type":"SearchAction","target":{"@type":"EntryPoint","urlTemplate":"https:\/\/www.clinicaplanas.com\/jorge-planas\/?s={search_term_string}"},"query-input":{"@type":"PropertyValueSpecification","valueRequired":true,"valueName":"search_term_string"}}],"inLanguage":"es"},{"@type":"Organization","@id":"https:\/\/www.clinicaplanas.com\/jorge-planas\/#organization","name":"Cl\u00ednica Planas","url":"https:\/\/www.clinicaplanas.com\/jorge-planas\/","logo":{"@type":"ImageObject","inLanguage":"es","@id":"https:\/\/www.clinicaplanas.com\/jorge-planas\/#\/schema\/logo\/image\/","url":"https:\/\/www.clinicaplanas.com\/jorge-planas\/wp-content\/cropped-android-icon-192x192-1.png","contentUrl":"https:\/\/www.clinicaplanas.com\/jorge-planas\/wp-content\/cropped-android-icon-192x192-1.png","width":512,"height":512,"caption":"Cl\u00ednica Planas"},"image":{"@id":"https:\/\/www.clinicaplanas.com\/jorge-planas\/#\/schema\/logo\/image\/"}},{"@type":"Person","@id":"https:\/\/www.clinicaplanas.com\/jorge-planas\/#\/schema\/person\/b13ac6e9212d6f27b00095767a2f4417","name":"Doctor JorgePlanas","image":{"@type":"ImageObject","inLanguage":"es","@id":"https:\/\/www.clinicaplanas.com\/jorge-planas\/#\/schema\/person\/image\/","url":"https:\/\/secure.gravatar.com\/avatar\/?s=96&d=mm&r=g","contentUrl":"https:\/\/secure.gravatar.com\/avatar\/?s=96&d=mm&r=g","caption":"Doctor JorgePlanas"},"url":"https:\/\/www.clinicaplanas.com\/jorge-planas\/author\/doctor-jorgeplanas\/"}]}},"_links":{"self":[{"href":"https:\/\/www.clinicaplanas.com\/jorge-planas\/wp-json\/wp\/v2\/posts\/1434"}],"collection":[{"href":"https:\/\/www.clinicaplanas.com\/jorge-planas\/wp-json\/wp\/v2\/posts"}],"about":[{"href":"https:\/\/www.clinicaplanas.com\/jorge-planas\/wp-json\/wp\/v2\/types\/post"}],"author":[{"embeddable":true,"href":"https:\/\/www.clinicaplanas.com\/jorge-planas\/wp-json\/wp\/v2\/users\/102"}],"replies":[{"embeddable":true,"href":"https:\/\/www.clinicaplanas.com\/jorge-planas\/wp-json\/wp\/v2\/comments?post=1434"}],"version-history":[{"count":0,"href":"https:\/\/www.clinicaplanas.com\/jorge-planas\/wp-json\/wp\/v2\/posts\/1434\/revisions"}],"wp:attachment":[{"href":"https:\/\/www.clinicaplanas.com\/jorge-planas\/wp-json\/wp\/v2\/media?parent=1434"}],"wp:term":[{"taxonomy":"category","embeddable":true,"href":"https:\/\/www.clinicaplanas.com\/jorge-planas\/wp-json\/wp\/v2\/categories?post=1434"},{"taxonomy":"post_tag","embeddable":true,"href":"https:\/\/www.clinicaplanas.com\/jorge-planas\/wp-json\/wp\/v2\/tags?post=1434"}],"curies":[{"name":"wp","href":"https:\/\/api.w.org\/{rel}","templated":true}]}}