{"id":1325,"date":"2012-03-13T15:56:20","date_gmt":"2012-03-13T14:56:20","guid":{"rendered":"http:\/\/www.clinicaplanas.com\/jorge-planas\/?p=1325"},"modified":"2012-03-13T15:56:20","modified_gmt":"2012-03-13T14:56:20","slug":"rueda-de-prensa-de-running4children-en-sant-joan-de-deu","status":"publish","type":"post","link":"https:\/\/www.clinicaplanas.com\/jorge-planas\/2012\/03\/13\/rueda-de-prensa-de-running4children-en-sant-joan-de-deu\/","title":{"rendered":"Rueda de prensa de running4children en Sant Joan de D\u00e9urunning4children press conference in Sant Joan de D\u00e9u"},"content":{"rendered":"<p><!--:es--><\/p>\n<p style=\"text-align: justify;\"><a href=\"https:\/\/www.clinicaplanas.com\/jorge-planas\/wp-content\/uploads\/2012\/03\/la-foto-redimensionada-1.jpg\"><img decoding=\"async\" class=\"alignleft size-full wp-image-1327\" title=\"running4children rueda de prensa con Jorge Planas\" src=\"https:\/\/www.clinicaplanas.com\/jorge-planas\/wp-content\/uploads\/2012\/03\/la-foto-redimensionada-1.jpg\" alt=\"Jorge Planas en la rueda de prensa de running4children\" width=\"300\" height=\"225\" \/><\/a>El pasado d\u00eda 9\/3 asist\u00ed a la rueda de prensa de la presentaci\u00f3n de <a href=\"http:\/\/www.running4children.es\">running4children<\/a>\u00a0junto a Santi Call\u00eds (runner y art\u00edfice del proyecto), Merc\u00e8 Tura (coordinadora de proyectos de la <a href=\"http:\/\/www.hsjdbcn.org\/portal\/es\/web\/obra_social\">obra social <\/a>de Sant Joan de D\u00e9u), Conchita Mart\u00ednez (ex-tenista), y Xavier Trillo \u00a0(CEO de <a href=\"http:\/\/zonair3d.com\/index.php?s=home&amp;idioma=es\">Zonair3D<\/a>). Santi present\u00f3 su reto, correr 15 maratones en 15 d\u00edas desde Madrid hasta Barcelona coincidiendo el \u00faltimo d\u00eda con la maraton de Barcelona.<!--:--><!--:en--><\/p>\n<p style=\"text-align: justify;\"><a href=\"https:\/\/www.clinicaplanas.com\/jorge-planas\/wp-content\/uploads\/2012\/03\/la-foto-redimensionada-1.jpg\"><img decoding=\"async\" class=\"alignleft size-full wp-image-1327\" title=\"running4children rueda de prensa con Jorge Planas\" src=\"https:\/\/www.clinicaplanas.com\/jorge-planas\/wp-content\/uploads\/2012\/03\/la-foto-redimensionada-1.jpg\" alt=\"Jorge Planas en la rueda de prensa de running4children\" width=\"300\" height=\"225\" \/><\/a>The 9<sup>th<\/sup> March, I attended a press conference for the presentation of <a href=\"http:\/\/www.running4children.es\/\">running4children<\/a>\u00a0together with Santi Call\u00eds (runner and Project creator), Merc\u00e8 Tura (<a href=\"http:\/\/www.hsjdbcn.org\/portal\/es\/web\/obra_social\">obra social de Sant Joan de D\u00e9u<\/a> Project coordinator), Conchita Mart\u00ednez (ex tennis player) and Xavier Trillo \u00a0(<a href=\"http:\/\/zonair3d.com\/index.php?s=home&amp;idioma=es\">Zonair3D<\/a> CEO). Santi explained his challenge, to run 15 marathons in 15 days, from Madrid to Barcelona, last day will be on the same date as the Barcelona\u2019s marathon.<!--:--><!--more--><!--:es--><\/p>\n<h4 style=\"text-align: justify;\">Hacer del reto una Causa Solidaria<\/h4>\n<p style=\"text-align: justify;\">Explic\u00f3 la excelente idea de transformar su reto como una causa solidaria, raz\u00f3n por la cual se desarroll\u00f3 todo el proyecto <a href=\"http:\/\/www.running4children.es\">running4children<\/a>\u00a0. El objetivo es recaudar tantos euros como kil\u00f3metros tiene una maraton, \u00a042.195 \u20ac, para poder sufragar los gastos de un nuevo investigador para enfermedades pedi\u00e1tricas. Este aspecto magnifica el reto de Santi y desde aqu\u00ed le damos pleno soporte y \u00e1nimo.<\/p>\n<p style=\"text-align: justify;\">Cl\u00ednica Planas ha querido sumarse a la causa como empresa colaboradora. Adem\u00e1s de contribuir con la <a href=\"https:\/\/www.clinicaplanas.com\/jorge-planas\/2012\/03\/07\/santi-callis-correra-15-maratones-en-15-dias-por-una-causa-solidaria\/\">realizaci\u00f3n de un chequeo completo<\/a> estuvimos twiteando la rueda de prensa en directo, seguimos el periplo de Santi cada d\u00eda en su blog , vamos tuiteeado sus progresos y publicamos tambi\u00e9n las novedades en <a href=\"http:\/\/www.facebook.com\/clinicaplanas\">nuestro facebook <\/a>con el fin de conseguir m\u00e1xima difusi\u00f3n para la causa.<\/p>\n<h4 style=\"text-align: justify;\">An\u00e9cdota divertida.<\/h4>\n<p style=\"text-align: justify;\">Santi nos coment\u00f3 que estuvo sacando el billete del AVE para ir hasta Madrid, la vendedora de taquilla le pregunt\u00f3 &#8220;\u00bfida y vuelta?&#8221;, Santi &#8220;s\u00f3lo ida&#8221;, \u00bfy la vuelta?&#8221;&#8230;&#8230;.&#8221;es que vuelvo corriendo&#8221;. Todav\u00eda nos re\u00edmos imaginando la cara de la chica de taquilla. Santi es un hombre particularmente divertido, siempre tiene una sonrisa que dar y sobretodo que provocar. Probablemente este especial matiz de su personalidad sea la clave de su impresionante actitud ante cualquier reto, como el que \u00a0a fecha de hoy ya est\u00e1 afrontando&#8230;..est\u00e1 completando la 5\u00aa maraton en 5 d\u00edas ! ya &#8220;s\u00f3lo&#8221; le quedan 10 !<\/p>\n<p style=\"text-align: justify;\"><a href=\"https:\/\/www.clinicaplanas.com\/jorge-planas\/wp-content\/uploads\/2012\/03\/multifotos-1.jpg\"><img decoding=\"async\" class=\"aligncenter size-full wp-image-1331\" title=\"multifotos 1\" src=\"https:\/\/www.clinicaplanas.com\/jorge-planas\/wp-content\/uploads\/2012\/03\/multifotos-1.jpg\" alt=\"\" width=\"625\" height=\"199\" srcset=\"https:\/\/www.clinicaplanas.com\/jorge-planas\/wp-content\/multifotos-1.jpg 625w, https:\/\/www.clinicaplanas.com\/jorge-planas\/wp-content\/multifotos-1-300x96.jpg 300w\" sizes=\"(max-width: 625px) 100vw, 625px\" \/><\/a><\/p>\n<h4 style=\"text-align: justify;\">Contribuir<\/h4>\n<p style=\"text-align: justify;\">Pod\u00e9is contribuir a la cauda desde aqu\u00ed\u00a0con el importe que dese\u00e9is donar. Otra forma de contribuci\u00f3n son las pulseras solidarias, con un atractivo precio de 5\u20ac<\/p>\n<p style=\"text-align: justify;\"><a href=\"https:\/\/www.clinicaplanas.com\/jorge-planas\/wp-content\/uploads\/2012\/03\/multifotos-2.jpg\"><img decoding=\"async\" class=\"aligncenter size-full wp-image-1330\" title=\"pulseras solidarias running4children\" src=\"https:\/\/www.clinicaplanas.com\/jorge-planas\/wp-content\/uploads\/2012\/03\/multifotos-2.jpg\" alt=\"\" width=\"625\" height=\"199\" srcset=\"https:\/\/www.clinicaplanas.com\/jorge-planas\/wp-content\/multifotos-2.jpg 625w, https:\/\/www.clinicaplanas.com\/jorge-planas\/wp-content\/multifotos-2-300x96.jpg 300w\" sizes=\"(max-width: 625px) 100vw, 625px\" \/><\/a><\/p>\n<h4 style=\"text-align: justify;\">El eco de la noticia<\/h4>\n<p style=\"text-align: justify;\">La noticia ha salido en diferentes medios de comunicaci\u00f3n , de los cuales os dejamos referencia:<\/p>\n<p style=\"text-align: justify;\"><a href=\"http:\/\/www.sport.es\/es\/noticias\/deporte-extremo\/seiscientos-cincuenta-por-una-buena-causa-1524821\">en el diario sport<\/a><\/p>\n<p style=\"text-align: justify;\">y en el mundo deportivo:<\/p>\n<p style=\"text-align: justify;\"><a href=\"https:\/\/www.clinicaplanas.com\/jorge-planas\/wp-content\/uploads\/2012\/03\/mundo-deportivo-para-blog.jpg\"><img decoding=\"async\" class=\"aligncenter size-full wp-image-1333\" title=\"mundo deportivo para blog\" src=\"https:\/\/www.clinicaplanas.com\/jorge-planas\/wp-content\/uploads\/2012\/03\/mundo-deportivo-para-blog.jpg\" alt=\"\" width=\"625\" height=\"293\" \/><\/a><\/p>\n<p><!--:--><!--:en--><\/p>\n<p><strong>To turn a challenge into a humanitarian cause<\/strong><\/p>\n<p>He explained the excellent idea to turn his challenge into a humanitarian cause, main reason behind the development of the project <a href=\"http:\/\/www.running4children.es\/\">running4children<\/a>. The target is to raise funds, at least as many euros as kilometres have a marathon: 42,195 \u20ac, so as to be able to pay the costs of a new researcher of pediatric diseases. This purpose dignifies the whole project and we do support him on this challenge.<\/p>\n<p>Cl\u00ednica Planas wanted to be included on this project as a collaborative company. Besides doing <a href=\"..\/2012\/03\/07\/santi-callis-correra-15-maratones-en-15-dias-por-una-causa-solidaria\/#more-1270\">a complete medical check up<\/a> to Santi, we have twittered his progresses and has published the latest news <a href=\"http:\/\/www.facebook.com\/clinicaplanas\">on facebook<\/a>, so as to spread this cause as much as possible.<\/p>\n<p><strong>A funny anecdote.<\/strong><\/p>\n<p>Santi told us that he purchased the train ticket to Madrid and the seller asked him: return ticket?, Santi \u201cno, just one way\u201d \u201cand coming back?\u201d \u201c\u2026I will come back running.\u201d We are still laughing imaging the surprise of the seller. Santi has a great sense of humour, always smiling and making jokes. Probably his personality is the key of his impressive attitude, when facing any challenge, such as the one he is now facing. Today he is finishing his 5<sup>th<\/sup> marathon in five days. He \u201cjust\u201d has ten more to run!!<\/p>\n<p><a href=\"https:\/\/www.clinicaplanas.com\/jorge-planas\/wp-content\/uploads\/2012\/03\/multifotos-1.jpg\"><img decoding=\"async\" class=\"alignnone wp-image-1331 size-medium\" title=\"multifotos 1\" src=\"https:\/\/www.clinicaplanas.com\/jorge-planas\/wp-content\/uploads\/2012\/03\/multifotos-1-300x96.jpg\" alt=\"\" width=\"300\" height=\"96\" srcset=\"https:\/\/www.clinicaplanas.com\/jorge-planas\/wp-content\/multifotos-1-300x96.jpg 300w, https:\/\/www.clinicaplanas.com\/jorge-planas\/wp-content\/multifotos-1.jpg 625w\" sizes=\"(max-width: 300px) 100vw, 300px\" \/><\/a><\/p>\n<p><strong>Contribution<\/strong><\/p>\n<p>You can contribute to this cause from this link\u00a0with the amount you wish to give. Another contribution system is the solidarity bracelet, which just cost 5\u20ac each.<\/p>\n<p><a href=\"https:\/\/www.clinicaplanas.com\/jorge-planas\/wp-content\/uploads\/2012\/03\/multifotos-2.jpg\"><img decoding=\"async\" class=\"alignnone wp-image-1330 size-medium\" title=\"pulseras solidarias running4children\" src=\"https:\/\/www.clinicaplanas.com\/jorge-planas\/wp-content\/uploads\/2012\/03\/multifotos-2-300x96.jpg\" alt=\"\" width=\"300\" height=\"96\" srcset=\"https:\/\/www.clinicaplanas.com\/jorge-planas\/wp-content\/multifotos-2-300x96.jpg 300w, https:\/\/www.clinicaplanas.com\/jorge-planas\/wp-content\/multifotos-2.jpg 625w\" sizes=\"(max-width: 300px) 100vw, 300px\" \/><\/a><\/p>\n<p><strong>The news<\/strong><\/p>\n<p>This news has been published in some media, please find them below:<\/p>\n<p><a href=\"http:\/\/www.sport.es\/es\/noticias\/deporte-extremo\/seiscientos-cincuenta-por-una-buena-causa-1524821\">in the diario sport (in Spanish)<\/a><\/p>\n<p>and in the mundo deportivo (in Spanish):<\/p>\n<p><a href=\"https:\/\/www.clinicaplanas.com\/jorge-planas\/wp-content\/uploads\/2012\/03\/mundo-deportivo-para-blog1.jpg\"><img decoding=\"async\" class=\"alignnone size-medium wp-image-1339\" title=\"mundo deportivo para blog\" src=\"https:\/\/www.clinicaplanas.com\/jorge-planas\/wp-content\/uploads\/2012\/03\/mundo-deportivo-para-blog1-300x154.jpg\" alt=\"\" width=\"300\" height=\"154\" srcset=\"https:\/\/www.clinicaplanas.com\/jorge-planas\/wp-content\/mundo-deportivo-para-blog1-300x154.jpg 300w, https:\/\/www.clinicaplanas.com\/jorge-planas\/wp-content\/mundo-deportivo-para-blog1.jpg 570w\" sizes=\"(max-width: 300px) 100vw, 300px\" \/><\/a><!--:--><\/p>\n","protected":false},"excerpt":{"rendered":"<p>El pasado d\u00eda 9\/3 asist\u00ed a la rueda de prensa de la presentaci\u00f3n de running4children\u00a0junto a Santi Call\u00eds (runner y art\u00edfice del proyecto), Merc\u00e8 Tura (coordinadora de proyectos de la obra social de Sant Joan de D\u00e9u), Conchita Mart\u00ednez (ex-tenista), y Xavier Trillo \u00a0(CEO de Zonair3D). Santi present\u00f3 su reto, correr 15 maratones en 15 [&#8230;]\n","protected":false},"author":102,"featured_media":0,"comment_status":"open","ping_status":"open","sticky":false,"template":"","format":"standard","meta":{"footnotes":""},"categories":[244,265],"tags":[],"class_list":["post-1325","post","type-post","status-publish","format-standard","hentry","category-cirugia-reparadora","category-prensa"],"yoast_head":"<!-- This site is optimized with the Yoast SEO plugin v23.4 - https:\/\/yoast.com\/wordpress\/plugins\/seo\/ -->\n<title>Running4children en Sant Joan de D\u00e9u - Dr. Jorge Planas Blog<\/title>\n<meta name=\"description\" content=\"Rueda de prensa en Sant Joan de D\u00e9u por parte de running4children, por uan causa solidara para recoger fondos para enfermedades pedi\u00e1tricas.\" \/>\n<meta name=\"robots\" content=\"index, follow, max-snippet:-1, max-image-preview:large, max-video-preview:-1\" \/>\n<link rel=\"canonical\" href=\"https:\/\/www.clinicaplanas.com\/jorge-planas\/2012\/03\/13\/rueda-de-prensa-de-running4children-en-sant-joan-de-deu\/\" \/>\n<meta property=\"og:locale\" content=\"es_ES\" \/>\n<meta property=\"og:type\" content=\"article\" \/>\n<meta property=\"og:title\" content=\"Running4children en Sant Joan de D\u00e9u - Dr. Jorge Planas Blog\" \/>\n<meta property=\"og:description\" content=\"Rueda de prensa en Sant Joan de D\u00e9u por parte de running4children, por uan causa solidara para recoger fondos para enfermedades pedi\u00e1tricas.\" \/>\n<meta property=\"og:url\" content=\"https:\/\/www.clinicaplanas.com\/jorge-planas\/2012\/03\/13\/rueda-de-prensa-de-running4children-en-sant-joan-de-deu\/\" \/>\n<meta property=\"og:site_name\" content=\"Tu blog de medicina y cirug\u00eda est\u00e9tica - Cl\u00ednica Planas\" \/>\n<meta property=\"article:published_time\" content=\"2012-03-13T14:56:20+00:00\" \/>\n<meta property=\"og:image\" content=\"https:\/\/www.clinicaplanas.com\/jorge-planas\/wp-content\/uploads\/2012\/03\/la-foto-redimensionada-1.jpg\" \/>\n<meta name=\"author\" content=\"Doctor JorgePlanas\" \/>\n<meta name=\"twitter:card\" content=\"summary_large_image\" \/>\n<meta name=\"twitter:label1\" content=\"Escrito por\" \/>\n\t<meta name=\"twitter:data1\" content=\"Doctor JorgePlanas\" \/>\n\t<meta name=\"twitter:label2\" content=\"Tiempo de lectura\" \/>\n\t<meta name=\"twitter:data2\" content=\"4 minutos\" \/>\n<!-- \/ Yoast SEO plugin. -->","yoast_head_json":{"title":"Running4children en Sant Joan de D\u00e9u - Dr. Jorge Planas Blog","description":"Rueda de prensa en Sant Joan de D\u00e9u por parte de running4children, por uan causa solidara para recoger fondos para enfermedades pedi\u00e1tricas.","robots":{"index":"index","follow":"follow","max-snippet":"max-snippet:-1","max-image-preview":"max-image-preview:large","max-video-preview":"max-video-preview:-1"},"canonical":"https:\/\/www.clinicaplanas.com\/jorge-planas\/2012\/03\/13\/rueda-de-prensa-de-running4children-en-sant-joan-de-deu\/","og_locale":"es_ES","og_type":"article","og_title":"Running4children en Sant Joan de D\u00e9u - Dr. Jorge Planas Blog","og_description":"Rueda de prensa en Sant Joan de D\u00e9u por parte de running4children, por uan causa solidara para recoger fondos para enfermedades pedi\u00e1tricas.","og_url":"https:\/\/www.clinicaplanas.com\/jorge-planas\/2012\/03\/13\/rueda-de-prensa-de-running4children-en-sant-joan-de-deu\/","og_site_name":"Tu blog de medicina y cirug\u00eda est\u00e9tica - Cl\u00ednica Planas","article_published_time":"2012-03-13T14:56:20+00:00","og_image":[{"url":"https:\/\/www.clinicaplanas.com\/jorge-planas\/wp-content\/uploads\/2012\/03\/la-foto-redimensionada-1.jpg"}],"author":"Doctor JorgePlanas","twitter_card":"summary_large_image","twitter_misc":{"Escrito por":"Doctor JorgePlanas","Tiempo de lectura":"4 minutos"},"schema":{"@context":"https:\/\/schema.org","@graph":[{"@type":"Article","@id":"https:\/\/www.clinicaplanas.com\/jorge-planas\/2012\/03\/13\/rueda-de-prensa-de-running4children-en-sant-joan-de-deu\/#article","isPartOf":{"@id":"https:\/\/www.clinicaplanas.com\/jorge-planas\/2012\/03\/13\/rueda-de-prensa-de-running4children-en-sant-joan-de-deu\/"},"author":{"name":"Doctor JorgePlanas","@id":"https:\/\/www.clinicaplanas.com\/jorge-planas\/#\/schema\/person\/b13ac6e9212d6f27b00095767a2f4417"},"headline":"Rueda de prensa de running4children en Sant Joan de D\u00e9urunning4children press conference in Sant Joan de D\u00e9u","datePublished":"2012-03-13T14:56:20+00:00","dateModified":"2012-03-13T14:56:20+00:00","mainEntityOfPage":{"@id":"https:\/\/www.clinicaplanas.com\/jorge-planas\/2012\/03\/13\/rueda-de-prensa-de-running4children-en-sant-joan-de-deu\/"},"wordCount":748,"commentCount":0,"publisher":{"@id":"https:\/\/www.clinicaplanas.com\/jorge-planas\/#organization"},"image":{"@id":"https:\/\/www.clinicaplanas.com\/jorge-planas\/2012\/03\/13\/rueda-de-prensa-de-running4children-en-sant-joan-de-deu\/#primaryimage"},"thumbnailUrl":"https:\/\/www.clinicaplanas.com\/jorge-planas\/wp-content\/uploads\/2012\/03\/la-foto-redimensionada-1.jpg","articleSection":["Art\u00edculos sobre Cirug\u00eda Reparadora","Prensa"],"inLanguage":"es","potentialAction":[{"@type":"CommentAction","name":"Comment","target":["https:\/\/www.clinicaplanas.com\/jorge-planas\/2012\/03\/13\/rueda-de-prensa-de-running4children-en-sant-joan-de-deu\/#respond"]}]},{"@type":"WebPage","@id":"https:\/\/www.clinicaplanas.com\/jorge-planas\/2012\/03\/13\/rueda-de-prensa-de-running4children-en-sant-joan-de-deu\/","url":"https:\/\/www.clinicaplanas.com\/jorge-planas\/2012\/03\/13\/rueda-de-prensa-de-running4children-en-sant-joan-de-deu\/","name":"Running4children en Sant Joan de D\u00e9u - Dr. Jorge Planas Blog","isPartOf":{"@id":"https:\/\/www.clinicaplanas.com\/jorge-planas\/#website"},"primaryImageOfPage":{"@id":"https:\/\/www.clinicaplanas.com\/jorge-planas\/2012\/03\/13\/rueda-de-prensa-de-running4children-en-sant-joan-de-deu\/#primaryimage"},"image":{"@id":"https:\/\/www.clinicaplanas.com\/jorge-planas\/2012\/03\/13\/rueda-de-prensa-de-running4children-en-sant-joan-de-deu\/#primaryimage"},"thumbnailUrl":"https:\/\/www.clinicaplanas.com\/jorge-planas\/wp-content\/uploads\/2012\/03\/la-foto-redimensionada-1.jpg","datePublished":"2012-03-13T14:56:20+00:00","dateModified":"2012-03-13T14:56:20+00:00","description":"Rueda de prensa en Sant Joan de D\u00e9u por parte de running4children, por uan causa solidara para recoger fondos para enfermedades pedi\u00e1tricas.","breadcrumb":{"@id":"https:\/\/www.clinicaplanas.com\/jorge-planas\/2012\/03\/13\/rueda-de-prensa-de-running4children-en-sant-joan-de-deu\/#breadcrumb"},"inLanguage":"es","potentialAction":[{"@type":"ReadAction","target":["https:\/\/www.clinicaplanas.com\/jorge-planas\/2012\/03\/13\/rueda-de-prensa-de-running4children-en-sant-joan-de-deu\/"]}]},{"@type":"ImageObject","inLanguage":"es","@id":"https:\/\/www.clinicaplanas.com\/jorge-planas\/2012\/03\/13\/rueda-de-prensa-de-running4children-en-sant-joan-de-deu\/#primaryimage","url":"https:\/\/www.clinicaplanas.com\/jorge-planas\/wp-content\/uploads\/2012\/03\/la-foto-redimensionada-1.jpg","contentUrl":"https:\/\/www.clinicaplanas.com\/jorge-planas\/wp-content\/uploads\/2012\/03\/la-foto-redimensionada-1.jpg"},{"@type":"BreadcrumbList","@id":"https:\/\/www.clinicaplanas.com\/jorge-planas\/2012\/03\/13\/rueda-de-prensa-de-running4children-en-sant-joan-de-deu\/#breadcrumb","itemListElement":[{"@type":"ListItem","position":1,"name":"Home","item":"https:\/\/www.clinicaplanas.com\/jorge-planas\/"},{"@type":"ListItem","position":2,"name":"Art\u00edculos sobre Cirug\u00eda Reparadora","item":"https:\/\/www.clinicaplanas.com\/jorge-planas\/cirugia-reparadora\/"},{"@type":"ListItem","position":3,"name":"Rueda de prensa de running4children en Sant Joan de D\u00e9urunning4children press conference in Sant Joan de D\u00e9u"}]},{"@type":"WebSite","@id":"https:\/\/www.clinicaplanas.com\/jorge-planas\/#website","url":"https:\/\/www.clinicaplanas.com\/jorge-planas\/","name":"Tu blog de medicina y cirug\u00eda est\u00e9tica - Cl\u00ednica Planas","description":"Mantente al d\u00eda sobre medicina y cirug\u00eda est\u00e9tica con el blog de Cl\u00ednica Planas. Noticias de actualidad, novedades y tips de la mano de nuestros especialistas.","publisher":{"@id":"https:\/\/www.clinicaplanas.com\/jorge-planas\/#organization"},"potentialAction":[{"@type":"SearchAction","target":{"@type":"EntryPoint","urlTemplate":"https:\/\/www.clinicaplanas.com\/jorge-planas\/?s={search_term_string}"},"query-input":{"@type":"PropertyValueSpecification","valueRequired":true,"valueName":"search_term_string"}}],"inLanguage":"es"},{"@type":"Organization","@id":"https:\/\/www.clinicaplanas.com\/jorge-planas\/#organization","name":"Cl\u00ednica Planas","url":"https:\/\/www.clinicaplanas.com\/jorge-planas\/","logo":{"@type":"ImageObject","inLanguage":"es","@id":"https:\/\/www.clinicaplanas.com\/jorge-planas\/#\/schema\/logo\/image\/","url":"https:\/\/www.clinicaplanas.com\/jorge-planas\/wp-content\/cropped-android-icon-192x192-1.png","contentUrl":"https:\/\/www.clinicaplanas.com\/jorge-planas\/wp-content\/cropped-android-icon-192x192-1.png","width":512,"height":512,"caption":"Cl\u00ednica Planas"},"image":{"@id":"https:\/\/www.clinicaplanas.com\/jorge-planas\/#\/schema\/logo\/image\/"}},{"@type":"Person","@id":"https:\/\/www.clinicaplanas.com\/jorge-planas\/#\/schema\/person\/b13ac6e9212d6f27b00095767a2f4417","name":"Doctor JorgePlanas","image":{"@type":"ImageObject","inLanguage":"es","@id":"https:\/\/www.clinicaplanas.com\/jorge-planas\/#\/schema\/person\/image\/","url":"https:\/\/secure.gravatar.com\/avatar\/?s=96&d=mm&r=g","contentUrl":"https:\/\/secure.gravatar.com\/avatar\/?s=96&d=mm&r=g","caption":"Doctor JorgePlanas"},"url":"https:\/\/www.clinicaplanas.com\/jorge-planas\/author\/doctor-jorgeplanas\/"}]}},"_links":{"self":[{"href":"https:\/\/www.clinicaplanas.com\/jorge-planas\/wp-json\/wp\/v2\/posts\/1325"}],"collection":[{"href":"https:\/\/www.clinicaplanas.com\/jorge-planas\/wp-json\/wp\/v2\/posts"}],"about":[{"href":"https:\/\/www.clinicaplanas.com\/jorge-planas\/wp-json\/wp\/v2\/types\/post"}],"author":[{"embeddable":true,"href":"https:\/\/www.clinicaplanas.com\/jorge-planas\/wp-json\/wp\/v2\/users\/102"}],"replies":[{"embeddable":true,"href":"https:\/\/www.clinicaplanas.com\/jorge-planas\/wp-json\/wp\/v2\/comments?post=1325"}],"version-history":[{"count":0,"href":"https:\/\/www.clinicaplanas.com\/jorge-planas\/wp-json\/wp\/v2\/posts\/1325\/revisions"}],"wp:attachment":[{"href":"https:\/\/www.clinicaplanas.com\/jorge-planas\/wp-json\/wp\/v2\/media?parent=1325"}],"wp:term":[{"taxonomy":"category","embeddable":true,"href":"https:\/\/www.clinicaplanas.com\/jorge-planas\/wp-json\/wp\/v2\/categories?post=1325"},{"taxonomy":"post_tag","embeddable":true,"href":"https:\/\/www.clinicaplanas.com\/jorge-planas\/wp-json\/wp\/v2\/tags?post=1325"}],"curies":[{"name":"wp","href":"https:\/\/api.w.org\/{rel}","templated":true}]}}