{"id":125,"date":"2007-03-07T19:53:55","date_gmt":"2007-03-07T18:53:55","guid":{"rendered":"http:\/\/www.clinicaplanas.com\/jorge-planas\/2007\/03\/07\/recepcion-en-londres-en-clarence-house\/"},"modified":"2007-03-07T19:53:55","modified_gmt":"2007-03-07T18:53:55","slug":"recepcion-en-londres-en-clarence-house","status":"publish","type":"post","link":"https:\/\/www.clinicaplanas.com\/jorge-planas\/2007\/03\/07\/recepcion-en-londres-en-clarence-house\/","title":{"rendered":"RECEPCI\u00d3N EN LONDRES EN CLARENCE HOUSE"},"content":{"rendered":"<p><!--:es-->(RESIDENCIA PRIVADA DEL PRINCIPE DE GALES)<\/p>\n<p class=\"MsoNormal\">El pasado 6 de diciembre, tuve el honor de acudir a Clarence House, residencia privada del pr\u00edncipe de Gales y de sus esposa la duquesa de Cornualles, D\u00f1a. Camila Parker Bowles, con motivo de la cena anual de la Fundaci\u00f3n \u201c<a href=\"http:\/\/www.fih.org.uk\/\">The Prince\u2019s Foundation for Integrated Health<\/a>\u201d, que el pr\u00edncipe ofrece.<\/p>\n<p class=\"MsoNormal\">En la cena se debatieron temas relacionados con la salud, vistos desde un prisma de Medicina Integral y Preventiva.<\/p>\n<p><!--:--><\/p>\n","protected":false},"excerpt":{"rendered":"<p>(RESIDENCIA PRIVADA DEL PRINCIPE DE GALES) El pasado 6 de diciembre, tuve el honor de acudir a Clarence House, residencia privada del pr\u00edncipe de Gales y de sus esposa la duquesa de Cornualles, D\u00f1a. Camila Parker Bowles, con motivo de la cena anual de la Fundaci\u00f3n \u201cThe Prince\u2019s Foundation for Integrated Health\u201d, que el pr\u00edncipe [&#8230;]\n","protected":false},"author":102,"featured_media":0,"comment_status":"open","ping_status":"open","sticky":false,"template":"","format":"standard","meta":{"footnotes":""},"categories":[258],"tags":[],"class_list":["post-125","post","type-post","status-publish","format-standard","hentry","category-congresos"],"yoast_head":"<!-- This site is optimized with the Yoast SEO plugin v23.4 - https:\/\/yoast.com\/wordpress\/plugins\/seo\/ -->\n<title>Recepci\u00f3n en Londres en Clarence House - Dr. Jorge Planas<\/title>\n<meta name=\"description\" content=\"Recepci\u00f3n en Londres en Clarence House con motivo del \u201cThe Prince\u2019s Foundation for Integrated Health\u201d sobre la Medicina Integral y Preventiva.\" \/>\n<meta name=\"robots\" content=\"index, follow, max-snippet:-1, max-image-preview:large, max-video-preview:-1\" \/>\n<link rel=\"canonical\" href=\"https:\/\/www.clinicaplanas.com\/jorge-planas\/2007\/03\/07\/recepcion-en-londres-en-clarence-house\/\" \/>\n<meta property=\"og:locale\" content=\"es_ES\" \/>\n<meta property=\"og:type\" content=\"article\" \/>\n<meta property=\"og:title\" content=\"Recepci\u00f3n en Londres en Clarence House - Dr. Jorge Planas\" \/>\n<meta property=\"og:description\" content=\"Recepci\u00f3n en Londres en Clarence House con motivo del \u201cThe Prince\u2019s Foundation for Integrated Health\u201d sobre la Medicina Integral y Preventiva.\" \/>\n<meta property=\"og:url\" content=\"https:\/\/www.clinicaplanas.com\/jorge-planas\/2007\/03\/07\/recepcion-en-londres-en-clarence-house\/\" \/>\n<meta property=\"og:site_name\" content=\"Tu blog de medicina y cirug\u00eda est\u00e9tica - Cl\u00ednica Planas\" \/>\n<meta property=\"article:published_time\" content=\"2007-03-07T18:53:55+00:00\" \/>\n<meta name=\"author\" content=\"Doctor JorgePlanas\" \/>\n<meta name=\"twitter:card\" content=\"summary_large_image\" \/>\n<meta name=\"twitter:label1\" content=\"Escrito por\" \/>\n\t<meta name=\"twitter:data1\" content=\"Doctor JorgePlanas\" \/>\n<!-- \/ Yoast SEO plugin. -->","yoast_head_json":{"title":"Recepci\u00f3n en Londres en Clarence House - Dr. Jorge Planas","description":"Recepci\u00f3n en Londres en Clarence House con motivo del \u201cThe Prince\u2019s Foundation for Integrated Health\u201d sobre la Medicina Integral y Preventiva.","robots":{"index":"index","follow":"follow","max-snippet":"max-snippet:-1","max-image-preview":"max-image-preview:large","max-video-preview":"max-video-preview:-1"},"canonical":"https:\/\/www.clinicaplanas.com\/jorge-planas\/2007\/03\/07\/recepcion-en-londres-en-clarence-house\/","og_locale":"es_ES","og_type":"article","og_title":"Recepci\u00f3n en Londres en Clarence House - Dr. Jorge Planas","og_description":"Recepci\u00f3n en Londres en Clarence House con motivo del \u201cThe Prince\u2019s Foundation for Integrated Health\u201d sobre la Medicina Integral y Preventiva.","og_url":"https:\/\/www.clinicaplanas.com\/jorge-planas\/2007\/03\/07\/recepcion-en-londres-en-clarence-house\/","og_site_name":"Tu blog de medicina y cirug\u00eda est\u00e9tica - Cl\u00ednica Planas","article_published_time":"2007-03-07T18:53:55+00:00","author":"Doctor JorgePlanas","twitter_card":"summary_large_image","twitter_misc":{"Escrito por":"Doctor JorgePlanas"},"schema":{"@context":"https:\/\/schema.org","@graph":[{"@type":"Article","@id":"https:\/\/www.clinicaplanas.com\/jorge-planas\/2007\/03\/07\/recepcion-en-londres-en-clarence-house\/#article","isPartOf":{"@id":"https:\/\/www.clinicaplanas.com\/jorge-planas\/2007\/03\/07\/recepcion-en-londres-en-clarence-house\/"},"author":{"name":"Doctor JorgePlanas","@id":"https:\/\/www.clinicaplanas.com\/jorge-planas\/#\/schema\/person\/b13ac6e9212d6f27b00095767a2f4417"},"headline":"RECEPCI\u00d3N EN LONDRES EN CLARENCE HOUSE","datePublished":"2007-03-07T18:53:55+00:00","dateModified":"2007-03-07T18:53:55+00:00","mainEntityOfPage":{"@id":"https:\/\/www.clinicaplanas.com\/jorge-planas\/2007\/03\/07\/recepcion-en-londres-en-clarence-house\/"},"wordCount":86,"commentCount":0,"publisher":{"@id":"https:\/\/www.clinicaplanas.com\/jorge-planas\/#organization"},"articleSection":["Congresos"],"inLanguage":"es","potentialAction":[{"@type":"CommentAction","name":"Comment","target":["https:\/\/www.clinicaplanas.com\/jorge-planas\/2007\/03\/07\/recepcion-en-londres-en-clarence-house\/#respond"]}]},{"@type":"WebPage","@id":"https:\/\/www.clinicaplanas.com\/jorge-planas\/2007\/03\/07\/recepcion-en-londres-en-clarence-house\/","url":"https:\/\/www.clinicaplanas.com\/jorge-planas\/2007\/03\/07\/recepcion-en-londres-en-clarence-house\/","name":"Recepci\u00f3n en Londres en Clarence House - Dr. Jorge Planas","isPartOf":{"@id":"https:\/\/www.clinicaplanas.com\/jorge-planas\/#website"},"datePublished":"2007-03-07T18:53:55+00:00","dateModified":"2007-03-07T18:53:55+00:00","description":"Recepci\u00f3n en Londres en Clarence House con motivo del \u201cThe Prince\u2019s Foundation for Integrated Health\u201d sobre la Medicina Integral y Preventiva.","breadcrumb":{"@id":"https:\/\/www.clinicaplanas.com\/jorge-planas\/2007\/03\/07\/recepcion-en-londres-en-clarence-house\/#breadcrumb"},"inLanguage":"es","potentialAction":[{"@type":"ReadAction","target":["https:\/\/www.clinicaplanas.com\/jorge-planas\/2007\/03\/07\/recepcion-en-londres-en-clarence-house\/"]}]},{"@type":"BreadcrumbList","@id":"https:\/\/www.clinicaplanas.com\/jorge-planas\/2007\/03\/07\/recepcion-en-londres-en-clarence-house\/#breadcrumb","itemListElement":[{"@type":"ListItem","position":1,"name":"Home","item":"https:\/\/www.clinicaplanas.com\/jorge-planas\/"},{"@type":"ListItem","position":2,"name":"postoperatorio","item":"https:\/\/www.clinicaplanas.com\/jorge-planas\/tag\/postoperatorio\/"},{"@type":"ListItem","position":3,"name":"RECEPCI\u00d3N EN LONDRES EN CLARENCE HOUSE"}]},{"@type":"WebSite","@id":"https:\/\/www.clinicaplanas.com\/jorge-planas\/#website","url":"https:\/\/www.clinicaplanas.com\/jorge-planas\/","name":"Tu blog de medicina y cirug\u00eda est\u00e9tica - Cl\u00ednica Planas","description":"Mantente al d\u00eda sobre medicina y cirug\u00eda est\u00e9tica con el blog de Cl\u00ednica Planas. Noticias de actualidad, novedades y tips de la mano de nuestros especialistas.","publisher":{"@id":"https:\/\/www.clinicaplanas.com\/jorge-planas\/#organization"},"potentialAction":[{"@type":"SearchAction","target":{"@type":"EntryPoint","urlTemplate":"https:\/\/www.clinicaplanas.com\/jorge-planas\/?s={search_term_string}"},"query-input":{"@type":"PropertyValueSpecification","valueRequired":true,"valueName":"search_term_string"}}],"inLanguage":"es"},{"@type":"Organization","@id":"https:\/\/www.clinicaplanas.com\/jorge-planas\/#organization","name":"Cl\u00ednica Planas","url":"https:\/\/www.clinicaplanas.com\/jorge-planas\/","logo":{"@type":"ImageObject","inLanguage":"es","@id":"https:\/\/www.clinicaplanas.com\/jorge-planas\/#\/schema\/logo\/image\/","url":"https:\/\/www.clinicaplanas.com\/jorge-planas\/wp-content\/cropped-android-icon-192x192-1.png","contentUrl":"https:\/\/www.clinicaplanas.com\/jorge-planas\/wp-content\/cropped-android-icon-192x192-1.png","width":512,"height":512,"caption":"Cl\u00ednica Planas"},"image":{"@id":"https:\/\/www.clinicaplanas.com\/jorge-planas\/#\/schema\/logo\/image\/"}},{"@type":"Person","@id":"https:\/\/www.clinicaplanas.com\/jorge-planas\/#\/schema\/person\/b13ac6e9212d6f27b00095767a2f4417","name":"Doctor JorgePlanas","image":{"@type":"ImageObject","inLanguage":"es","@id":"https:\/\/www.clinicaplanas.com\/jorge-planas\/#\/schema\/person\/image\/","url":"https:\/\/secure.gravatar.com\/avatar\/?s=96&d=mm&r=g","contentUrl":"https:\/\/secure.gravatar.com\/avatar\/?s=96&d=mm&r=g","caption":"Doctor JorgePlanas"},"url":"https:\/\/www.clinicaplanas.com\/jorge-planas\/author\/doctor-jorgeplanas\/"}]}},"_links":{"self":[{"href":"https:\/\/www.clinicaplanas.com\/jorge-planas\/wp-json\/wp\/v2\/posts\/125"}],"collection":[{"href":"https:\/\/www.clinicaplanas.com\/jorge-planas\/wp-json\/wp\/v2\/posts"}],"about":[{"href":"https:\/\/www.clinicaplanas.com\/jorge-planas\/wp-json\/wp\/v2\/types\/post"}],"author":[{"embeddable":true,"href":"https:\/\/www.clinicaplanas.com\/jorge-planas\/wp-json\/wp\/v2\/users\/102"}],"replies":[{"embeddable":true,"href":"https:\/\/www.clinicaplanas.com\/jorge-planas\/wp-json\/wp\/v2\/comments?post=125"}],"version-history":[{"count":0,"href":"https:\/\/www.clinicaplanas.com\/jorge-planas\/wp-json\/wp\/v2\/posts\/125\/revisions"}],"wp:attachment":[{"href":"https:\/\/www.clinicaplanas.com\/jorge-planas\/wp-json\/wp\/v2\/media?parent=125"}],"wp:term":[{"taxonomy":"category","embeddable":true,"href":"https:\/\/www.clinicaplanas.com\/jorge-planas\/wp-json\/wp\/v2\/categories?post=125"},{"taxonomy":"post_tag","embeddable":true,"href":"https:\/\/www.clinicaplanas.com\/jorge-planas\/wp-json\/wp\/v2\/tags?post=125"}],"curies":[{"name":"wp","href":"https:\/\/api.w.org\/{rel}","templated":true}]}}