{"id":122,"date":"2007-03-07T19:47:42","date_gmt":"2007-03-07T18:47:42","guid":{"rendered":"http:\/\/www.clinicaplanas.com\/jorge-planas\/2007\/03\/07\/v-congreso-de-la-semal\/"},"modified":"2007-03-07T19:47:42","modified_gmt":"2007-03-07T18:47:42","slug":"v-congreso-de-la-semal","status":"publish","type":"post","link":"https:\/\/www.clinicaplanas.com\/jorge-planas\/2007\/03\/07\/v-congreso-de-la-semal\/","title":{"rendered":"V CONGRESO DE LA SEMAL"},"content":{"rendered":"<p><!--:es-->Los d\u00edas 3, 4, y 5 de noviembre de 2006, se celebro en Madrid, el V Congreso de la <a href=\"http:\/\/www.semal.org\/\">Sociedad Espa\u00f1ola de Medicina Antienvejecimiento y Longevidad<\/a> (SEMAL), de la cual soy secretario general.<\/p>\n<p>Tuve el honor de realizar el acto de apertura del congreso junto a su Excma. Sra. D\u00f1a. Ana Maria Botella, representando al ayuntamiento de Madrid y el Dr. Jos\u00e9 Marquez-Serres, presidente de la SEMAL.<\/p>\n<p>El pr\u00f3ximo congreso de la SEMAL, se celebrar\u00e1 el 28, 29 y 30 de septiembre en el auditorio de la <a href=\"https:\/\/www.clinicaplanas.com\/\">Cl\u00ednica Planas<\/a>.<\/p>\n<p><img decoding=\"async\" class=\"aligncenter size-full wp-image-7611\" src=\"https:\/\/www.clinicaplanas.com\/jorge-planas\/wp-content\/uploads\/Semal.jpeg\" alt=\"Congreso Semal\" width=\"225\" height=\"225\" srcset=\"https:\/\/www.clinicaplanas.com\/jorge-planas\/wp-content\/Semal.jpeg 225w, https:\/\/www.clinicaplanas.com\/jorge-planas\/wp-content\/Semal-150x150.jpeg 150w\" sizes=\"(max-width: 225px) 100vw, 225px\" \/><\/p>\n<p>&nbsp;<\/p>\n<p><!--:--><\/p>\n","protected":false},"excerpt":{"rendered":"<p>Los d\u00edas 3, 4, y 5 de noviembre de 2006, se celebro en Madrid, el V Congreso de la Sociedad Espa\u00f1ola de Medicina Antienvejecimiento y Longevidad (SEMAL), de la cual soy secretario general. Tuve el honor de realizar el acto de apertura del congreso junto a su Excma. Sra. D\u00f1a. Ana Maria Botella, representando al [&#8230;]\n","protected":false},"author":102,"featured_media":0,"comment_status":"open","ping_status":"open","sticky":false,"template":"","format":"standard","meta":{"footnotes":""},"categories":[258],"tags":[],"class_list":["post-122","post","type-post","status-publish","format-standard","hentry","category-congresos"],"yoast_head":"<!-- This site is optimized with the Yoast SEO plugin v23.4 - https:\/\/yoast.com\/wordpress\/plugins\/seo\/ -->\n<title>V CONGRESO DE LA SEMAL - TT - Tu blog de medicina y cirug\u00eda est\u00e9tica - Cl\u00ednica Planas<\/title>\n<meta name=\"robots\" content=\"index, follow, max-snippet:-1, max-image-preview:large, max-video-preview:-1\" \/>\n<link rel=\"canonical\" href=\"https:\/\/www.clinicaplanas.com\/jorge-planas\/2007\/03\/07\/v-congreso-de-la-semal\/\" \/>\n<meta property=\"og:locale\" content=\"es_ES\" \/>\n<meta property=\"og:type\" content=\"article\" \/>\n<meta property=\"og:title\" content=\"V CONGRESO DE LA SEMAL - TT - Tu blog de medicina y cirug\u00eda est\u00e9tica - Cl\u00ednica Planas\" \/>\n<meta property=\"og:description\" content=\"Los d\u00edas 3, 4, y 5 de noviembre de 2006, se celebro en Madrid, el V Congreso de la Sociedad Espa\u00f1ola de Medicina Antienvejecimiento y Longevidad (SEMAL), de la cual soy secretario general. Tuve el honor de realizar el acto de apertura del congreso junto a su Excma. Sra. D\u00f1a. Ana Maria Botella, representando al [...]\" \/>\n<meta property=\"og:url\" content=\"https:\/\/www.clinicaplanas.com\/jorge-planas\/2007\/03\/07\/v-congreso-de-la-semal\/\" \/>\n<meta property=\"og:site_name\" content=\"Tu blog de medicina y cirug\u00eda est\u00e9tica - Cl\u00ednica Planas\" \/>\n<meta property=\"article:published_time\" content=\"2007-03-07T18:47:42+00:00\" \/>\n<meta property=\"og:image\" content=\"https:\/\/www.clinicaplanas.com\/jorge-planas\/wp-content\/uploads\/Semal.jpeg\" \/>\n<meta name=\"author\" content=\"Doctor JorgePlanas\" \/>\n<meta name=\"twitter:card\" content=\"summary_large_image\" \/>\n<meta name=\"twitter:label1\" content=\"Escrito por\" \/>\n\t<meta name=\"twitter:data1\" content=\"Doctor JorgePlanas\" \/>\n<!-- \/ Yoast SEO plugin. -->","yoast_head_json":{"title":"V CONGRESO DE LA SEMAL - TT - Tu blog de medicina y cirug\u00eda est\u00e9tica - Cl\u00ednica Planas","robots":{"index":"index","follow":"follow","max-snippet":"max-snippet:-1","max-image-preview":"max-image-preview:large","max-video-preview":"max-video-preview:-1"},"canonical":"https:\/\/www.clinicaplanas.com\/jorge-planas\/2007\/03\/07\/v-congreso-de-la-semal\/","og_locale":"es_ES","og_type":"article","og_title":"V CONGRESO DE LA SEMAL - TT - Tu blog de medicina y cirug\u00eda est\u00e9tica - Cl\u00ednica Planas","og_description":"Los d\u00edas 3, 4, y 5 de noviembre de 2006, se celebro en Madrid, el V Congreso de la Sociedad Espa\u00f1ola de Medicina Antienvejecimiento y Longevidad (SEMAL), de la cual soy secretario general. Tuve el honor de realizar el acto de apertura del congreso junto a su Excma. Sra. D\u00f1a. Ana Maria Botella, representando al [...]","og_url":"https:\/\/www.clinicaplanas.com\/jorge-planas\/2007\/03\/07\/v-congreso-de-la-semal\/","og_site_name":"Tu blog de medicina y cirug\u00eda est\u00e9tica - Cl\u00ednica Planas","article_published_time":"2007-03-07T18:47:42+00:00","og_image":[{"url":"https:\/\/www.clinicaplanas.com\/jorge-planas\/wp-content\/uploads\/Semal.jpeg"}],"author":"Doctor JorgePlanas","twitter_card":"summary_large_image","twitter_misc":{"Escrito por":"Doctor JorgePlanas"},"schema":{"@context":"https:\/\/schema.org","@graph":[{"@type":"Article","@id":"https:\/\/www.clinicaplanas.com\/jorge-planas\/2007\/03\/07\/v-congreso-de-la-semal\/#article","isPartOf":{"@id":"https:\/\/www.clinicaplanas.com\/jorge-planas\/2007\/03\/07\/v-congreso-de-la-semal\/"},"author":{"name":"Doctor JorgePlanas","@id":"https:\/\/www.clinicaplanas.com\/jorge-planas\/#\/schema\/person\/b13ac6e9212d6f27b00095767a2f4417"},"headline":"V CONGRESO DE LA SEMAL","datePublished":"2007-03-07T18:47:42+00:00","dateModified":"2007-03-07T18:47:42+00:00","mainEntityOfPage":{"@id":"https:\/\/www.clinicaplanas.com\/jorge-planas\/2007\/03\/07\/v-congreso-de-la-semal\/"},"wordCount":93,"commentCount":0,"publisher":{"@id":"https:\/\/www.clinicaplanas.com\/jorge-planas\/#organization"},"image":{"@id":"https:\/\/www.clinicaplanas.com\/jorge-planas\/2007\/03\/07\/v-congreso-de-la-semal\/#primaryimage"},"thumbnailUrl":"https:\/\/www.clinicaplanas.com\/jorge-planas\/wp-content\/uploads\/Semal.jpeg","articleSection":["Congresos"],"inLanguage":"es","potentialAction":[{"@type":"CommentAction","name":"Comment","target":["https:\/\/www.clinicaplanas.com\/jorge-planas\/2007\/03\/07\/v-congreso-de-la-semal\/#respond"]}]},{"@type":"WebPage","@id":"https:\/\/www.clinicaplanas.com\/jorge-planas\/2007\/03\/07\/v-congreso-de-la-semal\/","url":"https:\/\/www.clinicaplanas.com\/jorge-planas\/2007\/03\/07\/v-congreso-de-la-semal\/","name":"V CONGRESO DE LA SEMAL - TT - Tu blog de medicina y cirug\u00eda est\u00e9tica - Cl\u00ednica Planas","isPartOf":{"@id":"https:\/\/www.clinicaplanas.com\/jorge-planas\/#website"},"primaryImageOfPage":{"@id":"https:\/\/www.clinicaplanas.com\/jorge-planas\/2007\/03\/07\/v-congreso-de-la-semal\/#primaryimage"},"image":{"@id":"https:\/\/www.clinicaplanas.com\/jorge-planas\/2007\/03\/07\/v-congreso-de-la-semal\/#primaryimage"},"thumbnailUrl":"https:\/\/www.clinicaplanas.com\/jorge-planas\/wp-content\/uploads\/Semal.jpeg","datePublished":"2007-03-07T18:47:42+00:00","dateModified":"2007-03-07T18:47:42+00:00","breadcrumb":{"@id":"https:\/\/www.clinicaplanas.com\/jorge-planas\/2007\/03\/07\/v-congreso-de-la-semal\/#breadcrumb"},"inLanguage":"es","potentialAction":[{"@type":"ReadAction","target":["https:\/\/www.clinicaplanas.com\/jorge-planas\/2007\/03\/07\/v-congreso-de-la-semal\/"]}]},{"@type":"ImageObject","inLanguage":"es","@id":"https:\/\/www.clinicaplanas.com\/jorge-planas\/2007\/03\/07\/v-congreso-de-la-semal\/#primaryimage","url":"https:\/\/www.clinicaplanas.com\/jorge-planas\/wp-content\/uploads\/Semal.jpeg","contentUrl":"https:\/\/www.clinicaplanas.com\/jorge-planas\/wp-content\/uploads\/Semal.jpeg"},{"@type":"BreadcrumbList","@id":"https:\/\/www.clinicaplanas.com\/jorge-planas\/2007\/03\/07\/v-congreso-de-la-semal\/#breadcrumb","itemListElement":[{"@type":"ListItem","position":1,"name":"Home","item":"https:\/\/www.clinicaplanas.com\/jorge-planas\/"},{"@type":"ListItem","position":2,"name":"postoperatorio","item":"https:\/\/www.clinicaplanas.com\/jorge-planas\/tag\/postoperatorio\/"},{"@type":"ListItem","position":3,"name":"V CONGRESO DE LA SEMAL"}]},{"@type":"WebSite","@id":"https:\/\/www.clinicaplanas.com\/jorge-planas\/#website","url":"https:\/\/www.clinicaplanas.com\/jorge-planas\/","name":"Tu blog de medicina y cirug\u00eda est\u00e9tica - Cl\u00ednica Planas","description":"Mantente al d\u00eda sobre medicina y cirug\u00eda est\u00e9tica con el blog de Cl\u00ednica Planas. Noticias de actualidad, novedades y tips de la mano de nuestros especialistas.","publisher":{"@id":"https:\/\/www.clinicaplanas.com\/jorge-planas\/#organization"},"potentialAction":[{"@type":"SearchAction","target":{"@type":"EntryPoint","urlTemplate":"https:\/\/www.clinicaplanas.com\/jorge-planas\/?s={search_term_string}"},"query-input":{"@type":"PropertyValueSpecification","valueRequired":true,"valueName":"search_term_string"}}],"inLanguage":"es"},{"@type":"Organization","@id":"https:\/\/www.clinicaplanas.com\/jorge-planas\/#organization","name":"Cl\u00ednica Planas","url":"https:\/\/www.clinicaplanas.com\/jorge-planas\/","logo":{"@type":"ImageObject","inLanguage":"es","@id":"https:\/\/www.clinicaplanas.com\/jorge-planas\/#\/schema\/logo\/image\/","url":"https:\/\/www.clinicaplanas.com\/jorge-planas\/wp-content\/cropped-android-icon-192x192-1.png","contentUrl":"https:\/\/www.clinicaplanas.com\/jorge-planas\/wp-content\/cropped-android-icon-192x192-1.png","width":512,"height":512,"caption":"Cl\u00ednica Planas"},"image":{"@id":"https:\/\/www.clinicaplanas.com\/jorge-planas\/#\/schema\/logo\/image\/"}},{"@type":"Person","@id":"https:\/\/www.clinicaplanas.com\/jorge-planas\/#\/schema\/person\/b13ac6e9212d6f27b00095767a2f4417","name":"Doctor JorgePlanas","image":{"@type":"ImageObject","inLanguage":"es","@id":"https:\/\/www.clinicaplanas.com\/jorge-planas\/#\/schema\/person\/image\/","url":"https:\/\/secure.gravatar.com\/avatar\/?s=96&d=mm&r=g","contentUrl":"https:\/\/secure.gravatar.com\/avatar\/?s=96&d=mm&r=g","caption":"Doctor JorgePlanas"},"url":"https:\/\/www.clinicaplanas.com\/jorge-planas\/author\/doctor-jorgeplanas\/"}]}},"_links":{"self":[{"href":"https:\/\/www.clinicaplanas.com\/jorge-planas\/wp-json\/wp\/v2\/posts\/122"}],"collection":[{"href":"https:\/\/www.clinicaplanas.com\/jorge-planas\/wp-json\/wp\/v2\/posts"}],"about":[{"href":"https:\/\/www.clinicaplanas.com\/jorge-planas\/wp-json\/wp\/v2\/types\/post"}],"author":[{"embeddable":true,"href":"https:\/\/www.clinicaplanas.com\/jorge-planas\/wp-json\/wp\/v2\/users\/102"}],"replies":[{"embeddable":true,"href":"https:\/\/www.clinicaplanas.com\/jorge-planas\/wp-json\/wp\/v2\/comments?post=122"}],"version-history":[{"count":0,"href":"https:\/\/www.clinicaplanas.com\/jorge-planas\/wp-json\/wp\/v2\/posts\/122\/revisions"}],"wp:attachment":[{"href":"https:\/\/www.clinicaplanas.com\/jorge-planas\/wp-json\/wp\/v2\/media?parent=122"}],"wp:term":[{"taxonomy":"category","embeddable":true,"href":"https:\/\/www.clinicaplanas.com\/jorge-planas\/wp-json\/wp\/v2\/categories?post=122"},{"taxonomy":"post_tag","embeddable":true,"href":"https:\/\/www.clinicaplanas.com\/jorge-planas\/wp-json\/wp\/v2\/tags?post=122"}],"curies":[{"name":"wp","href":"https:\/\/api.w.org\/{rel}","templated":true}]}}