{"id":1112,"date":"2011-11-04T14:40:58","date_gmt":"2011-11-04T13:40:58","guid":{"rendered":"http:\/\/www.clinicaplanas.com\/jorge-planas\/?p=1112"},"modified":"2011-11-04T14:40:58","modified_gmt":"2011-11-04T13:40:58","slug":"clinica-planas-estrena-nueva-pagina-web","status":"publish","type":"post","link":"https:\/\/www.clinicaplanas.com\/jorge-planas\/2011\/11\/04\/clinica-planas-estrena-nueva-pagina-web\/","title":{"rendered":"Cl\u00ednica Planas estrena nueva p\u00e1gina web"},"content":{"rendered":"<p><!--:es-->Coincidiendo con el <strong>40\u00ba aniversario<\/strong> de <strong><a href=\"https:\/\/www.clinicaplanas.com\/\">Cl\u00ednica Planas<\/a><\/strong>, tambi\u00e9n hemos querido renovar la imagen de la web de Cl\u00ednica Planas. Por ello quisiera invitaros a navegar por la nueva web, que mantiene la misma direcci\u00f3n: <strong><a href=\"https:\/\/www.clinicaplanas.com\/\">www.clinicaplanas.com<\/a><\/strong><\/p>\n<p>Comprobar\u00e9is que hemos dotado a la web de un dise\u00f1o mucho m\u00e1s visual e intuitivo, con el objetivo de facilitar las b\u00fasquedas sobre los tratamientos que interesen. Adem\u00e1s, si desconoc\u00e9is la denominaci\u00f3n m\u00e9dica del tratamiento que m\u00e1s se ajusta a vuestras necesidades, la web intentar\u00e1 guiaros gracias a la clasificaci\u00f3n por \u00e1reas tem\u00e1ticas. Del mismo modo, la web permite realizar una b\u00fasqueda por doctores, seg\u00fan su especializaci\u00f3n.<\/p>\n<p>Entre los contenidos de la web, hay que destacar tambi\u00e9n los referentes a las publicaciones cient\u00edficas de doctores de Cl\u00ednica Planas, as\u00ed como el apartado de noticias de actualidad relacionadas con la actividad de la cl\u00ednica:<\/p>\n<p><a href=\"https:\/\/www.clinicaplanas.com\/prensa\">https:\/\/www.clinicaplanas.com\/prensa<\/a><\/p>\n<p>Por \u00faltimo, la web permite la comodidad de solicitar <strong><a href=\"https:\/\/www.clinicaplanas.com\/cita\">cita online<\/a><\/strong>.<br \/>\nSeguimos trabajando para la excelencia de todos nuestros canales de comunicaci\u00f3n y estar\u00e9 encantado de recibir vuestras cr\u00edticas.<!--:--><\/p>\n","protected":false},"excerpt":{"rendered":"<p>Coincidiendo con el 40\u00ba aniversario de Cl\u00ednica Planas, tambi\u00e9n hemos querido renovar la imagen de la web de Cl\u00ednica Planas. Por ello quisiera invitaros a navegar por la nueva web, que mantiene la misma direcci\u00f3n: www.clinicaplanas.com Comprobar\u00e9is que hemos dotado a la web de un dise\u00f1o mucho m\u00e1s visual e intuitivo, con el objetivo de [&#8230;]\n","protected":false},"author":102,"featured_media":0,"comment_status":"open","ping_status":"open","sticky":false,"template":"","format":"standard","meta":{"footnotes":""},"categories":[241,265],"tags":[327,404,437],"class_list":["post-1112","post","type-post","status-publish","format-standard","hentry","category-cirugia-plastica-estetica","category-prensa","tag-clinica-planas","tag-jorge-planas","tag-planas-day"],"yoast_head":"<!-- This site is optimized with the Yoast SEO plugin v23.4 - https:\/\/yoast.com\/wordpress\/plugins\/seo\/ -->\n<title>Nueva p\u00e1gina web de Cl\u00ednica Planas - Dr. Jorge Planas Blog<\/title>\n<meta name=\"robots\" content=\"index, follow, max-snippet:-1, max-image-preview:large, max-video-preview:-1\" \/>\n<link rel=\"canonical\" href=\"https:\/\/www.clinicaplanas.com\/jorge-planas\/2011\/11\/04\/clinica-planas-estrena-nueva-pagina-web\/\" \/>\n<meta property=\"og:locale\" content=\"es_ES\" \/>\n<meta property=\"og:type\" content=\"article\" \/>\n<meta property=\"og:title\" content=\"Nueva p\u00e1gina web de Cl\u00ednica Planas - Dr. Jorge Planas Blog\" \/>\n<meta property=\"og:description\" content=\"Coincidiendo con el 40\u00ba aniversario de Cl\u00ednica Planas, tambi\u00e9n hemos querido renovar la imagen de la web de Cl\u00ednica Planas. Por ello quisiera invitaros a navegar por la nueva web, que mantiene la misma direcci\u00f3n: www.clinicaplanas.com Comprobar\u00e9is que hemos dotado a la web de un dise\u00f1o mucho m\u00e1s visual e intuitivo, con el objetivo de [...]\" \/>\n<meta property=\"og:url\" content=\"https:\/\/www.clinicaplanas.com\/jorge-planas\/2011\/11\/04\/clinica-planas-estrena-nueva-pagina-web\/\" \/>\n<meta property=\"og:site_name\" content=\"Tu blog de medicina y cirug\u00eda est\u00e9tica - Cl\u00ednica Planas\" \/>\n<meta property=\"article:published_time\" content=\"2011-11-04T13:40:58+00:00\" \/>\n<meta name=\"author\" content=\"Doctor JorgePlanas\" \/>\n<meta name=\"twitter:card\" content=\"summary_large_image\" \/>\n<meta name=\"twitter:label1\" content=\"Escrito por\" \/>\n\t<meta name=\"twitter:data1\" content=\"Doctor JorgePlanas\" \/>\n\t<meta name=\"twitter:label2\" content=\"Tiempo de lectura\" \/>\n\t<meta name=\"twitter:data2\" content=\"1 minuto\" \/>\n<!-- \/ Yoast SEO plugin. -->","yoast_head_json":{"title":"Nueva p\u00e1gina web de Cl\u00ednica Planas - Dr. Jorge Planas Blog","robots":{"index":"index","follow":"follow","max-snippet":"max-snippet:-1","max-image-preview":"max-image-preview:large","max-video-preview":"max-video-preview:-1"},"canonical":"https:\/\/www.clinicaplanas.com\/jorge-planas\/2011\/11\/04\/clinica-planas-estrena-nueva-pagina-web\/","og_locale":"es_ES","og_type":"article","og_title":"Nueva p\u00e1gina web de Cl\u00ednica Planas - Dr. Jorge Planas Blog","og_description":"Coincidiendo con el 40\u00ba aniversario de Cl\u00ednica Planas, tambi\u00e9n hemos querido renovar la imagen de la web de Cl\u00ednica Planas. Por ello quisiera invitaros a navegar por la nueva web, que mantiene la misma direcci\u00f3n: www.clinicaplanas.com Comprobar\u00e9is que hemos dotado a la web de un dise\u00f1o mucho m\u00e1s visual e intuitivo, con el objetivo de [...]","og_url":"https:\/\/www.clinicaplanas.com\/jorge-planas\/2011\/11\/04\/clinica-planas-estrena-nueva-pagina-web\/","og_site_name":"Tu blog de medicina y cirug\u00eda est\u00e9tica - Cl\u00ednica Planas","article_published_time":"2011-11-04T13:40:58+00:00","author":"Doctor JorgePlanas","twitter_card":"summary_large_image","twitter_misc":{"Escrito por":"Doctor JorgePlanas","Tiempo de lectura":"1 minuto"},"schema":{"@context":"https:\/\/schema.org","@graph":[{"@type":"Article","@id":"https:\/\/www.clinicaplanas.com\/jorge-planas\/2011\/11\/04\/clinica-planas-estrena-nueva-pagina-web\/#article","isPartOf":{"@id":"https:\/\/www.clinicaplanas.com\/jorge-planas\/2011\/11\/04\/clinica-planas-estrena-nueva-pagina-web\/"},"author":{"name":"Doctor JorgePlanas","@id":"https:\/\/www.clinicaplanas.com\/jorge-planas\/#\/schema\/person\/b13ac6e9212d6f27b00095767a2f4417"},"headline":"Cl\u00ednica Planas estrena nueva p\u00e1gina web","datePublished":"2011-11-04T13:40:58+00:00","dateModified":"2011-11-04T13:40:58+00:00","mainEntityOfPage":{"@id":"https:\/\/www.clinicaplanas.com\/jorge-planas\/2011\/11\/04\/clinica-planas-estrena-nueva-pagina-web\/"},"wordCount":206,"commentCount":0,"publisher":{"@id":"https:\/\/www.clinicaplanas.com\/jorge-planas\/#organization"},"keywords":["Cl\u00ednica Planas","Jorge Planas","Planas Day"],"articleSection":["Art\u00edculos de Cirug\u00eda Est\u00e9tica","Prensa"],"inLanguage":"es","potentialAction":[{"@type":"CommentAction","name":"Comment","target":["https:\/\/www.clinicaplanas.com\/jorge-planas\/2011\/11\/04\/clinica-planas-estrena-nueva-pagina-web\/#respond"]}]},{"@type":"WebPage","@id":"https:\/\/www.clinicaplanas.com\/jorge-planas\/2011\/11\/04\/clinica-planas-estrena-nueva-pagina-web\/","url":"https:\/\/www.clinicaplanas.com\/jorge-planas\/2011\/11\/04\/clinica-planas-estrena-nueva-pagina-web\/","name":"Nueva p\u00e1gina web de Cl\u00ednica Planas - Dr. Jorge Planas Blog","isPartOf":{"@id":"https:\/\/www.clinicaplanas.com\/jorge-planas\/#website"},"datePublished":"2011-11-04T13:40:58+00:00","dateModified":"2011-11-04T13:40:58+00:00","breadcrumb":{"@id":"https:\/\/www.clinicaplanas.com\/jorge-planas\/2011\/11\/04\/clinica-planas-estrena-nueva-pagina-web\/#breadcrumb"},"inLanguage":"es","potentialAction":[{"@type":"ReadAction","target":["https:\/\/www.clinicaplanas.com\/jorge-planas\/2011\/11\/04\/clinica-planas-estrena-nueva-pagina-web\/"]}]},{"@type":"BreadcrumbList","@id":"https:\/\/www.clinicaplanas.com\/jorge-planas\/2011\/11\/04\/clinica-planas-estrena-nueva-pagina-web\/#breadcrumb","itemListElement":[{"@type":"ListItem","position":1,"name":"Home","item":"https:\/\/www.clinicaplanas.com\/jorge-planas\/"},{"@type":"ListItem","position":2,"name":"Art\u00edculos de Cirug\u00eda Est\u00e9tica","item":"https:\/\/www.clinicaplanas.com\/jorge-planas\/cirugia-plastica-estetica\/"},{"@type":"ListItem","position":3,"name":"Cl\u00ednica Planas estrena nueva p\u00e1gina web"}]},{"@type":"WebSite","@id":"https:\/\/www.clinicaplanas.com\/jorge-planas\/#website","url":"https:\/\/www.clinicaplanas.com\/jorge-planas\/","name":"Tu blog de medicina y cirug\u00eda est\u00e9tica - Cl\u00ednica Planas","description":"Mantente al d\u00eda sobre medicina y cirug\u00eda est\u00e9tica con el blog de Cl\u00ednica Planas. Noticias de actualidad, novedades y tips de la mano de nuestros especialistas.","publisher":{"@id":"https:\/\/www.clinicaplanas.com\/jorge-planas\/#organization"},"potentialAction":[{"@type":"SearchAction","target":{"@type":"EntryPoint","urlTemplate":"https:\/\/www.clinicaplanas.com\/jorge-planas\/?s={search_term_string}"},"query-input":{"@type":"PropertyValueSpecification","valueRequired":true,"valueName":"search_term_string"}}],"inLanguage":"es"},{"@type":"Organization","@id":"https:\/\/www.clinicaplanas.com\/jorge-planas\/#organization","name":"Cl\u00ednica Planas","url":"https:\/\/www.clinicaplanas.com\/jorge-planas\/","logo":{"@type":"ImageObject","inLanguage":"es","@id":"https:\/\/www.clinicaplanas.com\/jorge-planas\/#\/schema\/logo\/image\/","url":"https:\/\/www.clinicaplanas.com\/jorge-planas\/wp-content\/cropped-android-icon-192x192-1.png","contentUrl":"https:\/\/www.clinicaplanas.com\/jorge-planas\/wp-content\/cropped-android-icon-192x192-1.png","width":512,"height":512,"caption":"Cl\u00ednica Planas"},"image":{"@id":"https:\/\/www.clinicaplanas.com\/jorge-planas\/#\/schema\/logo\/image\/"}},{"@type":"Person","@id":"https:\/\/www.clinicaplanas.com\/jorge-planas\/#\/schema\/person\/b13ac6e9212d6f27b00095767a2f4417","name":"Doctor JorgePlanas","image":{"@type":"ImageObject","inLanguage":"es","@id":"https:\/\/www.clinicaplanas.com\/jorge-planas\/#\/schema\/person\/image\/","url":"https:\/\/secure.gravatar.com\/avatar\/?s=96&d=mm&r=g","contentUrl":"https:\/\/secure.gravatar.com\/avatar\/?s=96&d=mm&r=g","caption":"Doctor JorgePlanas"},"url":"https:\/\/www.clinicaplanas.com\/jorge-planas\/author\/doctor-jorgeplanas\/"}]}},"_links":{"self":[{"href":"https:\/\/www.clinicaplanas.com\/jorge-planas\/wp-json\/wp\/v2\/posts\/1112"}],"collection":[{"href":"https:\/\/www.clinicaplanas.com\/jorge-planas\/wp-json\/wp\/v2\/posts"}],"about":[{"href":"https:\/\/www.clinicaplanas.com\/jorge-planas\/wp-json\/wp\/v2\/types\/post"}],"author":[{"embeddable":true,"href":"https:\/\/www.clinicaplanas.com\/jorge-planas\/wp-json\/wp\/v2\/users\/102"}],"replies":[{"embeddable":true,"href":"https:\/\/www.clinicaplanas.com\/jorge-planas\/wp-json\/wp\/v2\/comments?post=1112"}],"version-history":[{"count":0,"href":"https:\/\/www.clinicaplanas.com\/jorge-planas\/wp-json\/wp\/v2\/posts\/1112\/revisions"}],"wp:attachment":[{"href":"https:\/\/www.clinicaplanas.com\/jorge-planas\/wp-json\/wp\/v2\/media?parent=1112"}],"wp:term":[{"taxonomy":"category","embeddable":true,"href":"https:\/\/www.clinicaplanas.com\/jorge-planas\/wp-json\/wp\/v2\/categories?post=1112"},{"taxonomy":"post_tag","embeddable":true,"href":"https:\/\/www.clinicaplanas.com\/jorge-planas\/wp-json\/wp\/v2\/tags?post=1112"}],"curies":[{"name":"wp","href":"https:\/\/api.w.org\/{rel}","templated":true}]}}