{"id":8879,"date":"2026-08-31T13:35:13","date_gmt":"2026-08-31T11:35:13","guid":{"rendered":"https:\/\/www.clinicaplanas.com\/blog\/?p=8879"},"modified":"2026-08-31T14:16:07","modified_gmt":"2026-08-31T12:16:07","slug":"smart-photoprotection-how-to-protect-your-skin-with-a-medical-approach","status":"publish","type":"post","link":"https:\/\/www.clinicaplanas.com\/blog\/en\/2026\/08\/31\/smart-photoprotection-how-to-protect-your-skin-with-a-medical-approach\/","title":{"rendered":"Smart Photoprotection: How to Protect Your Skin with a Medical Approach"},"content":{"rendered":"<h2>Solar radiation: a more complex impact than it seems<\/h2>\n<p>When it comes to skin care, there are decisions whose effects are not immediately noticeable\u2026 but they make all the difference over time.<br \/>\nPhotoprotection is neither a seasonal gesture nor a cosmetic habit. It is a medical strategy. A quiet\u2014but decisive\u2014way to preserve skin health, prevent disease, and maintain skin quality in the long term.<br \/>\nSun exposure does not only affect the skin when we feel heat or notice redness. Ultraviolet radiation has a cumulative effect, altering deeper skin structures and causing progressive cellular damage.<\/p>\n<p>This effect is particularly relevant in:<br \/>\n1. Photoaging<br \/>\n2. Potentially malignant skin lesions<\/p>\n<h2>True photoprotection: beyond SPF<\/h2>\n<p>There is a widespread belief that sun protection simply means choosing a high SPF. However, from a medical perspective, effective protection is far more sophisticated.<br \/>\nThe skin has natural defense mechanisms such as melanin, but their capacity is limited. That is why modern photoprotection is based on:<br \/>\n1. Topical photoprotection<br \/>\n2. Physical protection<br \/>\n3. Exposure management<br \/>\nThe key is not to protect more, but to protect better.<\/p>\n<h2>The real criterion: adherence, not theory<\/h2>\n<p>One of the most common mistakes is choosing sunscreens that are perfect in theory\u2026 but never actually used.<br \/>\nEffectiveness depends on consistency.<br \/>\nUncomfortable textures or unpleasant finishes reduce regular use. That is why:<br \/>\nThe best sunscreen is the one you use every day.<\/p>\n<h2>Sun filters: science, not trends<\/h2>\n<p>Sunscreens are divided into two main groups:<\/p>\n<h3>Chemical filters<\/h3>\n<p>1. Absorb UV radiation<br \/>\n2. Lightweight textures<br \/>\n3. High adherence<\/p>\n<h3>Physical or mineral filters<\/h3>\n<p>1. Reflect radiation<br \/>\n2. Recommended for sensitive skin<br \/>\n3. Evolution toward more elegant formulations<br \/>\nBoth are safe and effective when properly formulated.<\/p>\n<h2>Personalized photoprotection: every skin type requires its own strategy<\/h2>\n<p>There is no single ideal sunscreen.<br \/>\nClinical examples:<br \/>\n1. Acne-prone skin: oil-free<br \/>\n2. Rosacea: soothing formulations<br \/>\n3. Melasma: tinted sunscreen<br \/>\n4. High-risk patients: with DNA repair technology<\/p>\n<p>Personalization is what turns protection into true prevention.<\/p>\n<h2>The sun doesn&#8217;t just shine: it also reflects<\/h2>\n<p>Surfaces such as water, sand, or snow amplify solar radiation.This increases total exposure even when there is no direct perception of the sun.<\/p>\n<h2>Preventive medicine: the value of early diagnosis<\/h2>\n<p>Dermatological check-ups make it possible to detect lesions at an early stage.This is where medicine becomes proactive.<\/p>\n<h2>A silent decision, a visible impact<\/h2>\n<p>Photoprotection does not produce immediate results. But it does change the way the skin evolves over time.<\/p>\n<p>At Cl\u00ednica Planas, this translates into one clear principle:<br \/>\nmedical expertise applied to everyday skin care.<\/p>\n\t<div id=\"text-2853804363\" class=\"text single-tags\">\n\t\t\r\n\r\n\n<!-- Generated by TaxoPress 3.50.0 - https:\/\/wordpress.org\/plugins\/simple-tags\/ -->\n\t<div class=\"taxopress-output-wrapper\"> <div class=\"st-post-tags \"> \n\t<a href=\"https:\/\/www.clinicaplanas.com\/blog\/en\/tag\/skin-cancer\/\" title=\"SKIN CANCER\">SKIN CANCER<\/a>\n<a href=\"https:\/\/www.clinicaplanas.com\/blog\/en\/tag\/dermatology\/\" title=\"dermatology\">dermatology<\/a> <br \/><\/div>\n<\/div>\n\r\n\r\n\t\t\t<\/div>\n\t\n\n\t<section class=\"section\" id=\"section_391791793\">\n\t\t<div class=\"section-bg fill\" >\n\t\t\t\t\t\t\t\t\t<div class=\"section-bg-overlay absolute fill\"><\/div>\n\t\t\t\n\n\t\t<\/div>\n\n\t\t\n\n\t\t<div class=\"section-content relative\">\n\t\t\t\n<div class=\"container section-title-container\" ><h3 class=\"section-title section-title-center\"><b><\/b><span class=\"section-title-main\" >RECOMMENDED TREATMENTS<\/span><b><\/b><\/h3><\/div>\n<div class=\"row\"  id=\"row-322721251\">\n\n\t<div id=\"col-615737125\" class=\"col medium-4 small-12 large-4\"  >\n\t\t\t\t<div class=\"col-inner\"  >\n\t\t\t\n\t\t\t\n\t<div class=\"box has-hover   has-hover box-text-bottom\" >\n\n\t\t<div class=\"box-image\" >\n\t\t\t<a href=\"https:\/\/www.clinicaplanas.com\/en\/clinical-dermatology\/dark-patches-prevention\" target=\"_blank\" rel=\"noopener\" >\t\t\t<div class=\"\" >\n\t\t\t\t<img loading=\"lazy\" decoding=\"async\" width=\"612\" height=\"369\" src=\"https:\/\/www.clinicaplanas.com\/blog\/wp-content\/prevencion-cancer-cutaneo-3.png\" class=\"attachment- size-\" alt=\"\" srcset=\"https:\/\/www.clinicaplanas.com\/blog\/wp-content\/prevencion-cancer-cutaneo-3.png 612w, https:\/\/www.clinicaplanas.com\/blog\/wp-content\/prevencion-cancer-cutaneo-3-300x181.png 300w\" sizes=\"(max-width: 612px) 100vw, 612px\" \/>\t\t\t\t\t\t\t\t\t\t\t<\/div>\n\t\t\t<\/a>\t\t<\/div>\n\n\t\t<div class=\"box-text text-center\" >\n\t\t\t<div class=\"box-text-inner\">\n\t\t\t\t\n<h4>Skin Cancer Prevention<\/h4>\n<p>Photodynamic therapy represents an advance in the treatment of skin aging because, in addition to improving skin quality, it also treats precancerous lesions.<\/p>\n\t\t\t<\/div>\n\t\t<\/div>\n\t<\/div>\n\t\n\t\t<\/div>\n\t\t\t\t\t<\/div>\n\n\t\n\n\t<div id=\"col-422574262\" class=\"col medium-4 small-12 large-4\"  >\n\t\t\t\t<div class=\"col-inner\"  >\n\t\t\t\n\t\t\t\n\t<div class=\"box has-hover   has-hover box-text-bottom\" >\n\n\t\t<div class=\"box-image\" >\n\t\t\t<a href=\"https:\/\/www.clinicaplanas.com\/en\/facial-cosmetic-medicine\/dark-patches-and-tattoos\" target=\"_blank\" rel=\"noopener\" >\t\t\t<div class=\"\" >\n\t\t\t\t<img loading=\"lazy\" decoding=\"async\" width=\"612\" height=\"369\" src=\"https:\/\/www.clinicaplanas.com\/blog\/wp-content\/manchas-piel-6.png\" class=\"attachment- size-\" alt=\"\" srcset=\"https:\/\/www.clinicaplanas.com\/blog\/wp-content\/manchas-piel-6.png 612w, https:\/\/www.clinicaplanas.com\/blog\/wp-content\/manchas-piel-6-300x181.png 300w\" sizes=\"(max-width: 612px) 100vw, 612px\" \/>\t\t\t\t\t\t\t\t\t\t\t<\/div>\n\t\t\t<\/a>\t\t<\/div>\n\n\t\t<div class=\"box-text text-center\" >\n\t\t\t<div class=\"box-text-inner\">\n\t\t\t\t\n<h4>Skin Spots<\/h4>\n<p>One of the most innovative applications of laser treatment is the ability to remove skin spots from the face, d\u00e9colletage, or hands, which are often associated with aging.<\/p>\n\t\t\t<\/div>\n\t\t<\/div>\n\t<\/div>\n\t\n\t\t<\/div>\n\t\t\t\t\t<\/div>\n\n\t\n\n\t<div id=\"col-147379054\" class=\"col medium-4 small-12 large-4\"  >\n\t\t\t\t<div class=\"col-inner\"  >\n\t\t\t\n\t\t\t\n\t<div class=\"box has-hover   has-hover box-text-bottom\" >\n\n\t\t<div class=\"box-image\" >\n\t\t\t<a href=\"https:\/\/www.clinicaplanas.com\/en\/clinical-dermatology\/sun-damage-prevention\" target=\"_blank\" rel=\"noopener\" >\t\t\t<div class=\"\" >\n\t\t\t\t<img loading=\"lazy\" decoding=\"async\" width=\"612\" height=\"369\" src=\"https:\/\/www.clinicaplanas.com\/blog\/wp-content\/envejeicmiento-facial-terapia-luminica-2.png\" class=\"attachment- size-\" alt=\"\" srcset=\"https:\/\/www.clinicaplanas.com\/blog\/wp-content\/envejeicmiento-facial-terapia-luminica-2.png 612w, https:\/\/www.clinicaplanas.com\/blog\/wp-content\/envejeicmiento-facial-terapia-luminica-2-300x181.png 300w\" sizes=\"(max-width: 612px) 100vw, 612px\" \/>\t\t\t\t\t\t\t\t\t\t\t<\/div>\n\t\t\t<\/a>\t\t<\/div>\n\n\t\t<div class=\"box-text text-center\" >\n\t\t\t<div class=\"box-text-inner\">\n\t\t\t\t\n<h4>Skin Aging<\/h4>\n<p>A proper diagnosis and combination of treatments will result in radiant, healthy, and rejuvenated skin.<\/p>\n\t\t\t<\/div>\n\t\t<\/div>\n\t<\/div>\n\t\n\t\t<\/div>\n\t\t\t\t\t<\/div>\n\n\t\n<\/div>\n\t\t<\/div>\n\n\t\t\n<style>\n#section_391791793 {\n  padding-top: 30px;\n  padding-bottom: 30px;\n  background-color: rgb(238, 238, 238);\n}\n#section_391791793 .section-bg-overlay {\n  background-color: rgb(238, 238, 238);\n}\n<\/style>\n\t<\/section>\n\t\n","protected":false},"excerpt":{"rendered":"<p>Solar radiation: a more complex impact than it seems When it comes to skin care, there are decisions whose effects are not immediately noticeable\u2026 but they make all the difference over time. Photoprotection is neither a seasonal gesture nor a cosmetic habit. It is a medical strategy. A quiet\u2014but decisive\u2014way to preserve skin health, prevent [&#8230;]\n","protected":false},"author":1,"featured_media":7441,"comment_status":"closed","ping_status":"open","sticky":false,"template":"","format":"standard","meta":{"footnotes":""},"categories":[592],"tags":[748,686],"class_list":["post-8879","post","type-post","status-publish","format-standard","has-post-thumbnail","hentry","category-dermatology-articles","tag-dermatology","tag-skin-cancer"],"yoast_head":"<!-- This site is optimized with the Yoast SEO plugin v23.4 - https:\/\/yoast.com\/wordpress\/plugins\/seo\/ -->\n<title>Smart Photoprotection: How to Protect Your Skin with a Medical Approach - Tu blog de medicina y cirug\u00eda est\u00e9tica - Cl\u00ednica Planas<\/title>\n<meta name=\"description\" content=\"La fotoprotecci\u00f3n es clave para prevenir el fotoenvejecimiento y el c\u00e1ncer de piel. Descubre c\u00f3mo proteger tu piel con criterio m\u00e9dico m\u00e1s all\u00e1 del SPF.\" \/>\n<meta name=\"robots\" content=\"index, follow, max-snippet:-1, max-image-preview:large, max-video-preview:-1\" \/>\n<link rel=\"canonical\" href=\"https:\/\/www.clinicaplanas.com\/blog\/en\/2026\/08\/31\/smart-photoprotection-how-to-protect-your-skin-with-a-medical-approach\/\" \/>\n<meta property=\"og:locale\" content=\"es_ES\" \/>\n<meta property=\"og:type\" content=\"article\" \/>\n<meta property=\"og:title\" content=\"Smart Photoprotection: How to Protect Your Skin with a Medical Approach - Tu blog de medicina y cirug\u00eda est\u00e9tica - Cl\u00ednica Planas\" \/>\n<meta property=\"og:description\" content=\"La fotoprotecci\u00f3n es clave para prevenir el fotoenvejecimiento y el c\u00e1ncer de piel. Descubre c\u00f3mo proteger tu piel con criterio m\u00e9dico m\u00e1s all\u00e1 del SPF.\" \/>\n<meta property=\"og:url\" content=\"https:\/\/www.clinicaplanas.com\/blog\/en\/2026\/08\/31\/smart-photoprotection-how-to-protect-your-skin-with-a-medical-approach\/\" \/>\n<meta property=\"og:site_name\" content=\"Tu blog de medicina y cirug\u00eda est\u00e9tica - Cl\u00ednica Planas\" \/>\n<meta property=\"article:published_time\" content=\"2026-08-31T11:35:13+00:00\" \/>\n<meta property=\"article:modified_time\" content=\"2026-08-31T12:16:07+00:00\" \/>\n<meta property=\"og:image\" content=\"https:\/\/www.clinicaplanas.com\/blog\/wp-content\/fotoproteccion.png\" \/>\n\t<meta property=\"og:image:width\" content=\"1600\" \/>\n\t<meta property=\"og:image:height\" content=\"965\" \/>\n\t<meta property=\"og:image:type\" content=\"image\/png\" \/>\n<meta name=\"author\" content=\"Cl\u00ednica Planas\" \/>\n<meta name=\"twitter:card\" content=\"summary_large_image\" \/>\n<meta name=\"twitter:label1\" content=\"Escrito por\" \/>\n\t<meta name=\"twitter:data1\" content=\"Cl\u00ednica Planas\" \/>\n\t<meta name=\"twitter:label2\" content=\"Tiempo de lectura\" \/>\n\t<meta name=\"twitter:data2\" content=\"3 minutos\" \/>\n<!-- \/ Yoast SEO plugin. -->","yoast_head_json":{"title":"Smart Photoprotection: How to Protect Your Skin with a Medical Approach - Tu blog de medicina y cirug\u00eda est\u00e9tica - Cl\u00ednica Planas","description":"La fotoprotecci\u00f3n es clave para prevenir el fotoenvejecimiento y el c\u00e1ncer de piel. Descubre c\u00f3mo proteger tu piel con criterio m\u00e9dico m\u00e1s all\u00e1 del SPF.","robots":{"index":"index","follow":"follow","max-snippet":"max-snippet:-1","max-image-preview":"max-image-preview:large","max-video-preview":"max-video-preview:-1"},"canonical":"https:\/\/www.clinicaplanas.com\/blog\/en\/2026\/08\/31\/smart-photoprotection-how-to-protect-your-skin-with-a-medical-approach\/","og_locale":"es_ES","og_type":"article","og_title":"Smart Photoprotection: How to Protect Your Skin with a Medical Approach - Tu blog de medicina y cirug\u00eda est\u00e9tica - Cl\u00ednica Planas","og_description":"La fotoprotecci\u00f3n es clave para prevenir el fotoenvejecimiento y el c\u00e1ncer de piel. Descubre c\u00f3mo proteger tu piel con criterio m\u00e9dico m\u00e1s all\u00e1 del SPF.","og_url":"https:\/\/www.clinicaplanas.com\/blog\/en\/2026\/08\/31\/smart-photoprotection-how-to-protect-your-skin-with-a-medical-approach\/","og_site_name":"Tu blog de medicina y cirug\u00eda est\u00e9tica - Cl\u00ednica Planas","article_published_time":"2026-08-31T11:35:13+00:00","article_modified_time":"2026-08-31T12:16:07+00:00","og_image":[{"width":1600,"height":965,"url":"https:\/\/www.clinicaplanas.com\/blog\/wp-content\/fotoproteccion.png","type":"image\/png"}],"author":"Cl\u00ednica Planas","twitter_card":"summary_large_image","twitter_misc":{"Escrito por":"Cl\u00ednica Planas","Tiempo de lectura":"3 minutos"},"schema":{"@context":"https:\/\/schema.org","@graph":[{"@type":"Article","@id":"https:\/\/www.clinicaplanas.com\/blog\/en\/2026\/08\/31\/smart-photoprotection-how-to-protect-your-skin-with-a-medical-approach\/#article","isPartOf":{"@id":"https:\/\/www.clinicaplanas.com\/blog\/en\/2026\/08\/31\/smart-photoprotection-how-to-protect-your-skin-with-a-medical-approach\/"},"author":{"name":"Cl\u00ednica Planas","@id":"https:\/\/www.clinicaplanas.com\/blog\/#\/schema\/person\/67415317bfcf95b6ba02b9083ea79093"},"headline":"Smart Photoprotection: How to Protect Your Skin with a Medical Approach","datePublished":"2026-08-31T11:35:13+00:00","dateModified":"2026-08-31T12:16:07+00:00","mainEntityOfPage":{"@id":"https:\/\/www.clinicaplanas.com\/blog\/en\/2026\/08\/31\/smart-photoprotection-how-to-protect-your-skin-with-a-medical-approach\/"},"wordCount":575,"publisher":{"@id":"https:\/\/www.clinicaplanas.com\/blog\/#organization"},"image":{"@id":"https:\/\/www.clinicaplanas.com\/blog\/en\/2026\/08\/31\/smart-photoprotection-how-to-protect-your-skin-with-a-medical-approach\/#primaryimage"},"thumbnailUrl":"https:\/\/www.clinicaplanas.com\/blog\/wp-content\/fotoproteccion.png","keywords":["dermatology","SKIN CANCER"],"articleSection":["Dermatology Articles"],"inLanguage":"es"},{"@type":"WebPage","@id":"https:\/\/www.clinicaplanas.com\/blog\/en\/2026\/08\/31\/smart-photoprotection-how-to-protect-your-skin-with-a-medical-approach\/","url":"https:\/\/www.clinicaplanas.com\/blog\/en\/2026\/08\/31\/smart-photoprotection-how-to-protect-your-skin-with-a-medical-approach\/","name":"Smart Photoprotection: How to Protect Your Skin with a Medical Approach - Tu blog de medicina y cirug\u00eda est\u00e9tica - Cl\u00ednica Planas","isPartOf":{"@id":"https:\/\/www.clinicaplanas.com\/blog\/#website"},"primaryImageOfPage":{"@id":"https:\/\/www.clinicaplanas.com\/blog\/en\/2026\/08\/31\/smart-photoprotection-how-to-protect-your-skin-with-a-medical-approach\/#primaryimage"},"image":{"@id":"https:\/\/www.clinicaplanas.com\/blog\/en\/2026\/08\/31\/smart-photoprotection-how-to-protect-your-skin-with-a-medical-approach\/#primaryimage"},"thumbnailUrl":"https:\/\/www.clinicaplanas.com\/blog\/wp-content\/fotoproteccion.png","datePublished":"2026-08-31T11:35:13+00:00","dateModified":"2026-08-31T12:16:07+00:00","description":"La fotoprotecci\u00f3n es clave para prevenir el fotoenvejecimiento y el c\u00e1ncer de piel. Descubre c\u00f3mo proteger tu piel con criterio m\u00e9dico m\u00e1s all\u00e1 del SPF.","breadcrumb":{"@id":"https:\/\/www.clinicaplanas.com\/blog\/en\/2026\/08\/31\/smart-photoprotection-how-to-protect-your-skin-with-a-medical-approach\/#breadcrumb"},"inLanguage":"es","potentialAction":[{"@type":"ReadAction","target":["https:\/\/www.clinicaplanas.com\/blog\/en\/2026\/08\/31\/smart-photoprotection-how-to-protect-your-skin-with-a-medical-approach\/"]}]},{"@type":"ImageObject","inLanguage":"es","@id":"https:\/\/www.clinicaplanas.com\/blog\/en\/2026\/08\/31\/smart-photoprotection-how-to-protect-your-skin-with-a-medical-approach\/#primaryimage","url":"https:\/\/www.clinicaplanas.com\/blog\/wp-content\/fotoproteccion.png","contentUrl":"https:\/\/www.clinicaplanas.com\/blog\/wp-content\/fotoproteccion.png","width":1600,"height":965,"caption":"fotoprotecci\u00f3n"},{"@type":"BreadcrumbList","@id":"https:\/\/www.clinicaplanas.com\/blog\/en\/2026\/08\/31\/smart-photoprotection-how-to-protect-your-skin-with-a-medical-approach\/#breadcrumb","itemListElement":[{"@type":"ListItem","position":1,"name":"Home","item":"https:\/\/www.clinicaplanas.com\/blog\/"},{"@type":"ListItem","position":2,"name":"Dermatology Articles","item":"https:\/\/www.clinicaplanas.com\/blog\/dermatology-articles\/"},{"@type":"ListItem","position":3,"name":"Smart Photoprotection: How to Protect Your Skin with a Medical Approach"}]},{"@type":"WebSite","@id":"https:\/\/www.clinicaplanas.com\/blog\/#website","url":"https:\/\/www.clinicaplanas.com\/blog\/","name":"Tu blog de medicina y cirug\u00eda est\u00e9tica - Cl\u00ednica Planas","description":"Mantente al d\u00eda sobre medicina y cirug\u00eda est\u00e9tica con el blog de Cl\u00ednica Planas. Noticias de actualidad, novedades y tips de la mano de nuestros especialistas.","publisher":{"@id":"https:\/\/www.clinicaplanas.com\/blog\/#organization"},"potentialAction":[{"@type":"SearchAction","target":{"@type":"EntryPoint","urlTemplate":"https:\/\/www.clinicaplanas.com\/blog\/?s={search_term_string}"},"query-input":{"@type":"PropertyValueSpecification","valueRequired":true,"valueName":"search_term_string"}}],"inLanguage":"es"},{"@type":"Organization","@id":"https:\/\/www.clinicaplanas.com\/blog\/#organization","name":"Cl\u00ednica Planas","url":"https:\/\/www.clinicaplanas.com\/blog\/","logo":{"@type":"ImageObject","inLanguage":"es","@id":"https:\/\/www.clinicaplanas.com\/blog\/#\/schema\/logo\/image\/","url":"https:\/\/www.clinicaplanas.com\/blog\/wp-content\/android-icon-192x192-1.png","contentUrl":"https:\/\/www.clinicaplanas.com\/blog\/wp-content\/android-icon-192x192-1.png","width":192,"height":192,"caption":"Cl\u00ednica Planas"},"image":{"@id":"https:\/\/www.clinicaplanas.com\/blog\/#\/schema\/logo\/image\/"}},{"@type":"Person","@id":"https:\/\/www.clinicaplanas.com\/blog\/#\/schema\/person\/67415317bfcf95b6ba02b9083ea79093","name":"Cl\u00ednica Planas","image":{"@type":"ImageObject","inLanguage":"es","@id":"https:\/\/www.clinicaplanas.com\/blog\/#\/schema\/person\/image\/","url":"https:\/\/www.clinicaplanas.com\/blog\/wp-content\/avatar_user_1_1681298128-96x96.jpg","contentUrl":"https:\/\/www.clinicaplanas.com\/blog\/wp-content\/avatar_user_1_1681298128-96x96.jpg","caption":"Cl\u00ednica Planas"},"description":"Cl\u00ednica de medicina y cirug\u00eda est\u00e9tica en Barcelona con 50 a\u00f1os de reconocida trayectoria internacional e innovaci\u00f3n. Cl\u00ednica Planas es confianza y seguridad.","sameAs":["https:\/\/www.clinicaplanas.com\/","admin"],"url":"https:\/\/www.clinicaplanas.com\/blog\/author\/admin\/"}]}},"lang":"en","translations":{"en":8879,"es":7439},"pll_sync_post":{},"_links":{"self":[{"href":"https:\/\/www.clinicaplanas.com\/blog\/wp-json\/wp\/v2\/posts\/8879"}],"collection":[{"href":"https:\/\/www.clinicaplanas.com\/blog\/wp-json\/wp\/v2\/posts"}],"about":[{"href":"https:\/\/www.clinicaplanas.com\/blog\/wp-json\/wp\/v2\/types\/post"}],"author":[{"embeddable":true,"href":"https:\/\/www.clinicaplanas.com\/blog\/wp-json\/wp\/v2\/users\/1"}],"replies":[{"embeddable":true,"href":"https:\/\/www.clinicaplanas.com\/blog\/wp-json\/wp\/v2\/comments?post=8879"}],"version-history":[{"count":4,"href":"https:\/\/www.clinicaplanas.com\/blog\/wp-json\/wp\/v2\/posts\/8879\/revisions"}],"predecessor-version":[{"id":8889,"href":"https:\/\/www.clinicaplanas.com\/blog\/wp-json\/wp\/v2\/posts\/8879\/revisions\/8889"}],"wp:featuredmedia":[{"embeddable":true,"href":"https:\/\/www.clinicaplanas.com\/blog\/wp-json\/wp\/v2\/media\/7441"}],"wp:attachment":[{"href":"https:\/\/www.clinicaplanas.com\/blog\/wp-json\/wp\/v2\/media?parent=8879"}],"wp:term":[{"taxonomy":"category","embeddable":true,"href":"https:\/\/www.clinicaplanas.com\/blog\/wp-json\/wp\/v2\/categories?post=8879"},{"taxonomy":"post_tag","embeddable":true,"href":"https:\/\/www.clinicaplanas.com\/blog\/wp-json\/wp\/v2\/tags?post=8879"}],"curies":[{"name":"wp","href":"https:\/\/api.w.org\/{rel}","templated":true}]}}