{"id":7632,"date":"2026-04-27T16:27:00","date_gmt":"2026-04-27T14:27:00","guid":{"rendered":"https:\/\/www.clinicaplanas.com\/blog\/?p=7632"},"modified":"2026-04-27T16:27:00","modified_gmt":"2026-04-27T14:27:00","slug":"despues-de-4-meses-esto-es-lo-que-nadie-te-cuenta-sobre-un-lifting","status":"publish","type":"post","link":"https:\/\/www.clinicaplanas.com\/blog\/2026\/04\/27\/despues-de-4-meses-esto-es-lo-que-nadie-te-cuenta-sobre-un-lifting\/","title":{"rendered":"Despu\u00e9s de 4 meses, esto es lo que nadie te cuenta sobre un lifting."},"content":{"rendered":"<p><strong>\u201cPens\u00e9 que iba a quedar irreconocible\u201d<\/strong><\/p>\n<p>Ese fue el mayor miedo de Miriam antes de su <span style=\"color: #f8bcac;\"><strong><a style=\"color: #f8bcac;\" href=\"https:\/\/www.clinicaplanas.com\/cirugia-estetica-facial\/lifting-facial\">lifting facial<\/a><\/strong><\/span>. Y no es un caso aislado: muchas personas temen <strong>perder su<\/strong> <strong>esencia <\/strong>o verse artificiales<strong>.<\/strong><\/p>\n<p>Hoy, Miriam comparte su experiencia y desmonta ese mito. Porque el objetivo no es cambiar qui\u00e9n eres, sino <strong>devolver frescura y descanso al rostro<\/strong>, respetando siempre<strong> tus rasgos y tu expresi\u00f3n<\/strong>.<\/p>\n<p>En otras palabras: <strong>sigues siendo t\u00fa<\/strong>, solo que con una apariencia m\u00e1s <strong>revitalizada y luminosa<\/strong>.<\/p>\n<p>Si alguna vez has pensado \u201c\u00bfy si quedo rara?\u201d, este contenido es para ti.<\/p>\n<a href=\"\/cita-blog?referer=\/blog\/2026\/04\/27\/despues-de-4-meses-esto-es-lo-que-nadie-te-cuenta-sobre-un-lifting\/\"><picture><source media=\"(min-width: 481px)\" srcset=\"https:\/\/www.clinicaplanas.com\/blog\/wp-content\/4.-PROXIMO-PASO.jpg\"><img decoding=\"async\" src=\"https:\/\/www.clinicaplanas.com\/blog\/wp-content\/4.2-PROXIMO-PASO.jpg\" alt=\"Solicita una cita con nosotros\"><\/picture><\/a>\n\t<div id=\"text-3639358101\" class=\"text single-tags\">\n\t\t\n\n<p>\n<!-- Generated by TaxoPress 3.24.1 - https:\/\/wordpress.org\/plugins\/simple-tags\/ -->\n\t<div class=\"taxopress-output-wrapper\"> <div class=\"st-post-tags \"> \n\t<a href=\"https:\/\/www.clinicaplanas.com\/blog\/tag\/cirugia-estetica-facial\/\" title=\"Cirug\u00eda est\u00e9tica facial\">Cirug\u00eda est\u00e9tica facial<\/a><a href=\"https:\/\/www.clinicaplanas.com\/blog\/tag\/lifting-facial\/\" title=\"lifting facial\">lifting facial<\/a> <br \/> <\/div>\n<\/div>\n<\/p>\n\t\t\t<\/div>\n\t\n\n\t<section class=\"section\" id=\"section_2141383306\">\n\t\t<div class=\"section-bg fill\" >\n\t\t\t\t\t\t\t\t\t<div class=\"section-bg-overlay absolute fill\"><\/div>\n\t\t\t\n\n\t\t<\/div>\n\n\t\t\n\n\t\t<div class=\"section-content relative\">\n\t\t\t\n<div class=\"container section-title-container\" ><h3 class=\"section-title section-title-center\"><b><\/b><span class=\"section-title-main\" >TRATAMIENTOS RECOMENDADOS<\/span><b><\/b><\/h3><\/div>\n<div class=\"row\"  id=\"row-337729865\">\n\n\t<div id=\"col-1921713486\" class=\"col medium-4 small-12 large-4\"  >\n\t\t\t\t<div class=\"col-inner\"  >\n\t\t\t\n\t\t\t\n\t<div class=\"box has-hover   has-hover box-text-bottom\" >\n\n\t\t<div class=\"box-image\" >\n\t\t\t<a href=\"https:\/\/www.clinicaplanas.com\/cirugia-estetica-facial\/lifting-facial\" target=\"_blank\" rel=\"noopener\" >\t\t\t<div class=\"\" >\n\t\t\t\t<img loading=\"lazy\" decoding=\"async\" width=\"612\" height=\"369\" src=\"https:\/\/www.clinicaplanas.com\/blog\/wp-content\/lifting-facial-5.png\" class=\"attachment- size-\" alt=\"lifting facial\" srcset=\"https:\/\/www.clinicaplanas.com\/blog\/wp-content\/lifting-facial-5.png 612w, https:\/\/www.clinicaplanas.com\/blog\/wp-content\/lifting-facial-5-300x181.png 300w\" sizes=\"(max-width: 612px) 100vw, 612px\" \/>\t\t\t\t\t\t\t\t\t\t\t<\/div>\n\t\t\t<\/a>\t\t<\/div>\n\n\t\t<div class=\"box-text text-center\" >\n\t\t\t<div class=\"box-text-inner\">\n\t\t\t\t\n<h4>Lifting facial<\/h4>\n<p>El lifting es una t\u00e9cnica quir\u00fargica de rejuvenecimiento con resultados espectaculares, que permite recuperar la firmeza y el tono cut\u00e1neo de cara y cuello.<\/p>\n\t\t\t<\/div>\n\t\t<\/div>\n\t<\/div>\n\t\n\t\t<\/div>\n\t\t\t\t\t<\/div>\n\n\t\n\n\t<div id=\"col-1543324707\" class=\"col medium-4 small-12 large-4\"  >\n\t\t\t\t<div class=\"col-inner\"  >\n\t\t\t\n\t\t\t\n\t<div class=\"box has-hover   has-hover box-text-bottom\" >\n\n\t\t<div class=\"box-image\" >\n\t\t\t<a href=\"https:\/\/www.clinicaplanas.com\/cirugia-estetica-facial\/cirugia-de-los-parpados\" target=\"_blank\" rel=\"noopener\" >\t\t\t<div class=\"\" >\n\t\t\t\t<img loading=\"lazy\" decoding=\"async\" width=\"612\" height=\"369\" src=\"https:\/\/www.clinicaplanas.com\/blog\/wp-content\/blefaroplastia-4.png\" class=\"attachment- size-\" alt=\"\" srcset=\"https:\/\/www.clinicaplanas.com\/blog\/wp-content\/blefaroplastia-4.png 612w, https:\/\/www.clinicaplanas.com\/blog\/wp-content\/blefaroplastia-4-300x181.png 300w\" sizes=\"(max-width: 612px) 100vw, 612px\" \/>\t\t\t\t\t\t\t\t\t\t\t<\/div>\n\t\t\t<\/a>\t\t<\/div>\n\n\t\t<div class=\"box-text text-center\" >\n\t\t\t<div class=\"box-text-inner\">\n\t\t\t\t\n<h4>Blefaroplastia<\/h4>\n<p>La blefaroplastia consiste en eliminar el exceso de piel y las bolsas de grasa de los p\u00e1rpados, rejuveneciendo el aspecto y la expresividad de la mirada.<\/p>\n\t\t\t<\/div>\n\t\t<\/div>\n\t<\/div>\n\t\n\t\t<\/div>\n\t\t\t\t\t<\/div>\n\n\t\n\n\t<div id=\"col-1136290198\" class=\"col medium-4 small-12 large-4\"  >\n\t\t\t\t<div class=\"col-inner\"  >\n\t\t\t\n\t\t\t\n\t<div class=\"box has-hover   has-hover box-text-bottom\" >\n\n\t\t<div class=\"box-image\" >\n\t\t\t<a href=\"https:\/\/www.clinicaplanas.com\/land\/light-lifting\" target=\"_blank\" rel=\"noopener\" >\t\t\t<div class=\"\" >\n\t\t\t\t<img loading=\"lazy\" decoding=\"async\" width=\"612\" height=\"369\" src=\"https:\/\/www.clinicaplanas.com\/blog\/wp-content\/light-lifting-1.png\" class=\"attachment- size-\" alt=\"\" srcset=\"https:\/\/www.clinicaplanas.com\/blog\/wp-content\/light-lifting-1.png 612w, https:\/\/www.clinicaplanas.com\/blog\/wp-content\/light-lifting-1-300x181.png 300w\" sizes=\"(max-width: 612px) 100vw, 612px\" \/>\t\t\t\t\t\t\t\t\t\t\t<\/div>\n\t\t\t<\/a>\t\t<\/div>\n\n\t\t<div class=\"box-text text-center\" >\n\t\t\t<div class=\"box-text-inner\">\n\t\t\t\t\n<h4>Light Lifting<\/h4>\n<p>Cirug\u00eda facial para optimizar la naturalidad del rostro. Un procedimiento original de Cl\u00ednica Planas.<\/p>\n\t\t\t<\/div>\n\t\t<\/div>\n\t<\/div>\n\t\n\t\t<\/div>\n\t\t\t\t\t<\/div>\n\n\t\n<\/div>\n\t\t<\/div>\n\n\t\t\n<style>\n#section_2141383306 {\n  padding-top: 30px;\n  padding-bottom: 30px;\n  background-color: rgb(238, 238, 238);\n}\n#section_2141383306 .section-bg-overlay {\n  background-color: rgb(238, 238, 238);\n}\n<\/style>\n\t<\/section>\n\t\n\n\t<section class=\"section\" id=\"section_487349163\">\n\t\t<div class=\"section-bg fill\" >\n\t\t\t\t\t\t\t\t\t<div class=\"section-bg-overlay absolute fill\"><\/div>\n\t\t\t\n\n\t\t<\/div>\n\n\t\t\n\n\t\t<div class=\"section-content relative\">\n\t\t\t\n<div class=\"container section-title-container\" ><h3 class=\"section-title section-title-center\"><b><\/b><span class=\"section-title-main\" >V\u00cdDEOS SUGERIDOS<\/span><b><\/b><\/h3><\/div>\n<div class=\"row\"  id=\"row-735283076\">\n\n\t<div id=\"col-1039537624\" class=\"col medium-4 small-12 large-4\"  >\n\t\t\t\t<div class=\"col-inner\"  >\n\t\t\t\n\t\t\t\n\t<div class=\"box has-hover   has-hover box-text-bottom\" >\n\n\t\t<div class=\"box-image\" >\n\t\t\t<a href=\"https:\/\/www.clinicaplanas.com\/blog\/2025\/04\/25\/como-funciona-el-rejuvenecimiento-facial-con-time-machine\/\" target=\"_blank\" rel=\"noopener\" >\t\t\t<div class=\"\" >\n\t\t\t\t<img loading=\"lazy\" decoding=\"async\" width=\"612\" height=\"369\" src=\"https:\/\/www.clinicaplanas.com\/blog\/wp-content\/3.2-1.png\" class=\"attachment- size-\" alt=\"\" srcset=\"https:\/\/www.clinicaplanas.com\/blog\/wp-content\/3.2-1.png 612w, https:\/\/www.clinicaplanas.com\/blog\/wp-content\/3.2-1-300x181.png 300w\" sizes=\"(max-width: 612px) 100vw, 612px\" \/>\t\t\t\t\t\t\t\t\t\t\t<\/div>\n\t\t\t<\/a>\t\t<\/div>\n\n\t\t<div class=\"box-text text-center\" >\n\t\t\t<div class=\"box-text-inner\">\n\t\t\t\t\n<h4>C\u00f3mo funciona el rejuvenecimiento facial con Time Machine<\/h4>\n<p>Time Machine es una aparatolog\u00eda que nos permite, entre otras cosas, rejuvenecer nuestro rostro sin cirug\u00eda y sin emplear productos qu\u00edmicos. \u00bfQu\u00e9 necesitamos? \u00danicamente un poco de grasa. As\u00ed funciona Time Machine.<\/p>\n\t\t\t<\/div>\n\t\t<\/div>\n\t<\/div>\n\t\n\t\t<\/div>\n\t\t\t\t\t<\/div>\n\n\t\n\n\t<div id=\"col-747173474\" class=\"col medium-4 small-12 large-4\"  >\n\t\t\t\t<div class=\"col-inner\"  >\n\t\t\t\n\t\t\t\n\t<div class=\"box has-hover   has-hover box-text-bottom\" >\n\n\t\t<div class=\"box-image\" >\n\t\t\t<a href=\"https:\/\/www.clinicaplanas.com\/blog\/2024\/10\/23\/rejuvenecimiento-facial-sin-cirugia-el-resultado\/\" target=\"_blank\" rel=\"noopener\" >\t\t\t<div class=\"\" >\n\t\t\t\t<img loading=\"lazy\" decoding=\"async\" width=\"612\" height=\"369\" src=\"https:\/\/www.clinicaplanas.com\/blog\/wp-content\/ultimas-p-1.png\" class=\"attachment- size-\" alt=\"\" srcset=\"https:\/\/www.clinicaplanas.com\/blog\/wp-content\/ultimas-p-1.png 612w, https:\/\/www.clinicaplanas.com\/blog\/wp-content\/ultimas-p-1-300x181.png 300w\" sizes=\"(max-width: 612px) 100vw, 612px\" \/>\t\t\t\t\t\t\t\t\t\t\t<\/div>\n\t\t\t<\/a>\t\t<\/div>\n\n\t\t<div class=\"box-text text-center\" >\n\t\t\t<div class=\"box-text-inner\">\n\t\t\t\t\n<h4>Rejuvenecimiento facial sin cirug\u00eda: el resultado<\/h4>\n<p>Hoy compartimos el resultado de Miriam. Pese a la ligera inflamaci\u00f3n del labio superior ya podemos apreciar los efectos de este procedimiento.<\/p>\n\t\t\t<\/div>\n\t\t<\/div>\n\t<\/div>\n\t\n\t\t<\/div>\n\t\t\t\t\t<\/div>\n\n\t\n\n\t<div id=\"col-1723267529\" class=\"col medium-4 small-12 large-4\"  >\n\t\t\t\t<div class=\"col-inner\"  >\n\t\t\t\n\t\t\t\n\t<div class=\"box has-hover   has-hover box-text-bottom\" >\n\n\t\t<div class=\"box-image\" >\n\t\t\t<a href=\"https:\/\/www.clinicaplanas.com\/blog\/2024\/06\/14\/como-afecta-el-colageno-a-la-piel\/\" target=\"_blank\" rel=\"noopener\" >\t\t\t<div class=\"\" >\n\t\t\t\t<img loading=\"lazy\" decoding=\"async\" width=\"612\" height=\"369\" src=\"https:\/\/www.clinicaplanas.com\/blog\/wp-content\/ultimas-p-5.png\" class=\"attachment- size-\" alt=\"ultimas p (5)\" srcset=\"https:\/\/www.clinicaplanas.com\/blog\/wp-content\/ultimas-p-5.png 612w, https:\/\/www.clinicaplanas.com\/blog\/wp-content\/ultimas-p-5-300x181.png 300w\" sizes=\"(max-width: 612px) 100vw, 612px\" \/>\t\t\t\t\t\t\t\t\t\t\t<\/div>\n\t\t\t<\/a>\t\t<\/div>\n\n\t\t<div class=\"box-text text-center\" >\n\t\t\t<div class=\"box-text-inner\">\n\t\t\t\t\n<h4>\u00bfC\u00f3mo afecta el col\u00e1geno a la piel?<\/h4>\n<p>\u00bfC\u00f3mo afecta el col\u00e1geno a la calidad de la piel?<\/p>\n\t\t\t<\/div>\n\t\t<\/div>\n\t<\/div>\n\t\n\t\t<\/div>\n\t\t\t\t\t<\/div>\n\n\t\n<\/div>\n\t\t<\/div>\n\n\t\t\n<style>\n#section_487349163 {\n  padding-top: 30px;\n  padding-bottom: 30px;\n  background-color: rgb(255, 255, 255);\n}\n#section_487349163 .section-bg-overlay {\n  background-color: rgb(255, 255, 255);\n}\n<\/style>\n\t<\/section>\n\t\n","protected":false},"excerpt":{"rendered":"<p>\u201cPens\u00e9 que iba a quedar irreconocible\u201d Ese fue el mayor miedo de Miriam antes de su lifting facial. Y no es un caso aislado: muchas personas temen perder su esencia o verse artificiales. Hoy, Miriam comparte su experiencia y desmonta ese mito. Porque el objetivo no es cambiar qui\u00e9n eres, sino devolver frescura y descanso [&#8230;]\n","protected":false},"author":1,"featured_media":7633,"comment_status":"closed","ping_status":"open","sticky":false,"template":"","format":"standard","meta":{"footnotes":""},"categories":[289],"tags":[72,108],"class_list":["post-7632","post","type-post","status-publish","format-standard","has-post-thumbnail","hentry","category-videoblogs","tag-cirugia-estetica-facial","tag-lifting-facial"],"yoast_head":"<!-- This site is optimized with the Yoast SEO plugin v23.4 - https:\/\/yoast.com\/wordpress\/plugins\/seo\/ -->\n<title>Despu\u00e9s de 4 meses, esto es lo que nadie te cuenta sobre un lifting. - TT - Tu blog de medicina y cirug\u00eda est\u00e9tica - Cl\u00ednica Planas<\/title>\n<meta name=\"description\" content=\"Miriam desmonta el gran mito del lifting facial: resultados naturales, sin perder tu esencia y con un rostro m\u00e1s fresco y descansado.\" \/>\n<meta name=\"robots\" content=\"index, follow, max-snippet:-1, max-image-preview:large, max-video-preview:-1\" \/>\n<link rel=\"canonical\" href=\"https:\/\/www.clinicaplanas.com\/blog\/2026\/04\/27\/despues-de-4-meses-esto-es-lo-que-nadie-te-cuenta-sobre-un-lifting\/\" \/>\n<meta property=\"og:locale\" content=\"es_ES\" \/>\n<meta property=\"og:type\" content=\"article\" \/>\n<meta property=\"og:title\" content=\"Despu\u00e9s de 4 meses, esto es lo que nadie te cuenta sobre un lifting. - TT - Tu blog de medicina y cirug\u00eda est\u00e9tica - Cl\u00ednica Planas\" \/>\n<meta property=\"og:description\" content=\"Miriam desmonta el gran mito del lifting facial: resultados naturales, sin perder tu esencia y con un rostro m\u00e1s fresco y descansado.\" \/>\n<meta property=\"og:url\" content=\"https:\/\/www.clinicaplanas.com\/blog\/2026\/04\/27\/despues-de-4-meses-esto-es-lo-que-nadie-te-cuenta-sobre-un-lifting\/\" \/>\n<meta property=\"og:site_name\" content=\"Tu blog de medicina y cirug\u00eda est\u00e9tica - Cl\u00ednica Planas\" \/>\n<meta property=\"article:published_time\" content=\"2026-04-27T14:27:00+00:00\" \/>\n<meta property=\"og:image\" content=\"https:\/\/www.clinicaplanas.com\/blog\/wp-content\/template-fotos-612x369px_colores-2.png\" \/>\n\t<meta property=\"og:image:width\" content=\"612\" \/>\n\t<meta property=\"og:image:height\" content=\"369\" \/>\n\t<meta property=\"og:image:type\" content=\"image\/png\" \/>\n<meta name=\"author\" content=\"Cl\u00ednica Planas\" \/>\n<meta name=\"twitter:card\" content=\"summary_large_image\" \/>\n<meta name=\"twitter:label1\" content=\"Escrito por\" \/>\n\t<meta name=\"twitter:data1\" content=\"Cl\u00ednica Planas\" \/>\n\t<meta name=\"twitter:label2\" content=\"Tiempo de lectura\" \/>\n\t<meta name=\"twitter:data2\" content=\"2 minutos\" \/>\n<!-- \/ Yoast SEO plugin. -->","yoast_head_json":{"title":"Despu\u00e9s de 4 meses, esto es lo que nadie te cuenta sobre un lifting. - TT - Tu blog de medicina y cirug\u00eda est\u00e9tica - Cl\u00ednica Planas","description":"Miriam desmonta el gran mito del lifting facial: resultados naturales, sin perder tu esencia y con un rostro m\u00e1s fresco y descansado.","robots":{"index":"index","follow":"follow","max-snippet":"max-snippet:-1","max-image-preview":"max-image-preview:large","max-video-preview":"max-video-preview:-1"},"canonical":"https:\/\/www.clinicaplanas.com\/blog\/2026\/04\/27\/despues-de-4-meses-esto-es-lo-que-nadie-te-cuenta-sobre-un-lifting\/","og_locale":"es_ES","og_type":"article","og_title":"Despu\u00e9s de 4 meses, esto es lo que nadie te cuenta sobre un lifting. - TT - Tu blog de medicina y cirug\u00eda est\u00e9tica - Cl\u00ednica Planas","og_description":"Miriam desmonta el gran mito del lifting facial: resultados naturales, sin perder tu esencia y con un rostro m\u00e1s fresco y descansado.","og_url":"https:\/\/www.clinicaplanas.com\/blog\/2026\/04\/27\/despues-de-4-meses-esto-es-lo-que-nadie-te-cuenta-sobre-un-lifting\/","og_site_name":"Tu blog de medicina y cirug\u00eda est\u00e9tica - Cl\u00ednica Planas","article_published_time":"2026-04-27T14:27:00+00:00","og_image":[{"width":612,"height":369,"url":"https:\/\/www.clinicaplanas.com\/blog\/wp-content\/template-fotos-612x369px_colores-2.png","type":"image\/png"}],"author":"Cl\u00ednica Planas","twitter_card":"summary_large_image","twitter_misc":{"Escrito por":"Cl\u00ednica Planas","Tiempo de lectura":"2 minutos"},"schema":{"@context":"https:\/\/schema.org","@graph":[{"@type":"Article","@id":"https:\/\/www.clinicaplanas.com\/blog\/2026\/04\/27\/despues-de-4-meses-esto-es-lo-que-nadie-te-cuenta-sobre-un-lifting\/#article","isPartOf":{"@id":"https:\/\/www.clinicaplanas.com\/blog\/2026\/04\/27\/despues-de-4-meses-esto-es-lo-que-nadie-te-cuenta-sobre-un-lifting\/"},"author":{"name":"Cl\u00ednica Planas","@id":"https:\/\/www.clinicaplanas.com\/blog\/#\/schema\/person\/67415317bfcf95b6ba02b9083ea79093"},"headline":"Despu\u00e9s de 4 meses, esto es lo que nadie te cuenta sobre un lifting.","datePublished":"2026-04-27T14:27:00+00:00","dateModified":"2026-04-27T14:27:00+00:00","mainEntityOfPage":{"@id":"https:\/\/www.clinicaplanas.com\/blog\/2026\/04\/27\/despues-de-4-meses-esto-es-lo-que-nadie-te-cuenta-sobre-un-lifting\/"},"wordCount":464,"publisher":{"@id":"https:\/\/www.clinicaplanas.com\/blog\/#organization"},"image":{"@id":"https:\/\/www.clinicaplanas.com\/blog\/2026\/04\/27\/despues-de-4-meses-esto-es-lo-que-nadie-te-cuenta-sobre-un-lifting\/#primaryimage"},"thumbnailUrl":"https:\/\/www.clinicaplanas.com\/blog\/wp-content\/template-fotos-612x369px_colores-2.png","keywords":["Cirug\u00eda est\u00e9tica facial","lifting facial"],"articleSection":["Videoblog"],"inLanguage":"es"},{"@type":"WebPage","@id":"https:\/\/www.clinicaplanas.com\/blog\/2026\/04\/27\/despues-de-4-meses-esto-es-lo-que-nadie-te-cuenta-sobre-un-lifting\/","url":"https:\/\/www.clinicaplanas.com\/blog\/2026\/04\/27\/despues-de-4-meses-esto-es-lo-que-nadie-te-cuenta-sobre-un-lifting\/","name":"Despu\u00e9s de 4 meses, esto es lo que nadie te cuenta sobre un lifting. - TT - Tu blog de medicina y cirug\u00eda est\u00e9tica - Cl\u00ednica Planas","isPartOf":{"@id":"https:\/\/www.clinicaplanas.com\/blog\/#website"},"primaryImageOfPage":{"@id":"https:\/\/www.clinicaplanas.com\/blog\/2026\/04\/27\/despues-de-4-meses-esto-es-lo-que-nadie-te-cuenta-sobre-un-lifting\/#primaryimage"},"image":{"@id":"https:\/\/www.clinicaplanas.com\/blog\/2026\/04\/27\/despues-de-4-meses-esto-es-lo-que-nadie-te-cuenta-sobre-un-lifting\/#primaryimage"},"thumbnailUrl":"https:\/\/www.clinicaplanas.com\/blog\/wp-content\/template-fotos-612x369px_colores-2.png","datePublished":"2026-04-27T14:27:00+00:00","dateModified":"2026-04-27T14:27:00+00:00","description":"Miriam desmonta el gran mito del lifting facial: resultados naturales, sin perder tu esencia y con un rostro m\u00e1s fresco y descansado.","breadcrumb":{"@id":"https:\/\/www.clinicaplanas.com\/blog\/2026\/04\/27\/despues-de-4-meses-esto-es-lo-que-nadie-te-cuenta-sobre-un-lifting\/#breadcrumb"},"inLanguage":"es","potentialAction":[{"@type":"ReadAction","target":["https:\/\/www.clinicaplanas.com\/blog\/2026\/04\/27\/despues-de-4-meses-esto-es-lo-que-nadie-te-cuenta-sobre-un-lifting\/"]}]},{"@type":"ImageObject","inLanguage":"es","@id":"https:\/\/www.clinicaplanas.com\/blog\/2026\/04\/27\/despues-de-4-meses-esto-es-lo-que-nadie-te-cuenta-sobre-un-lifting\/#primaryimage","url":"https:\/\/www.clinicaplanas.com\/blog\/wp-content\/template-fotos-612x369px_colores-2.png","contentUrl":"https:\/\/www.clinicaplanas.com\/blog\/wp-content\/template-fotos-612x369px_colores-2.png","width":612,"height":369,"caption":"lifting facial"},{"@type":"BreadcrumbList","@id":"https:\/\/www.clinicaplanas.com\/blog\/2026\/04\/27\/despues-de-4-meses-esto-es-lo-que-nadie-te-cuenta-sobre-un-lifting\/#breadcrumb","itemListElement":[{"@type":"ListItem","position":1,"name":"Home","item":"https:\/\/www.clinicaplanas.com\/blog\/"},{"@type":"ListItem","position":2,"name":"Videoblog","item":"https:\/\/www.clinicaplanas.com\/blog\/videoblogs\/"},{"@type":"ListItem","position":3,"name":"Despu\u00e9s de 4 meses, esto es lo que nadie te cuenta sobre un lifting."}]},{"@type":"WebSite","@id":"https:\/\/www.clinicaplanas.com\/blog\/#website","url":"https:\/\/www.clinicaplanas.com\/blog\/","name":"Tu blog de medicina y cirug\u00eda est\u00e9tica - Cl\u00ednica Planas","description":"Mantente al d\u00eda sobre medicina y cirug\u00eda est\u00e9tica con el blog de Cl\u00ednica Planas. Noticias de actualidad, novedades y tips de la mano de nuestros especialistas.","publisher":{"@id":"https:\/\/www.clinicaplanas.com\/blog\/#organization"},"potentialAction":[{"@type":"SearchAction","target":{"@type":"EntryPoint","urlTemplate":"https:\/\/www.clinicaplanas.com\/blog\/?s={search_term_string}"},"query-input":{"@type":"PropertyValueSpecification","valueRequired":true,"valueName":"search_term_string"}}],"inLanguage":"es"},{"@type":"Organization","@id":"https:\/\/www.clinicaplanas.com\/blog\/#organization","name":"Cl\u00ednica Planas","url":"https:\/\/www.clinicaplanas.com\/blog\/","logo":{"@type":"ImageObject","inLanguage":"es","@id":"https:\/\/www.clinicaplanas.com\/blog\/#\/schema\/logo\/image\/","url":"https:\/\/www.clinicaplanas.com\/blog\/wp-content\/android-icon-192x192-1.png","contentUrl":"https:\/\/www.clinicaplanas.com\/blog\/wp-content\/android-icon-192x192-1.png","width":192,"height":192,"caption":"Cl\u00ednica Planas"},"image":{"@id":"https:\/\/www.clinicaplanas.com\/blog\/#\/schema\/logo\/image\/"}},{"@type":"Person","@id":"https:\/\/www.clinicaplanas.com\/blog\/#\/schema\/person\/67415317bfcf95b6ba02b9083ea79093","name":"Cl\u00ednica Planas","image":{"@type":"ImageObject","inLanguage":"es","@id":"https:\/\/www.clinicaplanas.com\/blog\/#\/schema\/person\/image\/","url":"https:\/\/www.clinicaplanas.com\/blog\/wp-content\/avatar_user_1_1681298128-96x96.jpg","contentUrl":"https:\/\/www.clinicaplanas.com\/blog\/wp-content\/avatar_user_1_1681298128-96x96.jpg","caption":"Cl\u00ednica Planas"},"description":"Cl\u00ednica de medicina y cirug\u00eda est\u00e9tica en Barcelona con 50 a\u00f1os de reconocida trayectoria internacional e innovaci\u00f3n. Cl\u00ednica Planas es confianza y seguridad.","sameAs":["https:\/\/www.clinicaplanas.com\/","admin"],"url":"https:\/\/www.clinicaplanas.com\/blog\/author\/admin\/"}]}},"_links":{"self":[{"href":"https:\/\/www.clinicaplanas.com\/blog\/wp-json\/wp\/v2\/posts\/7632"}],"collection":[{"href":"https:\/\/www.clinicaplanas.com\/blog\/wp-json\/wp\/v2\/posts"}],"about":[{"href":"https:\/\/www.clinicaplanas.com\/blog\/wp-json\/wp\/v2\/types\/post"}],"author":[{"embeddable":true,"href":"https:\/\/www.clinicaplanas.com\/blog\/wp-json\/wp\/v2\/users\/1"}],"replies":[{"embeddable":true,"href":"https:\/\/www.clinicaplanas.com\/blog\/wp-json\/wp\/v2\/comments?post=7632"}],"version-history":[{"count":4,"href":"https:\/\/www.clinicaplanas.com\/blog\/wp-json\/wp\/v2\/posts\/7632\/revisions"}],"predecessor-version":[{"id":7642,"href":"https:\/\/www.clinicaplanas.com\/blog\/wp-json\/wp\/v2\/posts\/7632\/revisions\/7642"}],"wp:featuredmedia":[{"embeddable":true,"href":"https:\/\/www.clinicaplanas.com\/blog\/wp-json\/wp\/v2\/media\/7633"}],"wp:attachment":[{"href":"https:\/\/www.clinicaplanas.com\/blog\/wp-json\/wp\/v2\/media?parent=7632"}],"wp:term":[{"taxonomy":"category","embeddable":true,"href":"https:\/\/www.clinicaplanas.com\/blog\/wp-json\/wp\/v2\/categories?post=7632"},{"taxonomy":"post_tag","embeddable":true,"href":"https:\/\/www.clinicaplanas.com\/blog\/wp-json\/wp\/v2\/tags?post=7632"}],"curies":[{"name":"wp","href":"https:\/\/api.w.org\/{rel}","templated":true}]}}