{"id":4565,"date":"2023-12-21T18:06:28","date_gmt":"2023-12-21T17:06:28","guid":{"rendered":"https:\/\/www.clinicaplanas.com\/blog\/?p=4565"},"modified":"2024-03-07T10:38:17","modified_gmt":"2024-03-07T09:38:17","slug":"como-lucir-una-piel-sana","status":"publish","type":"post","link":"https:\/\/www.clinicaplanas.com\/blog\/2023\/12\/21\/como-lucir-una-piel-sana\/","title":{"rendered":"C\u00f3mo lucir una piel sana"},"content":{"rendered":"<p>En el mundo en el que vivimos, la salud y la belleza van de la mano, por ello para tener una piel bonita es imprescindible cuidarse tanto por dentro como por fuera. En este post la <a href=\"https:\/\/www.clinicaplanas.com\/equipo-medico\/valeria-cogorno\"><strong><span style=\"color: #f8bcac;\">Dra. Valeria Cogorno<\/span><\/strong><\/a> -Medicina est\u00e9tica facial- y la <span style=\"color: #f8bcac;\"><a style=\"color: #f8bcac;\" href=\"https:\/\/www.clinicaplanas.com\/equipo-medico\/montserrat-planas\"><strong>Dra. Montserrat Planas<\/strong><\/a><\/span> -Unidad de L\u00e1ser- nos dan algunos <strong>consejos para lucir una piel joven, fresca y radiante todo el a\u00f1o<\/strong>.<\/p>\n<h2>La importancia de tener una piel sana<\/h2>\n<p>Como bien sabemos, no sirve de nada tener unos buenos p\u00f3mulos, nariz o labios sin tener una piel bonita. Tener una buena estructura tridimensional de nuestra cara hace mucho, pero si nuestra piel tiene manchas, est\u00e1 seca o con grietas, no es una cara que luzca sana ni atractiva. Por todo esto es fundamental tener un cuidado de la piel, previniendo as\u00ed su deterioro con el paso de los a\u00f1os.<\/p>\n<a href=\"\/cita-blog?referer=\/blog\/2023\/12\/21\/como-lucir-una-piel-sana\/\"><picture><source media=\"(min-width: 481px)\" srcset=\"https:\/\/www.clinicaplanas.com\/blog\/wp-content\/2.-DIAGNOSTICO.jpg\"><img decoding=\"async\" src=\"https:\/\/www.clinicaplanas.com\/blog\/wp-content\/2.2-DIAGNOSTICO.jpg\" alt=\"Solicita una cita con nosotros\"><\/picture><\/a>\n<h2>Consejos para lucir una piel sana<\/h2>\n<p>Para mantener una piel saludable y radiante, <strong>necesitamos realizar unos cuidados regulares<\/strong>. Quiz\u00e1 ya tengas algunas ideas sobre cuidado cut\u00e1neo, pero aqu\u00ed te dejamos algunos consejos para conseguir esa piel radiante que tanto deseas.<\/p>\n<h3>Rutina de cuidado de piel<\/h3>\n<p>Es importante contar con una rutina de cuidado facial adecuada a tu tipo de piel, ya sea:<\/p>\n<ol>\n<li>Seca<\/li>\n<li>Sensible<\/li>\n<li>Grasa.<\/li>\n<\/ol>\n<p>Para conocer qu\u00e9 rutina es la indicada para cada caso hay que evaluar la piel, conocer las necesidades que tiene y complementarla con cremas y productos con principios activos.<\/p>\n<h4>Limpieza y exfoliaci\u00f3n<\/h4>\n<p>Dentro de la rutina facial que debemos incorporar a nuestro d\u00eda a d\u00eda para conseguir una piel sana est\u00e1:<\/p>\n<ol>\n<li>Limpieza: es recomendable lavar nuestra piel una o dos veces al d\u00eda para eliminar las impurezas y el exceso de grasa que se van acumulando.<\/li>\n<li>Una exfoliaci\u00f3n una vez a la semana, que ayuda a la eliminaci\u00f3n de c\u00e9lulas muertas y estimula la renovaci\u00f3n celular.<\/li>\n<\/ol>\n<p>Hay que tener en cuenta que <strong>no todas las pieles necesitan exfoliarse ni limpiarse, por ello, es crucial que un profesional establezca qu\u00e9 es lo mejor para nuestro rostro<\/strong>.<\/p>\n<h4>Hidrataci\u00f3n regular<\/h4>\n<p>Una piel deshidratada no est\u00e1 sana porque no puede cumplir su funci\u00f3n natural de protecci\u00f3n. <strong>La hidrataci\u00f3n regular de la piel es fundamental<\/strong> y contamos con muchas opciones que ayudan a que no se deshidrate. Existen productos inyectados como el <a href=\"https:\/\/www.clinicaplanas.com\/medicina-estetica-facial\/rellenos-faciales\"><strong><span style=\"color: #f8bcac;\">\u00e1cido hialur\u00f3nico<\/span><\/strong><\/a>, que se puede combinar con otras sustancias como las vitaminas u oligoelementos, que aportan salud a la piel.<br \/>\nTodos estos tratamientos deben ser indicados por profesionales seg\u00fan el tipo de piel y de factores personas del paciente, como la edad, si ha entrado en la menopausia o si est\u00e1 tomando hormonas.<\/p>\n<h4>Protecci\u00f3n solar<\/h4>\n<p>La exposici\u00f3n al sol causa da\u00f1o a la piel y provoca un envejecimiento prematuro. Por ello, <strong>es fundamental aplicar protector solar todos los d\u00edas y en todas las estaciones del a\u00f1o<\/strong>, no solo en verano o cuando estamos en la playa.<\/p>\n<h3>Nutrici\u00f3n y alimentaci\u00f3n<\/h3>\n<p>Con la ayuda de una buena alimentaci\u00f3n e hidrataci\u00f3n tambi\u00e9n podemos conseguir que nuestra piel luzca sana todos los d\u00edas del a\u00f1o.<\/p>\n<h4>Alimentos antioxidantes<\/h4>\n<p>Cuando hablamos de hidrataci\u00f3n para la piel, no solamente estamos hablando de agua, sino tambi\u00e9n de grasas, por lo que <strong>la alimentaci\u00f3n es muy importante para conseguir ese aporte necesario de hidrataci\u00f3n<\/strong>. Para ello debemos <strong>a\u00f1adir alimentos ricos en antioxidantes y minerales, vitaminas, fibras y grasas monosaturadas y polisaturadas<\/strong>, como el aceite de oliva, el aguacate y los frutos secos. Tambi\u00e9n es importante <strong>no olvidarse de los alimentos ricos en prote\u00ednas<\/strong> porque nos ayudar\u00e1n a formar las fibras de col\u00e1geno que a la larga sustentan la estructura de nuestra piel.<\/p>\n<h4>Hidrataci\u00f3n correcta<\/h4>\n<p>Adem\u00e1s de incluir en nuestra dieta los alimentos antioxidantes que hemos comentado anteriormente, no se nos puede olvidar beber al menos 2 litros de agua al d\u00eda para mantener una correcta hidrataci\u00f3n de la piel.<\/p>\n<h3>Obtener suficiente descanso<\/h3>\n<p>El descanso es un factor muy importante que influye a la hora de lucir una piel sana y bonita. Esto es debido a que <strong>mientras dormimos y descansamos, las c\u00e9lulas de la piel se regeneran y aportan a la piel hidrataci\u00f3n<\/strong>. Por ello, cuando alguna noche dormimos pocas horas, nuestra piel se despierta fl\u00e1cida y apagada.<\/p>\n<h3>Reducir el estr\u00e9s<\/h3>\n<p>Hoy en d\u00eda es com\u00fan llevar una vida ajetreada y sin parar de un lado para otro, pero por si no lo sab\u00edas, esto no beneficia a tu piel, ya que el estr\u00e9s produce una disminuci\u00f3n de la creaci\u00f3n de col\u00e1geno -las fibras que sirven para sustentar la piel-, y por lo tanto, un envejecimiento prematuro y una piel que no est\u00e1 sana.<\/p>\n<h2>Tratamientos para conseguir una piel joven<\/h2>\n<p>Gracias a los \u00faltimos avances tecnol\u00f3gicos<strong> existen tratamientos m\u00e9dicos mediante los cuales podemos mejorar la apariencia de nuestra piel para que luzca sana y luminosa<\/strong>. Aqu\u00ed te recomendamos algunos de los m\u00e1s solicitados para conseguir una piel sana:<\/p>\n<h3><a href=\"https:\/\/www.clinicaplanas.com\/medicina-estetica-facial\/arrugas-de-expresion\"><span style=\"color: #f8bcac;\">Tratamiento para las arrugas de expresi\u00f3n<\/span><\/a><\/h3>\n<p>En el \u00e1mbito de la medicina est\u00e9tica facial uno de los tratamientos m\u00e1s demandados es el de las arrugas de expresi\u00f3n. Mediante la infiltraci\u00f3n de neuromoduladores o productos de relleno <strong>podemos atenuar o eliminar las arrugas<\/strong>, en un procedimiento realizado en consulta que nos permite reincorporarnos a nuestra rutina diaria de forma inmediata.<\/p>\n<h3>Tratamientos l\u00e1ser<\/h3>\n<p>La tecnolog\u00eda l\u00e1ser de \u00faltima generaci\u00f3n nos ofrece diferentes alternativas para mejorar el aspecto y la salud de nuestra piel. Es esencial que un especialista realice un diagn\u00f3stico completo para identificar las diferentes problem\u00e1ticas a tratar y elegir el tipo de l\u00e1ser m\u00e1s adecuado, como puede ser:<\/p>\n<ol>\n<li><strong><a href=\"https:\/\/www.clinicaplanas.com\/medicina-estetica-facial\/ipl\"><span style=\"color: #f8bcac;\">IPL<\/span> <\/a><\/strong>(Regeneraci\u00f3n de la piel): la Luz Intensa Pulsada nos permite abordar diferentes objetivos a la vez, como son las manchas pigmentadas, las venitas o la textura cut\u00e1nea rugosa.<\/li>\n<li><a href=\"https:\/\/www.clinicaplanas.com\/medicina-estetica-facial\/manchas-en-la-piel\"><strong><span style=\"color: #f8bcac;\">Manchas en la piel<\/span><\/strong><\/a>: con el l\u00e1ser tambi\u00e9n podemos eliminar diferentes tipos de manchas cut\u00e1neas, as\u00ed como lentigos solares, nevus, melasmas e incluso cicatrices.<\/li>\n<\/ol>\n<h3><a href=\"https:\/\/www.clinicaplanas.com\/cirugia-estetica-facial\/lifting-facial\"><span style=\"color: #f8bcac;\">Lifting facial<\/span><\/a><\/h3>\n<p>Muchos de los efectos del paso de los a\u00f1os que podemos ver en nuestro rostro se pueden corregir con un lifting facial. En el caso de la flacidez leve tenemos la opci\u00f3n del tratamiento no quir\u00fargico realizado con radiofrecuencia, pero si esto no fuera suficiente contamos con esta t\u00e9cnica quir\u00fargica.<br \/>\nEl lifting puede ser por zonas o total y consiste en retirar el tejido sobrante mediante una incisi\u00f3n. Se realiza en una sola intervenci\u00f3n y, normalmente, se aplica anestesia local.<\/p>\n<h3><a href=\"https:\/\/www.clinicaplanas.com\/cirugia-estetica-facial\/bodytite-flacidez\"><span style=\"color: #f8bcac;\">Bodytite<\/span><\/a><\/h3>\n<p>Otro de los tratamientos que se indican para lucir una piel sana libre de flacidez es la tecnolog\u00eda Bodytite, ya sea en cara -Facetite- como en el cuerpo. Se trata de un procedimiento m\u00ednimamente invasivo de remodelaci\u00f3n corporal con el que <strong>podemos combatir tanto el exceso de grasa como la flacidez<\/strong> con una r\u00e1pida recuperaci\u00f3n gracias a la utilizaci\u00f3n de radiofrecuencia.<\/p>\n<p><a href=\"https:\/\/www.clinicaplanas.com\/cita\" rel=\"attachment wp-att-3837\"><img loading=\"lazy\" decoding=\"async\" class=\"aligncenter wp-image-3837 size-large\" src=\"https:\/\/www.clinicaplanas.com\/blog\/wp-content\/gif-informacion.gif\" alt=\"\" width=\"1020\" height=\"255\" \/><\/a><\/p>\n\t<div id=\"text-4044821547\" class=\"text single-tags\">\n\t\t\n\n<p>\n<!-- Generated by TaxoPress 3.24.1 - https:\/\/wordpress.org\/plugins\/simple-tags\/ -->\n\t<div class=\"taxopress-output-wrapper\"> <div class=\"st-post-tags \"> \n\t<a href=\"https:\/\/www.clinicaplanas.com\/blog\/tag\/antiaging\/\" title=\"Antiaging\">Antiaging<\/a><a href=\"https:\/\/www.clinicaplanas.com\/blog\/tag\/dermatologia\/\" title=\"dermatolog\u00eda\">dermatolog\u00eda<\/a><a href=\"https:\/\/www.clinicaplanas.com\/blog\/tag\/flacidez\/\" title=\"Flacidez\">Flacidez<\/a><a href=\"https:\/\/www.clinicaplanas.com\/blog\/tag\/ipl\/\" title=\"IPL\">IPL<\/a><a href=\"https:\/\/www.clinicaplanas.com\/blog\/tag\/laser\/\" title=\"l\u00e1ser\">l\u00e1ser<\/a><a href=\"https:\/\/www.clinicaplanas.com\/blog\/tag\/lifting-facial\/\" title=\"lifting facial\">lifting facial<\/a><a href=\"https:\/\/www.clinicaplanas.com\/blog\/tag\/medicina-estetica-facial\/\" title=\"medicina estetica facial\">medicina estetica facial<\/a> <br \/> <\/div>\n<\/div>\n<\/p>\n\t\t\t<\/div>\n\t\n\n\t<section class=\"section\" id=\"section_548918590\">\n\t\t<div class=\"section-bg fill\" >\n\t\t\t\t\t\t\t\t\t<div class=\"section-bg-overlay absolute fill\"><\/div>\n\t\t\t\n\n\t\t<\/div>\n\n\t\t\n\n\t\t<div class=\"section-content relative\">\n\t\t\t\n<div class=\"container section-title-container\" ><h3 class=\"section-title section-title-center\"><b><\/b><span class=\"section-title-main\" >TRATAMIENTOS RECOMENDADOS<\/span><b><\/b><\/h3><\/div>\n<div class=\"row\"  id=\"row-1853254831\">\n\n\t<div id=\"col-1734531772\" class=\"col medium-4 small-12 large-4\"  >\n\t\t\t\t<div class=\"col-inner\"  >\n\t\t\t\n\t\t\t\n\t<div class=\"box has-hover   has-hover box-text-bottom\" >\n\n\t\t<div class=\"box-image\" >\n\t\t\t<a href=\"https:\/\/www.clinicaplanas.com\/medicina-estetica-facial\/neauvia-zaffiro\" target=\"_blank\" rel=\"noopener\" >\t\t\t<div class=\"\" >\n\t\t\t\t<img loading=\"lazy\" decoding=\"async\" width=\"612\" height=\"369\" src=\"https:\/\/www.clinicaplanas.com\/blog\/wp-content\/Zaffiro-2.png\" class=\"attachment- size-\" alt=\"\" srcset=\"https:\/\/www.clinicaplanas.com\/blog\/wp-content\/Zaffiro-2.png 612w, https:\/\/www.clinicaplanas.com\/blog\/wp-content\/Zaffiro-2-300x181.png 300w\" sizes=\"(max-width: 612px) 100vw, 612px\" \/>\t\t\t\t\t\t\t\t\t\t\t<\/div>\n\t\t\t<\/a>\t\t<\/div>\n\n\t\t<div class=\"box-text text-center\" >\n\t\t\t<div class=\"box-text-inner\">\n\t\t\t\t\n<h4>Neauvia Zaffiro: tratamiento facial<\/h4>\n<p>Neauvia Zaffiro es un dispositivo m\u00e9dico de termo lifting especializado en la regeneraci\u00f3n del tejido facial. Inf\u00f3rmate y luce una piel renovada.<\/p>\n\t\t\t<\/div>\n\t\t<\/div>\n\t<\/div>\n\t\n\t\t<\/div>\n\t\t\t\t\t<\/div>\n\n\t\n\n\t<div id=\"col-1325451518\" class=\"col medium-4 small-12 large-4\"  >\n\t\t\t\t<div class=\"col-inner\"  >\n\t\t\t\n\t\t\t\n\t<div class=\"box has-hover   has-hover box-text-bottom\" >\n\n\t\t<div class=\"box-image\" >\n\t\t\t<a href=\"https:\/\/www.clinicaplanas.com\/medicina-estetica-facial\/ipl\" >\t\t\t<div class=\"\" >\n\t\t\t\t<img loading=\"lazy\" decoding=\"async\" width=\"612\" height=\"369\" src=\"https:\/\/www.clinicaplanas.com\/blog\/wp-content\/IPL.-Regeneracion-de-la-piel.png\" class=\"attachment- size-\" alt=\"IPL. Regeneraci\u00f3n de la piel\" srcset=\"https:\/\/www.clinicaplanas.com\/blog\/wp-content\/IPL.-Regeneracion-de-la-piel.png 612w, https:\/\/www.clinicaplanas.com\/blog\/wp-content\/IPL.-Regeneracion-de-la-piel-300x181.png 300w\" sizes=\"(max-width: 612px) 100vw, 612px\" \/>\t\t\t\t\t\t\t\t\t\t\t<\/div>\n\t\t\t<\/a>\t\t<\/div>\n\n\t\t<div class=\"box-text text-center\" >\n\t\t\t<div class=\"box-text-inner\">\n\t\t\t\t\n<h4>IPL. Regeneraci\u00f3n de la piel<\/h4>\n<p>Una fuente de luz que combate el envejecimiento de la piel, mejorando su tonalidad y textura y eliminando las manchas, rojeces, poros dilatados y arrugas finas.<\/p>\n\t\t\t<\/div>\n\t\t<\/div>\n\t<\/div>\n\t\n\t\t<\/div>\n\t\t\t\t\t<\/div>\n\n\t\n\n\t<div id=\"col-1801286744\" class=\"col medium-4 small-12 large-4\"  >\n\t\t\t\t<div class=\"col-inner\"  >\n\t\t\t\n\t\t\t\n\t<div class=\"box has-hover   has-hover box-text-bottom\" >\n\n\t\t<div class=\"box-image\" >\n\t\t\t<a href=\"https:\/\/www.clinicaplanas.com\/cirugia-estetica-facial\/lifting-facial\" target=\"_blank\" rel=\"noopener\" >\t\t\t<div class=\"\" >\n\t\t\t\t<img loading=\"lazy\" decoding=\"async\" width=\"612\" height=\"369\" src=\"https:\/\/www.clinicaplanas.com\/blog\/wp-content\/lifting-facial-2.png\" class=\"attachment- size-\" alt=\"lifting facial\" srcset=\"https:\/\/www.clinicaplanas.com\/blog\/wp-content\/lifting-facial-2.png 612w, https:\/\/www.clinicaplanas.com\/blog\/wp-content\/lifting-facial-2-300x181.png 300w\" sizes=\"(max-width: 612px) 100vw, 612px\" \/>\t\t\t\t\t\t\t\t\t\t\t<\/div>\n\t\t\t<\/a>\t\t<\/div>\n\n\t\t<div class=\"box-text text-center\" >\n\t\t\t<div class=\"box-text-inner\">\n\t\t\t\t\n<h4>Lifting facial<\/h4>\n<p>El lifting es una t\u00e9cnica quir\u00fargica de rejuvenecimiento con resultados espectaculares, que permite recuperar la firmeza y el tono cut\u00e1neo de cara y cuello.<\/p>\n\t\t\t<\/div>\n\t\t<\/div>\n\t<\/div>\n\t\n\t\t<\/div>\n\t\t\t\t\t<\/div>\n\n\t\n<\/div>\n\t\t<\/div>\n\n\t\t\n<style>\n#section_548918590 {\n  padding-top: 30px;\n  padding-bottom: 30px;\n  background-color: rgb(238, 238, 238);\n}\n#section_548918590 .section-bg-overlay {\n  background-color: rgb(238, 238, 238);\n}\n<\/style>\n\t<\/section>\n\t\n","protected":false},"excerpt":{"rendered":"<p>En el mundo en el que vivimos, la salud y la belleza van de la mano, por ello para tener una piel bonita es imprescindible cuidarse tanto por dentro como por fuera. En este post la Dra. Valeria Cogorno -Medicina est\u00e9tica facial- y la Dra. Montserrat Planas -Unidad de L\u00e1ser- nos dan algunos consejos para [&#8230;]\n","protected":false},"author":1,"featured_media":4566,"comment_status":"open","ping_status":"open","sticky":false,"template":"","format":"standard","meta":{"footnotes":""},"categories":[243,254,248],"tags":[16,97,14,101,94,108,32],"class_list":["post-4565","post","type-post","status-publish","format-standard","has-post-thumbnail","hentry","category-cirugia-facial","category-dermatologia","category-facial","tag-antiaging","tag-dermatologia","tag-flacidez","tag-ipl","tag-laser","tag-lifting-facial","tag-medicina-estetica-facial"],"yoast_head":"<!-- This site is optimized with the Yoast SEO plugin v23.4 - https:\/\/yoast.com\/wordpress\/plugins\/seo\/ -->\n<title>C\u00f3mo lucir una piel sana - Tu blog de medicina y cirug\u00eda est\u00e9tica - Cl\u00ednica Planas<\/title>\n<meta name=\"description\" content=\"Para tener una piel sana es imprescindible cuidarse tanto por dentro como por fuera. Aqu\u00ed tienes algunos consejos.\" \/>\n<meta name=\"robots\" content=\"index, follow, max-snippet:-1, max-image-preview:large, max-video-preview:-1\" \/>\n<link rel=\"canonical\" href=\"https:\/\/www.clinicaplanas.com\/blog\/2023\/12\/21\/como-lucir-una-piel-sana\/\" \/>\n<meta property=\"og:locale\" content=\"es_ES\" \/>\n<meta property=\"og:type\" content=\"article\" \/>\n<meta property=\"og:title\" content=\"C\u00f3mo lucir una piel sana - Tu blog de medicina y cirug\u00eda est\u00e9tica - Cl\u00ednica Planas\" \/>\n<meta property=\"og:description\" content=\"Para tener una piel sana es imprescindible cuidarse tanto por dentro como por fuera. Aqu\u00ed tienes algunos consejos.\" \/>\n<meta property=\"og:url\" content=\"https:\/\/www.clinicaplanas.com\/blog\/2023\/12\/21\/como-lucir-una-piel-sana\/\" \/>\n<meta property=\"og:site_name\" content=\"Tu blog de medicina y cirug\u00eda est\u00e9tica - Cl\u00ednica Planas\" \/>\n<meta property=\"article:published_time\" content=\"2023-12-21T17:06:28+00:00\" \/>\n<meta property=\"article:modified_time\" content=\"2024-03-07T09:38:17+00:00\" \/>\n<meta property=\"og:image\" content=\"https:\/\/www.clinicaplanas.com\/blog\/wp-content\/piel-sana.png\" \/>\n\t<meta property=\"og:image:width\" content=\"1600\" \/>\n\t<meta property=\"og:image:height\" content=\"965\" \/>\n\t<meta property=\"og:image:type\" content=\"image\/png\" \/>\n<meta name=\"author\" content=\"Cl\u00ednica Planas\" \/>\n<meta name=\"twitter:card\" content=\"summary_large_image\" \/>\n<meta name=\"twitter:label1\" content=\"Escrito por\" \/>\n\t<meta name=\"twitter:data1\" content=\"Cl\u00ednica Planas\" \/>\n\t<meta name=\"twitter:label2\" content=\"Tiempo de lectura\" \/>\n\t<meta name=\"twitter:data2\" content=\"6 minutos\" \/>\n<!-- \/ Yoast SEO plugin. -->","yoast_head_json":{"title":"C\u00f3mo lucir una piel sana - Tu blog de medicina y cirug\u00eda est\u00e9tica - Cl\u00ednica Planas","description":"Para tener una piel sana es imprescindible cuidarse tanto por dentro como por fuera. Aqu\u00ed tienes algunos consejos.","robots":{"index":"index","follow":"follow","max-snippet":"max-snippet:-1","max-image-preview":"max-image-preview:large","max-video-preview":"max-video-preview:-1"},"canonical":"https:\/\/www.clinicaplanas.com\/blog\/2023\/12\/21\/como-lucir-una-piel-sana\/","og_locale":"es_ES","og_type":"article","og_title":"C\u00f3mo lucir una piel sana - Tu blog de medicina y cirug\u00eda est\u00e9tica - Cl\u00ednica Planas","og_description":"Para tener una piel sana es imprescindible cuidarse tanto por dentro como por fuera. Aqu\u00ed tienes algunos consejos.","og_url":"https:\/\/www.clinicaplanas.com\/blog\/2023\/12\/21\/como-lucir-una-piel-sana\/","og_site_name":"Tu blog de medicina y cirug\u00eda est\u00e9tica - Cl\u00ednica Planas","article_published_time":"2023-12-21T17:06:28+00:00","article_modified_time":"2024-03-07T09:38:17+00:00","og_image":[{"width":1600,"height":965,"url":"https:\/\/www.clinicaplanas.com\/blog\/wp-content\/piel-sana.png","type":"image\/png"}],"author":"Cl\u00ednica Planas","twitter_card":"summary_large_image","twitter_misc":{"Escrito por":"Cl\u00ednica Planas","Tiempo de lectura":"6 minutos"},"schema":{"@context":"https:\/\/schema.org","@graph":[{"@type":"Article","@id":"https:\/\/www.clinicaplanas.com\/blog\/2023\/12\/21\/como-lucir-una-piel-sana\/#article","isPartOf":{"@id":"https:\/\/www.clinicaplanas.com\/blog\/2023\/12\/21\/como-lucir-una-piel-sana\/"},"author":{"name":"Cl\u00ednica Planas","@id":"https:\/\/www.clinicaplanas.com\/blog\/#\/schema\/person\/67415317bfcf95b6ba02b9083ea79093"},"headline":"C\u00f3mo lucir una piel sana","datePublished":"2023-12-21T17:06:28+00:00","dateModified":"2024-03-07T09:38:17+00:00","mainEntityOfPage":{"@id":"https:\/\/www.clinicaplanas.com\/blog\/2023\/12\/21\/como-lucir-una-piel-sana\/"},"wordCount":1385,"commentCount":0,"publisher":{"@id":"https:\/\/www.clinicaplanas.com\/blog\/#organization"},"image":{"@id":"https:\/\/www.clinicaplanas.com\/blog\/2023\/12\/21\/como-lucir-una-piel-sana\/#primaryimage"},"thumbnailUrl":"https:\/\/www.clinicaplanas.com\/blog\/wp-content\/piel-sana.png","keywords":["Antiaging","dermatolog\u00eda","Flacidez","IPL","l\u00e1ser","lifting facial","medicina estetica facial"],"articleSection":["Art\u00edculos de Cirug\u00eda Est\u00e9tica Facial","Art\u00edculos de Dermatolog\u00eda","Art\u00edculos de Medicina Est\u00e9tica Facial"],"inLanguage":"es","potentialAction":[{"@type":"CommentAction","name":"Comment","target":["https:\/\/www.clinicaplanas.com\/blog\/2023\/12\/21\/como-lucir-una-piel-sana\/#respond"]}]},{"@type":"WebPage","@id":"https:\/\/www.clinicaplanas.com\/blog\/2023\/12\/21\/como-lucir-una-piel-sana\/","url":"https:\/\/www.clinicaplanas.com\/blog\/2023\/12\/21\/como-lucir-una-piel-sana\/","name":"C\u00f3mo lucir una piel sana - Tu blog de medicina y cirug\u00eda est\u00e9tica - Cl\u00ednica Planas","isPartOf":{"@id":"https:\/\/www.clinicaplanas.com\/blog\/#website"},"primaryImageOfPage":{"@id":"https:\/\/www.clinicaplanas.com\/blog\/2023\/12\/21\/como-lucir-una-piel-sana\/#primaryimage"},"image":{"@id":"https:\/\/www.clinicaplanas.com\/blog\/2023\/12\/21\/como-lucir-una-piel-sana\/#primaryimage"},"thumbnailUrl":"https:\/\/www.clinicaplanas.com\/blog\/wp-content\/piel-sana.png","datePublished":"2023-12-21T17:06:28+00:00","dateModified":"2024-03-07T09:38:17+00:00","description":"Para tener una piel sana es imprescindible cuidarse tanto por dentro como por fuera. Aqu\u00ed tienes algunos consejos.","breadcrumb":{"@id":"https:\/\/www.clinicaplanas.com\/blog\/2023\/12\/21\/como-lucir-una-piel-sana\/#breadcrumb"},"inLanguage":"es","potentialAction":[{"@type":"ReadAction","target":["https:\/\/www.clinicaplanas.com\/blog\/2023\/12\/21\/como-lucir-una-piel-sana\/"]}]},{"@type":"ImageObject","inLanguage":"es","@id":"https:\/\/www.clinicaplanas.com\/blog\/2023\/12\/21\/como-lucir-una-piel-sana\/#primaryimage","url":"https:\/\/www.clinicaplanas.com\/blog\/wp-content\/piel-sana.png","contentUrl":"https:\/\/www.clinicaplanas.com\/blog\/wp-content\/piel-sana.png","width":1600,"height":965,"caption":"piel sana"},{"@type":"BreadcrumbList","@id":"https:\/\/www.clinicaplanas.com\/blog\/2023\/12\/21\/como-lucir-una-piel-sana\/#breadcrumb","itemListElement":[{"@type":"ListItem","position":1,"name":"Home","item":"https:\/\/www.clinicaplanas.com\/blog\/"},{"@type":"ListItem","position":2,"name":"Art\u00edculos de Medicina Est\u00e9tica","item":"https:\/\/www.clinicaplanas.com\/blog\/medicina-estetica\/"},{"@type":"ListItem","position":3,"name":"Art\u00edculos de Medicina Est\u00e9tica Facial","item":"https:\/\/www.clinicaplanas.com\/blog\/medicina-estetica\/facial\/"},{"@type":"ListItem","position":4,"name":"C\u00f3mo lucir una piel sana"}]},{"@type":"WebSite","@id":"https:\/\/www.clinicaplanas.com\/blog\/#website","url":"https:\/\/www.clinicaplanas.com\/blog\/","name":"Tu blog de medicina y cirug\u00eda est\u00e9tica - Cl\u00ednica Planas","description":"Mantente al d\u00eda sobre medicina y cirug\u00eda est\u00e9tica con el blog de Cl\u00ednica Planas. Noticias de actualidad, novedades y tips de la mano de nuestros especialistas.","publisher":{"@id":"https:\/\/www.clinicaplanas.com\/blog\/#organization"},"potentialAction":[{"@type":"SearchAction","target":{"@type":"EntryPoint","urlTemplate":"https:\/\/www.clinicaplanas.com\/blog\/?s={search_term_string}"},"query-input":{"@type":"PropertyValueSpecification","valueRequired":true,"valueName":"search_term_string"}}],"inLanguage":"es"},{"@type":"Organization","@id":"https:\/\/www.clinicaplanas.com\/blog\/#organization","name":"Cl\u00ednica Planas","url":"https:\/\/www.clinicaplanas.com\/blog\/","logo":{"@type":"ImageObject","inLanguage":"es","@id":"https:\/\/www.clinicaplanas.com\/blog\/#\/schema\/logo\/image\/","url":"https:\/\/www.clinicaplanas.com\/blog\/wp-content\/android-icon-192x192-1.png","contentUrl":"https:\/\/www.clinicaplanas.com\/blog\/wp-content\/android-icon-192x192-1.png","width":192,"height":192,"caption":"Cl\u00ednica Planas"},"image":{"@id":"https:\/\/www.clinicaplanas.com\/blog\/#\/schema\/logo\/image\/"}},{"@type":"Person","@id":"https:\/\/www.clinicaplanas.com\/blog\/#\/schema\/person\/67415317bfcf95b6ba02b9083ea79093","name":"Cl\u00ednica Planas","image":{"@type":"ImageObject","inLanguage":"es","@id":"https:\/\/www.clinicaplanas.com\/blog\/#\/schema\/person\/image\/","url":"https:\/\/www.clinicaplanas.com\/blog\/wp-content\/avatar_user_1_1681298128-96x96.jpg","contentUrl":"https:\/\/www.clinicaplanas.com\/blog\/wp-content\/avatar_user_1_1681298128-96x96.jpg","caption":"Cl\u00ednica Planas"},"description":"Cl\u00ednica de medicina y cirug\u00eda est\u00e9tica en Barcelona con 50 a\u00f1os de reconocida trayectoria internacional e innovaci\u00f3n. Cl\u00ednica Planas es confianza y seguridad.","sameAs":["https:\/\/www.clinicaplanas.com\/","admin"],"url":"https:\/\/www.clinicaplanas.com\/blog\/author\/admin\/"}]}},"_links":{"self":[{"href":"https:\/\/www.clinicaplanas.com\/blog\/wp-json\/wp\/v2\/posts\/4565"}],"collection":[{"href":"https:\/\/www.clinicaplanas.com\/blog\/wp-json\/wp\/v2\/posts"}],"about":[{"href":"https:\/\/www.clinicaplanas.com\/blog\/wp-json\/wp\/v2\/types\/post"}],"author":[{"embeddable":true,"href":"https:\/\/www.clinicaplanas.com\/blog\/wp-json\/wp\/v2\/users\/1"}],"replies":[{"embeddable":true,"href":"https:\/\/www.clinicaplanas.com\/blog\/wp-json\/wp\/v2\/comments?post=4565"}],"version-history":[{"count":8,"href":"https:\/\/www.clinicaplanas.com\/blog\/wp-json\/wp\/v2\/posts\/4565\/revisions"}],"predecessor-version":[{"id":4802,"href":"https:\/\/www.clinicaplanas.com\/blog\/wp-json\/wp\/v2\/posts\/4565\/revisions\/4802"}],"wp:featuredmedia":[{"embeddable":true,"href":"https:\/\/www.clinicaplanas.com\/blog\/wp-json\/wp\/v2\/media\/4566"}],"wp:attachment":[{"href":"https:\/\/www.clinicaplanas.com\/blog\/wp-json\/wp\/v2\/media?parent=4565"}],"wp:term":[{"taxonomy":"category","embeddable":true,"href":"https:\/\/www.clinicaplanas.com\/blog\/wp-json\/wp\/v2\/categories?post=4565"},{"taxonomy":"post_tag","embeddable":true,"href":"https:\/\/www.clinicaplanas.com\/blog\/wp-json\/wp\/v2\/tags?post=4565"}],"curies":[{"name":"wp","href":"https:\/\/api.w.org\/{rel}","templated":true}]}}