{"id":4157,"date":"2023-05-16T10:03:18","date_gmt":"2023-05-16T08:03:18","guid":{"rendered":"https:\/\/www.clinicaplanas.com\/blog\/?p=4157"},"modified":"2023-05-16T10:54:04","modified_gmt":"2023-05-16T08:54:04","slug":"cuenta-atras-xxii-congreso-planas","status":"publish","type":"post","link":"https:\/\/www.clinicaplanas.com\/blog\/2023\/05\/16\/cuenta-atras-xxii-congreso-planas\/","title":{"rendered":"Cuenta atr\u00e1s para el XXII Congreso Planas"},"content":{"rendered":"<p>El <strong>Auditorio de Cl\u00ednica Planas<\/strong> acoger\u00e1 en el mes de junio el <a href=\"https:\/\/www.clinicaplanas.com\/congreso2023\/\" target=\"_blank\" rel=\"noopener\"><span style=\"color: #f8bcac;\"><strong>XXII Congreso Planas<\/strong><\/span><\/a>, un evento bianual que <strong>re\u00fane a los mejores cirujanos pl\u00e1sticos y est\u00e9ticos de todo el mundo<\/strong>, con voluntad de divulgaci\u00f3n, aprendizaje y conexi\u00f3n entre profesionales. Para esta vig\u00e9simo segunda edici\u00f3n, que <strong>tendr\u00e1 lugar los d\u00edas 15, 16 y 17 de junio<\/strong>, se ha preparado un completo <a href=\"https:\/\/www.clinicaplanas.com\/congreso2023\/?page_id=5851\" target=\"_blank\" rel=\"noopener\"><span style=\"color: #f8bcac;\"><strong>programa de tres d\u00edas<\/strong><\/span><\/a> que abarcar\u00e1 los principales aspectos<strong> del presente y el futuro de la cirug\u00eda pl\u00e1stica, reconstructiva y est\u00e9tica<\/strong>.<\/p>\n<p>Con el objetivo de dar a conocer m\u00e1s aspectos del Congreso, <strong>el <a href=\"https:\/\/www.clinicaplanas.com\/equipo-medico\/jorge-planas\" target=\"_blank\" rel=\"noopener\"><span style=\"color: #f8bcac;\">Dr. Jorge Planas<\/span><\/a><\/strong> -Director M\u00e9dico de Cl\u00ednica Planas- responde a algunas preguntas que nos ayudan a entender mejor<strong> qu\u00e9 objetivos persigue Cl\u00ednica Planas con esta iniciativa<\/strong>.<\/p>\n<h2>\u00bfQu\u00e9 objetivos persigue la celebraci\u00f3n del Congreso Planas?<\/h2>\n<p>Este congreso se viene organizando desde el a\u00f1o 1971, hace ya m\u00e1s de 50 a\u00f1os, de forma bianual (aunque con un breve par\u00f3n a causa de la pandemia del Covid-19). <strong>Abarca tres d\u00edas con un completo programa que incluye mesas redondas y ponencias, pero tambi\u00e9n cirug\u00edas en directo<\/strong>, algo que se puede ver en muy pocos congresos de este tipo.<\/p>\n<p>Tiene adem\u00e1s la particularidad de que invitamos \u00fanicamente a profesores de otros pa\u00edses. La idea es <strong>agrupar a los especialistas m\u00e1s punteros de diferentes lugares, tenerlos aqu\u00ed y poder aprovechar todo su conocimiento, tanto en charlas como vi\u00e9ndoles operar<\/strong>. Esto hace que los profesionales que no pueden estar constantemente viajando a los diferentes pa\u00edses donde trabajan estas estrellas de la cirug\u00eda pl\u00e1stica, reparadora y est\u00e9tica, tengan la oportunidad de verles a todos en unos d\u00edas y aprender de ellos.<\/p>\n<h2>\u00bfCu\u00e1les son los principales temas que se van a tratar durante el Congreso?<\/h2>\n<p><strong>Los temas se dividen en varios bloques:<\/strong><\/p>\n<ol>\n<li>Uno de ellos ser\u00eda el <strong>rejuvenecimiento facial<\/strong>, donde hablaremos de t\u00e9cnicas para combatir el envejecimiento.<\/li>\n<li>Otro de los principales bloques tratar\u00e1 <strong>cirug\u00eda reconstructiva<\/strong>, centr\u00e1ndose en la reconstrucci\u00f3n de mama y las cirug\u00edas del linfedema y el lipedema.<\/li>\n<li>Un tercer apartado, tambi\u00e9n muy interesante, se centrar\u00e1 en la<strong> cirug\u00eda genital<\/strong>, que est\u00e1 muy en boga. Se trata tanto cirug\u00eda genital femenina como cirug\u00eda genital masculina, centrado principalmente en la est\u00e9tica genital.<\/li>\n<li>Otro bloque muy importante es el de <strong>rinoplastia<\/strong>, a la que dedicamos bastantes horas porque es una cirug\u00eda muy demandada y para la que hay t\u00e9cnicas -como la rinoplastia ultras\u00f3nica- que son bastante \u2018j\u00f3venes\u2019 y que est\u00e1n dando muchos beneficios tanto en el resultado como en el postoperatorio.<\/li>\n<li>Por \u00faltimo hay <strong>otros bloques dedicados a la cirug\u00eda corporal<\/strong> donde nos apoyamos sobre todo lo que son<strong> las tecnolog\u00edas para desarrollar una nueva silueta<\/strong>, como puede ser el <a href=\"https:\/\/www.clinicaplanas.com\/cirugia-estetica-corporal\/lipo-vaser\" target=\"_blank\" rel=\"noopener\"><strong><span style=\"color: #f8bcac;\">Lipo Vaser<\/span><\/strong><\/a>. La idea es no s\u00f3lo retirar grasa sino hacerlo de una determinada manera para marcar m\u00e1s los abdominales y hacer una reconstrucci\u00f3n en 3D. Tambi\u00e9n el aumento de gl\u00fateos con grasa retirada de la cintura. En definitiva, lo que es hoy en d\u00eda la remodelaci\u00f3n corporal en 3D.<\/li>\n<\/ol>\n<h2>\u00bfQu\u00e9 especialistas participan y qu\u00e9 experiencia aportan al programa?<\/h2>\n<p>El <a href=\"https:\/\/www.clinicaplanas.com\/congreso2023\/?page_id=6251\" target=\"_blank\" rel=\"noopener\"><span style=\"color: #f8bcac;\"><strong>elenco de profesores<\/strong> <\/span><\/a>que participa en esta edici\u00f3n es especialmente extenso, estamos hablando de<strong> casi 20 profesionales de la cirug\u00eda est\u00e9tica y reparadora, de diferentes puntos del planeta<\/strong> como Estados Unidos, Canad\u00e1, Australia, Sudam\u00e9rica y por supuesto Europa.<br \/>\nEl perfil del participante es tambi\u00e9n el cirujano pl\u00e1stico, nacional pero tambi\u00e9n extranjero en muchos casos. Hay que tener en cuenta que <strong>es la vig\u00e9simo segunda edici\u00f3n de este Congreso, por lo que tiene ya un importante reconocimiento a nivel mundial<\/strong>.<\/p>\n<p style=\"text-align: center;\"><iframe loading=\"lazy\" title=\"YouTube video player\" src=\"https:\/\/www.youtube.com\/embed\/cjEF9QZcZ04\" width=\"560\" height=\"315\" frameborder=\"0\" allowfullscreen=\"allowfullscreen\"><\/iframe><\/p>\n<h2>\u00bfQu\u00e9 beneficios tiene para los participantes asistir a este Congreso y qu\u00e9 importancia tiene la formaci\u00f3n continua?<\/h2>\n<p><strong>La formaci\u00f3n continua es important\u00edsima en cualquier rama de especialidad de la medicina<\/strong>. Y de hecho cada vez m\u00e1s, porque est\u00e1 aumentando la inversi\u00f3n en I+D, ya no s\u00f3lo por parte de las cl\u00ednicas que se dedican a la cirug\u00eda pl\u00e1stica y de los propios cirujanos, sino tambi\u00e9n por parte de las casas comerciales que trabajan en la fabricaci\u00f3n de la tecnolog\u00eda vinculada a esta especialidad. Esto hace que tengas que estar siempre al d\u00eda, porque <strong>siempre hay una nueva m\u00e1quina o instrumento que te va a ayudar a hacer mejor una cirug\u00eda<\/strong>, por no decir que en una sociedad cada vez m\u00e1s conectada cualquier novedad se da a conocer cada vez m\u00e1s r\u00e1pido alrededor del mundo.<\/p>\n<p><strong>Los puntos de reuni\u00f3n como el Congreso Planas<\/strong>, en los que se encuentran especialistas de la misma rama m\u00e9dica,<strong> hacen que haya ese intercambio de experiencias y conocimientos<\/strong> ya no s\u00f3lo en las sesiones cient\u00edficas, sino tambi\u00e9n en los momentos de descanso donde se aprovecha para hacer <em>networking<\/em>.<\/p>\n<p><a href=\"https:\/\/www.clinicaplanas.com\/congreso2023\/?page_id=5977\" target=\"_blank\" rel=\"attachment noopener wp-att-3837\"><img loading=\"lazy\" decoding=\"async\" class=\"aligncenter wp-image-3837 size-large\" src=\"https:\/\/www.clinicaplanas.com\/blog\/wp-content\/gif-informacion.gif\" alt=\"\" width=\"1020\" height=\"255\" \/><\/a><\/p>\n\t<div id=\"text-2818014663\" class=\"text single-tags\">\n\t\t\n\n<p>\n<!-- Generated by TaxoPress 3.24.1 - https:\/\/wordpress.org\/plugins\/simple-tags\/ -->\n\t<div class=\"taxopress-output-wrapper\"> <div class=\"st-post-tags \"> \n\t<a href=\"https:\/\/www.clinicaplanas.com\/blog\/tag\/congreso-planas\/\" title=\"Congreso Planas\">Congreso Planas<\/a> <br \/> <\/div>\n<\/div>\n<\/p>\n\t\t\t<\/div>\n\t\n\n\t<section class=\"section\" id=\"section_2127204927\">\n\t\t<div class=\"section-bg fill\" >\n\t\t\t\t\t\t\t\t\t<div class=\"section-bg-overlay absolute fill\"><\/div>\n\t\t\t\n\n\t\t<\/div>\n\n\t\t\n\n\t\t<div class=\"section-content relative\">\n\t\t\t\n<div class=\"container section-title-container\" ><h3 class=\"section-title section-title-center\"><b><\/b><span class=\"section-title-main\" >TRATAMIENTOS RECOMENDADOS<\/span><b><\/b><\/h3><\/div>\n<div class=\"row\"  id=\"row-579009619\">\n\n\t<div id=\"col-2141669197\" class=\"col medium-4 small-12 large-4\"  >\n\t\t\t\t<div class=\"col-inner\"  >\n\t\t\t\n\t\t\t\n\t<div class=\"box has-hover   has-hover box-text-bottom\" >\n\n\t\t<div class=\"box-image\" >\n\t\t\t<a href=\"https:\/\/www.clinicaplanas.com\/cirugia-estetica-facial\/operacion-nariz\" target=\"_blank\" rel=\"noopener\" >\t\t\t<div class=\"\" >\n\t\t\t\t<img loading=\"lazy\" decoding=\"async\" width=\"612\" height=\"369\" src=\"https:\/\/www.clinicaplanas.com\/blog\/wp-content\/rinoplastia-ultrasonica-1.png\" class=\"attachment- size-\" alt=\"Cirug\u00eda de la nariz\" srcset=\"https:\/\/www.clinicaplanas.com\/blog\/wp-content\/rinoplastia-ultrasonica-1.png 612w, https:\/\/www.clinicaplanas.com\/blog\/wp-content\/rinoplastia-ultrasonica-1-300x181.png 300w\" sizes=\"(max-width: 612px) 100vw, 612px\" \/>\t\t\t\t\t\t\t\t\t\t\t<\/div>\n\t\t\t<\/a>\t\t<\/div>\n\n\t\t<div class=\"box-text text-center\" >\n\t\t\t<div class=\"box-text-inner\">\n\t\t\t\t\n<h4>Rinoplastia Ultras\u00f3nica<\/h4>\n<p>La rinoplastia es una intervenci\u00f3n quir\u00fargica destinada a la correcci\u00f3n de las deformaciones nasales con la finalidad de mejorar el equilibrio y la armon\u00eda facial.<\/p>\n\t\t\t<\/div>\n\t\t<\/div>\n\t<\/div>\n\t\n\t\t<\/div>\n\t\t\t\t\t<\/div>\n\n\t\n\n\t<div id=\"col-2078425312\" class=\"col medium-4 small-12 large-4\"  >\n\t\t\t\t<div class=\"col-inner\"  >\n\t\t\t\n\t\t\t\n\t<div class=\"box has-hover   has-hover box-text-bottom\" >\n\n\t\t<div class=\"box-image\" >\n\t\t\t<a href=\"https:\/\/www.clinicaplanas.com\/unidad-de-tratamiento-integral-de-linfedema\/lipedema\" target=\"_blank\" rel=\"noopener\" >\t\t\t<div class=\"\" >\n\t\t\t\t<img loading=\"lazy\" decoding=\"async\" width=\"612\" height=\"369\" src=\"https:\/\/www.clinicaplanas.com\/blog\/wp-content\/lipedema.png\" class=\"attachment- size-\" alt=\"lipedema\" srcset=\"https:\/\/www.clinicaplanas.com\/blog\/wp-content\/lipedema.png 612w, https:\/\/www.clinicaplanas.com\/blog\/wp-content\/lipedema-300x181.png 300w\" sizes=\"(max-width: 612px) 100vw, 612px\" \/>\t\t\t\t\t\t\t\t\t\t\t<\/div>\n\t\t\t<\/a>\t\t<\/div>\n\n\t\t<div class=\"box-text text-center\" >\n\t\t\t<div class=\"box-text-inner\">\n\t\t\t\t\n<h4>Lipedema<\/h4>\n<p>En Cl\u00ednica Planas el Lipedema es diagnosticado y tratado por especialistas en cirug\u00eda pl\u00e1stica y expertos en alteraciones del sistema linf\u00e1tico.<\/p>\n\t\t\t<\/div>\n\t\t<\/div>\n\t<\/div>\n\t\n\t\t<\/div>\n\t\t\t\t\t<\/div>\n\n\t\n\n\t<div id=\"col-542633073\" class=\"col medium-4 small-12 large-4\"  >\n\t\t\t\t<div class=\"col-inner\"  >\n\t\t\t\n\t\t\t\n\t<div class=\"box has-hover   has-hover box-text-bottom\" >\n\n\t\t<div class=\"box-image\" >\n\t\t\t<a href=\"https:\/\/www.clinicaplanas.com\/cirugia-estetica-corporal\/lipo-vaser\" target=\"_blank\" rel=\"noopener\" >\t\t\t<div class=\"\" >\n\t\t\t\t<img loading=\"lazy\" decoding=\"async\" width=\"612\" height=\"369\" src=\"https:\/\/www.clinicaplanas.com\/blog\/wp-content\/Vaser-1.png\" class=\"attachment- size-\" alt=\"Vaser\" srcset=\"https:\/\/www.clinicaplanas.com\/blog\/wp-content\/Vaser-1.png 612w, https:\/\/www.clinicaplanas.com\/blog\/wp-content\/Vaser-1-300x181.png 300w\" sizes=\"(max-width: 612px) 100vw, 612px\" \/>\t\t\t\t\t\t\t\t\t\t\t<\/div>\n\t\t\t<\/a>\t\t<\/div>\n\n\t\t<div class=\"box-text text-center\" >\n\t\t\t<div class=\"box-text-inner\">\n\t\t\t\t\n<h4>Lipo Vaser<\/h4>\n<p>Tecnolog\u00eda de ultras\u00f3nido de \u00faltima generaci\u00f3n que permite esculpir el cuerpo y eliminar la grasa localizada de cualquier zona sin molestias postoperatorias.<\/p>\n\t\t\t<\/div>\n\t\t<\/div>\n\t<\/div>\n\t\n\t\t<\/div>\n\t\t\t\t\t<\/div>\n\n\t\n<\/div>\n\t\t<\/div>\n\n\t\t\n<style>\n#section_2127204927 {\n  padding-top: 30px;\n  padding-bottom: 30px;\n  background-color: rgb(238, 238, 238);\n}\n#section_2127204927 .section-bg-overlay {\n  background-color: rgb(238, 238, 238);\n}\n<\/style>\n\t<\/section>\n\t\n","protected":false},"excerpt":{"rendered":"<p>El Auditorio de Cl\u00ednica Planas acoger\u00e1 en el mes de junio el XXII Congreso Planas, un evento bianual que re\u00fane a los mejores cirujanos pl\u00e1sticos y est\u00e9ticos de todo el mundo, con voluntad de divulgaci\u00f3n, aprendizaje y conexi\u00f3n entre profesionales. Para esta vig\u00e9simo segunda edici\u00f3n, que tendr\u00e1 lugar los d\u00edas 15, 16 y 17 de [&#8230;]\n","protected":false},"author":1,"featured_media":4167,"comment_status":"open","ping_status":"open","sticky":false,"template":"","format":"standard","meta":{"footnotes":""},"categories":[241,244],"tags":[273],"class_list":["post-4157","post","type-post","status-publish","format-standard","has-post-thumbnail","hentry","category-cirugia-plastica-estetica","category-cirugia-reparadora","tag-congreso-planas"],"yoast_head":"<!-- This site is optimized with the Yoast SEO plugin v23.4 - https:\/\/yoast.com\/wordpress\/plugins\/seo\/ -->\n<title>Cuenta atr\u00e1s para el XXII Congreso Planas - Tu blog de medicina y cirug\u00eda est\u00e9tica - Cl\u00ednica Planas<\/title>\n<meta name=\"description\" content=\"El Dr. Jorge Planas responde a algunas preguntas que nos ayudan a entender mejor qu\u00e9 objetivos persigue Cl\u00ednica Planas con esta iniciativa.\" \/>\n<meta name=\"robots\" content=\"index, follow, max-snippet:-1, max-image-preview:large, max-video-preview:-1\" \/>\n<link rel=\"canonical\" href=\"https:\/\/www.clinicaplanas.com\/blog\/2023\/05\/16\/cuenta-atras-xxii-congreso-planas\/\" \/>\n<meta property=\"og:locale\" content=\"es_ES\" \/>\n<meta property=\"og:type\" content=\"article\" \/>\n<meta property=\"og:title\" content=\"Cuenta atr\u00e1s para el XXII Congreso Planas - Tu blog de medicina y cirug\u00eda est\u00e9tica - Cl\u00ednica Planas\" \/>\n<meta property=\"og:description\" content=\"El Dr. Jorge Planas responde a algunas preguntas que nos ayudan a entender mejor qu\u00e9 objetivos persigue Cl\u00ednica Planas con esta iniciativa.\" \/>\n<meta property=\"og:url\" content=\"https:\/\/www.clinicaplanas.com\/blog\/2023\/05\/16\/cuenta-atras-xxii-congreso-planas\/\" \/>\n<meta property=\"og:site_name\" content=\"Tu blog de medicina y cirug\u00eda est\u00e9tica - Cl\u00ednica Planas\" \/>\n<meta property=\"article:published_time\" content=\"2023-05-16T08:03:18+00:00\" \/>\n<meta property=\"article:modified_time\" content=\"2023-05-16T08:54:04+00:00\" \/>\n<meta property=\"og:image\" content=\"https:\/\/www.clinicaplanas.com\/blog\/wp-content\/cuenta-atras-congreso-planas.png\" \/>\n\t<meta property=\"og:image:width\" content=\"1600\" \/>\n\t<meta property=\"og:image:height\" content=\"965\" \/>\n\t<meta property=\"og:image:type\" content=\"image\/png\" \/>\n<meta name=\"author\" content=\"Cl\u00ednica Planas\" \/>\n<meta name=\"twitter:card\" content=\"summary_large_image\" \/>\n<meta name=\"twitter:label1\" content=\"Escrito por\" \/>\n\t<meta name=\"twitter:data1\" content=\"Cl\u00ednica Planas\" \/>\n\t<meta name=\"twitter:label2\" content=\"Tiempo de lectura\" \/>\n\t<meta name=\"twitter:data2\" content=\"5 minutos\" \/>\n<!-- \/ Yoast SEO plugin. -->","yoast_head_json":{"title":"Cuenta atr\u00e1s para el XXII Congreso Planas - Tu blog de medicina y cirug\u00eda est\u00e9tica - Cl\u00ednica Planas","description":"El Dr. Jorge Planas responde a algunas preguntas que nos ayudan a entender mejor qu\u00e9 objetivos persigue Cl\u00ednica Planas con esta iniciativa.","robots":{"index":"index","follow":"follow","max-snippet":"max-snippet:-1","max-image-preview":"max-image-preview:large","max-video-preview":"max-video-preview:-1"},"canonical":"https:\/\/www.clinicaplanas.com\/blog\/2023\/05\/16\/cuenta-atras-xxii-congreso-planas\/","og_locale":"es_ES","og_type":"article","og_title":"Cuenta atr\u00e1s para el XXII Congreso Planas - Tu blog de medicina y cirug\u00eda est\u00e9tica - Cl\u00ednica Planas","og_description":"El Dr. Jorge Planas responde a algunas preguntas que nos ayudan a entender mejor qu\u00e9 objetivos persigue Cl\u00ednica Planas con esta iniciativa.","og_url":"https:\/\/www.clinicaplanas.com\/blog\/2023\/05\/16\/cuenta-atras-xxii-congreso-planas\/","og_site_name":"Tu blog de medicina y cirug\u00eda est\u00e9tica - Cl\u00ednica Planas","article_published_time":"2023-05-16T08:03:18+00:00","article_modified_time":"2023-05-16T08:54:04+00:00","og_image":[{"width":1600,"height":965,"url":"https:\/\/www.clinicaplanas.com\/blog\/wp-content\/cuenta-atras-congreso-planas.png","type":"image\/png"}],"author":"Cl\u00ednica Planas","twitter_card":"summary_large_image","twitter_misc":{"Escrito por":"Cl\u00ednica Planas","Tiempo de lectura":"5 minutos"},"schema":{"@context":"https:\/\/schema.org","@graph":[{"@type":"Article","@id":"https:\/\/www.clinicaplanas.com\/blog\/2023\/05\/16\/cuenta-atras-xxii-congreso-planas\/#article","isPartOf":{"@id":"https:\/\/www.clinicaplanas.com\/blog\/2023\/05\/16\/cuenta-atras-xxii-congreso-planas\/"},"author":{"name":"Cl\u00ednica Planas","@id":"https:\/\/www.clinicaplanas.com\/blog\/#\/schema\/person\/67415317bfcf95b6ba02b9083ea79093"},"headline":"Cuenta atr\u00e1s para el XXII Congreso Planas","datePublished":"2023-05-16T08:03:18+00:00","dateModified":"2023-05-16T08:54:04+00:00","mainEntityOfPage":{"@id":"https:\/\/www.clinicaplanas.com\/blog\/2023\/05\/16\/cuenta-atras-xxii-congreso-planas\/"},"wordCount":1016,"commentCount":0,"publisher":{"@id":"https:\/\/www.clinicaplanas.com\/blog\/#organization"},"image":{"@id":"https:\/\/www.clinicaplanas.com\/blog\/2023\/05\/16\/cuenta-atras-xxii-congreso-planas\/#primaryimage"},"thumbnailUrl":"https:\/\/www.clinicaplanas.com\/blog\/wp-content\/cuenta-atras-congreso-planas.png","keywords":["Congreso Planas"],"articleSection":["Art\u00edculos de Cirug\u00eda Est\u00e9tica y Pl\u00e1stica","Art\u00edculos sobre Cirug\u00eda Reparadora"],"inLanguage":"es","potentialAction":[{"@type":"CommentAction","name":"Comment","target":["https:\/\/www.clinicaplanas.com\/blog\/2023\/05\/16\/cuenta-atras-xxii-congreso-planas\/#respond"]}]},{"@type":"WebPage","@id":"https:\/\/www.clinicaplanas.com\/blog\/2023\/05\/16\/cuenta-atras-xxii-congreso-planas\/","url":"https:\/\/www.clinicaplanas.com\/blog\/2023\/05\/16\/cuenta-atras-xxii-congreso-planas\/","name":"Cuenta atr\u00e1s para el XXII Congreso Planas - Tu blog de medicina y cirug\u00eda est\u00e9tica - Cl\u00ednica Planas","isPartOf":{"@id":"https:\/\/www.clinicaplanas.com\/blog\/#website"},"primaryImageOfPage":{"@id":"https:\/\/www.clinicaplanas.com\/blog\/2023\/05\/16\/cuenta-atras-xxii-congreso-planas\/#primaryimage"},"image":{"@id":"https:\/\/www.clinicaplanas.com\/blog\/2023\/05\/16\/cuenta-atras-xxii-congreso-planas\/#primaryimage"},"thumbnailUrl":"https:\/\/www.clinicaplanas.com\/blog\/wp-content\/cuenta-atras-congreso-planas.png","datePublished":"2023-05-16T08:03:18+00:00","dateModified":"2023-05-16T08:54:04+00:00","description":"El Dr. Jorge Planas responde a algunas preguntas que nos ayudan a entender mejor qu\u00e9 objetivos persigue Cl\u00ednica Planas con esta iniciativa.","breadcrumb":{"@id":"https:\/\/www.clinicaplanas.com\/blog\/2023\/05\/16\/cuenta-atras-xxii-congreso-planas\/#breadcrumb"},"inLanguage":"es","potentialAction":[{"@type":"ReadAction","target":["https:\/\/www.clinicaplanas.com\/blog\/2023\/05\/16\/cuenta-atras-xxii-congreso-planas\/"]}]},{"@type":"ImageObject","inLanguage":"es","@id":"https:\/\/www.clinicaplanas.com\/blog\/2023\/05\/16\/cuenta-atras-xxii-congreso-planas\/#primaryimage","url":"https:\/\/www.clinicaplanas.com\/blog\/wp-content\/cuenta-atras-congreso-planas.png","contentUrl":"https:\/\/www.clinicaplanas.com\/blog\/wp-content\/cuenta-atras-congreso-planas.png","width":1600,"height":965,"caption":"cuenta atr\u00e1s congreso planas"},{"@type":"BreadcrumbList","@id":"https:\/\/www.clinicaplanas.com\/blog\/2023\/05\/16\/cuenta-atras-xxii-congreso-planas\/#breadcrumb","itemListElement":[{"@type":"ListItem","position":1,"name":"Home","item":"https:\/\/www.clinicaplanas.com\/blog\/"},{"@type":"ListItem","position":2,"name":"Art\u00edculos de Cirug\u00eda Est\u00e9tica y Pl\u00e1stica","item":"https:\/\/www.clinicaplanas.com\/blog\/cirugia-plastica-estetica\/"},{"@type":"ListItem","position":3,"name":"Cuenta atr\u00e1s para el XXII Congreso Planas"}]},{"@type":"WebSite","@id":"https:\/\/www.clinicaplanas.com\/blog\/#website","url":"https:\/\/www.clinicaplanas.com\/blog\/","name":"Tu blog de medicina y cirug\u00eda est\u00e9tica - Cl\u00ednica Planas","description":"Mantente al d\u00eda sobre medicina y cirug\u00eda est\u00e9tica con el blog de Cl\u00ednica Planas. Noticias de actualidad, novedades y tips de la mano de nuestros especialistas.","publisher":{"@id":"https:\/\/www.clinicaplanas.com\/blog\/#organization"},"potentialAction":[{"@type":"SearchAction","target":{"@type":"EntryPoint","urlTemplate":"https:\/\/www.clinicaplanas.com\/blog\/?s={search_term_string}"},"query-input":{"@type":"PropertyValueSpecification","valueRequired":true,"valueName":"search_term_string"}}],"inLanguage":"es"},{"@type":"Organization","@id":"https:\/\/www.clinicaplanas.com\/blog\/#organization","name":"Cl\u00ednica Planas","url":"https:\/\/www.clinicaplanas.com\/blog\/","logo":{"@type":"ImageObject","inLanguage":"es","@id":"https:\/\/www.clinicaplanas.com\/blog\/#\/schema\/logo\/image\/","url":"https:\/\/www.clinicaplanas.com\/blog\/wp-content\/android-icon-192x192-1.png","contentUrl":"https:\/\/www.clinicaplanas.com\/blog\/wp-content\/android-icon-192x192-1.png","width":192,"height":192,"caption":"Cl\u00ednica Planas"},"image":{"@id":"https:\/\/www.clinicaplanas.com\/blog\/#\/schema\/logo\/image\/"}},{"@type":"Person","@id":"https:\/\/www.clinicaplanas.com\/blog\/#\/schema\/person\/67415317bfcf95b6ba02b9083ea79093","name":"Cl\u00ednica Planas","image":{"@type":"ImageObject","inLanguage":"es","@id":"https:\/\/www.clinicaplanas.com\/blog\/#\/schema\/person\/image\/","url":"https:\/\/www.clinicaplanas.com\/blog\/wp-content\/avatar_user_1_1681298128-96x96.jpg","contentUrl":"https:\/\/www.clinicaplanas.com\/blog\/wp-content\/avatar_user_1_1681298128-96x96.jpg","caption":"Cl\u00ednica Planas"},"description":"Cl\u00ednica de medicina y cirug\u00eda est\u00e9tica en Barcelona con 50 a\u00f1os de reconocida trayectoria internacional e innovaci\u00f3n. Cl\u00ednica Planas es confianza y seguridad.","sameAs":["https:\/\/www.clinicaplanas.com\/","admin"],"url":"https:\/\/www.clinicaplanas.com\/blog\/author\/admin\/"}]}},"_links":{"self":[{"href":"https:\/\/www.clinicaplanas.com\/blog\/wp-json\/wp\/v2\/posts\/4157"}],"collection":[{"href":"https:\/\/www.clinicaplanas.com\/blog\/wp-json\/wp\/v2\/posts"}],"about":[{"href":"https:\/\/www.clinicaplanas.com\/blog\/wp-json\/wp\/v2\/types\/post"}],"author":[{"embeddable":true,"href":"https:\/\/www.clinicaplanas.com\/blog\/wp-json\/wp\/v2\/users\/1"}],"replies":[{"embeddable":true,"href":"https:\/\/www.clinicaplanas.com\/blog\/wp-json\/wp\/v2\/comments?post=4157"}],"version-history":[{"count":7,"href":"https:\/\/www.clinicaplanas.com\/blog\/wp-json\/wp\/v2\/posts\/4157\/revisions"}],"predecessor-version":[{"id":4169,"href":"https:\/\/www.clinicaplanas.com\/blog\/wp-json\/wp\/v2\/posts\/4157\/revisions\/4169"}],"wp:featuredmedia":[{"embeddable":true,"href":"https:\/\/www.clinicaplanas.com\/blog\/wp-json\/wp\/v2\/media\/4167"}],"wp:attachment":[{"href":"https:\/\/www.clinicaplanas.com\/blog\/wp-json\/wp\/v2\/media?parent=4157"}],"wp:term":[{"taxonomy":"category","embeddable":true,"href":"https:\/\/www.clinicaplanas.com\/blog\/wp-json\/wp\/v2\/categories?post=4157"},{"taxonomy":"post_tag","embeddable":true,"href":"https:\/\/www.clinicaplanas.com\/blog\/wp-json\/wp\/v2\/tags?post=4157"}],"curies":[{"name":"wp","href":"https:\/\/api.w.org\/{rel}","templated":true}]}}