{"id":332,"date":"2017-08-30T08:16:25","date_gmt":"2017-08-30T07:16:25","guid":{"rendered":"http:\/\/www.clinicaplanas.com\/blog\/?p=332"},"modified":"2022-11-17T13:09:46","modified_gmt":"2022-11-17T12:09:46","slug":"faq-orejas-asa-otoplastia","status":"publish","type":"post","link":"https:\/\/www.clinicaplanas.com\/blog\/2017\/08\/30\/faq-orejas-asa-otoplastia\/","title":{"rendered":"Preguntas y respuestas de las orejas en asa \/ otoplastia"},"content":{"rendered":"\r\n<p><img loading=\"lazy\" decoding=\"async\" class=\"alignleft size-medium wp-image-335\" src=\"https:\/\/www.clinicaplanas.com\/blog\/wp-content\/otoplastia-300x156.jpg\" alt=\"otoplastia cirugia de orejas\" width=\"300\" height=\"156\" srcset=\"https:\/\/www.clinicaplanas.com\/blog\/wp-content\/otoplastia-300x156.jpg 300w, https:\/\/www.clinicaplanas.com\/blog\/wp-content\/otoplastia.jpg 453w\" sizes=\"(max-width: 300px) 100vw, 300px\" \/>La oreja prominente o en asa, popularmente conocida como \u201coreja de soplillo\u201d, es un defecto gen\u00e9tico bastante frecuente. Su causa puede estar localizada en dos puntos concretos de la oreja, el anteh\u00e9lix y la concha. <!--more-->El primero es la zona superior central del \u00f3rgano; cuando carece de curvatura (el pliegue caracter\u00edstico), la oreja se presenta en asa. La concha es el \u00e1rea\u00a0 del auricular que se halla en contacto con el cr\u00e1neo; si se presenta un \u00e1ngulo demasiado abierto con relaci\u00f3n a \u00e9ste, o si est\u00e1 demasiado desarrollada, la oreja queda despegada de la cara. Los avances de la cirug\u00eda han permitido que las operaciones para corregir defectos est\u00e9ticos de las orejas sean actuaciones exentas de complicaciones en la inmensa mayor\u00eda de los casos, siendo la\u00a0otoplastia o cirug\u00eda de orejas una t\u00e9cnica segura. <img loading=\"lazy\" decoding=\"async\" class=\"aligncenter wp-image-336 size-full\" src=\"https:\/\/www.clinicaplanas.com\/blog\/wp-content\/otoplastia-procedimiento.jpg\" alt=\"cirug\u00eda otoplastia\" width=\"654\" height=\"253\" srcset=\"https:\/\/www.clinicaplanas.com\/blog\/wp-content\/otoplastia-procedimiento.jpg 654w, https:\/\/www.clinicaplanas.com\/blog\/wp-content\/otoplastia-procedimiento-300x116.jpg 300w\" sizes=\"(max-width: 654px) 100vw, 654px\" \/> <strong>1.\u00a0\u00a0\u00a0\u00a0 \u00bfEn qu\u00e9 casos estar\u00eda contraindicada la intervenci\u00f3n?<\/strong> Si se padece una enfermedad que pueda interferir con el proceso quir\u00fargico o con la anestesia. Es importante no fumar o reducir el consumo de tabaco tres semanas antes y despu\u00e9s de la intervenci\u00f3n, ya que influye en la calidad de la cicatrizaci\u00f3n. <strong>2.\u00a0\u00a0\u00a0\u00a0 \u00bfQu\u00e9 riesgo presenta la <a href=\"https:\/\/www.clinicaplanas.com\/cirugia-estetica-facial\/otoplastia\">cirug\u00eda de la oreja<\/a>?<\/strong> Ante todo, el mismo que cualquier intervenci\u00f3n quir\u00fargica, principalmente el de infecci\u00f3n y hematoma. Los riesgos espec\u00edficos de la operaci\u00f3n son el cambio permanente de sensibilidad en la piel, que es excepcional. En casos muy infrecuentes, las orejas pueden quedar ligeramente asim\u00e9tricas o distintas en cuanto a su separaci\u00f3n del cr\u00e1neo, si bien es importante se\u00f1alar que casi nadie tiene las orejas ubicadas en forma totalmente paralela, ni con id\u00e9ntico \u00e1ngulo de salida respecto al cr\u00e1neo. Tambi\u00e9n puede ocurrir que se produzca una recidiva, o sea, que las orejas vuelvan a despegarse, lo que es muy raro. Un riesgo espec\u00edfico, aunque muy poco frecuente, es la formaci\u00f3n de un hematoma y la necesidad de eliminarlo. Una se\u00f1al de alarma que detectar\u00eda la posibilidad de que se hubiera formado el hematoma ser\u00eda el aumento comparativo de dolor de una oreja con respecto a la otra. En los raros casos en que aparece, suele ocurrir durante las primeras 24 horas desde la intervenci\u00f3n, raz\u00f3n por la que se suele ingresar preventivamente 1 d\u00eda a todos los pacientes para su control. <strong>3. \u00bfQu\u00e9 edad es la m\u00e1s adecuada para la otoplastia?<\/strong> A los 5 a\u00f1os es un momento ideal. A esa edad, las orejas ya tienen el tama\u00f1o de las de un adulto. Aunque pueda parecer extraordinario, en varias ocasiones pacientes adultos\u00a0 que se han decidido a dar el gran paso tras a\u00f1os de usar pegamento cada ma\u00f1ana para pegar las orejas al cr\u00e1neo. Es una l\u00e1stima, en todos los sentidos, por la molestia padecida y por el complejo que deben de haber soportado para actuar as\u00ed tanto tiempo. Adem\u00e1s, si se espera a una edad adulta para efectuar la intervenci\u00f3n, al cart\u00edlago le resultar\u00e1 m\u00e1s dif\u00edcil adaptarse a la remodelaci\u00f3n, ya que ser\u00e1 m\u00e1s r\u00edgido. En casos muy infrecuentes, esto obligar\u00e1 a repetir la intervenci\u00f3n en una o en las dos orejas. Por todo ello se recomienda que estas intervenciones se efect\u00faen a una edad temprana. <strong>4. \u00bfQu\u00e9 medicamentos deber\u00e9 evitar antes y despu\u00e9s de la otoplastia?<\/strong> Como antes de toda operaci\u00f3n, le indicaremos que se abstenga de ingerir aspirinas u otros anticoagulantes durante tres semanas antes de la intervenci\u00f3n. El cirujano le dar\u00e1 una orientaci\u00f3n m\u00e1s adelante. <strong>5. \u00bfEs cierto que las orejas pierden sensibilidad los primeros d\u00edas?<\/strong> S\u00ed, se produce este efecto, pero se recupera la sensibilidad al cabo de pocas semanas. <strong>6. \u00bfPodr\u00e9 usar gafas inmediatamente despu\u00e9s de la operaci\u00f3n? \u00bfY lentes de contacto?<\/strong> Durante los primeros d\u00edas, no use gafas para no presionar la zona, la patilla le molestar\u00e1. Si tiene aut\u00e9ntica necesidad, pida ayuda a un especialista para conseguir alg\u00fan tipo de lentes que no carguen peso ni presi\u00f3n sobre la zona de las orejas, abriendo mucho la patilla. Respecto a los lentes de contacto, siga us\u00e1ndolos como siempre. <strong>8. \u00bfDebo cortarme el pelo antes de la otoplastia?<\/strong> No, en absoluto. De hecho, es mejor que lo lleve largo, porque as\u00ed tapar\u00e1 las orejas durante las primeras semanas despu\u00e9s de la intervenci\u00f3n, cuando suelen estar algo inflamadas. <strong>7. \u00bfPodr\u00e9 lavarme el pelo al d\u00eda siguiente?<\/strong> Podr\u00e1 lavarse el pelo normalmente, procurando que no se mojen las orejas. La \u00fanica restricci\u00f3n mientras lleve los puntos de sutura es la no utilizaci\u00f3n del secador de aire caliente en toda la zona. <strong>8. \u00bfCu\u00e1ndo podr\u00e9 viajar?<\/strong> En seguida, pero debe recordar que tiene que acudir peri\u00f3dicamente a la consulta durante las primeras semanas. <strong>9. \u00bfLa intervenci\u00f3n puede afectar a mi capacidad auditiva?<\/strong> No, en absoluto. Se interviene \u00fanicamente sobre el cart\u00edlago exterior del conducto auditivo. <strong>10. \u00bfCu\u00e1ndo puede el adulto reemprender su vida laboral?<\/strong> Podr\u00eda hacerlo 3 d\u00edas despu\u00e9s de la intervenci\u00f3n. Ahora bien, tenga en cuenta que se sentir\u00e1 molesto, porque las orejas son una zona en la que el dolor es percibido con mayor intensidad. Si puede programar la intervenci\u00f3n d\u00e1ndose un poco m\u00e1s de tiempo, 1 semana, tanto mejor. Enlace al videoblog del <a href=\"https:\/\/www.clinicaplanas.com\/equipo-medico\/jorge-planas\" target=\"_blank\" rel=\"noopener noreferrer\">Dr. Jorge Planas<\/a>, \u00a0sobre el procedimiento de la otoplastia. https:\/\/www.clinicaplanas.com\/jorge-planas\/2015\/03\/25\/como-corregir-las-orejas-de-soplillo\/ \u00a0<\/p>\r\n","protected":false},"excerpt":{"rendered":"<p>La oreja prominente o en asa, popularmente conocida como \u201coreja de soplillo\u201d, es un defecto gen\u00e9tico bastante frecuente. Su causa puede estar localizada en dos puntos concretos de la oreja, el anteh\u00e9lix y la concha.<\/p>\n","protected":false},"author":1,"featured_media":335,"comment_status":"open","ping_status":"open","sticky":false,"template":"","format":"standard","meta":{"footnotes":""},"categories":[243,241],"tags":[92,93,91],"class_list":["post-332","post","type-post","status-publish","format-standard","has-post-thumbnail","hentry","category-cirugia-facial","category-cirugia-plastica-estetica","tag-orejas-en-asa","tag-orejas-grandes","tag-otoplastia"],"yoast_head":"<!-- This site is optimized with the Yoast SEO plugin v23.4 - https:\/\/yoast.com\/wordpress\/plugins\/seo\/ -->\n<title>Preguntas y respuestas cirug\u00eda de orejas \/ otoplastia - Planas Blog<\/title>\n<meta name=\"description\" content=\"Respuestas a las preguntas mas frecuentes sobre la cirug\u00eda de orejas en asa o otoplastia, sobre el procedimiento, el preoperatio y el postoperatorio.\" \/>\n<meta name=\"robots\" content=\"index, follow, max-snippet:-1, max-image-preview:large, max-video-preview:-1\" \/>\n<link rel=\"canonical\" href=\"https:\/\/www.clinicaplanas.com\/blog\/2017\/08\/30\/faq-orejas-asa-otoplastia\/\" \/>\n<meta property=\"og:locale\" content=\"es_ES\" \/>\n<meta property=\"og:type\" content=\"article\" \/>\n<meta property=\"og:title\" content=\"Preguntas y respuestas cirug\u00eda de orejas \/ otoplastia - Planas Blog\" \/>\n<meta property=\"og:description\" content=\"Respuestas a las preguntas mas frecuentes sobre la cirug\u00eda de orejas en asa o otoplastia, sobre el procedimiento, el preoperatio y el postoperatorio.\" \/>\n<meta property=\"og:url\" content=\"https:\/\/www.clinicaplanas.com\/blog\/2017\/08\/30\/faq-orejas-asa-otoplastia\/\" \/>\n<meta property=\"og:site_name\" content=\"Tu blog de medicina y cirug\u00eda est\u00e9tica - Cl\u00ednica Planas\" \/>\n<meta property=\"article:published_time\" content=\"2017-08-30T07:16:25+00:00\" \/>\n<meta property=\"article:modified_time\" content=\"2022-11-17T12:09:46+00:00\" \/>\n<meta property=\"og:image\" content=\"https:\/\/www.clinicaplanas.com\/blog\/wp-content\/otoplastia.jpg\" \/>\n\t<meta property=\"og:image:width\" content=\"453\" \/>\n\t<meta property=\"og:image:height\" content=\"236\" \/>\n\t<meta property=\"og:image:type\" content=\"image\/jpeg\" \/>\n<meta name=\"author\" content=\"Cl\u00ednica Planas\" \/>\n<meta name=\"twitter:card\" content=\"summary_large_image\" \/>\n<meta name=\"twitter:label1\" content=\"Escrito por\" \/>\n\t<meta name=\"twitter:data1\" content=\"Cl\u00ednica Planas\" \/>\n\t<meta name=\"twitter:label2\" content=\"Tiempo de lectura\" \/>\n\t<meta name=\"twitter:data2\" content=\"5 minutos\" \/>\n<!-- \/ Yoast SEO plugin. -->","yoast_head_json":{"title":"Preguntas y respuestas cirug\u00eda de orejas \/ otoplastia - Planas Blog","description":"Respuestas a las preguntas mas frecuentes sobre la cirug\u00eda de orejas en asa o otoplastia, sobre el procedimiento, el preoperatio y el postoperatorio.","robots":{"index":"index","follow":"follow","max-snippet":"max-snippet:-1","max-image-preview":"max-image-preview:large","max-video-preview":"max-video-preview:-1"},"canonical":"https:\/\/www.clinicaplanas.com\/blog\/2017\/08\/30\/faq-orejas-asa-otoplastia\/","og_locale":"es_ES","og_type":"article","og_title":"Preguntas y respuestas cirug\u00eda de orejas \/ otoplastia - Planas Blog","og_description":"Respuestas a las preguntas mas frecuentes sobre la cirug\u00eda de orejas en asa o otoplastia, sobre el procedimiento, el preoperatio y el postoperatorio.","og_url":"https:\/\/www.clinicaplanas.com\/blog\/2017\/08\/30\/faq-orejas-asa-otoplastia\/","og_site_name":"Tu blog de medicina y cirug\u00eda est\u00e9tica - Cl\u00ednica Planas","article_published_time":"2017-08-30T07:16:25+00:00","article_modified_time":"2022-11-17T12:09:46+00:00","og_image":[{"width":453,"height":236,"url":"https:\/\/www.clinicaplanas.com\/blog\/wp-content\/otoplastia.jpg","type":"image\/jpeg"}],"author":"Cl\u00ednica Planas","twitter_card":"summary_large_image","twitter_misc":{"Escrito por":"Cl\u00ednica Planas","Tiempo de lectura":"5 minutos"},"schema":{"@context":"https:\/\/schema.org","@graph":[{"@type":"Article","@id":"https:\/\/www.clinicaplanas.com\/blog\/2017\/08\/30\/faq-orejas-asa-otoplastia\/#article","isPartOf":{"@id":"https:\/\/www.clinicaplanas.com\/blog\/2017\/08\/30\/faq-orejas-asa-otoplastia\/"},"author":{"name":"Cl\u00ednica Planas","@id":"https:\/\/www.clinicaplanas.com\/blog\/#\/schema\/person\/67415317bfcf95b6ba02b9083ea79093"},"headline":"Preguntas y respuestas de las orejas en asa \/ otoplastia","datePublished":"2017-08-30T07:16:25+00:00","dateModified":"2022-11-17T12:09:46+00:00","mainEntityOfPage":{"@id":"https:\/\/www.clinicaplanas.com\/blog\/2017\/08\/30\/faq-orejas-asa-otoplastia\/"},"wordCount":932,"commentCount":0,"publisher":{"@id":"https:\/\/www.clinicaplanas.com\/blog\/#organization"},"image":{"@id":"https:\/\/www.clinicaplanas.com\/blog\/2017\/08\/30\/faq-orejas-asa-otoplastia\/#primaryimage"},"thumbnailUrl":"https:\/\/www.clinicaplanas.com\/blog\/wp-content\/otoplastia.jpg","keywords":["orejas en asa","orejas grandes","otoplastia"],"articleSection":["Art\u00edculos de Cirug\u00eda Est\u00e9tica Facial","Art\u00edculos de Cirug\u00eda Est\u00e9tica y Pl\u00e1stica"],"inLanguage":"es","potentialAction":[{"@type":"CommentAction","name":"Comment","target":["https:\/\/www.clinicaplanas.com\/blog\/2017\/08\/30\/faq-orejas-asa-otoplastia\/#respond"]}]},{"@type":"WebPage","@id":"https:\/\/www.clinicaplanas.com\/blog\/2017\/08\/30\/faq-orejas-asa-otoplastia\/","url":"https:\/\/www.clinicaplanas.com\/blog\/2017\/08\/30\/faq-orejas-asa-otoplastia\/","name":"Preguntas y respuestas cirug\u00eda de orejas \/ otoplastia - Planas Blog","isPartOf":{"@id":"https:\/\/www.clinicaplanas.com\/blog\/#website"},"primaryImageOfPage":{"@id":"https:\/\/www.clinicaplanas.com\/blog\/2017\/08\/30\/faq-orejas-asa-otoplastia\/#primaryimage"},"image":{"@id":"https:\/\/www.clinicaplanas.com\/blog\/2017\/08\/30\/faq-orejas-asa-otoplastia\/#primaryimage"},"thumbnailUrl":"https:\/\/www.clinicaplanas.com\/blog\/wp-content\/otoplastia.jpg","datePublished":"2017-08-30T07:16:25+00:00","dateModified":"2022-11-17T12:09:46+00:00","description":"Respuestas a las preguntas mas frecuentes sobre la cirug\u00eda de orejas en asa o otoplastia, sobre el procedimiento, el preoperatio y el postoperatorio.","breadcrumb":{"@id":"https:\/\/www.clinicaplanas.com\/blog\/2017\/08\/30\/faq-orejas-asa-otoplastia\/#breadcrumb"},"inLanguage":"es","potentialAction":[{"@type":"ReadAction","target":["https:\/\/www.clinicaplanas.com\/blog\/2017\/08\/30\/faq-orejas-asa-otoplastia\/"]}]},{"@type":"ImageObject","inLanguage":"es","@id":"https:\/\/www.clinicaplanas.com\/blog\/2017\/08\/30\/faq-orejas-asa-otoplastia\/#primaryimage","url":"https:\/\/www.clinicaplanas.com\/blog\/wp-content\/otoplastia.jpg","contentUrl":"https:\/\/www.clinicaplanas.com\/blog\/wp-content\/otoplastia.jpg","width":453,"height":236,"caption":"otoplastia cirugia de orejas"},{"@type":"BreadcrumbList","@id":"https:\/\/www.clinicaplanas.com\/blog\/2017\/08\/30\/faq-orejas-asa-otoplastia\/#breadcrumb","itemListElement":[{"@type":"ListItem","position":1,"name":"Home","item":"https:\/\/www.clinicaplanas.com\/blog\/"},{"@type":"ListItem","position":2,"name":"Art\u00edculos de Cirug\u00eda Est\u00e9tica y Pl\u00e1stica","item":"https:\/\/www.clinicaplanas.com\/blog\/cirugia-plastica-estetica\/"},{"@type":"ListItem","position":3,"name":"Art\u00edculos de Cirug\u00eda Est\u00e9tica Facial","item":"https:\/\/www.clinicaplanas.com\/blog\/cirugia-plastica-estetica\/cirugia-facial\/"},{"@type":"ListItem","position":4,"name":"Preguntas y respuestas de las orejas en asa \/ otoplastia"}]},{"@type":"WebSite","@id":"https:\/\/www.clinicaplanas.com\/blog\/#website","url":"https:\/\/www.clinicaplanas.com\/blog\/","name":"Tu blog de medicina y cirug\u00eda est\u00e9tica - Cl\u00ednica Planas","description":"Mantente al d\u00eda sobre medicina y cirug\u00eda est\u00e9tica con el blog de Cl\u00ednica Planas. Noticias de actualidad, novedades y tips de la mano de nuestros especialistas.","publisher":{"@id":"https:\/\/www.clinicaplanas.com\/blog\/#organization"},"potentialAction":[{"@type":"SearchAction","target":{"@type":"EntryPoint","urlTemplate":"https:\/\/www.clinicaplanas.com\/blog\/?s={search_term_string}"},"query-input":{"@type":"PropertyValueSpecification","valueRequired":true,"valueName":"search_term_string"}}],"inLanguage":"es"},{"@type":"Organization","@id":"https:\/\/www.clinicaplanas.com\/blog\/#organization","name":"Cl\u00ednica Planas","url":"https:\/\/www.clinicaplanas.com\/blog\/","logo":{"@type":"ImageObject","inLanguage":"es","@id":"https:\/\/www.clinicaplanas.com\/blog\/#\/schema\/logo\/image\/","url":"https:\/\/www.clinicaplanas.com\/blog\/wp-content\/android-icon-192x192-1.png","contentUrl":"https:\/\/www.clinicaplanas.com\/blog\/wp-content\/android-icon-192x192-1.png","width":192,"height":192,"caption":"Cl\u00ednica Planas"},"image":{"@id":"https:\/\/www.clinicaplanas.com\/blog\/#\/schema\/logo\/image\/"}},{"@type":"Person","@id":"https:\/\/www.clinicaplanas.com\/blog\/#\/schema\/person\/67415317bfcf95b6ba02b9083ea79093","name":"Cl\u00ednica Planas","image":{"@type":"ImageObject","inLanguage":"es","@id":"https:\/\/www.clinicaplanas.com\/blog\/#\/schema\/person\/image\/","url":"https:\/\/www.clinicaplanas.com\/blog\/wp-content\/avatar_user_1_1681298128-96x96.jpg","contentUrl":"https:\/\/www.clinicaplanas.com\/blog\/wp-content\/avatar_user_1_1681298128-96x96.jpg","caption":"Cl\u00ednica Planas"},"description":"Cl\u00ednica de medicina y cirug\u00eda est\u00e9tica en Barcelona con 50 a\u00f1os de reconocida trayectoria internacional e innovaci\u00f3n. Cl\u00ednica Planas es confianza y seguridad.","sameAs":["https:\/\/www.clinicaplanas.com\/","admin"],"url":"https:\/\/www.clinicaplanas.com\/blog\/author\/admin\/"}]}},"_links":{"self":[{"href":"https:\/\/www.clinicaplanas.com\/blog\/wp-json\/wp\/v2\/posts\/332"}],"collection":[{"href":"https:\/\/www.clinicaplanas.com\/blog\/wp-json\/wp\/v2\/posts"}],"about":[{"href":"https:\/\/www.clinicaplanas.com\/blog\/wp-json\/wp\/v2\/types\/post"}],"author":[{"embeddable":true,"href":"https:\/\/www.clinicaplanas.com\/blog\/wp-json\/wp\/v2\/users\/1"}],"replies":[{"embeddable":true,"href":"https:\/\/www.clinicaplanas.com\/blog\/wp-json\/wp\/v2\/comments?post=332"}],"version-history":[{"count":1,"href":"https:\/\/www.clinicaplanas.com\/blog\/wp-json\/wp\/v2\/posts\/332\/revisions"}],"predecessor-version":[{"id":3616,"href":"https:\/\/www.clinicaplanas.com\/blog\/wp-json\/wp\/v2\/posts\/332\/revisions\/3616"}],"wp:featuredmedia":[{"embeddable":true,"href":"https:\/\/www.clinicaplanas.com\/blog\/wp-json\/wp\/v2\/media\/335"}],"wp:attachment":[{"href":"https:\/\/www.clinicaplanas.com\/blog\/wp-json\/wp\/v2\/media?parent=332"}],"wp:term":[{"taxonomy":"category","embeddable":true,"href":"https:\/\/www.clinicaplanas.com\/blog\/wp-json\/wp\/v2\/categories?post=332"},{"taxonomy":"post_tag","embeddable":true,"href":"https:\/\/www.clinicaplanas.com\/blog\/wp-json\/wp\/v2\/tags?post=332"}],"curies":[{"name":"wp","href":"https:\/\/api.w.org\/{rel}","templated":true}]}}