{"id":26,"date":"2006-10-31T16:41:21","date_gmt":"2006-10-31T15:41:21","guid":{"rendered":"http:\/\/antiaging.clinicaplanas.com\/?p=26"},"modified":"2022-11-17T13:23:05","modified_gmt":"2022-11-17T12:23:05","slug":"fundacion-jaime-planas-cancer-de-mama","status":"publish","type":"post","link":"https:\/\/www.clinicaplanas.com\/blog\/2006\/10\/31\/fundacion-jaime-planas-cancer-de-mama\/","title":{"rendered":"La fundaci\u00f3n Jaime Planas con el c\u00e1ncer del mama"},"content":{"rendered":"\r\n<p><img loading=\"lazy\" decoding=\"async\" class=\"alignleft size-medium wp-image-182\" src=\"https:\/\/www.clinicaplanas.com\/blog\/wp-content\/ca\u0301ncer-de-mama-300x168.jpeg\" alt=\"Congreso c\u00e1ncer de mama\" width=\"300\" height=\"168\" \/>El pasado d\u00eda 22 de octubre se celebr\u00f3 en Puerto llano, ciudad Real, la III Reuni\u00f3n Publica de la Asociaci\u00f3n de Mujeres Afectadas de C\u00e1ncer de Mama, \u201cSanta \u00c1gueda\u201d.\u00a0<!--more--> El Prof. Jaime Planas , presidente de la <a href=\"https:\/\/www.clinicaplanas.com\/fundacion\">Fundaci\u00f3n<\/a> que lleva su nombre, realiz\u00f3 una interesante presentaci\u00f3n cient\u00edfica ante m\u00e1s de 1.200 asistentes sobre la reconstrucci\u00f3n de mama y su aplicaci\u00f3n. En este encuentro de car\u00e1cter anual, que presid\u00eda el Ilmo. Sr. Alcalde D. Casimiro S\u00e1nchez Calder\u00f3n, estuvieron presentes la\u00a0 consejera de Sanidad, Excma. Sra. D\u00f1a. Malitde Valent\u00edn; D\u00f1a. Dolors Montserrat, vicepresidenta segunda del Parlamente de Catalunya; D. Jaime Hijazi Abencerraje de la Cruz Roja, y D. Agust\u00edn Luque Mialdea, jefe de Ginecolog\u00eda de Puertollano, entre otros. Fundacion Jaime Planas<\/p>\r\n","protected":false},"excerpt":{"rendered":"<p>El pasado d\u00eda 22 de octubre se celebr\u00f3 en Puerto llano, ciudad Real, la III Reuni\u00f3n Publica de la Asociaci\u00f3n de Mujeres Afectadas de C\u00e1ncer de Mama, \u201cSanta \u00c1gueda\u201d.\u00a0<\/p>\n","protected":false},"author":1,"featured_media":182,"comment_status":"open","ping_status":"open","sticky":false,"template":"","format":"standard","meta":{"footnotes":""},"categories":[244,5],"tags":[46,42],"class_list":["post-26","post","type-post","status-publish","format-standard","has-post-thumbnail","hentry","category-cirugia-reparadora","category-fundacion-jaime-planas","tag-cancer-de-mama","tag-fundacion-jaime-planas"],"yoast_head":"<!-- This site is optimized with the Yoast SEO plugin v23.4 - https:\/\/yoast.com\/wordpress\/plugins\/seo\/ -->\n<title>Fundaci\u00f3n Planas con el c\u00e1ncer de mama -<\/title>\n<meta name=\"description\" content=\"El pasado d\u00eda 22 de octubre se celebr\u00f3 en Ciudad Real, la III Reuni\u00f3n Publica de la Asociaci\u00f3n de Mujeres Afectadas de C\u00e1ncer de Mama, \u201cSanta \u00c1gueda\u201d\" \/>\n<meta name=\"robots\" content=\"index, follow, max-snippet:-1, max-image-preview:large, max-video-preview:-1\" \/>\n<link rel=\"canonical\" href=\"https:\/\/www.clinicaplanas.com\/blog\/2006\/10\/31\/fundacion-jaime-planas-cancer-de-mama\/\" \/>\n<meta property=\"og:locale\" content=\"es_ES\" \/>\n<meta property=\"og:type\" content=\"article\" \/>\n<meta property=\"og:title\" content=\"Fundaci\u00f3n Planas con el c\u00e1ncer de mama -\" \/>\n<meta property=\"og:description\" content=\"El pasado d\u00eda 22 de octubre se celebr\u00f3 en Ciudad Real, la III Reuni\u00f3n Publica de la Asociaci\u00f3n de Mujeres Afectadas de C\u00e1ncer de Mama, \u201cSanta \u00c1gueda\u201d\" \/>\n<meta property=\"og:url\" content=\"https:\/\/www.clinicaplanas.com\/blog\/2006\/10\/31\/fundacion-jaime-planas-cancer-de-mama\/\" \/>\n<meta property=\"og:site_name\" content=\"Tu blog de medicina y cirug\u00eda est\u00e9tica - Cl\u00ednica Planas\" \/>\n<meta property=\"article:published_time\" content=\"2006-10-31T15:41:21+00:00\" \/>\n<meta property=\"article:modified_time\" content=\"2022-11-17T12:23:05+00:00\" \/>\n<meta property=\"og:image\" content=\"https:\/\/www.clinicaplanas.com\/blog\/wp-content\/ca\u0301ncer-de-mama.jpeg\" \/>\n\t<meta property=\"og:image:width\" content=\"300\" \/>\n\t<meta property=\"og:image:height\" content=\"168\" \/>\n\t<meta property=\"og:image:type\" content=\"image\/jpeg\" \/>\n<meta name=\"author\" content=\"Cl\u00ednica Planas\" \/>\n<meta name=\"twitter:card\" content=\"summary_large_image\" \/>\n<meta name=\"twitter:label1\" content=\"Escrito por\" \/>\n\t<meta name=\"twitter:data1\" content=\"Cl\u00ednica Planas\" \/>\n\t<meta name=\"twitter:label2\" content=\"Tiempo de lectura\" \/>\n\t<meta name=\"twitter:data2\" content=\"1 minuto\" \/>\n<!-- \/ Yoast SEO plugin. -->","yoast_head_json":{"title":"Fundaci\u00f3n Planas con el c\u00e1ncer de mama -","description":"El pasado d\u00eda 22 de octubre se celebr\u00f3 en Ciudad Real, la III Reuni\u00f3n Publica de la Asociaci\u00f3n de Mujeres Afectadas de C\u00e1ncer de Mama, \u201cSanta \u00c1gueda\u201d","robots":{"index":"index","follow":"follow","max-snippet":"max-snippet:-1","max-image-preview":"max-image-preview:large","max-video-preview":"max-video-preview:-1"},"canonical":"https:\/\/www.clinicaplanas.com\/blog\/2006\/10\/31\/fundacion-jaime-planas-cancer-de-mama\/","og_locale":"es_ES","og_type":"article","og_title":"Fundaci\u00f3n Planas con el c\u00e1ncer de mama -","og_description":"El pasado d\u00eda 22 de octubre se celebr\u00f3 en Ciudad Real, la III Reuni\u00f3n Publica de la Asociaci\u00f3n de Mujeres Afectadas de C\u00e1ncer de Mama, \u201cSanta \u00c1gueda\u201d","og_url":"https:\/\/www.clinicaplanas.com\/blog\/2006\/10\/31\/fundacion-jaime-planas-cancer-de-mama\/","og_site_name":"Tu blog de medicina y cirug\u00eda est\u00e9tica - Cl\u00ednica Planas","article_published_time":"2006-10-31T15:41:21+00:00","article_modified_time":"2022-11-17T12:23:05+00:00","og_image":[{"width":300,"height":168,"url":"https:\/\/www.clinicaplanas.com\/blog\/wp-content\/ca\u0301ncer-de-mama.jpeg","type":"image\/jpeg"}],"author":"Cl\u00ednica Planas","twitter_card":"summary_large_image","twitter_misc":{"Escrito por":"Cl\u00ednica Planas","Tiempo de lectura":"1 minuto"},"schema":{"@context":"https:\/\/schema.org","@graph":[{"@type":"Article","@id":"https:\/\/www.clinicaplanas.com\/blog\/2006\/10\/31\/fundacion-jaime-planas-cancer-de-mama\/#article","isPartOf":{"@id":"https:\/\/www.clinicaplanas.com\/blog\/2006\/10\/31\/fundacion-jaime-planas-cancer-de-mama\/"},"author":{"name":"Cl\u00ednica Planas","@id":"https:\/\/www.clinicaplanas.com\/blog\/#\/schema\/person\/67415317bfcf95b6ba02b9083ea79093"},"headline":"La fundaci\u00f3n Jaime Planas con el c\u00e1ncer del mama","datePublished":"2006-10-31T15:41:21+00:00","dateModified":"2022-11-17T12:23:05+00:00","mainEntityOfPage":{"@id":"https:\/\/www.clinicaplanas.com\/blog\/2006\/10\/31\/fundacion-jaime-planas-cancer-de-mama\/"},"wordCount":146,"commentCount":0,"publisher":{"@id":"https:\/\/www.clinicaplanas.com\/blog\/#organization"},"image":{"@id":"https:\/\/www.clinicaplanas.com\/blog\/2006\/10\/31\/fundacion-jaime-planas-cancer-de-mama\/#primaryimage"},"thumbnailUrl":"https:\/\/www.clinicaplanas.com\/blog\/wp-content\/ca\u0301ncer-de-mama.jpeg","keywords":["C\u00e1ncer de mama","Fundaci\u00f3n Jaime Planas"],"articleSection":["Art\u00edculos sobre Cirug\u00eda Reparadora","Fundaci\u00f3n Jaime Planas"],"inLanguage":"es","potentialAction":[{"@type":"CommentAction","name":"Comment","target":["https:\/\/www.clinicaplanas.com\/blog\/2006\/10\/31\/fundacion-jaime-planas-cancer-de-mama\/#respond"]}]},{"@type":"WebPage","@id":"https:\/\/www.clinicaplanas.com\/blog\/2006\/10\/31\/fundacion-jaime-planas-cancer-de-mama\/","url":"https:\/\/www.clinicaplanas.com\/blog\/2006\/10\/31\/fundacion-jaime-planas-cancer-de-mama\/","name":"Fundaci\u00f3n Planas con el c\u00e1ncer de mama -","isPartOf":{"@id":"https:\/\/www.clinicaplanas.com\/blog\/#website"},"primaryImageOfPage":{"@id":"https:\/\/www.clinicaplanas.com\/blog\/2006\/10\/31\/fundacion-jaime-planas-cancer-de-mama\/#primaryimage"},"image":{"@id":"https:\/\/www.clinicaplanas.com\/blog\/2006\/10\/31\/fundacion-jaime-planas-cancer-de-mama\/#primaryimage"},"thumbnailUrl":"https:\/\/www.clinicaplanas.com\/blog\/wp-content\/ca\u0301ncer-de-mama.jpeg","datePublished":"2006-10-31T15:41:21+00:00","dateModified":"2022-11-17T12:23:05+00:00","description":"El pasado d\u00eda 22 de octubre se celebr\u00f3 en Ciudad Real, la III Reuni\u00f3n Publica de la Asociaci\u00f3n de Mujeres Afectadas de C\u00e1ncer de Mama, \u201cSanta \u00c1gueda\u201d","breadcrumb":{"@id":"https:\/\/www.clinicaplanas.com\/blog\/2006\/10\/31\/fundacion-jaime-planas-cancer-de-mama\/#breadcrumb"},"inLanguage":"es","potentialAction":[{"@type":"ReadAction","target":["https:\/\/www.clinicaplanas.com\/blog\/2006\/10\/31\/fundacion-jaime-planas-cancer-de-mama\/"]}]},{"@type":"ImageObject","inLanguage":"es","@id":"https:\/\/www.clinicaplanas.com\/blog\/2006\/10\/31\/fundacion-jaime-planas-cancer-de-mama\/#primaryimage","url":"https:\/\/www.clinicaplanas.com\/blog\/wp-content\/ca\u0301ncer-de-mama.jpeg","contentUrl":"https:\/\/www.clinicaplanas.com\/blog\/wp-content\/ca\u0301ncer-de-mama.jpeg","width":300,"height":168,"caption":"Congreso c\u00e1ncer de mama"},{"@type":"BreadcrumbList","@id":"https:\/\/www.clinicaplanas.com\/blog\/2006\/10\/31\/fundacion-jaime-planas-cancer-de-mama\/#breadcrumb","itemListElement":[{"@type":"ListItem","position":1,"name":"Home","item":"https:\/\/www.clinicaplanas.com\/blog\/"},{"@type":"ListItem","position":2,"name":"Fundaci\u00f3n Jaime Planas","item":"https:\/\/www.clinicaplanas.com\/blog\/fundacion-jaime-planas\/"},{"@type":"ListItem","position":3,"name":"La fundaci\u00f3n Jaime Planas con el c\u00e1ncer del mama"}]},{"@type":"WebSite","@id":"https:\/\/www.clinicaplanas.com\/blog\/#website","url":"https:\/\/www.clinicaplanas.com\/blog\/","name":"Tu blog de medicina y cirug\u00eda est\u00e9tica - Cl\u00ednica Planas","description":"Mantente al d\u00eda sobre medicina y cirug\u00eda est\u00e9tica con el blog de Cl\u00ednica Planas. Noticias de actualidad, novedades y tips de la mano de nuestros especialistas.","publisher":{"@id":"https:\/\/www.clinicaplanas.com\/blog\/#organization"},"potentialAction":[{"@type":"SearchAction","target":{"@type":"EntryPoint","urlTemplate":"https:\/\/www.clinicaplanas.com\/blog\/?s={search_term_string}"},"query-input":{"@type":"PropertyValueSpecification","valueRequired":true,"valueName":"search_term_string"}}],"inLanguage":"es"},{"@type":"Organization","@id":"https:\/\/www.clinicaplanas.com\/blog\/#organization","name":"Cl\u00ednica Planas","url":"https:\/\/www.clinicaplanas.com\/blog\/","logo":{"@type":"ImageObject","inLanguage":"es","@id":"https:\/\/www.clinicaplanas.com\/blog\/#\/schema\/logo\/image\/","url":"https:\/\/www.clinicaplanas.com\/blog\/wp-content\/android-icon-192x192-1.png","contentUrl":"https:\/\/www.clinicaplanas.com\/blog\/wp-content\/android-icon-192x192-1.png","width":192,"height":192,"caption":"Cl\u00ednica Planas"},"image":{"@id":"https:\/\/www.clinicaplanas.com\/blog\/#\/schema\/logo\/image\/"}},{"@type":"Person","@id":"https:\/\/www.clinicaplanas.com\/blog\/#\/schema\/person\/67415317bfcf95b6ba02b9083ea79093","name":"Cl\u00ednica Planas","image":{"@type":"ImageObject","inLanguage":"es","@id":"https:\/\/www.clinicaplanas.com\/blog\/#\/schema\/person\/image\/","url":"https:\/\/www.clinicaplanas.com\/blog\/wp-content\/avatar_user_1_1681298128-96x96.jpg","contentUrl":"https:\/\/www.clinicaplanas.com\/blog\/wp-content\/avatar_user_1_1681298128-96x96.jpg","caption":"Cl\u00ednica Planas"},"description":"Cl\u00ednica de medicina y cirug\u00eda est\u00e9tica en Barcelona con 50 a\u00f1os de reconocida trayectoria internacional e innovaci\u00f3n. Cl\u00ednica Planas es confianza y seguridad.","sameAs":["https:\/\/www.clinicaplanas.com\/","admin"],"url":"https:\/\/www.clinicaplanas.com\/blog\/author\/admin\/"}]}},"_links":{"self":[{"href":"https:\/\/www.clinicaplanas.com\/blog\/wp-json\/wp\/v2\/posts\/26"}],"collection":[{"href":"https:\/\/www.clinicaplanas.com\/blog\/wp-json\/wp\/v2\/posts"}],"about":[{"href":"https:\/\/www.clinicaplanas.com\/blog\/wp-json\/wp\/v2\/types\/post"}],"author":[{"embeddable":true,"href":"https:\/\/www.clinicaplanas.com\/blog\/wp-json\/wp\/v2\/users\/1"}],"replies":[{"embeddable":true,"href":"https:\/\/www.clinicaplanas.com\/blog\/wp-json\/wp\/v2\/comments?post=26"}],"version-history":[{"count":1,"href":"https:\/\/www.clinicaplanas.com\/blog\/wp-json\/wp\/v2\/posts\/26\/revisions"}],"predecessor-version":[{"id":3660,"href":"https:\/\/www.clinicaplanas.com\/blog\/wp-json\/wp\/v2\/posts\/26\/revisions\/3660"}],"wp:featuredmedia":[{"embeddable":true,"href":"https:\/\/www.clinicaplanas.com\/blog\/wp-json\/wp\/v2\/media\/182"}],"wp:attachment":[{"href":"https:\/\/www.clinicaplanas.com\/blog\/wp-json\/wp\/v2\/media?parent=26"}],"wp:term":[{"taxonomy":"category","embeddable":true,"href":"https:\/\/www.clinicaplanas.com\/blog\/wp-json\/wp\/v2\/categories?post=26"},{"taxonomy":"post_tag","embeddable":true,"href":"https:\/\/www.clinicaplanas.com\/blog\/wp-json\/wp\/v2\/tags?post=26"}],"curies":[{"name":"wp","href":"https:\/\/api.w.org\/{rel}","templated":true}]}}