{"id":1891,"date":"2020-11-23T15:30:43","date_gmt":"2020-11-23T14:30:43","guid":{"rendered":"https:\/\/www.clinicaplanas.com\/blog\/?p=1891"},"modified":"2020-11-23T15:30:43","modified_gmt":"2020-11-23T14:30:43","slug":"reconstruccion-mamaria-nuevo-directo-del-dr-jaume-masia","status":"publish","type":"post","link":"https:\/\/www.clinicaplanas.com\/blog\/2020\/11\/23\/reconstruccion-mamaria-nuevo-directo-del-dr-jaume-masia\/","title":{"rendered":"Reconstrucci\u00f3n mamaria: nuevo directo del Dr. Jaume Masi\u00e0"},"content":{"rendered":"<p><strong>Vencer al c\u00e1ncer de mama<\/strong> es un proceso que va mucho m\u00e1s all\u00e1 de los marcadores negativos. Ante el gran \u00e9xito de la sesi\u00f3n y la demanda de muchas personas que desean saber m\u00e1s y plantear nuevas preguntas sobre algo tan importante en su salud y su bienestar, <strong>organizamos un nuevo directo sobre linfedema con el Dr. Jaume Masi\u00e0<\/strong> en el <a href=\"https:\/\/www.instagram.com\/clinicaplanas\" target=\"_blank\" rel=\"noopener noreferrer\"><strong>canal de Instagram de Cl\u00ednica Planas<\/strong><\/a>. La sesi\u00f3n tendr\u00e1 lugar el <strong>mi\u00e9rcoles 2 de diciembre a las 18h<\/strong>.<\/p>\n<p>Recuperar la calidad de vida anterior a esta enfermedad debe ser nuestro objetivo, lo cual incluye superar secuelas y afecciones consecuencia del tratamiento de este c\u00e1ncer, como es el <strong>linfedema<\/strong>. Esta es una de las ideas clave que defiende reiteradamente el <strong>Dr. Jaume Masi\u00e0<\/strong>, director del Servicio de Reconstrucci\u00f3n Mamaria Avanzada y de la <a href=\"https:\/\/www.clinicaplanas.com\/unidad-de-tratamiento-integral-de-linfedema\" target=\"_blank\" rel=\"noopener noreferrer\">Unidad de Tratamiento Integral de Linfedema<\/a> en Cl\u00ednica Planas.<\/p>\n<p>Se estima que <strong>entre un 30 y un 35% de las mujeres que se someten a un vaciamiento y radioterapia como tratamiento del c\u00e1ncer de mama acaba desarrollando un linfedema<\/strong>. En Cl\u00ednica Planas sabemos que la mayor\u00eda de estas mujeres, que viven una situaci\u00f3n compleja y a menudo desesperada, tienen muchas dudas sobre c\u00f3mo convivir, mejorar y curar este linfedema. Por eso el 15 de octubre de 2020 organizamos un <a href=\"https:\/\/www.instagram.com\/tv\/CGXx9TMqmdR\/?hl=es\" target=\"_blank\" rel=\"noopener noreferrer\"><strong>directo de IGTV<\/strong><\/a> durante el cual <strong>el Dr. Masi\u00e0 habl\u00f3 sobre todas estas cuestiones y <a href=\"https:\/\/www.clinicaplanas.com\/blog\/2020\/11\/03\/preguntas-y-respuestas-sobre-linfedema\/\">respondi\u00f3 a muchas dudas<\/a><\/strong> de participantes en el directo.<\/p>\n<p>&nbsp;<\/p>\n<p>A continuaci\u00f3n recogemos algunas de las dudas a las que dio respuesta el Dr. Masi\u00e0 en el anterior directo:<\/p>\n<p><strong>\u00bfEs recomendado el uso de mangas compresivas?<br \/>\n<\/strong>La compresi\u00f3n externa es buena porque nos ayuda a que cuando movemos la musculatura funcione mejor la bomba muscular (hacemos que los linf\u00e1ticos bombeen m\u00e1s).<\/p>\n<p>No obstante no hay una opci\u00f3n v\u00e1lida para todo el mundo. Cada persona tiene que ver qu\u00e9 opci\u00f3n de las distintas que hay le encaja mejor. Existen personas a las que la incomodidad del uso de la manga les produce tal estr\u00e9s que terminan produciendo m\u00e1s linfa, con lo cual el efecto final es negativo. El paciente debe aprender a conocerse a s\u00ed mismo, con la ayuda del m\u00e9dico.<\/p>\n<p><strong>\u00bfEl linfedema es compatible con cualquier tipo de trabajo?<br \/>\n<\/strong>Existen trabajos que no son compatibles con la fase aguda del linfedema. Hay que conseguir que los pacientes adapten su actividad laboral a esta situaci\u00f3n. No es lo mismo alguien que realiza trabajo de oficina a alguien que carga cajas en el puerto. Aqu\u00ed entra en juego el papel del m\u00e9dico de cabecera, que gestiona las bajas, incapacidades parciales o temporales, etc. Existen muchas posibilidades para adaptar la actividad laboral de la paciente sin que tenga que perder su puesto de trabajo.<\/p>\n<p><strong>\u00bfAfectan el sol y la meteorolog\u00eda al linfedema?<br \/>\n<\/strong>El sol no es bueno para nadie, deber\u00edamos todos estar protegidos ya que en exceso es perjudicial. En el caso de una persona con linfedema, hay que entender que se trata de alguien con el sistema linf\u00e1tico alterado, teniendo este una estrecha relaci\u00f3n con el sistema venoso. Cuando tenemos una vasodilataci\u00f3n venosa el sistema linf\u00e1tico funciona peor.<\/p>\n<p>No afecta al linfedema la meteorolog\u00eda de un modo similar al dolor articular. Lo que s\u00ed afecta es el estr\u00e9s emocional. El dolor emocional de una situaci\u00f3n traum\u00e1tica com la p\u00e9rdida de un ser querido hace que tu cuerpo reaccione en forma de alerta inmunol\u00f3gica. Esto provoca una mayor producci\u00f3n de linfa y el consecuente empeoramiento del linfedema.<\/p>\n<p><strong>\u00bfPuede un paciente de linfedema ir al spa?<br \/>\n<\/strong>Personalmente, a m\u00ed me gusta ser bastante laxo porque creo todo aquello que nos haga disfrutar va a tener m\u00e1s efectos positivos que negativos en nosotros. Dicho esto, est\u00e1 claro que cambios radicales de temperaturas o meternos en una ba\u00f1era a 80 grados no va a ser recomendable, pero si nos lo tomamos con calma y acortamos los tiempos deber\u00edamos poder disfrutar de una buena sesi\u00f3n de spa.<\/p>\n<p><strong>\u00bfHay problemas a la hora de coger un avi\u00f3n?<br \/>\n<\/strong>Est\u00e1 claro que hacer un viaje en avi\u00f3n nos va a afectar debido a los cambios de presi\u00f3n. Lo que debemos hacer a la hora de irnos de vacaciones es prepararnos con h\u00e1bitos como drenar bien el brazo antes del viaje, llevar nuestra media, levantarnos y pasear moviendo el brazo, etc. En estas situaciones s\u00ed es necesario llevar la manga compresiva, la pelota antiestr\u00e9s para ejercitar e hidratarnos muy bien.<\/p>\n<p><strong>\u00bfAfectan los cambios de peso al linfedema?<br \/>\n<\/strong>Los cambios de peso s\u00ed afectan al linfedema. Se ha visto que un factor de riesgo para el linfedema es la obesidad. La explicaci\u00f3n es f\u00e1cil: cuanta m\u00e1s grasa tenemos m\u00e1s tejido tenemos,\u00a0 y cuando m\u00e1s tejido tenemos m\u00e1s linfa producimos. Si los tubos de salida est\u00e1n da\u00f1ados tendr\u00e1n m\u00e1s dificultad para trasladar m\u00e1s cantidad de linfa, por lo que la gente con sobrepeso tiene m\u00e1s riesgo. Todas las personas operadas de c\u00e1ncer de mama deber\u00edan intentar mantenerse en un peso adecuado e incluso reducirlo.<\/p>\n<p><strong>\u00bfEn qu\u00e9 consiste el linfoaspirado?<br \/>\n<\/strong>Es lo que en palabras t\u00e9cnicas llamamos una liposucci\u00f3n linf\u00e1tica selectiva. No es nada m\u00e1s que una t\u00e9cnica de liposucci\u00f3n. Cuando un linfedema est\u00e1 avanzado hace que las c\u00e9lulas grasas crezcan en tama\u00f1o. Esto requiere una linfoaspiraci\u00f3n que es una liposucci\u00f3n especial creada para no da\u00f1ar el sistema linf\u00e1tico que todav\u00eda funciona. Cualquier linfedema avanzado, probablemente, precisar\u00e1 de alg\u00fan tipo de linfoaspiraci\u00f3n.<\/p>\n<p><strong>\u00bfPresoterapia s\u00ed o no?<br \/>\n<\/strong>La presoterapia manual, hecha por un profesional, es buena. Lo que no recomiendo es la presoterapia realizada con m\u00e1quinas, a no ser que est\u00e9 muy bien regulada y tutorizada por un profesional.<\/p>\n<p><strong>\u00bfSe puede hacer una reconstrucci\u00f3n cuando los s\u00edntomas de linfedema a\u00fan s\u00f3n leves?<br \/>\n<\/strong>Definitivamente s\u00ed. Cuanto antes tratemos el linedema mayor tasa de \u00e9xito. El tratamiento del linfedema est\u00e1 condicionado por la intensidad del da\u00f1o causado al sistema linf\u00e1tico.<\/p>\n<p>&nbsp;<\/p>\n<p><strong>\u00a1Te esperamos el mi\u00e9rcoles 2 de diciembre a las 18h en <a href=\"https:\/\/www.instagram.com\/clinicaplanas\/?hl=es\" target=\"_blank\" rel=\"noopener noreferrer\"><u>nuestro Instagram<\/u><\/a>!<\/strong><\/p>\n","protected":false},"excerpt":{"rendered":"<p>Vencer al c\u00e1ncer de mama es un proceso que va mucho m\u00e1s all\u00e1 de los marcadores negativos. Ante el gran \u00e9xito de la sesi\u00f3n y la demanda de muchas personas que desean saber m\u00e1s y plantear nuevas preguntas sobre algo tan importante en su salud y su bienestar, organizamos un nuevo directo sobre linfedema con [&#8230;]\n","protected":false},"author":1,"featured_media":1892,"comment_status":"open","ping_status":"open","sticky":false,"template":"","format":"standard","meta":{"footnotes":""},"categories":[245,244,239],"tags":[46,122,36],"class_list":["post-1891","post","type-post","status-publish","format-standard","has-post-thumbnail","hentry","category-linfedema","category-cirugia-reparadora","category-operacion-pecho","tag-cancer-de-mama","tag-linfedema","tag-reconstruccion-mamaria"],"yoast_head":"<!-- This site is optimized with the Yoast SEO plugin v23.4 - https:\/\/yoast.com\/wordpress\/plugins\/seo\/ -->\n<title>Reconstrucci\u00f3n mamaria: nuevo directo del Dr. Jaume Masi\u00e0 - Cl\u00ednica Planas<\/title>\n<meta name=\"description\" content=\"La reconstrucci\u00f3n mamaria es un paso clave para que muchas mujeres supervivientes al c\u00e1ncer de mama recuperen su bienestar y autoestima.\" \/>\n<meta name=\"robots\" content=\"index, follow, max-snippet:-1, max-image-preview:large, max-video-preview:-1\" \/>\n<link rel=\"canonical\" href=\"https:\/\/www.clinicaplanas.com\/blog\/2020\/11\/23\/reconstruccion-mamaria-nuevo-directo-del-dr-jaume-masia\/\" \/>\n<meta property=\"og:locale\" content=\"es_ES\" \/>\n<meta property=\"og:type\" content=\"article\" \/>\n<meta property=\"og:title\" content=\"Reconstrucci\u00f3n mamaria: nuevo directo del Dr. Jaume Masi\u00e0 - Cl\u00ednica Planas\" \/>\n<meta property=\"og:description\" content=\"La reconstrucci\u00f3n mamaria es un paso clave para que muchas mujeres supervivientes al c\u00e1ncer de mama recuperen su bienestar y autoestima.\" \/>\n<meta property=\"og:url\" content=\"https:\/\/www.clinicaplanas.com\/blog\/2020\/11\/23\/reconstruccion-mamaria-nuevo-directo-del-dr-jaume-masia\/\" \/>\n<meta property=\"og:site_name\" content=\"Tu blog de medicina y cirug\u00eda est\u00e9tica - Cl\u00ednica Planas\" \/>\n<meta property=\"article:published_time\" content=\"2020-11-23T14:30:43+00:00\" \/>\n<meta property=\"og:image\" content=\"https:\/\/www.clinicaplanas.com\/blog\/wp-content\/reconstruccion-mamaria.png\" \/>\n\t<meta property=\"og:image:width\" content=\"612\" \/>\n\t<meta property=\"og:image:height\" content=\"369\" \/>\n\t<meta property=\"og:image:type\" content=\"image\/png\" \/>\n<meta name=\"author\" content=\"Cl\u00ednica Planas\" \/>\n<meta name=\"twitter:card\" content=\"summary_large_image\" \/>\n<meta name=\"twitter:label1\" content=\"Escrito por\" \/>\n\t<meta name=\"twitter:data1\" content=\"Cl\u00ednica Planas\" \/>\n\t<meta name=\"twitter:label2\" content=\"Tiempo de lectura\" \/>\n\t<meta name=\"twitter:data2\" content=\"5 minutos\" \/>\n<!-- \/ Yoast SEO plugin. -->","yoast_head_json":{"title":"Reconstrucci\u00f3n mamaria: nuevo directo del Dr. Jaume Masi\u00e0 - Cl\u00ednica Planas","description":"La reconstrucci\u00f3n mamaria es un paso clave para que muchas mujeres supervivientes al c\u00e1ncer de mama recuperen su bienestar y autoestima.","robots":{"index":"index","follow":"follow","max-snippet":"max-snippet:-1","max-image-preview":"max-image-preview:large","max-video-preview":"max-video-preview:-1"},"canonical":"https:\/\/www.clinicaplanas.com\/blog\/2020\/11\/23\/reconstruccion-mamaria-nuevo-directo-del-dr-jaume-masia\/","og_locale":"es_ES","og_type":"article","og_title":"Reconstrucci\u00f3n mamaria: nuevo directo del Dr. Jaume Masi\u00e0 - Cl\u00ednica Planas","og_description":"La reconstrucci\u00f3n mamaria es un paso clave para que muchas mujeres supervivientes al c\u00e1ncer de mama recuperen su bienestar y autoestima.","og_url":"https:\/\/www.clinicaplanas.com\/blog\/2020\/11\/23\/reconstruccion-mamaria-nuevo-directo-del-dr-jaume-masia\/","og_site_name":"Tu blog de medicina y cirug\u00eda est\u00e9tica - Cl\u00ednica Planas","article_published_time":"2020-11-23T14:30:43+00:00","og_image":[{"width":612,"height":369,"url":"https:\/\/www.clinicaplanas.com\/blog\/wp-content\/reconstruccion-mamaria.png","type":"image\/png"}],"author":"Cl\u00ednica Planas","twitter_card":"summary_large_image","twitter_misc":{"Escrito por":"Cl\u00ednica Planas","Tiempo de lectura":"5 minutos"},"schema":{"@context":"https:\/\/schema.org","@graph":[{"@type":"Article","@id":"https:\/\/www.clinicaplanas.com\/blog\/2020\/11\/23\/reconstruccion-mamaria-nuevo-directo-del-dr-jaume-masia\/#article","isPartOf":{"@id":"https:\/\/www.clinicaplanas.com\/blog\/2020\/11\/23\/reconstruccion-mamaria-nuevo-directo-del-dr-jaume-masia\/"},"author":{"name":"Cl\u00ednica Planas","@id":"https:\/\/www.clinicaplanas.com\/blog\/#\/schema\/person\/67415317bfcf95b6ba02b9083ea79093"},"headline":"Reconstrucci\u00f3n mamaria: nuevo directo del Dr. Jaume Masi\u00e0","datePublished":"2020-11-23T14:30:43+00:00","dateModified":"2020-11-23T14:30:43+00:00","mainEntityOfPage":{"@id":"https:\/\/www.clinicaplanas.com\/blog\/2020\/11\/23\/reconstruccion-mamaria-nuevo-directo-del-dr-jaume-masia\/"},"wordCount":1062,"commentCount":0,"publisher":{"@id":"https:\/\/www.clinicaplanas.com\/blog\/#organization"},"image":{"@id":"https:\/\/www.clinicaplanas.com\/blog\/2020\/11\/23\/reconstruccion-mamaria-nuevo-directo-del-dr-jaume-masia\/#primaryimage"},"thumbnailUrl":"https:\/\/www.clinicaplanas.com\/blog\/wp-content\/reconstruccion-mamaria.png","keywords":["C\u00e1ncer de mama","linfedema","reconstrucci\u00f3n mamaria"],"articleSection":["Art\u00edculos e Informaci\u00f3n sobre Linfedema","Art\u00edculos sobre Cirug\u00eda Reparadora","Art\u00edculos sobre Operaci\u00f3n de Pecho"],"inLanguage":"es","potentialAction":[{"@type":"CommentAction","name":"Comment","target":["https:\/\/www.clinicaplanas.com\/blog\/2020\/11\/23\/reconstruccion-mamaria-nuevo-directo-del-dr-jaume-masia\/#respond"]}]},{"@type":"WebPage","@id":"https:\/\/www.clinicaplanas.com\/blog\/2020\/11\/23\/reconstruccion-mamaria-nuevo-directo-del-dr-jaume-masia\/","url":"https:\/\/www.clinicaplanas.com\/blog\/2020\/11\/23\/reconstruccion-mamaria-nuevo-directo-del-dr-jaume-masia\/","name":"Reconstrucci\u00f3n mamaria: nuevo directo del Dr. Jaume Masi\u00e0 - Cl\u00ednica Planas","isPartOf":{"@id":"https:\/\/www.clinicaplanas.com\/blog\/#website"},"primaryImageOfPage":{"@id":"https:\/\/www.clinicaplanas.com\/blog\/2020\/11\/23\/reconstruccion-mamaria-nuevo-directo-del-dr-jaume-masia\/#primaryimage"},"image":{"@id":"https:\/\/www.clinicaplanas.com\/blog\/2020\/11\/23\/reconstruccion-mamaria-nuevo-directo-del-dr-jaume-masia\/#primaryimage"},"thumbnailUrl":"https:\/\/www.clinicaplanas.com\/blog\/wp-content\/reconstruccion-mamaria.png","datePublished":"2020-11-23T14:30:43+00:00","dateModified":"2020-11-23T14:30:43+00:00","description":"La reconstrucci\u00f3n mamaria es un paso clave para que muchas mujeres supervivientes al c\u00e1ncer de mama recuperen su bienestar y autoestima.","breadcrumb":{"@id":"https:\/\/www.clinicaplanas.com\/blog\/2020\/11\/23\/reconstruccion-mamaria-nuevo-directo-del-dr-jaume-masia\/#breadcrumb"},"inLanguage":"es","potentialAction":[{"@type":"ReadAction","target":["https:\/\/www.clinicaplanas.com\/blog\/2020\/11\/23\/reconstruccion-mamaria-nuevo-directo-del-dr-jaume-masia\/"]}]},{"@type":"ImageObject","inLanguage":"es","@id":"https:\/\/www.clinicaplanas.com\/blog\/2020\/11\/23\/reconstruccion-mamaria-nuevo-directo-del-dr-jaume-masia\/#primaryimage","url":"https:\/\/www.clinicaplanas.com\/blog\/wp-content\/reconstruccion-mamaria.png","contentUrl":"https:\/\/www.clinicaplanas.com\/blog\/wp-content\/reconstruccion-mamaria.png","width":612,"height":369,"caption":"reconstruccion-mamaria"},{"@type":"BreadcrumbList","@id":"https:\/\/www.clinicaplanas.com\/blog\/2020\/11\/23\/reconstruccion-mamaria-nuevo-directo-del-dr-jaume-masia\/#breadcrumb","itemListElement":[{"@type":"ListItem","position":1,"name":"Home","item":"https:\/\/www.clinicaplanas.com\/blog\/"},{"@type":"ListItem","position":2,"name":"Art\u00edculos sobre Cirug\u00eda Reparadora","item":"https:\/\/www.clinicaplanas.com\/blog\/cirugia-reparadora\/"},{"@type":"ListItem","position":3,"name":"Art\u00edculos e Informaci\u00f3n sobre Linfedema","item":"https:\/\/www.clinicaplanas.com\/blog\/cirugia-reparadora\/linfedema\/"},{"@type":"ListItem","position":4,"name":"Reconstrucci\u00f3n mamaria: nuevo directo del Dr. Jaume Masi\u00e0"}]},{"@type":"WebSite","@id":"https:\/\/www.clinicaplanas.com\/blog\/#website","url":"https:\/\/www.clinicaplanas.com\/blog\/","name":"Tu blog de medicina y cirug\u00eda est\u00e9tica - Cl\u00ednica Planas","description":"Mantente al d\u00eda sobre medicina y cirug\u00eda est\u00e9tica con el blog de Cl\u00ednica Planas. Noticias de actualidad, novedades y tips de la mano de nuestros especialistas.","publisher":{"@id":"https:\/\/www.clinicaplanas.com\/blog\/#organization"},"potentialAction":[{"@type":"SearchAction","target":{"@type":"EntryPoint","urlTemplate":"https:\/\/www.clinicaplanas.com\/blog\/?s={search_term_string}"},"query-input":{"@type":"PropertyValueSpecification","valueRequired":true,"valueName":"search_term_string"}}],"inLanguage":"es"},{"@type":"Organization","@id":"https:\/\/www.clinicaplanas.com\/blog\/#organization","name":"Cl\u00ednica Planas","url":"https:\/\/www.clinicaplanas.com\/blog\/","logo":{"@type":"ImageObject","inLanguage":"es","@id":"https:\/\/www.clinicaplanas.com\/blog\/#\/schema\/logo\/image\/","url":"https:\/\/www.clinicaplanas.com\/blog\/wp-content\/android-icon-192x192-1.png","contentUrl":"https:\/\/www.clinicaplanas.com\/blog\/wp-content\/android-icon-192x192-1.png","width":192,"height":192,"caption":"Cl\u00ednica Planas"},"image":{"@id":"https:\/\/www.clinicaplanas.com\/blog\/#\/schema\/logo\/image\/"}},{"@type":"Person","@id":"https:\/\/www.clinicaplanas.com\/blog\/#\/schema\/person\/67415317bfcf95b6ba02b9083ea79093","name":"Cl\u00ednica Planas","image":{"@type":"ImageObject","inLanguage":"es","@id":"https:\/\/www.clinicaplanas.com\/blog\/#\/schema\/person\/image\/","url":"https:\/\/www.clinicaplanas.com\/blog\/wp-content\/avatar_user_1_1681298128-96x96.jpg","contentUrl":"https:\/\/www.clinicaplanas.com\/blog\/wp-content\/avatar_user_1_1681298128-96x96.jpg","caption":"Cl\u00ednica Planas"},"description":"Cl\u00ednica de medicina y cirug\u00eda est\u00e9tica en Barcelona con 50 a\u00f1os de reconocida trayectoria internacional e innovaci\u00f3n. Cl\u00ednica Planas es confianza y seguridad.","sameAs":["https:\/\/www.clinicaplanas.com\/","admin"],"url":"https:\/\/www.clinicaplanas.com\/blog\/author\/admin\/"}]}},"_links":{"self":[{"href":"https:\/\/www.clinicaplanas.com\/blog\/wp-json\/wp\/v2\/posts\/1891"}],"collection":[{"href":"https:\/\/www.clinicaplanas.com\/blog\/wp-json\/wp\/v2\/posts"}],"about":[{"href":"https:\/\/www.clinicaplanas.com\/blog\/wp-json\/wp\/v2\/types\/post"}],"author":[{"embeddable":true,"href":"https:\/\/www.clinicaplanas.com\/blog\/wp-json\/wp\/v2\/users\/1"}],"replies":[{"embeddable":true,"href":"https:\/\/www.clinicaplanas.com\/blog\/wp-json\/wp\/v2\/comments?post=1891"}],"version-history":[{"count":0,"href":"https:\/\/www.clinicaplanas.com\/blog\/wp-json\/wp\/v2\/posts\/1891\/revisions"}],"wp:featuredmedia":[{"embeddable":true,"href":"https:\/\/www.clinicaplanas.com\/blog\/wp-json\/wp\/v2\/media\/1892"}],"wp:attachment":[{"href":"https:\/\/www.clinicaplanas.com\/blog\/wp-json\/wp\/v2\/media?parent=1891"}],"wp:term":[{"taxonomy":"category","embeddable":true,"href":"https:\/\/www.clinicaplanas.com\/blog\/wp-json\/wp\/v2\/categories?post=1891"},{"taxonomy":"post_tag","embeddable":true,"href":"https:\/\/www.clinicaplanas.com\/blog\/wp-json\/wp\/v2\/tags?post=1891"}],"curies":[{"name":"wp","href":"https:\/\/api.w.org\/{rel}","templated":true}]}}