{"id":1796,"date":"2020-05-20T11:37:44","date_gmt":"2020-05-20T10:37:44","guid":{"rendered":"https:\/\/www.clinicaplanas.com\/blog\/?p=1796"},"modified":"2020-05-20T11:37:44","modified_gmt":"2020-05-20T10:37:44","slug":"espacio-covid-free","status":"publish","type":"post","link":"https:\/\/www.clinicaplanas.com\/blog\/2020\/05\/20\/espacio-covid-free\/","title":{"rendered":"Frente al COVID-19, abrazamos la seguridad"},"content":{"rendered":"<p>Desde el primer momento, y para hacer frente a la crisis sanitaria provocada por el coronavirus, en Cl\u00ednica Planas nos pusimos a las \u00f3rdenes de la Sanidad P\u00fablica.<\/p>\n<p>Decidimos enviar los respiradores y las camillas de nuestro centro al Hospital General de Catalunya, en Sant Cugat del Vall\u00e8s, y al Hospital Germans Trias i Pujol, conocido como Can Ruti, en Badalona.<\/p>\n<p>Ya sin capacidad operativa cerramos nuestra cl\u00ednica. <strong>Somos un espacio libre de coronavirus.<\/strong><\/p>\n<p>La ausencia de pacientes y personal sanitario con COVID-19 sumado a un estricto cumplimiento de medidas de higiene nos permiten asegurar que <strong>ya no basta s\u00f3lo con la excelencia m\u00e9dica. Adem\u00e1s, nuestra cl\u00ednica es un <a href=\"https:\/\/www.clinicaplanas.com\/valores\" target=\"_blank\" rel=\"noopener noreferrer\"><u>espacio con protocolo COVID Free<\/u><\/a>. <\/strong><\/p>\n<p>Durante todo este tiempo de confinamiento hemos seguido de cerca a nuestros pacientes ofreciendo consejos de salud a trav\u00e9s de nuestras redes sociales, orientando a nuestra comunidad sobre c\u00f3mo cuidarse en casa, qu\u00e9 tipo de dieta seguir, cu\u00e1les son las mejores t\u00e9cnicas para respirar mejor con ejercicios y rutinas; en definitiva: c\u00f3mo mantener el sistema inmunol\u00f3gico fuerte.<\/p>\n<p>Adem\u00e1s, incorporamos una modalidad que lleg\u00f3 para quedarse: <strong><u><a href=\"https:\/\/www.clinicaplanas.com\/consulta-online\" target=\"_blank\" rel=\"noopener noreferrer\">la consulta online<\/a>.<\/u><\/strong><\/p>\n<p>De esta manera, nuestros m\u00e9dicos y pacientes continuaron cerca durante todo el confinamiento. <u>Y seguir\u00e1n cerca de ahora en adelante, porque la consulta online s\u00f3lo suma ventajas en un entorno como el actual: <\/u><\/p>\n<ul>\n<li>Recomendamos la visita online para todas las consultas de seguimiento que no precisen cura<\/li>\n<li>Creamos un espacio espec\u00edfico para visitas online<\/li>\n<\/ul>\n<p>&nbsp;<\/p>\n<p><strong>Cl\u00ednica Planas. Protocolo Covid-free<\/strong><\/p>\n<p>En Cl\u00ednica Planas estamos convencidos de que la seguridad es una puerta que se abre desde dentro. Por eso nos estamos preparando internamente; siguiendo al pie de la letra las recomendaciones de la Organizaci\u00f3n Mundial de la Salud (OMS) sobre c\u00f3mo retomar la actividad brindando la m\u00e1xima garant\u00eda a todas las personas.<\/p>\n<p>Para nosotros se trata de responder con contundencia esta pregunta:<\/p>\n<p><strong>\u00bfC\u00f3mo acceder a tratamientos de medicina est\u00e9tica y cirug\u00eda pl\u00e1stica en un mundo con Covid-19, ofreciendo seguridad al paciente?<\/strong><\/p>\n<p>&nbsp;<\/p>\n<p><strong><span style=\"font-size: 110%;\">Ponemos el acento en la seguridad y la mirada en el futuro<\/span>.<\/strong><strong><br \/>\n<\/strong><\/p>\n<p>Al ingresar en nuestro edificio, y justo antes de acceder a los espacios p\u00fablicos, nuestros pacientes acceden a <strong>&#8220;Self Check &#8211; Bienvenida Segura&#8221;.<\/strong> Un \u00e1rea especialmente dise\u00f1ada para que cada persona que ingresa al centro pueda realizar un <strong>auto checkeo seguro.<\/strong><\/p>\n<p style=\"text-align: center;\"><iframe loading=\"lazy\" src=\"https:\/\/www.youtube.com\/embed\/87xvxkWRr98\" width=\"560\" height=\"315\" frameborder=\"0\" allowfullscreen=\"allowfullscreen\"><\/iframe><\/p>\n<p><strong>El proceso Self Check-in consiste en 5 pasos:<\/strong><\/p>\n<p>1 \u2013 Primera toma de contacto con una alfombra descontaminante.<\/p>\n<p>Este &#8220;felpudo anticontaminaci\u00f3n&#8221; recoge la suciedad y las part\u00edculas de polvo de las pisadas.<\/p>\n<p>2 \u2013 El paciente se detiene frente a una c\u00e1mara termogr\u00e1fica que detecta su temperatura corporal; y, sin necesidad de contacto, puede comprobar cu\u00e1l es su temperatura en una pantalla.<\/p>\n<p>Ante cualquier incidencia en este punto, nuestro personal gu\u00eda al paciente a una sala de seguridad, espec\u00edficamente acondicionada, donde un m\u00e9dico comprobar\u00e1 la temperatura con un term\u00f3metro m\u00e1s preciso.<\/p>\n<p>3 \u2013 El paciente se coloca guantes y mascarilla.<\/p>\n<p>4 \u2013 El paciente esparce gel hidroalcoh\u00f3lico sobre los guantes.<\/p>\n<p>5 \u2013 Una vez que se realiza Self Check-in y se validan estos 4 pasos, se facilita el ingreso a la cl\u00ednica.<\/p>\n<p>&nbsp;<\/p>\n<p><strong>&#8220;Self Check &#8211; Bienvenida Segura&#8221;<\/strong> es una propuesta innovadora y personalizada, que se suma a otras medidas pensadas para ofrecer la m\u00e1xima protecci\u00f3n a todas las personas que ingresan a Cl\u00ednica Planas.<\/p>\n<p>&nbsp;<\/p>\n<p><span style=\"font-size: 110%;\"><strong>Una sala de espera en el jard\u00edn<\/strong><\/span><\/p>\n<p>Extendemos nuestra cl\u00ednica al exterior y multiplicamos el espacio. De esta manera reducimos el contacto f\u00edsico y fomentamos el distanciamiento social.<\/p>\n<p>Creamos una nueva sala de espera en el jard\u00edn, con c\u00f3modos sof\u00e1s y mesas, para que nuestros pacientes disfruten del clima primaveral y puedan relajarse en el jard\u00edn mientras esperan ser atendidos por su m\u00e9dico.<\/p>\n<p>Aprovechamos al m\u00e1ximo nuestro espacio exterior y lo decoramos con personalidad y encanto para crear seguridad.<\/p>\n<p>&nbsp;<\/p>\n<p><span style=\"font-size: 110%;\"><strong>Nuestro personal abraza nuevas medidas de seguridad.<\/strong><\/span><\/p>\n<p><strong>\u00a0<\/strong>Todo el personal y m\u00e9dicos colaboradores de Cl\u00ednica Planas se realizar\u00e1n la prueba del coronavirus antes de empezar a trabajar.<\/p>\n<p><u>Este es el protocolo que sigue todo nuestro personal:<\/u><\/p>\n<p>1 \u2013 Pruebas de inmunolog\u00eda<\/p>\n<p>2 \u2013 Formaci\u00f3n contin\u00faa sobre mejores pr\u00e1cticas<\/p>\n<p>3 \u2013 Todas las personas dentro del centro llevan mascarilla en todo momento<\/p>\n<p>4 \u2013 Los m\u00e9dicos o personal que realicen un tratamiento cercano a la cara del paciente, llevar\u00e1n mascarilla FFP2 y visera protectora.<\/p>\n<p>5 \u2013 Los m\u00e9dicos o personal que realicen cirug\u00edas en quir\u00f3fano, deber\u00e1n llevar mascarilla FFP2 y visera.<\/p>\n<p>&nbsp;<\/p>\n<p><strong>Aplicando correctamente las medidas de protecci\u00f3n nos cuidamos entre todos.<\/strong><\/p>\n","protected":false},"excerpt":{"rendered":"<p>Desde el primer momento, y para hacer frente a la crisis sanitaria provocada por el coronavirus, en Cl\u00ednica Planas nos pusimos a las \u00f3rdenes de la Sanidad P\u00fablica. Decidimos enviar los respiradores y las camillas de nuestro centro al Hospital General de Catalunya, en Sant Cugat del Vall\u00e8s, y al Hospital Germans Trias i Pujol, [&#8230;]\n","protected":false},"author":1,"featured_media":1800,"comment_status":"open","ping_status":"open","sticky":false,"template":"","format":"standard","meta":{"footnotes":""},"categories":[60,35],"tags":[],"class_list":["post-1796","post","type-post","status-publish","format-standard","has-post-thumbnail","hentry","category-medicina-preventiva","category-noticias"],"yoast_head":"<!-- This site is optimized with the Yoast SEO plugin v23.4 - https:\/\/yoast.com\/wordpress\/plugins\/seo\/ -->\n<title>Frente al COVID-19, abrazamos la seguridad | Tu blog de medicina y cirug\u00eda est\u00e9tica - Cl\u00ednica Planas<\/title>\n<meta name=\"description\" content=\"La ausencia de pacientes y personal sanitario con coronavirus y las medidas de higiene nos permiten asegurar que ya no basta s\u00f3lo con la excelencia m\u00e9dica.\" \/>\n<meta name=\"robots\" content=\"index, follow, max-snippet:-1, max-image-preview:large, max-video-preview:-1\" \/>\n<link rel=\"canonical\" href=\"https:\/\/www.clinicaplanas.com\/blog\/2020\/05\/20\/espacio-covid-free\/\" \/>\n<meta property=\"og:locale\" content=\"es_ES\" \/>\n<meta property=\"og:type\" content=\"article\" \/>\n<meta property=\"og:title\" content=\"Frente al COVID-19, abrazamos la seguridad | Tu blog de medicina y cirug\u00eda est\u00e9tica - Cl\u00ednica Planas\" \/>\n<meta property=\"og:description\" content=\"La ausencia de pacientes y personal sanitario con coronavirus y las medidas de higiene nos permiten asegurar que ya no basta s\u00f3lo con la excelencia m\u00e9dica.\" \/>\n<meta property=\"og:url\" content=\"https:\/\/www.clinicaplanas.com\/blog\/2020\/05\/20\/espacio-covid-free\/\" \/>\n<meta property=\"og:site_name\" content=\"Tu blog de medicina y cirug\u00eda est\u00e9tica - Cl\u00ednica Planas\" \/>\n<meta property=\"article:published_time\" content=\"2020-05-20T10:37:44+00:00\" \/>\n<meta property=\"og:image\" content=\"https:\/\/www.clinicaplanas.com\/blog\/wp-content\/clinica-planas.coronavirus2-scaled.jpg\" \/>\n\t<meta property=\"og:image:width\" content=\"2560\" \/>\n\t<meta property=\"og:image:height\" content=\"1920\" \/>\n\t<meta property=\"og:image:type\" content=\"image\/jpeg\" \/>\n<meta name=\"author\" content=\"Cl\u00ednica Planas\" \/>\n<meta name=\"twitter:card\" content=\"summary_large_image\" \/>\n<meta name=\"twitter:label1\" content=\"Escrito por\" \/>\n\t<meta name=\"twitter:data1\" content=\"Cl\u00ednica Planas\" \/>\n\t<meta name=\"twitter:label2\" content=\"Tiempo de lectura\" \/>\n\t<meta name=\"twitter:data2\" content=\"4 minutos\" \/>\n<!-- \/ Yoast SEO plugin. -->","yoast_head_json":{"title":"Frente al COVID-19, abrazamos la seguridad | Tu blog de medicina y cirug\u00eda est\u00e9tica - Cl\u00ednica Planas","description":"La ausencia de pacientes y personal sanitario con coronavirus y las medidas de higiene nos permiten asegurar que ya no basta s\u00f3lo con la excelencia m\u00e9dica.","robots":{"index":"index","follow":"follow","max-snippet":"max-snippet:-1","max-image-preview":"max-image-preview:large","max-video-preview":"max-video-preview:-1"},"canonical":"https:\/\/www.clinicaplanas.com\/blog\/2020\/05\/20\/espacio-covid-free\/","og_locale":"es_ES","og_type":"article","og_title":"Frente al COVID-19, abrazamos la seguridad | Tu blog de medicina y cirug\u00eda est\u00e9tica - Cl\u00ednica Planas","og_description":"La ausencia de pacientes y personal sanitario con coronavirus y las medidas de higiene nos permiten asegurar que ya no basta s\u00f3lo con la excelencia m\u00e9dica.","og_url":"https:\/\/www.clinicaplanas.com\/blog\/2020\/05\/20\/espacio-covid-free\/","og_site_name":"Tu blog de medicina y cirug\u00eda est\u00e9tica - Cl\u00ednica Planas","article_published_time":"2020-05-20T10:37:44+00:00","og_image":[{"width":2560,"height":1920,"url":"https:\/\/www.clinicaplanas.com\/blog\/wp-content\/clinica-planas.coronavirus2-scaled.jpg","type":"image\/jpeg"}],"author":"Cl\u00ednica Planas","twitter_card":"summary_large_image","twitter_misc":{"Escrito por":"Cl\u00ednica Planas","Tiempo de lectura":"4 minutos"},"schema":{"@context":"https:\/\/schema.org","@graph":[{"@type":"Article","@id":"https:\/\/www.clinicaplanas.com\/blog\/2020\/05\/20\/espacio-covid-free\/#article","isPartOf":{"@id":"https:\/\/www.clinicaplanas.com\/blog\/2020\/05\/20\/espacio-covid-free\/"},"author":{"name":"Cl\u00ednica Planas","@id":"https:\/\/www.clinicaplanas.com\/blog\/#\/schema\/person\/67415317bfcf95b6ba02b9083ea79093"},"headline":"Frente al COVID-19, abrazamos la seguridad","datePublished":"2020-05-20T10:37:44+00:00","dateModified":"2020-05-20T10:37:44+00:00","mainEntityOfPage":{"@id":"https:\/\/www.clinicaplanas.com\/blog\/2020\/05\/20\/espacio-covid-free\/"},"wordCount":786,"commentCount":0,"publisher":{"@id":"https:\/\/www.clinicaplanas.com\/blog\/#organization"},"image":{"@id":"https:\/\/www.clinicaplanas.com\/blog\/2020\/05\/20\/espacio-covid-free\/#primaryimage"},"thumbnailUrl":"https:\/\/www.clinicaplanas.com\/blog\/wp-content\/clinica-planas.coronavirus2-scaled.jpg","articleSection":["Art\u00edculos sobre Medicina Preventiva","Noticias"],"inLanguage":"es","potentialAction":[{"@type":"CommentAction","name":"Comment","target":["https:\/\/www.clinicaplanas.com\/blog\/2020\/05\/20\/espacio-covid-free\/#respond"]}]},{"@type":"WebPage","@id":"https:\/\/www.clinicaplanas.com\/blog\/2020\/05\/20\/espacio-covid-free\/","url":"https:\/\/www.clinicaplanas.com\/blog\/2020\/05\/20\/espacio-covid-free\/","name":"Frente al COVID-19, abrazamos la seguridad | Tu blog de medicina y cirug\u00eda est\u00e9tica - Cl\u00ednica Planas","isPartOf":{"@id":"https:\/\/www.clinicaplanas.com\/blog\/#website"},"primaryImageOfPage":{"@id":"https:\/\/www.clinicaplanas.com\/blog\/2020\/05\/20\/espacio-covid-free\/#primaryimage"},"image":{"@id":"https:\/\/www.clinicaplanas.com\/blog\/2020\/05\/20\/espacio-covid-free\/#primaryimage"},"thumbnailUrl":"https:\/\/www.clinicaplanas.com\/blog\/wp-content\/clinica-planas.coronavirus2-scaled.jpg","datePublished":"2020-05-20T10:37:44+00:00","dateModified":"2020-05-20T10:37:44+00:00","description":"La ausencia de pacientes y personal sanitario con coronavirus y las medidas de higiene nos permiten asegurar que ya no basta s\u00f3lo con la excelencia m\u00e9dica.","breadcrumb":{"@id":"https:\/\/www.clinicaplanas.com\/blog\/2020\/05\/20\/espacio-covid-free\/#breadcrumb"},"inLanguage":"es","potentialAction":[{"@type":"ReadAction","target":["https:\/\/www.clinicaplanas.com\/blog\/2020\/05\/20\/espacio-covid-free\/"]}]},{"@type":"ImageObject","inLanguage":"es","@id":"https:\/\/www.clinicaplanas.com\/blog\/2020\/05\/20\/espacio-covid-free\/#primaryimage","url":"https:\/\/www.clinicaplanas.com\/blog\/wp-content\/clinica-planas.coronavirus2-scaled.jpg","contentUrl":"https:\/\/www.clinicaplanas.com\/blog\/wp-content\/clinica-planas.coronavirus2-scaled.jpg","width":2560,"height":1920,"caption":"clinica-planas.coronavirus"},{"@type":"BreadcrumbList","@id":"https:\/\/www.clinicaplanas.com\/blog\/2020\/05\/20\/espacio-covid-free\/#breadcrumb","itemListElement":[{"@type":"ListItem","position":1,"name":"Home","item":"https:\/\/www.clinicaplanas.com\/blog\/"},{"@type":"ListItem","position":2,"name":"Noticias","item":"https:\/\/www.clinicaplanas.com\/blog\/noticias\/"},{"@type":"ListItem","position":3,"name":"Frente al COVID-19, abrazamos la seguridad"}]},{"@type":"WebSite","@id":"https:\/\/www.clinicaplanas.com\/blog\/#website","url":"https:\/\/www.clinicaplanas.com\/blog\/","name":"Tu blog de medicina y cirug\u00eda est\u00e9tica - Cl\u00ednica Planas","description":"Mantente al d\u00eda sobre medicina y cirug\u00eda est\u00e9tica con el blog de Cl\u00ednica Planas. Noticias de actualidad, novedades y tips de la mano de nuestros especialistas.","publisher":{"@id":"https:\/\/www.clinicaplanas.com\/blog\/#organization"},"potentialAction":[{"@type":"SearchAction","target":{"@type":"EntryPoint","urlTemplate":"https:\/\/www.clinicaplanas.com\/blog\/?s={search_term_string}"},"query-input":{"@type":"PropertyValueSpecification","valueRequired":true,"valueName":"search_term_string"}}],"inLanguage":"es"},{"@type":"Organization","@id":"https:\/\/www.clinicaplanas.com\/blog\/#organization","name":"Cl\u00ednica Planas","url":"https:\/\/www.clinicaplanas.com\/blog\/","logo":{"@type":"ImageObject","inLanguage":"es","@id":"https:\/\/www.clinicaplanas.com\/blog\/#\/schema\/logo\/image\/","url":"https:\/\/www.clinicaplanas.com\/blog\/wp-content\/android-icon-192x192-1.png","contentUrl":"https:\/\/www.clinicaplanas.com\/blog\/wp-content\/android-icon-192x192-1.png","width":192,"height":192,"caption":"Cl\u00ednica Planas"},"image":{"@id":"https:\/\/www.clinicaplanas.com\/blog\/#\/schema\/logo\/image\/"}},{"@type":"Person","@id":"https:\/\/www.clinicaplanas.com\/blog\/#\/schema\/person\/67415317bfcf95b6ba02b9083ea79093","name":"Cl\u00ednica Planas","image":{"@type":"ImageObject","inLanguage":"es","@id":"https:\/\/www.clinicaplanas.com\/blog\/#\/schema\/person\/image\/","url":"https:\/\/www.clinicaplanas.com\/blog\/wp-content\/avatar_user_1_1681298128-96x96.jpg","contentUrl":"https:\/\/www.clinicaplanas.com\/blog\/wp-content\/avatar_user_1_1681298128-96x96.jpg","caption":"Cl\u00ednica Planas"},"description":"Cl\u00ednica de medicina y cirug\u00eda est\u00e9tica en Barcelona con 50 a\u00f1os de reconocida trayectoria internacional e innovaci\u00f3n. Cl\u00ednica Planas es confianza y seguridad.","sameAs":["https:\/\/www.clinicaplanas.com\/","admin"],"url":"https:\/\/www.clinicaplanas.com\/blog\/author\/admin\/"}]}},"_links":{"self":[{"href":"https:\/\/www.clinicaplanas.com\/blog\/wp-json\/wp\/v2\/posts\/1796"}],"collection":[{"href":"https:\/\/www.clinicaplanas.com\/blog\/wp-json\/wp\/v2\/posts"}],"about":[{"href":"https:\/\/www.clinicaplanas.com\/blog\/wp-json\/wp\/v2\/types\/post"}],"author":[{"embeddable":true,"href":"https:\/\/www.clinicaplanas.com\/blog\/wp-json\/wp\/v2\/users\/1"}],"replies":[{"embeddable":true,"href":"https:\/\/www.clinicaplanas.com\/blog\/wp-json\/wp\/v2\/comments?post=1796"}],"version-history":[{"count":0,"href":"https:\/\/www.clinicaplanas.com\/blog\/wp-json\/wp\/v2\/posts\/1796\/revisions"}],"wp:featuredmedia":[{"embeddable":true,"href":"https:\/\/www.clinicaplanas.com\/blog\/wp-json\/wp\/v2\/media\/1800"}],"wp:attachment":[{"href":"https:\/\/www.clinicaplanas.com\/blog\/wp-json\/wp\/v2\/media?parent=1796"}],"wp:term":[{"taxonomy":"category","embeddable":true,"href":"https:\/\/www.clinicaplanas.com\/blog\/wp-json\/wp\/v2\/categories?post=1796"},{"taxonomy":"post_tag","embeddable":true,"href":"https:\/\/www.clinicaplanas.com\/blog\/wp-json\/wp\/v2\/tags?post=1796"}],"curies":[{"name":"wp","href":"https:\/\/api.w.org\/{rel}","templated":true}]}}