{"id":1785,"date":"2020-03-11T16:57:02","date_gmt":"2020-03-11T15:57:02","guid":{"rendered":"https:\/\/www.clinicaplanas.com\/blog\/?p=1785"},"modified":"2024-08-02T13:21:12","modified_gmt":"2024-08-02T11:21:12","slug":"cuando-empiezo-a-prevenir-el-envejecimiento","status":"publish","type":"post","link":"https:\/\/www.clinicaplanas.com\/blog\/2020\/03\/11\/cuando-empiezo-a-prevenir-el-envejecimiento\/","title":{"rendered":"\u00bfCu\u00e1ndo empiezo a prevenir el envejecimiento?"},"content":{"rendered":"<p>Que envejecemos est\u00e1 claro, no hay que creer en milagros, pero la forma de envejecer se puede detectar, prevenir y tratar en fases tempranas. Independientemente de nuestra herencia, nuestros h\u00e1bitos alimenticios o modo de vida, <strong>todos tenemos al alcance las terapias anti envejecimiento.<\/strong><\/p>\n<p>Por supuesto, <strong>cuanto antes comencemos a prevenir el envejecimiento, mejor<\/strong>. \u00bfPor qu\u00e9? No es lo mismo tratar una arruga que ya est\u00e1 instaurada a tratar una arruga que est\u00e1 apenas comenzando.\u00a0<strong>Tratar una arruga incipiente es mucho m\u00e1s barato, m\u00e1s simple y\u00a0 m\u00e1s efectivo<\/strong>.\u00a0Adem\u00e1s, si se comienza con un tratamiento est\u00e9tico a edad temprana, podemos garantizar a nuestros pacientes que se ver\u00e1n muy bien durante mucho tiempo.<\/p>\n<p>Existen tratamientos espec\u00edficos para cada edad, as\u00ed como los hay para cada problema y cada tipo de piel. Tambi\u00e9n hay h\u00e1bitos saludables que deber\u00edamos adoptar cuanto antes mejor si queremos propiciar que nuestra piel se mantenga bonita y luminosa durante mucho tiempo. Entre estos h\u00e1bitos se incluyen una buena alimentaci\u00f3n, protegernos del sol con productos adecuados, no fumar o realizar ejercicio f\u00edsico.<\/p>\n<p>En Cl\u00ednica Planas contamos con los mejores expertos en <strong><a href=\"https:\/\/www.clinicaplanas.com\/nutricion-y-antiaging\/nutricion-y-antiaging\" target=\"_blank\" rel=\"noopener noreferrer\">tratamientos preventivos y <em>antiaging<\/em><\/a>,<\/strong> entre los que se incluyen no solo los respectivos al cuidado directo de la piel sino tambi\u00e9n los relacionados con los h\u00e1bitos saludables, como el servicio de <a href=\"https:\/\/www.clinicaplanas.com\/nutricion-y-antiaging\/dieta\" target=\"_blank\" rel=\"noopener noreferrer\"><strong>nutrici\u00f3n y dieta<\/strong><\/a>, el <strong>estudio del metabolismo en reposo<\/strong> o el centro de ayuda para <a href=\"https:\/\/www.clinicaplanas.com\/medicina-preventiva-y-antiaging\/dejar-de-fumar\" target=\"_blank\" rel=\"noopener noreferrer\"><strong>dejar de fumar<\/strong><\/a>.<\/p>\n<p>En cuanto a tratamientos de medicina est\u00e9tica que nos pueden ayudar a aportar mayor luminosidad a nuestra piel, podemos encontrar, entre otros:<\/p>\n<ul>\n<li>El <a href=\"https:\/\/www.clinicaplanas.com\/medicina-estetica-facial\/ipl\" target=\"_blank\" rel=\"noopener noreferrer\"><strong>IPL<\/strong><\/a><\/li>\n<li>La <a href=\"https:\/\/www.clinicaplanas.com\/medicina-estetica-facial\/rich-revitalizacion-cutanea\" target=\"_blank\" rel=\"noopener noreferrer\"><strong>Hidroregeneraci\u00f3n Facial<\/strong><\/a><\/li>\n<li>El <strong>Thermage<\/strong><\/li>\n<li>La <a href=\"https:\/\/www.clinicaplanas.com\/medicina-estetica-facial\/mesoplastia-facial\" target=\"_blank\" rel=\"noopener noreferrer\"><strong>Mesoplastia Facial<\/strong><\/a><\/li>\n<li>El <a href=\"https:\/\/www.clinicaplanas.com\/medicina-estetica-facial\/peeling\" target=\"_blank\" rel=\"noopener noreferrer\"><strong>Peeling tradicional<\/strong><\/a> y el <a href=\"https:\/\/www.clinicaplanas.com\/medicina-estetica-facial\/peeling-fenol-catalizado\" target=\"_blank\" rel=\"noopener noreferrer\"><strong>Peeling con Fenol Catalizado<\/strong><\/a><\/li>\n<li>El <a href=\"https:\/\/www.clinicaplanas.com\/medicina-estetica-facial\/arrugas-faciales\" target=\"_blank\" rel=\"noopener noreferrer\"><strong>Rejuvenecimiento Facial con L\u00e1ser<\/strong><\/a><\/li>\n<li>El <a href=\"https:\/\/www.clinicaplanas.com\/dermatologia-clinica\/manchas-solares\" target=\"_blank\" rel=\"noopener noreferrer\"><strong>Diagn\u00f3stico del Envejecimiento Cut\u00e1neo<\/strong><\/a><\/li>\n<\/ul>\n<p>Elegir al profesional adecuado y obtener un diagn\u00f3stico completo y personalizado son clave para alcanzar el mejor resultado en cuento a medicina est\u00e9tica y prevenci\u00f3n del envejecimiento. Si tienes cualquier duda estaremos encantados de atenderte en <a href=\"mailto:hola@clinicaplanas.com\">hola@clinicaplanas.com<\/a>.<\/p>\n\t<div id=\"text-2357146319\" class=\"text single-tags\">\n\t\t\n\n<p>\n<!-- Generated by TaxoPress 3.24.1 - https:\/\/wordpress.org\/plugins\/simple-tags\/ -->\n\t<div class=\"taxopress-output-wrapper\"> <div class=\"st-post-tags \"> \n\t<a href=\"https:\/\/www.clinicaplanas.com\/blog\/tag\/antiaging\/\" title=\"Antiaging\">Antiaging<\/a><a href=\"https:\/\/www.clinicaplanas.com\/blog\/tag\/antiedad\/\" title=\"antiedad\">antiedad<\/a><a href=\"https:\/\/www.clinicaplanas.com\/blog\/tag\/antienvejecimiento\/\" title=\"antienvejecimiento\">antienvejecimiento<\/a> <br \/> <\/div>\n<\/div>\n<\/p>\n\t\t\t<\/div>\n\t\n\n\t<section class=\"section\" id=\"section_1280721637\">\n\t\t<div class=\"section-bg fill\" >\n\t\t\t\t\t\t\t\t\t<div class=\"section-bg-overlay absolute fill\"><\/div>\n\t\t\t\n\n\t\t<\/div>\n\n\t\t\n\n\t\t<div class=\"section-content relative\">\n\t\t\t\n<div class=\"container section-title-container\" ><h3 class=\"section-title section-title-center\"><b><\/b><span class=\"section-title-main\" >TRATAMIENTOS RECOMENDADOS<\/span><b><\/b><\/h3><\/div>\n<div class=\"row\"  id=\"row-1697538888\">\n\n\t<div id=\"col-1688143269\" class=\"col medium-4 small-12 large-4\"  >\n\t\t\t\t<div class=\"col-inner\"  >\n\t\t\t\n\t\t\t\n\t<div class=\"box has-hover   has-hover box-text-bottom\" >\n\n\t\t<div class=\"box-image\" >\n\t\t\t<a href=\"https:\/\/www.clinicaplanas.com\/medicina-estetica-facial\/ipl\" target=\"_blank\" rel=\"noopener\" >\t\t\t<div class=\"\" >\n\t\t\t\t<img loading=\"lazy\" decoding=\"async\" width=\"612\" height=\"369\" src=\"https:\/\/www.clinicaplanas.com\/blog\/wp-content\/IPL.png\" class=\"attachment- size-\" alt=\"IPL\" srcset=\"https:\/\/www.clinicaplanas.com\/blog\/wp-content\/IPL.png 612w, https:\/\/www.clinicaplanas.com\/blog\/wp-content\/IPL-300x181.png 300w\" sizes=\"(max-width: 612px) 100vw, 612px\" \/>\t\t\t\t\t\t\t\t\t\t\t<\/div>\n\t\t\t<\/a>\t\t<\/div>\n\n\t\t<div class=\"box-text text-center\" >\n\t\t\t<div class=\"box-text-inner\">\n\t\t\t\t\n<h4>IPL. Regeneraci\u00f3n de la piel<\/h4>\n<p>Una fuente de luz que combate el envejecimiento de la piel, mejorando su tonalidad y textura y eliminando las manchas, rojeces, poros dilatados y arrugas finas.<\/p>\n\t\t\t<\/div>\n\t\t<\/div>\n\t<\/div>\n\t\n\t\t<\/div>\n\t\t\t\t\t<\/div>\n\n\t\n\n\t<div id=\"col-575555683\" class=\"col medium-4 small-12 large-4\"  >\n\t\t\t\t<div class=\"col-inner\"  >\n\t\t\t\n\t\t\t\n\t<div class=\"box has-hover   has-hover box-text-bottom\" >\n\n\t\t<div class=\"box-image\" >\n\t\t\t<a href=\"https:\/\/www.clinicaplanas.com\/medicina-estetica-facial\/peeling\" target=\"_blank\" rel=\"noopener\" >\t\t\t<div class=\"\" >\n\t\t\t\t<img loading=\"lazy\" decoding=\"async\" width=\"612\" height=\"369\" src=\"https:\/\/www.clinicaplanas.com\/blog\/wp-content\/Peeling-facial-1.png\" class=\"attachment- size-\" alt=\"Peeling facial\" srcset=\"https:\/\/www.clinicaplanas.com\/blog\/wp-content\/Peeling-facial-1.png 612w, https:\/\/www.clinicaplanas.com\/blog\/wp-content\/Peeling-facial-1-300x181.png 300w\" sizes=\"(max-width: 612px) 100vw, 612px\" \/>\t\t\t\t\t\t\t\t\t\t\t<\/div>\n\t\t\t<\/a>\t\t<\/div>\n\n\t\t<div class=\"box-text text-center\" >\n\t\t\t<div class=\"box-text-inner\">\n\t\t\t\t\n<h4>Peeling<\/h4>\n<p>El peeling aten\u00faa las arrugas leves y favorece una piel rejuvenecida y bien hidratada, con una secreci\u00f3n correcta de grasa y una buena consistencia y luminosidad.<\/p>\n\t\t\t<\/div>\n\t\t<\/div>\n\t<\/div>\n\t\n\t\t<\/div>\n\t\t\t\t\t<\/div>\n\n\t\n\n\t<div id=\"col-1217931549\" class=\"col medium-4 small-12 large-4\"  >\n\t\t\t\t<div class=\"col-inner\"  >\n\t\t\t\n\t\t\t\n\t<div class=\"box has-hover   has-hover box-text-bottom\" >\n\n\t\t<div class=\"box-image\" >\n\t\t\t\t\t\t<div class=\"\" >\n\t\t\t\t<img loading=\"lazy\" decoding=\"async\" width=\"612\" height=\"369\" src=\"https:\/\/www.clinicaplanas.com\/blog\/wp-content\/Thermage.png\" class=\"attachment- size-\" alt=\"Thermage\" srcset=\"https:\/\/www.clinicaplanas.com\/blog\/wp-content\/Thermage.png 612w, https:\/\/www.clinicaplanas.com\/blog\/wp-content\/Thermage-300x181.png 300w\" sizes=\"(max-width: 612px) 100vw, 612px\" \/>\t\t\t\t\t\t\t\t\t\t\t<\/div>\n\t\t\t\t\t<\/div>\n\n\t\t<div class=\"box-text text-center\" >\n\t\t\t<div class=\"box-text-inner\">\n\t\t\t\t\n<h4>Radiofrecuencia &#8211; Thermage CPT<\/h4>\n<p>La radiofrecuencia es un eficaz tratamiento para combatir la flacidez del \u00e1rea facial y del cuello, que consigue rejuvenecer la piel y estimular la producci\u00f3n de col\u00e1geno.<\/p>\n\t\t\t<\/div>\n\t\t<\/div>\n\t<\/div>\n\t\n\t\t<\/div>\n\t\t\t\t\t<\/div>\n\n\t\n<\/div>\n\t\t<\/div>\n\n\t\t\n<style>\n#section_1280721637 {\n  padding-top: 30px;\n  padding-bottom: 30px;\n  background-color: rgb(238, 238, 238);\n}\n#section_1280721637 .section-bg-overlay {\n  background-color: rgb(238, 238, 238);\n}\n<\/style>\n\t<\/section>\n\t\n","protected":false},"excerpt":{"rendered":"<p>Que envejecemos est\u00e1 claro, no hay que creer en milagros, pero la forma de envejecer se puede detectar, prevenir y tratar en fases tempranas. Independientemente de nuestra herencia, nuestros h\u00e1bitos alimenticios o modo de vida, todos tenemos al alcance las terapias anti envejecimiento. Por supuesto, cuanto antes comencemos a prevenir el envejecimiento, mejor. \u00bfPor qu\u00e9? [&#8230;]\n","protected":false},"author":1,"featured_media":3720,"comment_status":"open","ping_status":"open","sticky":false,"template":"","format":"standard","meta":{"footnotes":""},"categories":[3],"tags":[16,33,17],"class_list":["post-1785","post","type-post","status-publish","format-standard","has-post-thumbnail","hentry","category-antiaging","tag-antiaging","tag-antiedad","tag-antienvejecimiento"],"yoast_head":"<!-- This site is optimized with the Yoast SEO plugin v23.4 - https:\/\/yoast.com\/wordpress\/plugins\/seo\/ -->\n<title>\u00bfCu\u00e1ndo empiezo a prevenir el envejecimiento? - Tu blog de medicina y cirug\u00eda est\u00e9tica - Cl\u00ednica Planas<\/title>\n<meta name=\"description\" content=\"Que envejecemos est\u00e1 claro, pero la forma de envejecer se puede detectar, prevenir y tratar en fases tempranas. As\u00ed podemos prevenir el envejecimiento.\" \/>\n<meta name=\"robots\" content=\"index, follow, max-snippet:-1, max-image-preview:large, max-video-preview:-1\" \/>\n<link rel=\"canonical\" href=\"https:\/\/www.clinicaplanas.com\/blog\/2020\/03\/11\/cuando-empiezo-a-prevenir-el-envejecimiento\/\" \/>\n<meta property=\"og:locale\" content=\"es_ES\" \/>\n<meta property=\"og:type\" content=\"article\" \/>\n<meta property=\"og:title\" content=\"\u00bfCu\u00e1ndo empiezo a prevenir el envejecimiento? - Tu blog de medicina y cirug\u00eda est\u00e9tica - Cl\u00ednica Planas\" \/>\n<meta property=\"og:description\" content=\"Que envejecemos est\u00e1 claro, pero la forma de envejecer se puede detectar, prevenir y tratar en fases tempranas. As\u00ed podemos prevenir el envejecimiento.\" \/>\n<meta property=\"og:url\" content=\"https:\/\/www.clinicaplanas.com\/blog\/2020\/03\/11\/cuando-empiezo-a-prevenir-el-envejecimiento\/\" \/>\n<meta property=\"og:site_name\" content=\"Tu blog de medicina y cirug\u00eda est\u00e9tica - Cl\u00ednica Planas\" \/>\n<meta property=\"article:published_time\" content=\"2020-03-11T15:57:02+00:00\" \/>\n<meta property=\"article:modified_time\" content=\"2024-08-02T11:21:12+00:00\" \/>\n<meta property=\"og:image\" content=\"https:\/\/www.clinicaplanas.com\/blog\/wp-content\/prevenir-el-envejecimiento.png\" \/>\n\t<meta property=\"og:image:width\" content=\"1600\" \/>\n\t<meta property=\"og:image:height\" content=\"965\" \/>\n\t<meta property=\"og:image:type\" content=\"image\/png\" \/>\n<meta name=\"author\" content=\"Cl\u00ednica Planas\" \/>\n<meta name=\"twitter:card\" content=\"summary_large_image\" \/>\n<meta name=\"twitter:label1\" content=\"Escrito por\" \/>\n\t<meta name=\"twitter:data1\" content=\"Cl\u00ednica Planas\" \/>\n\t<meta name=\"twitter:label2\" content=\"Tiempo de lectura\" \/>\n\t<meta name=\"twitter:data2\" content=\"3 minutos\" \/>\n<!-- \/ Yoast SEO plugin. -->","yoast_head_json":{"title":"\u00bfCu\u00e1ndo empiezo a prevenir el envejecimiento? - Tu blog de medicina y cirug\u00eda est\u00e9tica - Cl\u00ednica Planas","description":"Que envejecemos est\u00e1 claro, pero la forma de envejecer se puede detectar, prevenir y tratar en fases tempranas. As\u00ed podemos prevenir el envejecimiento.","robots":{"index":"index","follow":"follow","max-snippet":"max-snippet:-1","max-image-preview":"max-image-preview:large","max-video-preview":"max-video-preview:-1"},"canonical":"https:\/\/www.clinicaplanas.com\/blog\/2020\/03\/11\/cuando-empiezo-a-prevenir-el-envejecimiento\/","og_locale":"es_ES","og_type":"article","og_title":"\u00bfCu\u00e1ndo empiezo a prevenir el envejecimiento? - Tu blog de medicina y cirug\u00eda est\u00e9tica - Cl\u00ednica Planas","og_description":"Que envejecemos est\u00e1 claro, pero la forma de envejecer se puede detectar, prevenir y tratar en fases tempranas. As\u00ed podemos prevenir el envejecimiento.","og_url":"https:\/\/www.clinicaplanas.com\/blog\/2020\/03\/11\/cuando-empiezo-a-prevenir-el-envejecimiento\/","og_site_name":"Tu blog de medicina y cirug\u00eda est\u00e9tica - Cl\u00ednica Planas","article_published_time":"2020-03-11T15:57:02+00:00","article_modified_time":"2024-08-02T11:21:12+00:00","og_image":[{"width":1600,"height":965,"url":"https:\/\/www.clinicaplanas.com\/blog\/wp-content\/prevenir-el-envejecimiento.png","type":"image\/png"}],"author":"Cl\u00ednica Planas","twitter_card":"summary_large_image","twitter_misc":{"Escrito por":"Cl\u00ednica Planas","Tiempo de lectura":"3 minutos"},"schema":{"@context":"https:\/\/schema.org","@graph":[{"@type":"Article","@id":"https:\/\/www.clinicaplanas.com\/blog\/2020\/03\/11\/cuando-empiezo-a-prevenir-el-envejecimiento\/#article","isPartOf":{"@id":"https:\/\/www.clinicaplanas.com\/blog\/2020\/03\/11\/cuando-empiezo-a-prevenir-el-envejecimiento\/"},"author":{"name":"Cl\u00ednica Planas","@id":"https:\/\/www.clinicaplanas.com\/blog\/#\/schema\/person\/67415317bfcf95b6ba02b9083ea79093"},"headline":"\u00bfCu\u00e1ndo empiezo a prevenir el envejecimiento?","datePublished":"2020-03-11T15:57:02+00:00","dateModified":"2024-08-02T11:21:12+00:00","mainEntityOfPage":{"@id":"https:\/\/www.clinicaplanas.com\/blog\/2020\/03\/11\/cuando-empiezo-a-prevenir-el-envejecimiento\/"},"wordCount":522,"commentCount":0,"publisher":{"@id":"https:\/\/www.clinicaplanas.com\/blog\/#organization"},"image":{"@id":"https:\/\/www.clinicaplanas.com\/blog\/2020\/03\/11\/cuando-empiezo-a-prevenir-el-envejecimiento\/#primaryimage"},"thumbnailUrl":"https:\/\/www.clinicaplanas.com\/blog\/wp-content\/prevenir-el-envejecimiento.png","keywords":["Antiaging","antiedad","antienvejecimiento"],"articleSection":["Art\u00edculos sobre Tratamientos Antiaging"],"inLanguage":"es","potentialAction":[{"@type":"CommentAction","name":"Comment","target":["https:\/\/www.clinicaplanas.com\/blog\/2020\/03\/11\/cuando-empiezo-a-prevenir-el-envejecimiento\/#respond"]}]},{"@type":"WebPage","@id":"https:\/\/www.clinicaplanas.com\/blog\/2020\/03\/11\/cuando-empiezo-a-prevenir-el-envejecimiento\/","url":"https:\/\/www.clinicaplanas.com\/blog\/2020\/03\/11\/cuando-empiezo-a-prevenir-el-envejecimiento\/","name":"\u00bfCu\u00e1ndo empiezo a prevenir el envejecimiento? - Tu blog de medicina y cirug\u00eda est\u00e9tica - Cl\u00ednica Planas","isPartOf":{"@id":"https:\/\/www.clinicaplanas.com\/blog\/#website"},"primaryImageOfPage":{"@id":"https:\/\/www.clinicaplanas.com\/blog\/2020\/03\/11\/cuando-empiezo-a-prevenir-el-envejecimiento\/#primaryimage"},"image":{"@id":"https:\/\/www.clinicaplanas.com\/blog\/2020\/03\/11\/cuando-empiezo-a-prevenir-el-envejecimiento\/#primaryimage"},"thumbnailUrl":"https:\/\/www.clinicaplanas.com\/blog\/wp-content\/prevenir-el-envejecimiento.png","datePublished":"2020-03-11T15:57:02+00:00","dateModified":"2024-08-02T11:21:12+00:00","description":"Que envejecemos est\u00e1 claro, pero la forma de envejecer se puede detectar, prevenir y tratar en fases tempranas. As\u00ed podemos prevenir el envejecimiento.","breadcrumb":{"@id":"https:\/\/www.clinicaplanas.com\/blog\/2020\/03\/11\/cuando-empiezo-a-prevenir-el-envejecimiento\/#breadcrumb"},"inLanguage":"es","potentialAction":[{"@type":"ReadAction","target":["https:\/\/www.clinicaplanas.com\/blog\/2020\/03\/11\/cuando-empiezo-a-prevenir-el-envejecimiento\/"]}]},{"@type":"ImageObject","inLanguage":"es","@id":"https:\/\/www.clinicaplanas.com\/blog\/2020\/03\/11\/cuando-empiezo-a-prevenir-el-envejecimiento\/#primaryimage","url":"https:\/\/www.clinicaplanas.com\/blog\/wp-content\/prevenir-el-envejecimiento.png","contentUrl":"https:\/\/www.clinicaplanas.com\/blog\/wp-content\/prevenir-el-envejecimiento.png","width":1600,"height":965,"caption":"prevenir el envejecimiento"},{"@type":"BreadcrumbList","@id":"https:\/\/www.clinicaplanas.com\/blog\/2020\/03\/11\/cuando-empiezo-a-prevenir-el-envejecimiento\/#breadcrumb","itemListElement":[{"@type":"ListItem","position":1,"name":"Home","item":"https:\/\/www.clinicaplanas.com\/blog\/"},{"@type":"ListItem","position":2,"name":"Art\u00edculos sobre Tratamientos Antiaging","item":"https:\/\/www.clinicaplanas.com\/blog\/antiaging\/"},{"@type":"ListItem","position":3,"name":"\u00bfCu\u00e1ndo empiezo a prevenir el envejecimiento?"}]},{"@type":"WebSite","@id":"https:\/\/www.clinicaplanas.com\/blog\/#website","url":"https:\/\/www.clinicaplanas.com\/blog\/","name":"Tu blog de medicina y cirug\u00eda est\u00e9tica - Cl\u00ednica Planas","description":"Mantente al d\u00eda sobre medicina y cirug\u00eda est\u00e9tica con el blog de Cl\u00ednica Planas. Noticias de actualidad, novedades y tips de la mano de nuestros especialistas.","publisher":{"@id":"https:\/\/www.clinicaplanas.com\/blog\/#organization"},"potentialAction":[{"@type":"SearchAction","target":{"@type":"EntryPoint","urlTemplate":"https:\/\/www.clinicaplanas.com\/blog\/?s={search_term_string}"},"query-input":{"@type":"PropertyValueSpecification","valueRequired":true,"valueName":"search_term_string"}}],"inLanguage":"es"},{"@type":"Organization","@id":"https:\/\/www.clinicaplanas.com\/blog\/#organization","name":"Cl\u00ednica Planas","url":"https:\/\/www.clinicaplanas.com\/blog\/","logo":{"@type":"ImageObject","inLanguage":"es","@id":"https:\/\/www.clinicaplanas.com\/blog\/#\/schema\/logo\/image\/","url":"https:\/\/www.clinicaplanas.com\/blog\/wp-content\/android-icon-192x192-1.png","contentUrl":"https:\/\/www.clinicaplanas.com\/blog\/wp-content\/android-icon-192x192-1.png","width":192,"height":192,"caption":"Cl\u00ednica Planas"},"image":{"@id":"https:\/\/www.clinicaplanas.com\/blog\/#\/schema\/logo\/image\/"}},{"@type":"Person","@id":"https:\/\/www.clinicaplanas.com\/blog\/#\/schema\/person\/67415317bfcf95b6ba02b9083ea79093","name":"Cl\u00ednica Planas","image":{"@type":"ImageObject","inLanguage":"es","@id":"https:\/\/www.clinicaplanas.com\/blog\/#\/schema\/person\/image\/","url":"https:\/\/www.clinicaplanas.com\/blog\/wp-content\/avatar_user_1_1681298128-96x96.jpg","contentUrl":"https:\/\/www.clinicaplanas.com\/blog\/wp-content\/avatar_user_1_1681298128-96x96.jpg","caption":"Cl\u00ednica Planas"},"description":"Cl\u00ednica de medicina y cirug\u00eda est\u00e9tica en Barcelona con 50 a\u00f1os de reconocida trayectoria internacional e innovaci\u00f3n. Cl\u00ednica Planas es confianza y seguridad.","sameAs":["https:\/\/www.clinicaplanas.com\/","admin"],"url":"https:\/\/www.clinicaplanas.com\/blog\/author\/admin\/"}]}},"_links":{"self":[{"href":"https:\/\/www.clinicaplanas.com\/blog\/wp-json\/wp\/v2\/posts\/1785"}],"collection":[{"href":"https:\/\/www.clinicaplanas.com\/blog\/wp-json\/wp\/v2\/posts"}],"about":[{"href":"https:\/\/www.clinicaplanas.com\/blog\/wp-json\/wp\/v2\/types\/post"}],"author":[{"embeddable":true,"href":"https:\/\/www.clinicaplanas.com\/blog\/wp-json\/wp\/v2\/users\/1"}],"replies":[{"embeddable":true,"href":"https:\/\/www.clinicaplanas.com\/blog\/wp-json\/wp\/v2\/comments?post=1785"}],"version-history":[{"count":5,"href":"https:\/\/www.clinicaplanas.com\/blog\/wp-json\/wp\/v2\/posts\/1785\/revisions"}],"predecessor-version":[{"id":5602,"href":"https:\/\/www.clinicaplanas.com\/blog\/wp-json\/wp\/v2\/posts\/1785\/revisions\/5602"}],"wp:featuredmedia":[{"embeddable":true,"href":"https:\/\/www.clinicaplanas.com\/blog\/wp-json\/wp\/v2\/media\/3720"}],"wp:attachment":[{"href":"https:\/\/www.clinicaplanas.com\/blog\/wp-json\/wp\/v2\/media?parent=1785"}],"wp:term":[{"taxonomy":"category","embeddable":true,"href":"https:\/\/www.clinicaplanas.com\/blog\/wp-json\/wp\/v2\/categories?post=1785"},{"taxonomy":"post_tag","embeddable":true,"href":"https:\/\/www.clinicaplanas.com\/blog\/wp-json\/wp\/v2\/tags?post=1785"}],"curies":[{"name":"wp","href":"https:\/\/api.w.org\/{rel}","templated":true}]}}